{"id":5050,"date":"2023-04-25T07:54:54","date_gmt":"2023-04-25T12:54:54","guid":{"rendered":"https:\/\/rsrevista.org\/edicion99\/?p=5050"},"modified":"2023-04-25T15:11:32","modified_gmt":"2023-04-25T20:11:32","slug":"inversion-responsable-latam-el-reto-para-avanzar-en-la-integracion-asg","status":"publish","type":"post","link":"https:\/\/rsrevista.org\/edicion99\/inversion-responsable-latam-el-reto-para-avanzar-en-la-integracion-asg-20230425\/","title":{"rendered":"Inversi\u00f3n responsable Latam: El reto para avanzar en la integraci\u00f3n ASG"},"content":{"rendered":"\n<div class=\"wp-block-columns profile-box is-layout-flex wp-container-core-columns-is-layout-1 wp-block-columns-is-layout-flex\">\n<div class=\"wp-block-column profile-box-left is-layout-flow wp-block-column-is-layout-flow\" style=\"flex-basis:20%\">\n<div style=\"height:44px\" aria-hidden=\"true\" class=\"wp-block-spacer\"><\/div>\n\n\n\n<figure class=\"wp-block-image size-large\"><img loading=\"lazy\" decoding=\"async\" width=\"1000\" height=\"1000\" src=\"https:\/\/rsrevista.org\/edicion99\/wp-content\/uploads\/sites\/9\/2023\/04\/Eduardo-Atehortua.jpg\" alt=\"\" class=\"wp-image-5187\" srcset=\"https:\/\/rsrevista.org\/edicion99\/wp-content\/uploads\/sites\/9\/2023\/04\/Eduardo-Atehortua.jpg 1000w, https:\/\/rsrevista.org\/edicion99\/wp-content\/uploads\/sites\/9\/2023\/04\/Eduardo-Atehortua-300x300.jpg 300w, https:\/\/rsrevista.org\/edicion99\/wp-content\/uploads\/sites\/9\/2023\/04\/Eduardo-Atehortua-150x150.jpg 150w, https:\/\/rsrevista.org\/edicion99\/wp-content\/uploads\/sites\/9\/2023\/04\/Eduardo-Atehortua-768x768.jpg 768w, https:\/\/rsrevista.org\/edicion99\/wp-content\/uploads\/sites\/9\/2023\/04\/Eduardo-Atehortua-600x600.jpg 600w\" sizes=\"(max-width: 1000px) 100vw, 1000px\" \/><\/figure>\n\n\n\n<p><\/p>\n<\/div>\n\n\n\n<div class=\"wp-block-column profile-box-right is-layout-flow wp-block-column-is-layout-flow\">\n<h5 class=\"wp-block-heading\"><strong>Por:<\/strong>&nbsp; Eduardo Atehortua Socio de Cambio Clim\u00e1tico y Sostenibilidad, Deloitte<br><\/h5>\n\n\n\n<p>Economista con especializaci\u00f3n en Geopol\u00edtica de la Universidad EAFIT en Medell\u00edn, Colombia. Cuenta con Maestr\u00eda en Desarrollo Sostenible y Responsabilidad Corporativa de la Escuela de Organizaci\u00f3n Industrial (EOI), Madrid, Espa\u00f1a.&nbsp;Por 10 a\u00f1os fue Gerente de Sostenibilidad de Deloitte y en 2016 lider\u00f3 la creaci\u00f3n de la Red de Profesionales de sostenibilidad en Colombia, iniciativa que actualmente re\u00fane m\u00e1s de 2.000 profesionales que trabajan en pro del desarrollo sostenible. Trabaj\u00f3 entre 2018 y 2023 como Director para Am\u00e9rica Latina de los Principios de Inversi\u00f3n Responsable (PRI), iniciativa global que promueve la inversi\u00f3n responsable a trav\u00e9s de la implementaci\u00f3n de 6 principios globalmente reconocidos.&nbsp;Actualmente se desempe\u00f1a como Socio en el \u00e1rea de sostenibilidad y cambio clim\u00e1tico en Deloitte  LatAm.<\/p>\n\n\n\n<p><\/p>\n<\/div>\n<\/div>\n\n\n\n<p class=\"eut-dropcap\">Sin dudas 2022 no fue un a\u00f1o f\u00e1cil para la agenda de la inversi\u00f3n responsable en el mundo, para citar algunos ejemplos tuvimos la invasi\u00f3n de Rusia a Ucrania, la inflaci\u00f3n, la ca\u00edda del valor de mercado de empresas de tecnolog\u00eda y el cuestionamiento pol\u00edtico por parte del Partido Republicano en Estados Unidos a los temas ASG. Todo esto ha generado dudas y criticas frente a la relevancia e impacto de la inversi\u00f3n responsable.&nbsp;<\/p>\n\n\n\n<p><span style=\"font-weight: 400\">A pesar de ese panorama complejo a nivel global, en Latinoam\u00e9rica seguimos observando un inter\u00e9s creciente en la tem\u00e1tica por parte de inversionistas institucionales, particularmente en el tema de c\u00f3mo deben integrarse criterios Ambientales, Sociales y de Gobierno Corporativo (ASG) en sus an\u00e1lisis, de tal manera que puedan tomar mejores decisiones de inversi\u00f3n y con esto cumplir su deber fiduciario.&nbsp;<\/span><\/p>\n\n\n\n<p><span style=\"font-weight: 400\">Es as\u00ed como quiero compartirles algunas de las iniciativas y proyectos desarrollados en 2022 que han ayudado a cientos de inversionistas en la regi\u00f3n ha fortalecer sus pr\u00e1cticas de inversi\u00f3n responsable:&nbsp;<\/span><\/p>\n\n\n\n<ul class=\"wp-block-list\"><li><strong>Iniciativa clim\u00e1tica para inversionistas LATAM (ICIL)<\/strong><\/li><\/ul>\n\n\n\n<p><span style=\"font-weight: 400\">En la actualidad m\u00e1s de 50 inversionistas en Latinoam\u00e9rica hacen parte de esta iniciativa que busca desarrollar capacidades para integrar el cambio clim\u00e1tico en las decisiones de inversi\u00f3n, esto se logra al buscar una alineaci\u00f3n con la metodolog\u00eda TCFD, realizar un an\u00e1lisis de riesgos y oportunidades de cambio clim\u00e1tico en sus portafolios, desarrollar an\u00e1lisis de escenarios clim\u00e1ticos y medir la huella de carbono de sus portafolios. En este punto vale la pena destacar que 5 inversionistas que participan en ICIL ya hacen parte de PCAF, la herramienta m\u00e1s utilizada hoy para que las instituciones financieras eval\u00faen y divulguen las emisiones de gases de efecto invernadero de sus inversiones.<\/span><\/p>\n\n\n\n<ul class=\"wp-block-list\"><li><strong>Formaci\u00f3n y encuesta en Derechos Humanos<\/strong><\/li><\/ul>\n\n\n\n<p><span style=\"font-weight: 400\">Bajo el liderazgo de Centro Vincular<\/span> <span style=\"font-weight: 400\">se desarrollaron formaciones para entender qu\u00e9 significa e implicar incorporar Derechos Humanos en procesos de an\u00e1lisis de inversi\u00f3n. Estos dos espacios de formaci\u00f3n permitieron entender qu\u00e9 son los derechos humanos para una empresa y brindar ejemplos sobre c\u00f3mo integrar los derechos humanos en la gesti\u00f3n de inversiones.&nbsp;<\/span><\/p>\n\n\n\n<p><span style=\"font-weight: 400\">Tambi\u00e9n el grupo de trabajo EDH sobre finanzas y Derechos Humanos realiz\u00f3 la primera encuesta que permite tener un panorama sobre como inversionistas en LatAm ExBrazil est\u00e1n abordando los temas de DDHH.<\/span><\/p>\n\n\n\n<ul class=\"wp-block-list\"><li><strong>Piloto engagement colaborativo inversionistas Chile&nbsp;<\/strong><\/li><\/ul>\n\n\n\n<p><span style=\"font-weight: 400\">Con el soporte de Governart y el liderazgo de 13 inversionistas signatarios del PRI en Chile se desarroll\u00f3 en 2022 un piloto de relacionamiento con m\u00e1s de 25 empresas chilenas. El objetivo fue demostrar que este tipo de estrategias de inversi\u00f3n responsable se pueden implementar en LatAm ExBrazil y al mismo tiempo fortalecer la comunicaci\u00f3n y coordinaci\u00f3n entre inversionistas chilenos para liderar este tipo de iniciativas.&nbsp;<\/span><\/p>\n\n\n\n<p><span style=\"font-weight: 400\">El piloto adem\u00e1s demostr\u00f3 el inter\u00e9s de las empresas chilenas por participar en estas instancias de di\u00e1logo y comunicar sus avances en cuanto a su gesti\u00f3n ASG. Falta mucho por aprender en esta tem\u00e1tica en la regi\u00f3n, pero este proyecto piloto deja importantes lecciones para seguir avanzando el relacionamiento colaborativo en Chile y toda la regi\u00f3n.&nbsp;<\/span><\/p>\n\n\n\n<ul class=\"wp-block-list\"><li><strong>Promover la estandarizaci\u00f3n de informaci\u00f3n ASG en Latinoam\u00e9rica:&nbsp;<\/strong><\/li><\/ul>\n\n\n\n<p><span style=\"font-weight: 400\">Se desarroll\u00f3 una iniciativa motivada en la importancia de promover la informaci\u00f3n ASG estandarizada y de calidad en LatAm que les permita a inversionistas integrar dicha informaci\u00f3n de mejor manera en sus an\u00e1lisis de inversi\u00f3n. Con el liderazgo de Afore XXI Banorte, Ecovalores, Larrainvial y Vitalis se desarroll\u00f3 un documento para dar la bienvenida al International Sustainability Standards Board&nbsp;(ISSB). En total 31 inversionistas en Latam se sumaron y apoyan la declaraci\u00f3n de bienvenida.&nbsp;<\/span><\/p>\n\n\n\n<p><span style=\"font-weight: 400\">En conclusi\u00f3n, hoy ya son cientos de inversionistas en Latinoam\u00e9rica que han asumido un compromiso p\u00fablico que les exige desarrollar y fortalecer sus pr\u00e1cticas de inversi\u00f3n responsable. Esperamos que esta din\u00e1mica se consolide y que podamos seguir viendo m\u00e1s iniciativas que permitan seguir pasando de la teor\u00eda a la pr\u00e1ctica en la integraci\u00f3n de criterios ASG en las inversiones.&nbsp;<\/span><\/p>\n","protected":false},"excerpt":{"rendered":"<p>Por:  Eduardo Atehortua Socio de Cambio Clim\u00e1tico y Sostenibilidad, Deloitte<\/p>\n","protected":false},"author":1,"featured_media":5188,"comment_status":"open","ping_status":"open","sticky":false,"template":"","format":"standard","meta":{"footnotes":""},"categories":[29],"tags":[],"class_list":["post-5050","post","type-post","status-publish","format-standard","has-post-thumbnail","hentry","category-tema-central"],"yoast_head":"<!-- This site is optimized with the Yoast SEO plugin v23.9 - https:\/\/yoast.com\/wordpress\/plugins\/seo\/ -->\n<title>Inversi\u00f3n responsable Latam: El reto para avanzar en la integraci\u00f3n ASG - Revista RS Edici\u00f3n 99<\/title>\n<meta name=\"description\" content=\"La escala y complejidad del cambio clim\u00e1tico en el mundo lo convierte en un reto particularmente desafiante, especialmente en lo que compete a decisiones econ\u00f3micas relacionadas con las inversiones.\" \/>\n<meta name=\"robots\" content=\"index, follow, max-snippet:-1, max-image-preview:large, max-video-preview:-1\" \/>\n<link rel=\"canonical\" href=\"https:\/\/rsrevista.org\/edicion99\/inversion-responsable-latam-el-reto-para-avanzar-en-la-integracion-asg-20230425\/\" \/>\n<meta property=\"og:locale\" content=\"es_ES\" \/>\n<meta property=\"og:type\" content=\"article\" \/>\n<meta property=\"og:title\" content=\"Inversi\u00f3n responsable Latam: El reto para avanzar en la integraci\u00f3n ASG - Revista RS Edici\u00f3n 99\" \/>\n<meta property=\"og:description\" content=\"La escala y complejidad del cambio clim\u00e1tico en el mundo lo convierte en un reto particularmente desafiante, especialmente en lo que compete a decisiones econ\u00f3micas relacionadas con las inversiones.\" \/>\n<meta property=\"og:url\" content=\"https:\/\/rsrevista.org\/edicion99\/inversion-responsable-latam-el-reto-para-avanzar-en-la-integracion-asg-20230425\/\" \/>\n<meta property=\"og:site_name\" content=\"Revista RS Edici\u00f3n 99\" \/>\n<meta property=\"article:published_time\" content=\"2023-04-25T12:54:54+00:00\" \/>\n<meta property=\"article:modified_time\" content=\"2023-04-25T20:11:32+00:00\" \/>\n<meta property=\"og:image\" content=\"https:\/\/rsrevista.org\/edicion99\/wp-content\/uploads\/sites\/9\/2023\/04\/articulo-15-de-tama\u00f1o-grande.jpeg\" \/>\n\t<meta property=\"og:image:width\" content=\"1280\" \/>\n\t<meta property=\"og:image:height\" content=\"720\" \/>\n\t<meta property=\"og:image:type\" content=\"image\/jpeg\" \/>\n<meta name=\"author\" content=\"Good\" \/>\n<meta name=\"twitter:card\" content=\"summary_large_image\" \/>\n<meta name=\"twitter:label1\" content=\"Escrito por\" \/>\n\t<meta name=\"twitter:data1\" content=\"Good\" \/>\n\t<meta name=\"twitter:label2\" content=\"Tiempo de lectura\" \/>\n\t<meta name=\"twitter:data2\" content=\"4 minutos\" \/>\n<script type=\"application\/ld+json\" class=\"yoast-schema-graph\">{\"@context\":\"https:\/\/schema.org\",\"@graph\":[{\"@type\":\"WebPage\",\"@id\":\"https:\/\/rsrevista.org\/edicion99\/inversion-responsable-latam-el-reto-para-avanzar-en-la-integracion-asg-20230425\/\",\"url\":\"https:\/\/rsrevista.org\/edicion99\/inversion-responsable-latam-el-reto-para-avanzar-en-la-integracion-asg-20230425\/\",\"name\":\"Inversi\u00f3n responsable Latam: El reto para avanzar en la integraci\u00f3n ASG - Revista RS Edici\u00f3n 99\",\"isPartOf\":{\"@id\":\"https:\/\/rsrevista.org\/edicion99\/#website\"},\"primaryImageOfPage\":{\"@id\":\"https:\/\/rsrevista.org\/edicion99\/inversion-responsable-latam-el-reto-para-avanzar-en-la-integracion-asg-20230425\/#primaryimage\"},\"image\":{\"@id\":\"https:\/\/rsrevista.org\/edicion99\/inversion-responsable-latam-el-reto-para-avanzar-en-la-integracion-asg-20230425\/#primaryimage\"},\"thumbnailUrl\":\"https:\/\/rsrevista.org\/edicion99\/wp-content\/uploads\/sites\/9\/2023\/04\/articulo-15-de-tama\u00f1o-grande.jpeg\",\"datePublished\":\"2023-04-25T12:54:54+00:00\",\"dateModified\":\"2023-04-25T20:11:32+00:00\",\"author\":{\"@id\":\"https:\/\/rsrevista.org\/edicion99\/#\/schema\/person\/781e0e43b930b28f9267ae9a5dcbe3af\"},\"description\":\"La escala y complejidad del cambio clim\u00e1tico en el mundo lo convierte en un reto particularmente desafiante, especialmente en lo que compete a decisiones econ\u00f3micas relacionadas con las inversiones.\",\"breadcrumb\":{\"@id\":\"https:\/\/rsrevista.org\/edicion99\/inversion-responsable-latam-el-reto-para-avanzar-en-la-integracion-asg-20230425\/#breadcrumb\"},\"inLanguage\":\"es\",\"potentialAction\":[{\"@type\":\"ReadAction\",\"target\":[\"https:\/\/rsrevista.org\/edicion99\/inversion-responsable-latam-el-reto-para-avanzar-en-la-integracion-asg-20230425\/\"]}]},{\"@type\":\"ImageObject\",\"inLanguage\":\"es\",\"@id\":\"https:\/\/rsrevista.org\/edicion99\/inversion-responsable-latam-el-reto-para-avanzar-en-la-integracion-asg-20230425\/#primaryimage\",\"url\":\"https:\/\/rsrevista.org\/edicion99\/wp-content\/uploads\/sites\/9\/2023\/04\/articulo-15-de-tama\u00f1o-grande.jpeg\",\"contentUrl\":\"https:\/\/rsrevista.org\/edicion99\/wp-content\/uploads\/sites\/9\/2023\/04\/articulo-15-de-tama\u00f1o-grande.jpeg\",\"width\":1280,\"height\":720},{\"@type\":\"BreadcrumbList\",\"@id\":\"https:\/\/rsrevista.org\/edicion99\/inversion-responsable-latam-el-reto-para-avanzar-en-la-integracion-asg-20230425\/#breadcrumb\",\"itemListElement\":[{\"@type\":\"ListItem\",\"position\":1,\"name\":\"Portada\",\"item\":\"https:\/\/rsrevista.org\/edicion99\/\"},{\"@type\":\"ListItem\",\"position\":2,\"name\":\"Inversi\u00f3n responsable Latam: El reto para avanzar en la integraci\u00f3n ASG\"}]},{\"@type\":\"WebSite\",\"@id\":\"https:\/\/rsrevista.org\/edicion99\/#website\",\"url\":\"https:\/\/rsrevista.org\/edicion99\/\",\"name\":\"Revista RS Edici\u00f3n 99\",\"description\":\"Responsabilidad social y sostenibilidad\",\"potentialAction\":[{\"@type\":\"SearchAction\",\"target\":{\"@type\":\"EntryPoint\",\"urlTemplate\":\"https:\/\/rsrevista.org\/edicion99\/?s={search_term_string}\"},\"query-input\":{\"@type\":\"PropertyValueSpecification\",\"valueRequired\":true,\"valueName\":\"search_term_string\"}}],\"inLanguage\":\"es\"},{\"@type\":\"Person\",\"@id\":\"https:\/\/rsrevista.org\/edicion99\/#\/schema\/person\/781e0e43b930b28f9267ae9a5dcbe3af\",\"name\":\"Good\",\"image\":{\"@type\":\"ImageObject\",\"inLanguage\":\"es\",\"@id\":\"https:\/\/rsrevista.org\/edicion99\/#\/schema\/person\/image\/\",\"url\":\"https:\/\/secure.gravatar.com\/avatar\/b90085527cfd5e03250a8637fe5c0369?s=96&d=mm&r=g\",\"contentUrl\":\"https:\/\/secure.gravatar.com\/avatar\/b90085527cfd5e03250a8637fe5c0369?s=96&d=mm&r=g\",\"caption\":\"Good\"},\"sameAs\":[\"https:\/\/rsrevista.org\"],\"url\":\"https:\/\/rsrevista.org\/edicion99\/author\/good\/\"}]}<\/script>\n<!-- \/ Yoast SEO plugin. -->","yoast_head_json":{"title":"Inversi\u00f3n responsable Latam: El reto para avanzar en la integraci\u00f3n ASG - Revista RS Edici\u00f3n 99","description":"La escala y complejidad del cambio clim\u00e1tico en el mundo lo convierte en un reto particularmente desafiante, especialmente en lo que compete a decisiones econ\u00f3micas relacionadas con las inversiones.","robots":{"index":"index","follow":"follow","max-snippet":"max-snippet:-1","max-image-preview":"max-image-preview:large","max-video-preview":"max-video-preview:-1"},"canonical":"https:\/\/rsrevista.org\/edicion99\/inversion-responsable-latam-el-reto-para-avanzar-en-la-integracion-asg-20230425\/","og_locale":"es_ES","og_type":"article","og_title":"Inversi\u00f3n responsable Latam: El reto para avanzar en la integraci\u00f3n ASG - Revista RS Edici\u00f3n 99","og_description":"La escala y complejidad del cambio clim\u00e1tico en el mundo lo convierte en un reto particularmente desafiante, especialmente en lo que compete a decisiones econ\u00f3micas relacionadas con las inversiones.","og_url":"https:\/\/rsrevista.org\/edicion99\/inversion-responsable-latam-el-reto-para-avanzar-en-la-integracion-asg-20230425\/","og_site_name":"Revista RS Edici\u00f3n 99","article_published_time":"2023-04-25T12:54:54+00:00","article_modified_time":"2023-04-25T20:11:32+00:00","og_image":[{"width":1280,"height":720,"url":"https:\/\/rsrevista.org\/edicion99\/wp-content\/uploads\/sites\/9\/2023\/04\/articulo-15-de-tama\u00f1o-grande.jpeg","type":"image\/jpeg"}],"author":"Good","twitter_card":"summary_large_image","twitter_misc":{"Escrito por":"Good","Tiempo de lectura":"4 minutos"},"schema":{"@context":"https:\/\/schema.org","@graph":[{"@type":"WebPage","@id":"https:\/\/rsrevista.org\/edicion99\/inversion-responsable-latam-el-reto-para-avanzar-en-la-integracion-asg-20230425\/","url":"https:\/\/rsrevista.org\/edicion99\/inversion-responsable-latam-el-reto-para-avanzar-en-la-integracion-asg-20230425\/","name":"Inversi\u00f3n responsable Latam: El reto para avanzar en la integraci\u00f3n ASG - Revista RS Edici\u00f3n 99","isPartOf":{"@id":"https:\/\/rsrevista.org\/edicion99\/#website"},"primaryImageOfPage":{"@id":"https:\/\/rsrevista.org\/edicion99\/inversion-responsable-latam-el-reto-para-avanzar-en-la-integracion-asg-20230425\/#primaryimage"},"image":{"@id":"https:\/\/rsrevista.org\/edicion99\/inversion-responsable-latam-el-reto-para-avanzar-en-la-integracion-asg-20230425\/#primaryimage"},"thumbnailUrl":"https:\/\/rsrevista.org\/edicion99\/wp-content\/uploads\/sites\/9\/2023\/04\/articulo-15-de-tama\u00f1o-grande.jpeg","datePublished":"2023-04-25T12:54:54+00:00","dateModified":"2023-04-25T20:11:32+00:00","author":{"@id":"https:\/\/rsrevista.org\/edicion99\/#\/schema\/person\/781e0e43b930b28f9267ae9a5dcbe3af"},"description":"La escala y complejidad del cambio clim\u00e1tico en el mundo lo convierte en un reto particularmente desafiante, especialmente en lo que compete a decisiones econ\u00f3micas relacionadas con las inversiones.","breadcrumb":{"@id":"https:\/\/rsrevista.org\/edicion99\/inversion-responsable-latam-el-reto-para-avanzar-en-la-integracion-asg-20230425\/#breadcrumb"},"inLanguage":"es","potentialAction":[{"@type":"ReadAction","target":["https:\/\/rsrevista.org\/edicion99\/inversion-responsable-latam-el-reto-para-avanzar-en-la-integracion-asg-20230425\/"]}]},{"@type":"ImageObject","inLanguage":"es","@id":"https:\/\/rsrevista.org\/edicion99\/inversion-responsable-latam-el-reto-para-avanzar-en-la-integracion-asg-20230425\/#primaryimage","url":"https:\/\/rsrevista.org\/edicion99\/wp-content\/uploads\/sites\/9\/2023\/04\/articulo-15-de-tama\u00f1o-grande.jpeg","contentUrl":"https:\/\/rsrevista.org\/edicion99\/wp-content\/uploads\/sites\/9\/2023\/04\/articulo-15-de-tama\u00f1o-grande.jpeg","width":1280,"height":720},{"@type":"BreadcrumbList","@id":"https:\/\/rsrevista.org\/edicion99\/inversion-responsable-latam-el-reto-para-avanzar-en-la-integracion-asg-20230425\/#breadcrumb","itemListElement":[{"@type":"ListItem","position":1,"name":"Portada","item":"https:\/\/rsrevista.org\/edicion99\/"},{"@type":"ListItem","position":2,"name":"Inversi\u00f3n responsable Latam: El reto para avanzar en la integraci\u00f3n ASG"}]},{"@type":"WebSite","@id":"https:\/\/rsrevista.org\/edicion99\/#website","url":"https:\/\/rsrevista.org\/edicion99\/","name":"Revista RS Edici\u00f3n 99","description":"Responsabilidad social y sostenibilidad","potentialAction":[{"@type":"SearchAction","target":{"@type":"EntryPoint","urlTemplate":"https:\/\/rsrevista.org\/edicion99\/?s={search_term_string}"},"query-input":{"@type":"PropertyValueSpecification","valueRequired":true,"valueName":"search_term_string"}}],"inLanguage":"es"},{"@type":"Person","@id":"https:\/\/rsrevista.org\/edicion99\/#\/schema\/person\/781e0e43b930b28f9267ae9a5dcbe3af","name":"Good","image":{"@type":"ImageObject","inLanguage":"es","@id":"https:\/\/rsrevista.org\/edicion99\/#\/schema\/person\/image\/","url":"https:\/\/secure.gravatar.com\/avatar\/b90085527cfd5e03250a8637fe5c0369?s=96&d=mm&r=g","contentUrl":"https:\/\/secure.gravatar.com\/avatar\/b90085527cfd5e03250a8637fe5c0369?s=96&d=mm&r=g","caption":"Good"},"sameAs":["https:\/\/rsrevista.org"],"url":"https:\/\/rsrevista.org\/edicion99\/author\/good\/"}]}},"_links":{"self":[{"href":"https:\/\/rsrevista.org\/edicion99\/wp-json\/wp\/v2\/posts\/5050"}],"collection":[{"href":"https:\/\/rsrevista.org\/edicion99\/wp-json\/wp\/v2\/posts"}],"about":[{"href":"https:\/\/rsrevista.org\/edicion99\/wp-json\/wp\/v2\/types\/post"}],"author":[{"embeddable":true,"href":"https:\/\/rsrevista.org\/edicion99\/wp-json\/wp\/v2\/users\/1"}],"replies":[{"embeddable":true,"href":"https:\/\/rsrevista.org\/edicion99\/wp-json\/wp\/v2\/comments?post=5050"}],"version-history":[{"count":6,"href":"https:\/\/rsrevista.org\/edicion99\/wp-json\/wp\/v2\/posts\/5050\/revisions"}],"predecessor-version":[{"id":5334,"href":"https:\/\/rsrevista.org\/edicion99\/wp-json\/wp\/v2\/posts\/5050\/revisions\/5334"}],"wp:featuredmedia":[{"embeddable":true,"href":"https:\/\/rsrevista.org\/edicion99\/wp-json\/wp\/v2\/media\/5188"}],"wp:attachment":[{"href":"https:\/\/rsrevista.org\/edicion99\/wp-json\/wp\/v2\/media?parent=5050"}],"wp:term":[{"taxonomy":"category","embeddable":true,"href":"https:\/\/rsrevista.org\/edicion99\/wp-json\/wp\/v2\/categories?post=5050"},{"taxonomy":"post_tag","embeddable":true,"href":"https:\/\/rsrevista.org\/edicion99\/wp-json\/wp\/v2\/tags?post=5050"}],"curies":[{"name":"wp","href":"https:\/\/api.w.org\/{rel}","templated":true}]}}