{"id":5011,"date":"2023-03-29T07:16:27","date_gmt":"2023-03-29T12:16:27","guid":{"rendered":"https:\/\/rsrevista.org\/edicion99\/?p=5011"},"modified":"2023-04-25T15:14:31","modified_gmt":"2023-04-25T20:14:31","slug":"inversion-responsable-reactiva-mas-proactividad-menos-resistencia","status":"publish","type":"post","link":"https:\/\/rsrevista.org\/edicion99\/inversion-responsable-reactiva-mas-proactividad-menos-resistencia-20230329\/","title":{"rendered":"Inversi\u00f3n Responsable reactiva: m\u00e1s proactividad, menos resistencia"},"content":{"rendered":"\n<div class=\"wp-block-columns profile-box is-layout-flex wp-container-core-columns-is-layout-1 wp-block-columns-is-layout-flex\">\n<div class=\"wp-block-column profile-box-left is-layout-flow wp-block-column-is-layout-flow\" style=\"flex-basis:20%\">\n<div style=\"height:44px\" aria-hidden=\"true\" class=\"wp-block-spacer\"><\/div>\n\n\n\n<figure class=\"wp-block-image size-large\"><img loading=\"lazy\" decoding=\"async\" width=\"1000\" height=\"1000\" src=\"https:\/\/rsrevista.org\/edicion99\/wp-content\/uploads\/sites\/9\/2023\/04\/CAROLINA-Ruedlinger.jpg\" alt=\"\" class=\"wp-image-5156\" srcset=\"https:\/\/rsrevista.org\/edicion99\/wp-content\/uploads\/sites\/9\/2023\/04\/CAROLINA-Ruedlinger.jpg 1000w, https:\/\/rsrevista.org\/edicion99\/wp-content\/uploads\/sites\/9\/2023\/04\/CAROLINA-Ruedlinger-300x300.jpg 300w, https:\/\/rsrevista.org\/edicion99\/wp-content\/uploads\/sites\/9\/2023\/04\/CAROLINA-Ruedlinger-150x150.jpg 150w, https:\/\/rsrevista.org\/edicion99\/wp-content\/uploads\/sites\/9\/2023\/04\/CAROLINA-Ruedlinger-768x768.jpg 768w, https:\/\/rsrevista.org\/edicion99\/wp-content\/uploads\/sites\/9\/2023\/04\/CAROLINA-Ruedlinger-600x600.jpg 600w\" sizes=\"(max-width: 1000px) 100vw, 1000px\" \/><\/figure>\n\n\n\n<p><\/p>\n<\/div>\n\n\n\n<div class=\"wp-block-column profile-box-right is-layout-flow wp-block-column-is-layout-flow\">\n<h5 class=\"wp-block-heading\"><strong>Por:<\/strong>&nbsp; Carolina Ruedlinger Espoz, Analista en Clasificadora Riesgo y Economista de la Universidad Diego Portales Santiago de Chile<\/h5>\n\n\n\n<p><br>Carolina Ruedlinger Espoz es Economista de la Universidad Diego Portales, Chile. Particip\u00f3 en la implementaci\u00f3n de la Pol\u00edtica de Inversi\u00f3n Responsable de importante Administradora de Fondos de Pensiones, desempe\u00f1\u00e1ndose como Analista de Riesgo Financiero con dedicaci\u00f3n al an\u00e1lisis de riesgo clim\u00e1tico y riesgos asociados a factores ESG. Actualmente, ejerce como Analista de Corporaciones en destacada Clasificadora de Riesgo, la \u00fanica en Chile en adherirse a los Principios de Inversi\u00f3n Responsable.<\/p>\n\n\n\n<p><\/p>\n<\/div>\n<\/div>\n\n\n\n<p class=\"eut-dropcap\">Indiscutiblemente, las econom\u00edas se desarrollan con la actividad productiva del libre mercado. Sin embargo, nuestro modelo de crecimiento ha estado marcado por externalidades y esc\u00e1ndalos que han generado la necesidad de instaurar y consolidar nuevos criterios en nuestras decisiones que respondan a la justa demanda de la ciudadan\u00eda por un desarrollo m\u00e1s sostenible.<\/p>\n\n\n\n<p><span style=\"font-weight: 400\">El an\u00e1lisis previo que permite tomar decisiones de inversi\u00f3n basadas en criterios ESG se complica cuando los analistas se enfrentan a una parte no menor del mercado que se resiste a recabar y entregar informaci\u00f3n relacionada con estos asuntos por la simple raz\u00f3n de que no se les da la relevancia suficiente.<\/span><\/p>\n\n\n\n<p><span style=\"font-weight: 400\">Han sido la normativa y la regulaci\u00f3n las encargadas de posicionar la inversi\u00f3n responsable en la palestra, m\u00e1s que la \u00abmano invisible\u00bb. En el caso de Chile, gracias al Acuerdo Verde firmado por actores clave del mercado financiero, algunos inversionistas institucionales est\u00e1n obligados por normativa a integrar variables ESG en sus decisiones de inversi\u00f3n.<\/span><\/p>\n\n\n\n<p><span style=\"font-weight: 400\">Esto se ha traducido en la obligaci\u00f3n de identificar, medir y controlar el riesgo clim\u00e1tico y los riesgos asociados a los factores ESG. No obstante, hasta hace poco, la informaci\u00f3n dispuesta por el mercado era paup\u00e9rrima. Fue la Comisi\u00f3n para el Mercado Financiero la que, con la Norma de Car\u00e1cter General 461, oblig\u00f3 a las empresas a reportar indicadores de sostenibilidad en sus Memorias Anuales. Una obligaci\u00f3n del Estado, m\u00e1s no una iniciativa del mercado.<\/span><\/p>\n\n\n\n<p><span style=\"font-weight: 400\">Esta norma permite que quien quiera incorporar variables ESG a sus criterios de inversi\u00f3n goce de informaci\u00f3n p\u00fablica y m\u00ednimamente estandarizada, un alivio para los analistas. En gran parte, es la normativa la que nos permite identificar riesgos asociados a los factores ESG e implementar con coherencia pol\u00edticas de inversi\u00f3n responsable<\/span><\/p>\n\n\n\n<p><span style=\"font-weight: 400\">Si bien hay que reconocer que un peque\u00f1o pu\u00f1ado de empresas e inversionistas han tenido la determinaci\u00f3n de implementar propuestas de valor basadas en sostenibilidad, de innovar en sus mercados y de ser agentes de cambio, la mayor\u00eda se queda con lo m\u00ednimo exigido por la ley.<\/span><\/p>\n\n\n\n<p><span style=\"font-weight: 400\">Muchas veces, cuando se les pregunta a las compa\u00f1\u00edas de qu\u00e9 forma integran los factores ESG en su negocio, mencionan con mucho orgullo alguna cuesti\u00f3n que por norma es obligaci\u00f3n. Otras veces, se da la situaci\u00f3n de que inversionistas que se dicen responsables se jactan de no invertir en armas, drogas, pornograf\u00eda, terrorismo o cualquier otra cosa que lleva varios a\u00f1os ya siendo ilegal.<\/span><\/p>\n\n\n\n<p><span style=\"font-weight: 400\">Al final del d\u00eda, cabe cuestionarse: \u00bfqu\u00e9 tan r\u00e1pido vamos y qu\u00e9 tan r\u00e1pido estamos dispuestos a avanzar como mercado aut\u00f3nomo? Cabe cuestionarse si es suficiente que tan solo un grupo reducido de empresas tenga la intenci\u00f3n de contribuir con el cambio que se nos exige. Cabe cuestionarse qu\u00e9 tan cerca estamos de cumplir con los Objetivos de Desarrollo Sostenible, qu\u00e9 tan alineados estamos con el objetivo de 1,5\u00b0C y as\u00ed sucesivamente.<\/span><\/p>\n\n\n\n<p><span style=\"font-weight: 400\">\u00bfQu\u00e9 tan dispuestos estamos a retirar una inversi\u00f3n de una empresa que est\u00e1 a a\u00f1os luz de ser sostenible pero que promete grandes retornos? Muchos insisten en debatir qu\u00e9 tan rentable es la inversi\u00f3n responsable. En el corto plazo, claro que la desinversi\u00f3n no se ve atractiva, pero a largo plazo, solvencia y sostenibilidad convergen.<\/span><\/p>\n\n\n\n<p><span style=\"font-weight: 400\">No quiero entrar a discutir qu\u00e9 tan rentable es la inversi\u00f3n responsable porque, honestamente, es un debate que me incomoda. Es un debate que me sabe a que no invertimos en trata de personas porque no es un mercado rentable. Me es inc\u00f3modo tener que explicar con econometr\u00eda la raz\u00f3n por la cual no debemos invertir en empresas que mantienen la esclavitud moderna, y as\u00ed.<\/span><\/p>\n\n\n\n<p><span style=\"font-weight: 400\">Sin embargo, de todas formas, le doy mis agradecimientos a quienes se esmeran en dar material emp\u00edrico para que los inversionistas entiendan, en el mismo idioma de siempre, que las finanzas sostenibles son una magn\u00edfica decisi\u00f3n.<\/span><\/p>\n\n\n\n<p><span style=\"font-weight: 400\">Cuando ESG no est\u00e1 en la normativa, la inversi\u00f3n responsable es una decisi\u00f3n, no una obligaci\u00f3n. Es un compromiso, es la tranquilidad de que no estamos financiando, por ejemplo, la destrucci\u00f3n del medio ambiente a trav\u00e9s de las empresas en las que invertimos. Es la convicci\u00f3n de que mi compa\u00f1\u00eda tiene el potencial de sumar y transformar.<\/span><\/p>\n\n\n\n<blockquote class=\"wp-block-quote is-layout-flow wp-block-quote-is-layout-flow\"><p><span style=\"font-weight: 400\">Las empresas no solo son edificios y m\u00e1quinas. Las empresas son personas que toman decisiones, decisiones que pueden afectar desde departamentos de la compa\u00f1\u00eda hasta comunidades completas, un pa\u00eds, una econom\u00eda.<\/span><\/p><\/blockquote>\n\n\n\n<p><span style=\"font-weight: 400\">Detr\u00e1s de cada esc\u00e1ndalo empresarial que hemos conocido, hubo una persona que tom\u00f3 decisiones. Cada vez que una empresa fue acusada de corrupci\u00f3n, violaci\u00f3n a los derechos humanos, contaminaci\u00f3n, sobreexplotaci\u00f3n, entre un largo etc\u00e9tera, fue responsabilidad de alguien, fue decisi\u00f3n de alguien.<\/span><\/p>\n\n\n\n<p><span style=\"font-weight: 400\">Y cada vez que esa empresa recibe financiamiento, hay un grupo de inversionistas que pudo haber determinado no permanecer en silencio; hay un grupo de personas que analiz\u00f3 y decidi\u00f3 financiar.<\/span><\/p>\n\n\n\n<p><span style=\"font-weight: 400\">\u00a1Pero es que el mercado! Nosotros somos el mercado. Cada analista, cada gestor de portafolios, cada gerente. Somos responsables, somos c\u00f3mplices y somos la soluci\u00f3n que el mundo espera.<\/span><\/p>\n\n\n\n<p><span style=\"font-weight: 400\">Podemos ser un mercado autorregulado, protag\u00f3nico, ir a la velocidad suficiente, como tambi\u00e9n podemos esperar la indignaci\u00f3n de la ciudadan\u00eda y la intervenci\u00f3n del Estado. Nosotros somos el mercado, nosotros somos quienes deciden.<\/span><\/p>\n","protected":false},"excerpt":{"rendered":"<p>Por:  Carolina Ruedlinger Espoz, Analista en Clasificadora Riesgo y Economista de la Universidad Diego Portales Santiago de Chile<\/p>\n","protected":false},"author":1,"featured_media":5157,"comment_status":"open","ping_status":"open","sticky":false,"template":"","format":"standard","meta":{"footnotes":""},"categories":[29],"tags":[],"class_list":["post-5011","post","type-post","status-publish","format-standard","has-post-thumbnail","hentry","category-tema-central"],"yoast_head":"<!-- This site is optimized with the Yoast SEO plugin v23.9 - https:\/\/yoast.com\/wordpress\/plugins\/seo\/ -->\n<title>Inversi\u00f3n Responsable reactiva: m\u00e1s proactividad, menos resistencia - Revista RS Edici\u00f3n 99<\/title>\n<meta name=\"description\" content=\"La escala y complejidad del cambio clim\u00e1tico en el mundo lo convierte en un reto particularmente desafiante, especialmente en lo que compete a decisiones econ\u00f3micas relacionadas con las inversiones.\" \/>\n<meta name=\"robots\" content=\"index, follow, max-snippet:-1, max-image-preview:large, max-video-preview:-1\" \/>\n<link rel=\"canonical\" href=\"https:\/\/rsrevista.org\/edicion99\/inversion-responsable-reactiva-mas-proactividad-menos-resistencia-20230329\/\" \/>\n<meta property=\"og:locale\" content=\"es_ES\" \/>\n<meta property=\"og:type\" content=\"article\" \/>\n<meta property=\"og:title\" content=\"Inversi\u00f3n Responsable reactiva: m\u00e1s proactividad, menos resistencia - Revista RS Edici\u00f3n 99\" \/>\n<meta property=\"og:description\" content=\"La escala y complejidad del cambio clim\u00e1tico en el mundo lo convierte en un reto particularmente desafiante, especialmente en lo que compete a decisiones econ\u00f3micas relacionadas con las inversiones.\" \/>\n<meta property=\"og:url\" content=\"https:\/\/rsrevista.org\/edicion99\/inversion-responsable-reactiva-mas-proactividad-menos-resistencia-20230329\/\" \/>\n<meta property=\"og:site_name\" content=\"Revista RS Edici\u00f3n 99\" \/>\n<meta property=\"article:published_time\" content=\"2023-03-29T12:16:27+00:00\" \/>\n<meta property=\"article:modified_time\" content=\"2023-04-25T20:14:31+00:00\" \/>\n<meta property=\"og:image\" content=\"https:\/\/rsrevista.org\/edicion99\/wp-content\/uploads\/sites\/9\/2023\/03\/articulo-6-de-tama\u00f1o-grande.jpeg\" \/>\n\t<meta property=\"og:image:width\" content=\"1280\" \/>\n\t<meta property=\"og:image:height\" content=\"720\" \/>\n\t<meta property=\"og:image:type\" content=\"image\/jpeg\" \/>\n<meta name=\"author\" content=\"Good\" \/>\n<meta name=\"twitter:card\" content=\"summary_large_image\" \/>\n<meta name=\"twitter:label1\" content=\"Escrito por\" \/>\n\t<meta name=\"twitter:data1\" content=\"Good\" \/>\n\t<meta name=\"twitter:label2\" content=\"Tiempo de lectura\" \/>\n\t<meta name=\"twitter:data2\" content=\"5 minutos\" \/>\n<script type=\"application\/ld+json\" class=\"yoast-schema-graph\">{\"@context\":\"https:\/\/schema.org\",\"@graph\":[{\"@type\":\"WebPage\",\"@id\":\"https:\/\/rsrevista.org\/edicion99\/inversion-responsable-reactiva-mas-proactividad-menos-resistencia-20230329\/\",\"url\":\"https:\/\/rsrevista.org\/edicion99\/inversion-responsable-reactiva-mas-proactividad-menos-resistencia-20230329\/\",\"name\":\"Inversi\u00f3n Responsable reactiva: m\u00e1s proactividad, menos resistencia - Revista RS Edici\u00f3n 99\",\"isPartOf\":{\"@id\":\"https:\/\/rsrevista.org\/edicion99\/#website\"},\"primaryImageOfPage\":{\"@id\":\"https:\/\/rsrevista.org\/edicion99\/inversion-responsable-reactiva-mas-proactividad-menos-resistencia-20230329\/#primaryimage\"},\"image\":{\"@id\":\"https:\/\/rsrevista.org\/edicion99\/inversion-responsable-reactiva-mas-proactividad-menos-resistencia-20230329\/#primaryimage\"},\"thumbnailUrl\":\"https:\/\/rsrevista.org\/edicion99\/wp-content\/uploads\/sites\/9\/2023\/03\/articulo-6-de-tama\u00f1o-grande.jpeg\",\"datePublished\":\"2023-03-29T12:16:27+00:00\",\"dateModified\":\"2023-04-25T20:14:31+00:00\",\"author\":{\"@id\":\"https:\/\/rsrevista.org\/edicion99\/#\/schema\/person\/781e0e43b930b28f9267ae9a5dcbe3af\"},\"description\":\"La escala y complejidad del cambio clim\u00e1tico en el mundo lo convierte en un reto particularmente desafiante, especialmente en lo que compete a decisiones econ\u00f3micas relacionadas con las inversiones.\",\"breadcrumb\":{\"@id\":\"https:\/\/rsrevista.org\/edicion99\/inversion-responsable-reactiva-mas-proactividad-menos-resistencia-20230329\/#breadcrumb\"},\"inLanguage\":\"es\",\"potentialAction\":[{\"@type\":\"ReadAction\",\"target\":[\"https:\/\/rsrevista.org\/edicion99\/inversion-responsable-reactiva-mas-proactividad-menos-resistencia-20230329\/\"]}]},{\"@type\":\"ImageObject\",\"inLanguage\":\"es\",\"@id\":\"https:\/\/rsrevista.org\/edicion99\/inversion-responsable-reactiva-mas-proactividad-menos-resistencia-20230329\/#primaryimage\",\"url\":\"https:\/\/rsrevista.org\/edicion99\/wp-content\/uploads\/sites\/9\/2023\/03\/articulo-6-de-tama\u00f1o-grande.jpeg\",\"contentUrl\":\"https:\/\/rsrevista.org\/edicion99\/wp-content\/uploads\/sites\/9\/2023\/03\/articulo-6-de-tama\u00f1o-grande.jpeg\",\"width\":1280,\"height\":720},{\"@type\":\"BreadcrumbList\",\"@id\":\"https:\/\/rsrevista.org\/edicion99\/inversion-responsable-reactiva-mas-proactividad-menos-resistencia-20230329\/#breadcrumb\",\"itemListElement\":[{\"@type\":\"ListItem\",\"position\":1,\"name\":\"Portada\",\"item\":\"https:\/\/rsrevista.org\/edicion99\/\"},{\"@type\":\"ListItem\",\"position\":2,\"name\":\"Inversi\u00f3n Responsable reactiva: m\u00e1s proactividad, menos resistencia\"}]},{\"@type\":\"WebSite\",\"@id\":\"https:\/\/rsrevista.org\/edicion99\/#website\",\"url\":\"https:\/\/rsrevista.org\/edicion99\/\",\"name\":\"Revista RS Edici\u00f3n 99\",\"description\":\"Responsabilidad social y sostenibilidad\",\"potentialAction\":[{\"@type\":\"SearchAction\",\"target\":{\"@type\":\"EntryPoint\",\"urlTemplate\":\"https:\/\/rsrevista.org\/edicion99\/?s={search_term_string}\"},\"query-input\":{\"@type\":\"PropertyValueSpecification\",\"valueRequired\":true,\"valueName\":\"search_term_string\"}}],\"inLanguage\":\"es\"},{\"@type\":\"Person\",\"@id\":\"https:\/\/rsrevista.org\/edicion99\/#\/schema\/person\/781e0e43b930b28f9267ae9a5dcbe3af\",\"name\":\"Good\",\"image\":{\"@type\":\"ImageObject\",\"inLanguage\":\"es\",\"@id\":\"https:\/\/rsrevista.org\/edicion99\/#\/schema\/person\/image\/\",\"url\":\"https:\/\/secure.gravatar.com\/avatar\/b90085527cfd5e03250a8637fe5c0369?s=96&d=mm&r=g\",\"contentUrl\":\"https:\/\/secure.gravatar.com\/avatar\/b90085527cfd5e03250a8637fe5c0369?s=96&d=mm&r=g\",\"caption\":\"Good\"},\"sameAs\":[\"https:\/\/rsrevista.org\"],\"url\":\"https:\/\/rsrevista.org\/edicion99\/author\/good\/\"}]}<\/script>\n<!-- \/ Yoast SEO plugin. -->","yoast_head_json":{"title":"Inversi\u00f3n Responsable reactiva: m\u00e1s proactividad, menos resistencia - Revista RS Edici\u00f3n 99","description":"La escala y complejidad del cambio clim\u00e1tico en el mundo lo convierte en un reto particularmente desafiante, especialmente en lo que compete a decisiones econ\u00f3micas relacionadas con las inversiones.","robots":{"index":"index","follow":"follow","max-snippet":"max-snippet:-1","max-image-preview":"max-image-preview:large","max-video-preview":"max-video-preview:-1"},"canonical":"https:\/\/rsrevista.org\/edicion99\/inversion-responsable-reactiva-mas-proactividad-menos-resistencia-20230329\/","og_locale":"es_ES","og_type":"article","og_title":"Inversi\u00f3n Responsable reactiva: m\u00e1s proactividad, menos resistencia - Revista RS Edici\u00f3n 99","og_description":"La escala y complejidad del cambio clim\u00e1tico en el mundo lo convierte en un reto particularmente desafiante, especialmente en lo que compete a decisiones econ\u00f3micas relacionadas con las inversiones.","og_url":"https:\/\/rsrevista.org\/edicion99\/inversion-responsable-reactiva-mas-proactividad-menos-resistencia-20230329\/","og_site_name":"Revista RS Edici\u00f3n 99","article_published_time":"2023-03-29T12:16:27+00:00","article_modified_time":"2023-04-25T20:14:31+00:00","og_image":[{"width":1280,"height":720,"url":"https:\/\/rsrevista.org\/edicion99\/wp-content\/uploads\/sites\/9\/2023\/03\/articulo-6-de-tama\u00f1o-grande.jpeg","type":"image\/jpeg"}],"author":"Good","twitter_card":"summary_large_image","twitter_misc":{"Escrito por":"Good","Tiempo de lectura":"5 minutos"},"schema":{"@context":"https:\/\/schema.org","@graph":[{"@type":"WebPage","@id":"https:\/\/rsrevista.org\/edicion99\/inversion-responsable-reactiva-mas-proactividad-menos-resistencia-20230329\/","url":"https:\/\/rsrevista.org\/edicion99\/inversion-responsable-reactiva-mas-proactividad-menos-resistencia-20230329\/","name":"Inversi\u00f3n Responsable reactiva: m\u00e1s proactividad, menos resistencia - Revista RS Edici\u00f3n 99","isPartOf":{"@id":"https:\/\/rsrevista.org\/edicion99\/#website"},"primaryImageOfPage":{"@id":"https:\/\/rsrevista.org\/edicion99\/inversion-responsable-reactiva-mas-proactividad-menos-resistencia-20230329\/#primaryimage"},"image":{"@id":"https:\/\/rsrevista.org\/edicion99\/inversion-responsable-reactiva-mas-proactividad-menos-resistencia-20230329\/#primaryimage"},"thumbnailUrl":"https:\/\/rsrevista.org\/edicion99\/wp-content\/uploads\/sites\/9\/2023\/03\/articulo-6-de-tama\u00f1o-grande.jpeg","datePublished":"2023-03-29T12:16:27+00:00","dateModified":"2023-04-25T20:14:31+00:00","author":{"@id":"https:\/\/rsrevista.org\/edicion99\/#\/schema\/person\/781e0e43b930b28f9267ae9a5dcbe3af"},"description":"La escala y complejidad del cambio clim\u00e1tico en el mundo lo convierte en un reto particularmente desafiante, especialmente en lo que compete a decisiones econ\u00f3micas relacionadas con las inversiones.","breadcrumb":{"@id":"https:\/\/rsrevista.org\/edicion99\/inversion-responsable-reactiva-mas-proactividad-menos-resistencia-20230329\/#breadcrumb"},"inLanguage":"es","potentialAction":[{"@type":"ReadAction","target":["https:\/\/rsrevista.org\/edicion99\/inversion-responsable-reactiva-mas-proactividad-menos-resistencia-20230329\/"]}]},{"@type":"ImageObject","inLanguage":"es","@id":"https:\/\/rsrevista.org\/edicion99\/inversion-responsable-reactiva-mas-proactividad-menos-resistencia-20230329\/#primaryimage","url":"https:\/\/rsrevista.org\/edicion99\/wp-content\/uploads\/sites\/9\/2023\/03\/articulo-6-de-tama\u00f1o-grande.jpeg","contentUrl":"https:\/\/rsrevista.org\/edicion99\/wp-content\/uploads\/sites\/9\/2023\/03\/articulo-6-de-tama\u00f1o-grande.jpeg","width":1280,"height":720},{"@type":"BreadcrumbList","@id":"https:\/\/rsrevista.org\/edicion99\/inversion-responsable-reactiva-mas-proactividad-menos-resistencia-20230329\/#breadcrumb","itemListElement":[{"@type":"ListItem","position":1,"name":"Portada","item":"https:\/\/rsrevista.org\/edicion99\/"},{"@type":"ListItem","position":2,"name":"Inversi\u00f3n Responsable reactiva: m\u00e1s proactividad, menos resistencia"}]},{"@type":"WebSite","@id":"https:\/\/rsrevista.org\/edicion99\/#website","url":"https:\/\/rsrevista.org\/edicion99\/","name":"Revista RS Edici\u00f3n 99","description":"Responsabilidad social y sostenibilidad","potentialAction":[{"@type":"SearchAction","target":{"@type":"EntryPoint","urlTemplate":"https:\/\/rsrevista.org\/edicion99\/?s={search_term_string}"},"query-input":{"@type":"PropertyValueSpecification","valueRequired":true,"valueName":"search_term_string"}}],"inLanguage":"es"},{"@type":"Person","@id":"https:\/\/rsrevista.org\/edicion99\/#\/schema\/person\/781e0e43b930b28f9267ae9a5dcbe3af","name":"Good","image":{"@type":"ImageObject","inLanguage":"es","@id":"https:\/\/rsrevista.org\/edicion99\/#\/schema\/person\/image\/","url":"https:\/\/secure.gravatar.com\/avatar\/b90085527cfd5e03250a8637fe5c0369?s=96&d=mm&r=g","contentUrl":"https:\/\/secure.gravatar.com\/avatar\/b90085527cfd5e03250a8637fe5c0369?s=96&d=mm&r=g","caption":"Good"},"sameAs":["https:\/\/rsrevista.org"],"url":"https:\/\/rsrevista.org\/edicion99\/author\/good\/"}]}},"_links":{"self":[{"href":"https:\/\/rsrevista.org\/edicion99\/wp-json\/wp\/v2\/posts\/5011"}],"collection":[{"href":"https:\/\/rsrevista.org\/edicion99\/wp-json\/wp\/v2\/posts"}],"about":[{"href":"https:\/\/rsrevista.org\/edicion99\/wp-json\/wp\/v2\/types\/post"}],"author":[{"embeddable":true,"href":"https:\/\/rsrevista.org\/edicion99\/wp-json\/wp\/v2\/users\/1"}],"replies":[{"embeddable":true,"href":"https:\/\/rsrevista.org\/edicion99\/wp-json\/wp\/v2\/comments?post=5011"}],"version-history":[{"count":4,"href":"https:\/\/rsrevista.org\/edicion99\/wp-json\/wp\/v2\/posts\/5011\/revisions"}],"predecessor-version":[{"id":5350,"href":"https:\/\/rsrevista.org\/edicion99\/wp-json\/wp\/v2\/posts\/5011\/revisions\/5350"}],"wp:featuredmedia":[{"embeddable":true,"href":"https:\/\/rsrevista.org\/edicion99\/wp-json\/wp\/v2\/media\/5157"}],"wp:attachment":[{"href":"https:\/\/rsrevista.org\/edicion99\/wp-json\/wp\/v2\/media?parent=5011"}],"wp:term":[{"taxonomy":"category","embeddable":true,"href":"https:\/\/rsrevista.org\/edicion99\/wp-json\/wp\/v2\/categories?post=5011"},{"taxonomy":"post_tag","embeddable":true,"href":"https:\/\/rsrevista.org\/edicion99\/wp-json\/wp\/v2\/tags?post=5011"}],"curies":[{"name":"wp","href":"https:\/\/api.w.org\/{rel}","templated":true}]}}