{"id":5009,"date":"2023-04-25T07:53:14","date_gmt":"2023-04-25T12:53:14","guid":{"rendered":"https:\/\/rsrevista.org\/edicion99\/?p=5009"},"modified":"2023-04-25T15:11:44","modified_gmt":"2023-04-25T20:11:44","slug":"lo-que-necesita-america-latina-una-revolucion-de-inversion-responsable","status":"publish","type":"post","link":"https:\/\/rsrevista.org\/edicion99\/lo-que-necesita-america-latina-una-revolucion-de-inversion-responsable-20230425\/","title":{"rendered":"Lo que necesita Am\u00e9rica Latina: una revoluci\u00f3n de Inversi\u00f3n Responsable"},"content":{"rendered":"\n<div class=\"wp-block-columns profile-box is-layout-flex wp-container-core-columns-is-layout-1 wp-block-columns-is-layout-flex\">\n<div class=\"wp-block-column profile-box-left is-layout-flow wp-block-column-is-layout-flow\" style=\"flex-basis:20%\">\n<div style=\"height:44px\" aria-hidden=\"true\" class=\"wp-block-spacer\"><\/div>\n\n\n\n<figure class=\"wp-block-image size-large\"><img loading=\"lazy\" decoding=\"async\" width=\"1000\" height=\"1000\" src=\"https:\/\/rsrevista.org\/edicion99\/wp-content\/uploads\/sites\/9\/2023\/04\/Fernado-Legrand.jpg\" alt=\"\" class=\"wp-image-5184\" srcset=\"https:\/\/rsrevista.org\/edicion99\/wp-content\/uploads\/sites\/9\/2023\/04\/Fernado-Legrand.jpg 1000w, https:\/\/rsrevista.org\/edicion99\/wp-content\/uploads\/sites\/9\/2023\/04\/Fernado-Legrand-300x300.jpg 300w, https:\/\/rsrevista.org\/edicion99\/wp-content\/uploads\/sites\/9\/2023\/04\/Fernado-Legrand-150x150.jpg 150w, https:\/\/rsrevista.org\/edicion99\/wp-content\/uploads\/sites\/9\/2023\/04\/Fernado-Legrand-768x768.jpg 768w, https:\/\/rsrevista.org\/edicion99\/wp-content\/uploads\/sites\/9\/2023\/04\/Fernado-Legrand-600x600.jpg 600w\" sizes=\"(max-width: 1000px) 100vw, 1000px\" \/><\/figure>\n\n\n\n<p><\/p>\n<\/div>\n\n\n\n<div class=\"wp-block-column profile-box-right is-layout-flow wp-block-column-is-layout-flow\">\n<h5 class=\"wp-block-heading\"><strong>Por:<\/strong>&nbsp; Fernando Legrand, Coordinador Regional en CapacitaRSE<\/h5>\n\n\n\n<p>Fernando Legrand es Coordinador Regional de CapacitaRSE (<a href=\"https:\/\/cursosderse.com\/\" target=\"_blank\" rel=\"noreferrer noopener\">https:\/\/cursosderse.com\/<\/a>), 1er Centro de Educaci\u00f3n Online Ejecutiva en Responsabilidad Social y Sostenibilidad de las Am\u00e9ricas que funciona en l\u00ednea desde hace m\u00e1s de 16 a\u00f1os.&nbsp;Es adem\u00e1s, docente del Diplomado de An\u00e1lisis ESG y el M\u00e1ster de Sostenibilidad en la misma instituci\u00f3n. Conferenciante internacional y docente invitado por universidades de toda Am\u00e9rica.<\/p>\n\n\n\n<p><\/p>\n<\/div>\n<\/div>\n\n\n\n<p class=\"eut-dropcap\">Am\u00e9rica Latina tiene la oportunidad, como nunca antes, de ser protagonista del nuevo movimiento por las Finanzas Sostenibles que est\u00e1 posibilitando mantener viva la agenda del Desarrollo Sostenible en todo el mundo y apoyar, con mecanismos de Inversi\u00f3n Responsable, la transformaci\u00f3n sostenible en diversos sectores de la econom\u00eda mundial.<\/p>\n\n\n\n<p><span style=\"font-weight: 400\">Los principales fondos de inversi\u00f3n y tomadores de decisi\u00f3n se convencieron acerca de las oportunidades que representa la Inversi\u00f3n Responsable tras el mayor evento disruptivo de nuestra vida moderna: la pandemia del coronavirus. Cuando en marzo de 2020 los mercados mundiales se desplomaron, los fondos de inversi\u00f3n prestaron atenci\u00f3n a qu\u00e9 activos se lograban recuperar m\u00e1s r\u00e1pido, y result\u00f3 que los Bonos vinculados a criterios ASG fueron los que lograron una curva m\u00e1s r\u00e1pida.<\/span><\/p>\n\n\n\n<blockquote class=\"wp-block-quote is-layout-flow wp-block-quote-is-layout-flow\"><p><span style=\"font-weight: 400\">Podemos decir que parte de este trabajo se debe al aumento de la conciencia ambiental y social, que ha llevado a cada vez m\u00e1s personas y organizaciones a buscar formas de invertir de manera responsable y sostenible. Y en este escenario, la oportunidad de Am\u00e9rica Latina no podr\u00eda ser mejor en este momento de la historia.<\/span><\/p><\/blockquote>\n\n\n\n<p><span style=\"font-weight: 400\">Seg\u00fan el Estudio Anual de Inversi\u00f3n Responsable 2022 de Governart, el 55% de los inversionistas declara incorporar el cambio clim\u00e1tico en las creencias y pol\u00edticas de inversi\u00f3n de su organizaci\u00f3n, consolidando a este tema como el principal riesgo financiero. Pero quedarnos en el enfoque ambiental ser\u00eda tener la mirada corta. Los inversores vienen demostrando mayores esfuerzos a nivel de gobierno corporativo, incorporando mejores pr\u00e1cticas, pol\u00edticas de sostenibilidad y generando portafolios de inversi\u00f3n que se rigen bajo criterios ASG para ampliar su men\u00fa de opciones.<\/span><\/p>\n\n\n\n<p><span style=\"font-weight: 400\">M\u00e9xico, Brasil, Colombia, Chile y Per\u00fa son los mercados mejor ranqueados para la inversi\u00f3n responsable, seg\u00fan este estudio, y donde tambi\u00e9n se comienzan a presentar oportunidades que pueden comenzar a exceder el alcance de los grandes grupos institucionales de inversi\u00f3n.<\/span><\/p>\n\n\n\n<p><span style=\"font-weight: 400\">Pero sin dudas, el gran factor que marca la relevancia que ha tenido la inversi\u00f3n responsable a nivel regional ha sido la salida de fondos de inversi\u00f3n ASG para el p\u00fablico minorista, en los cuales, desde la app de tu entidad financiera, cualquier cliente puede invertir en Fondos Comunes de Inversi\u00f3n (FCI) desde montos equivalentes a 1 d\u00f3lar.<\/span><\/p>\n\n\n\n<p><strong>\u00bfC\u00f3mo aprovechan las empresas sostenibles esta oportunidad?<\/strong><\/p>\n\n\n\n<p><span style=\"font-weight: 400\">Mencionaba algunas l\u00edneas m\u00e1s arriba que estamos, a nivel regional, en un escenario que no podr\u00eda ser mejor. Es cierto que los niveles de pobreza siguen siendo abrumadores, la inflaci\u00f3n post pandemia a\u00fan cuesta ser controlada para muchos pa\u00edses y que la estabilidad pol\u00edtica a\u00fan sigue siendo un riesgo determinante para mantener las reglas de juego a mediano y largo plazo.<\/span><\/p>\n\n\n\n<p><span style=\"font-weight: 400\">Pero a\u00fan con estos retos de contexto, Am\u00e9rica Latina y el Caribe est\u00e1n llamados a ser protagonistas de esta transformaci\u00f3n sostenible en marcha, que viene con muchos retos de nivel social (como el futuro del trabajo) y tambi\u00e9n a nivel ambiental, por la mayor demanda de recursos naturales para contribuir a la llamada transici\u00f3n verde.<\/span><\/p>\n\n\n\n<p><span style=\"font-weight: 400\">En nuestra regi\u00f3n, contamos con recursos muy valiosos para este escenario, que est\u00e1n impulsando a las empresas de los sectores de la miner\u00eda, manufactureros, siderurgia y cemento a profundizar sus estrategias de sostenibilidad. \u00bfCon qu\u00e9 objetivo? Precisamente con el de poder captar buena parte de estos fondos disponibles de inversi\u00f3n responsable que buscan actores de confianza para poder asegurar su retorno. Y aqu\u00ed la confianza est\u00e1 precisamente dada por la adopci\u00f3n por parte de las empresas de un enfoque ESG que pueda procurar la incorporaci\u00f3n de indicadores y metas asociadas que sean realistas y adaptadas al contexto.<\/span><\/p>\n\n\n\n<p><span style=\"font-weight: 400\">Una de las claves de la Inversi\u00f3n Responsable es que existen grupos que act\u00faan para direccionar de forma positiva las decisiones de inversi\u00f3n. En los principales fondos de inversi\u00f3n, se considera una buena pr\u00e1ctica contar con una lista de exclusi\u00f3n p\u00fablica respecto a aquellos sectores que no se van a financiar por estar vinculados a pr\u00e1cticas que no contribuyen a la sostenibilidad. Seg\u00fan el mismo estudio referenciado anteriormente, el 61% de los inversores a nivel regional declara contar con lineamientos de exclusi\u00f3n en su pol\u00edtica de inversi\u00f3n responsable.<\/span><\/p>\n\n\n\n<p><span style=\"font-weight: 400\">En cambio, empresas que trabajan en el \u00e1mbito extractivo pero de recursos clave para esta transici\u00f3n verde, como son el cobre o el litio, en los que Argentina, Bolivia, Chile y M\u00e9xico tienen participaci\u00f3n relevante, podr\u00e1n beneficiarse de esta corriente de inversi\u00f3n siempre que demuestren que su gesti\u00f3n sostenible estar\u00e1 orientada hacia criterios ASG que aseguren un resultado financiero equilibrado con los impactos econ\u00f3micos, sociales y ambientales.<\/span><\/p>\n\n\n\n<p><span style=\"font-weight: 400\">Los fondos de inversi\u00f3n responsable van mucho m\u00e1s all\u00e1 de los recursos. Tambi\u00e9n est\u00e1n presentes en oportunidades vinculadas al sector de la construcci\u00f3n, con lo cual terminan siendo un veh\u00edculo para generar empleos, aumentar la competitividad de las empresas y atraer inversi\u00f3n extranjera.<\/span><\/p>\n\n\n\n<p><span style=\"font-weight: 400\">Al mismo tiempo, la inversi\u00f3n responsable puede contribuir a contrarrestar la p\u00e9rdida de biodiversidad o asegurar la diversidad e inclusi\u00f3n del acceso a mecanismos de financiamiento. En definitiva, como se\u00f1alaba ya en 2004 las Naciones Unidas, se trata de contribuir a la estabilidad financiera generando mejores oportunidades de acceso para todos.<\/span><\/p>\n","protected":false},"excerpt":{"rendered":"<p>Por:  Fernando Legrand, Coordinador Regional en CapacitaRSE<\/p>\n","protected":false},"author":1,"featured_media":5185,"comment_status":"open","ping_status":"open","sticky":false,"template":"","format":"standard","meta":{"footnotes":""},"categories":[29],"tags":[],"class_list":["post-5009","post","type-post","status-publish","format-standard","has-post-thumbnail","hentry","category-tema-central"],"yoast_head":"<!-- This site is optimized with the Yoast SEO plugin v23.9 - https:\/\/yoast.com\/wordpress\/plugins\/seo\/ -->\n<title>Lo que necesita Am\u00e9rica Latina: una revoluci\u00f3n de Inversi\u00f3n Responsable - Revista RS Edici\u00f3n 99<\/title>\n<meta name=\"description\" content=\"La escala y complejidad del cambio clim\u00e1tico en el mundo lo convierte en un reto particularmente desafiante, especialmente en lo que compete a decisiones econ\u00f3micas relacionadas con las inversiones.\" \/>\n<meta name=\"robots\" content=\"index, follow, max-snippet:-1, max-image-preview:large, max-video-preview:-1\" \/>\n<link rel=\"canonical\" href=\"https:\/\/rsrevista.org\/edicion99\/lo-que-necesita-america-latina-una-revolucion-de-inversion-responsable-20230425\/\" \/>\n<meta property=\"og:locale\" content=\"es_ES\" \/>\n<meta property=\"og:type\" content=\"article\" \/>\n<meta property=\"og:title\" content=\"Lo que necesita Am\u00e9rica Latina: una revoluci\u00f3n de Inversi\u00f3n Responsable - Revista RS Edici\u00f3n 99\" \/>\n<meta property=\"og:description\" content=\"La escala y complejidad del cambio clim\u00e1tico en el mundo lo convierte en un reto particularmente desafiante, especialmente en lo que compete a decisiones econ\u00f3micas relacionadas con las inversiones.\" \/>\n<meta property=\"og:url\" content=\"https:\/\/rsrevista.org\/edicion99\/lo-que-necesita-america-latina-una-revolucion-de-inversion-responsable-20230425\/\" \/>\n<meta property=\"og:site_name\" content=\"Revista RS Edici\u00f3n 99\" \/>\n<meta property=\"article:published_time\" content=\"2023-04-25T12:53:14+00:00\" \/>\n<meta property=\"article:modified_time\" content=\"2023-04-25T20:11:44+00:00\" \/>\n<meta property=\"og:image\" content=\"https:\/\/rsrevista.org\/edicion99\/wp-content\/uploads\/sites\/9\/2023\/04\/Art\u00edculo-14-de-tama\u00f1o-grande.jpeg\" \/>\n\t<meta property=\"og:image:width\" content=\"1280\" \/>\n\t<meta property=\"og:image:height\" content=\"720\" \/>\n\t<meta property=\"og:image:type\" content=\"image\/jpeg\" \/>\n<meta name=\"author\" content=\"Good\" \/>\n<meta name=\"twitter:card\" content=\"summary_large_image\" \/>\n<meta name=\"twitter:label1\" content=\"Escrito por\" \/>\n\t<meta name=\"twitter:data1\" content=\"Good\" \/>\n\t<meta name=\"twitter:label2\" content=\"Tiempo de lectura\" \/>\n\t<meta name=\"twitter:data2\" content=\"5 minutos\" \/>\n<script type=\"application\/ld+json\" class=\"yoast-schema-graph\">{\"@context\":\"https:\/\/schema.org\",\"@graph\":[{\"@type\":\"WebPage\",\"@id\":\"https:\/\/rsrevista.org\/edicion99\/lo-que-necesita-america-latina-una-revolucion-de-inversion-responsable-20230425\/\",\"url\":\"https:\/\/rsrevista.org\/edicion99\/lo-que-necesita-america-latina-una-revolucion-de-inversion-responsable-20230425\/\",\"name\":\"Lo que necesita Am\u00e9rica Latina: una revoluci\u00f3n de Inversi\u00f3n Responsable - Revista RS Edici\u00f3n 99\",\"isPartOf\":{\"@id\":\"https:\/\/rsrevista.org\/edicion99\/#website\"},\"primaryImageOfPage\":{\"@id\":\"https:\/\/rsrevista.org\/edicion99\/lo-que-necesita-america-latina-una-revolucion-de-inversion-responsable-20230425\/#primaryimage\"},\"image\":{\"@id\":\"https:\/\/rsrevista.org\/edicion99\/lo-que-necesita-america-latina-una-revolucion-de-inversion-responsable-20230425\/#primaryimage\"},\"thumbnailUrl\":\"https:\/\/rsrevista.org\/edicion99\/wp-content\/uploads\/sites\/9\/2023\/04\/Art\u00edculo-14-de-tama\u00f1o-grande.jpeg\",\"datePublished\":\"2023-04-25T12:53:14+00:00\",\"dateModified\":\"2023-04-25T20:11:44+00:00\",\"author\":{\"@id\":\"https:\/\/rsrevista.org\/edicion99\/#\/schema\/person\/781e0e43b930b28f9267ae9a5dcbe3af\"},\"description\":\"La escala y complejidad del cambio clim\u00e1tico en el mundo lo convierte en un reto particularmente desafiante, especialmente en lo que compete a decisiones econ\u00f3micas relacionadas con las inversiones.\",\"breadcrumb\":{\"@id\":\"https:\/\/rsrevista.org\/edicion99\/lo-que-necesita-america-latina-una-revolucion-de-inversion-responsable-20230425\/#breadcrumb\"},\"inLanguage\":\"es\",\"potentialAction\":[{\"@type\":\"ReadAction\",\"target\":[\"https:\/\/rsrevista.org\/edicion99\/lo-que-necesita-america-latina-una-revolucion-de-inversion-responsable-20230425\/\"]}]},{\"@type\":\"ImageObject\",\"inLanguage\":\"es\",\"@id\":\"https:\/\/rsrevista.org\/edicion99\/lo-que-necesita-america-latina-una-revolucion-de-inversion-responsable-20230425\/#primaryimage\",\"url\":\"https:\/\/rsrevista.org\/edicion99\/wp-content\/uploads\/sites\/9\/2023\/04\/Art\u00edculo-14-de-tama\u00f1o-grande.jpeg\",\"contentUrl\":\"https:\/\/rsrevista.org\/edicion99\/wp-content\/uploads\/sites\/9\/2023\/04\/Art\u00edculo-14-de-tama\u00f1o-grande.jpeg\",\"width\":1280,\"height\":720},{\"@type\":\"BreadcrumbList\",\"@id\":\"https:\/\/rsrevista.org\/edicion99\/lo-que-necesita-america-latina-una-revolucion-de-inversion-responsable-20230425\/#breadcrumb\",\"itemListElement\":[{\"@type\":\"ListItem\",\"position\":1,\"name\":\"Portada\",\"item\":\"https:\/\/rsrevista.org\/edicion99\/\"},{\"@type\":\"ListItem\",\"position\":2,\"name\":\"Lo que necesita Am\u00e9rica Latina: una revoluci\u00f3n de Inversi\u00f3n Responsable\"}]},{\"@type\":\"WebSite\",\"@id\":\"https:\/\/rsrevista.org\/edicion99\/#website\",\"url\":\"https:\/\/rsrevista.org\/edicion99\/\",\"name\":\"Revista RS Edici\u00f3n 99\",\"description\":\"Responsabilidad social y sostenibilidad\",\"potentialAction\":[{\"@type\":\"SearchAction\",\"target\":{\"@type\":\"EntryPoint\",\"urlTemplate\":\"https:\/\/rsrevista.org\/edicion99\/?s={search_term_string}\"},\"query-input\":{\"@type\":\"PropertyValueSpecification\",\"valueRequired\":true,\"valueName\":\"search_term_string\"}}],\"inLanguage\":\"es\"},{\"@type\":\"Person\",\"@id\":\"https:\/\/rsrevista.org\/edicion99\/#\/schema\/person\/781e0e43b930b28f9267ae9a5dcbe3af\",\"name\":\"Good\",\"image\":{\"@type\":\"ImageObject\",\"inLanguage\":\"es\",\"@id\":\"https:\/\/rsrevista.org\/edicion99\/#\/schema\/person\/image\/\",\"url\":\"https:\/\/secure.gravatar.com\/avatar\/b90085527cfd5e03250a8637fe5c0369?s=96&d=mm&r=g\",\"contentUrl\":\"https:\/\/secure.gravatar.com\/avatar\/b90085527cfd5e03250a8637fe5c0369?s=96&d=mm&r=g\",\"caption\":\"Good\"},\"sameAs\":[\"https:\/\/rsrevista.org\"],\"url\":\"https:\/\/rsrevista.org\/edicion99\/author\/good\/\"}]}<\/script>\n<!-- \/ Yoast SEO plugin. -->","yoast_head_json":{"title":"Lo que necesita Am\u00e9rica Latina: una revoluci\u00f3n de Inversi\u00f3n Responsable - Revista RS Edici\u00f3n 99","description":"La escala y complejidad del cambio clim\u00e1tico en el mundo lo convierte en un reto particularmente desafiante, especialmente en lo que compete a decisiones econ\u00f3micas relacionadas con las inversiones.","robots":{"index":"index","follow":"follow","max-snippet":"max-snippet:-1","max-image-preview":"max-image-preview:large","max-video-preview":"max-video-preview:-1"},"canonical":"https:\/\/rsrevista.org\/edicion99\/lo-que-necesita-america-latina-una-revolucion-de-inversion-responsable-20230425\/","og_locale":"es_ES","og_type":"article","og_title":"Lo que necesita Am\u00e9rica Latina: una revoluci\u00f3n de Inversi\u00f3n Responsable - Revista RS Edici\u00f3n 99","og_description":"La escala y complejidad del cambio clim\u00e1tico en el mundo lo convierte en un reto particularmente desafiante, especialmente en lo que compete a decisiones econ\u00f3micas relacionadas con las inversiones.","og_url":"https:\/\/rsrevista.org\/edicion99\/lo-que-necesita-america-latina-una-revolucion-de-inversion-responsable-20230425\/","og_site_name":"Revista RS Edici\u00f3n 99","article_published_time":"2023-04-25T12:53:14+00:00","article_modified_time":"2023-04-25T20:11:44+00:00","og_image":[{"width":1280,"height":720,"url":"https:\/\/rsrevista.org\/edicion99\/wp-content\/uploads\/sites\/9\/2023\/04\/Art\u00edculo-14-de-tama\u00f1o-grande.jpeg","type":"image\/jpeg"}],"author":"Good","twitter_card":"summary_large_image","twitter_misc":{"Escrito por":"Good","Tiempo de lectura":"5 minutos"},"schema":{"@context":"https:\/\/schema.org","@graph":[{"@type":"WebPage","@id":"https:\/\/rsrevista.org\/edicion99\/lo-que-necesita-america-latina-una-revolucion-de-inversion-responsable-20230425\/","url":"https:\/\/rsrevista.org\/edicion99\/lo-que-necesita-america-latina-una-revolucion-de-inversion-responsable-20230425\/","name":"Lo que necesita Am\u00e9rica Latina: una revoluci\u00f3n de Inversi\u00f3n Responsable - Revista RS Edici\u00f3n 99","isPartOf":{"@id":"https:\/\/rsrevista.org\/edicion99\/#website"},"primaryImageOfPage":{"@id":"https:\/\/rsrevista.org\/edicion99\/lo-que-necesita-america-latina-una-revolucion-de-inversion-responsable-20230425\/#primaryimage"},"image":{"@id":"https:\/\/rsrevista.org\/edicion99\/lo-que-necesita-america-latina-una-revolucion-de-inversion-responsable-20230425\/#primaryimage"},"thumbnailUrl":"https:\/\/rsrevista.org\/edicion99\/wp-content\/uploads\/sites\/9\/2023\/04\/Art\u00edculo-14-de-tama\u00f1o-grande.jpeg","datePublished":"2023-04-25T12:53:14+00:00","dateModified":"2023-04-25T20:11:44+00:00","author":{"@id":"https:\/\/rsrevista.org\/edicion99\/#\/schema\/person\/781e0e43b930b28f9267ae9a5dcbe3af"},"description":"La escala y complejidad del cambio clim\u00e1tico en el mundo lo convierte en un reto particularmente desafiante, especialmente en lo que compete a decisiones econ\u00f3micas relacionadas con las inversiones.","breadcrumb":{"@id":"https:\/\/rsrevista.org\/edicion99\/lo-que-necesita-america-latina-una-revolucion-de-inversion-responsable-20230425\/#breadcrumb"},"inLanguage":"es","potentialAction":[{"@type":"ReadAction","target":["https:\/\/rsrevista.org\/edicion99\/lo-que-necesita-america-latina-una-revolucion-de-inversion-responsable-20230425\/"]}]},{"@type":"ImageObject","inLanguage":"es","@id":"https:\/\/rsrevista.org\/edicion99\/lo-que-necesita-america-latina-una-revolucion-de-inversion-responsable-20230425\/#primaryimage","url":"https:\/\/rsrevista.org\/edicion99\/wp-content\/uploads\/sites\/9\/2023\/04\/Art\u00edculo-14-de-tama\u00f1o-grande.jpeg","contentUrl":"https:\/\/rsrevista.org\/edicion99\/wp-content\/uploads\/sites\/9\/2023\/04\/Art\u00edculo-14-de-tama\u00f1o-grande.jpeg","width":1280,"height":720},{"@type":"BreadcrumbList","@id":"https:\/\/rsrevista.org\/edicion99\/lo-que-necesita-america-latina-una-revolucion-de-inversion-responsable-20230425\/#breadcrumb","itemListElement":[{"@type":"ListItem","position":1,"name":"Portada","item":"https:\/\/rsrevista.org\/edicion99\/"},{"@type":"ListItem","position":2,"name":"Lo que necesita Am\u00e9rica Latina: una revoluci\u00f3n de Inversi\u00f3n Responsable"}]},{"@type":"WebSite","@id":"https:\/\/rsrevista.org\/edicion99\/#website","url":"https:\/\/rsrevista.org\/edicion99\/","name":"Revista RS Edici\u00f3n 99","description":"Responsabilidad social y sostenibilidad","potentialAction":[{"@type":"SearchAction","target":{"@type":"EntryPoint","urlTemplate":"https:\/\/rsrevista.org\/edicion99\/?s={search_term_string}"},"query-input":{"@type":"PropertyValueSpecification","valueRequired":true,"valueName":"search_term_string"}}],"inLanguage":"es"},{"@type":"Person","@id":"https:\/\/rsrevista.org\/edicion99\/#\/schema\/person\/781e0e43b930b28f9267ae9a5dcbe3af","name":"Good","image":{"@type":"ImageObject","inLanguage":"es","@id":"https:\/\/rsrevista.org\/edicion99\/#\/schema\/person\/image\/","url":"https:\/\/secure.gravatar.com\/avatar\/b90085527cfd5e03250a8637fe5c0369?s=96&d=mm&r=g","contentUrl":"https:\/\/secure.gravatar.com\/avatar\/b90085527cfd5e03250a8637fe5c0369?s=96&d=mm&r=g","caption":"Good"},"sameAs":["https:\/\/rsrevista.org"],"url":"https:\/\/rsrevista.org\/edicion99\/author\/good\/"}]}},"_links":{"self":[{"href":"https:\/\/rsrevista.org\/edicion99\/wp-json\/wp\/v2\/posts\/5009"}],"collection":[{"href":"https:\/\/rsrevista.org\/edicion99\/wp-json\/wp\/v2\/posts"}],"about":[{"href":"https:\/\/rsrevista.org\/edicion99\/wp-json\/wp\/v2\/types\/post"}],"author":[{"embeddable":true,"href":"https:\/\/rsrevista.org\/edicion99\/wp-json\/wp\/v2\/users\/1"}],"replies":[{"embeddable":true,"href":"https:\/\/rsrevista.org\/edicion99\/wp-json\/wp\/v2\/comments?post=5009"}],"version-history":[{"count":4,"href":"https:\/\/rsrevista.org\/edicion99\/wp-json\/wp\/v2\/posts\/5009\/revisions"}],"predecessor-version":[{"id":5335,"href":"https:\/\/rsrevista.org\/edicion99\/wp-json\/wp\/v2\/posts\/5009\/revisions\/5335"}],"wp:featuredmedia":[{"embeddable":true,"href":"https:\/\/rsrevista.org\/edicion99\/wp-json\/wp\/v2\/media\/5185"}],"wp:attachment":[{"href":"https:\/\/rsrevista.org\/edicion99\/wp-json\/wp\/v2\/media?parent=5009"}],"wp:term":[{"taxonomy":"category","embeddable":true,"href":"https:\/\/rsrevista.org\/edicion99\/wp-json\/wp\/v2\/categories?post=5009"},{"taxonomy":"post_tag","embeddable":true,"href":"https:\/\/rsrevista.org\/edicion99\/wp-json\/wp\/v2\/tags?post=5009"}],"curies":[{"name":"wp","href":"https:\/\/api.w.org\/{rel}","templated":true}]}}