{"id":4995,"date":"2023-04-25T07:56:49","date_gmt":"2023-04-25T12:56:49","guid":{"rendered":"https:\/\/rsrevista.org\/edicion99\/?p=4995"},"modified":"2023-04-25T15:11:22","modified_gmt":"2023-04-25T20:11:22","slug":"inversion-responsable-un-impulso-al-desarrollo-de-la-region","status":"publish","type":"post","link":"https:\/\/rsrevista.org\/edicion99\/inversion-responsable-un-impulso-al-desarrollo-de-la-region-20230425\/","title":{"rendered":"Inversi\u00f3n Responsable, un impulso al desarrollo de la regi\u00f3n"},"content":{"rendered":"\n<div class=\"wp-block-columns profile-box is-layout-flex wp-container-core-columns-is-layout-1 wp-block-columns-is-layout-flex\">\n<div class=\"wp-block-column profile-box-left is-layout-flow wp-block-column-is-layout-flow\" style=\"flex-basis:20%\">\n<div style=\"height:44px\" aria-hidden=\"true\" class=\"wp-block-spacer\"><\/div>\n\n\n\n<figure class=\"wp-block-image size-large\"><img loading=\"lazy\" decoding=\"async\" width=\"1000\" height=\"1000\" src=\"https:\/\/rsrevista.org\/edicion99\/wp-content\/uploads\/sites\/9\/2023\/04\/RAFAEL-DE-LA-HAZA-BAJA-RESOLUCIO.jpg\" alt=\"\" class=\"wp-image-5190\" srcset=\"https:\/\/rsrevista.org\/edicion99\/wp-content\/uploads\/sites\/9\/2023\/04\/RAFAEL-DE-LA-HAZA-BAJA-RESOLUCIO.jpg 1000w, https:\/\/rsrevista.org\/edicion99\/wp-content\/uploads\/sites\/9\/2023\/04\/RAFAEL-DE-LA-HAZA-BAJA-RESOLUCIO-300x300.jpg 300w, https:\/\/rsrevista.org\/edicion99\/wp-content\/uploads\/sites\/9\/2023\/04\/RAFAEL-DE-LA-HAZA-BAJA-RESOLUCIO-150x150.jpg 150w, https:\/\/rsrevista.org\/edicion99\/wp-content\/uploads\/sites\/9\/2023\/04\/RAFAEL-DE-LA-HAZA-BAJA-RESOLUCIO-768x768.jpg 768w, https:\/\/rsrevista.org\/edicion99\/wp-content\/uploads\/sites\/9\/2023\/04\/RAFAEL-DE-LA-HAZA-BAJA-RESOLUCIO-600x600.jpg 600w\" sizes=\"(max-width: 1000px) 100vw, 1000px\" \/><\/figure>\n\n\n\n<p><\/p>\n<\/div>\n\n\n\n<div class=\"wp-block-column profile-box-right is-layout-flow wp-block-column-is-layout-flow\">\n<h5 class=\"wp-block-heading\"><strong>Por:<\/strong>&nbsp; &nbsp;Rafael De La Haza, Head of Investor Relations de Enel Am\u00e9ricas<\/h5>\n\n\n\n<p>Licenciado en Derecho, con especializaci\u00f3n en Derecho Comunitario. M\u00e1ster en tributaci\u00f3n internacional y certificado en ICIR por el Investor Relations Society de Londres. Rafael cuenta con una larga trayectoria en las \u00e1reas de asesoramiento fiscal y legal, y en relaci\u00f3n con inversionistas en distintas empresas del sector privado en Espa\u00f1a, Italia y Chile, donde ha desempe\u00f1ado la mayor parte de su trayectoria profesional.<\/p>\n<\/div>\n<\/div>\n\n\n\n<p class=\"eut-dropcap\"> La inversi\u00f3n socialmente responsable ha avanzado aceleradamente en los \u00faltimos a\u00f1os en Am\u00e9rica Latina, posiblemente gracias a dos factores claros y diferenciados. En primer lugar, la p\u00e9rdida de confianza por parte de los inversores en la industria financiera, provocada por las distintas crisis econ\u00f3micas que hemos vivido. En segundo lugar, el hecho de que los inversores est\u00e9n cada vez m\u00e1s conscientes del impacto que los asuntos medioambientales, sociales y de gobierno corporativo pueden llegar a tener para minimizar riesgos o aumentar rentabilidad.<\/p>\n\n\n\n<p><span style=\"font-weight: 400\">Sin embargo, todav\u00eda hay espacios de mejora. Para consolidar esta tendencia, ser\u00e1n fundamentales la transparencia y la homogeneizaci\u00f3n. La sociedad exige a las corporaciones una mayor apertura, que hoy se asocia con una mayor demanda de est\u00e1ndares globales de informes que permitan interpretar datos independientemente del \u00e1mbito geogr\u00e1fico de las organizaciones.<\/span><\/p>\n\n\n\n<p><span style=\"font-weight: 400\">En ese escenario, para este a\u00f1o se visualizan varios temas a profundizar, como el impulso de la sostenibilidad, la cooperaci\u00f3n y la voluntad pol\u00edtica, la creciente importancia de la &#8216;S&#8217; en la regi\u00f3n, la lucha contra el greenwashing, la preeminencia de los aspectos ASG (Ambientales, Sociales y de Gobernanza) en la toma de decisiones y los desaf\u00edos que enfrentan las cadenas de suministro a escala transversal.<\/span><\/p>\n\n\n\n<p><span style=\"font-weight: 400\">Con lo primero se apunta a la tarea de los gobiernos de continuar implementando en el corto plazo marcos de pol\u00edticas concretos que brinden las se\u00f1ales correctas a todos los actores p\u00fablicos y privados para definir estrategias, inversiones y operaciones alineadas con la maximizaci\u00f3n de la contribuci\u00f3n a los Objetivos de Desarrollo Sostenible hasta lograr la descarbonizaci\u00f3n total. Una vez definidas las pol\u00edticas, se deber\u00e1n fijar metas ambiciosas que midan los resultados de la estrategia adoptada a lo largo del tiempo.<\/span><\/p>\n\n\n\n<p><span style=\"font-weight: 400\">Esto permitir\u00eda a Am\u00e9rica Latina transformarse en un mercado plenamente competitivo a nivel global mediante un modelo econ\u00f3mico que promueva la sostenibilidad y la creaci\u00f3n de empleos sostenibles como estrategia para reducir las desigualdades.<\/span><\/p>\n\n\n\n<p><span style=\"font-weight: 400\">Otra tendencia relevante es la consolidaci\u00f3n de la variable social o \u00abS\u00bb. A nivel mundial, todos los criterios ASG ya son parte central de los procesos de decisiones de inversi\u00f3n, pero tienen un valor que var\u00eda dependiendo del \u00e1rea geogr\u00e1fica en donde se analicen. En ese sentido, lo social en Am\u00e9rica Latina tiene un peso m\u00e1s fuerte en comparaci\u00f3n, por ejemplo, con Europa, donde existe un acento pronunciado en las problem\u00e1ticas ambientales.<\/span><\/p>\n\n\n\n<p><span style=\"font-weight: 400\">Sin duda, la \u00abA\u00bb tendr\u00e1 gran \u00e9nfasis durante este a\u00f1o, estimulando a\u00fan m\u00e1s el desarrollo de las energ\u00edas renovables, pero en la regi\u00f3n 2023 ser\u00e1 un a\u00f1o con foco en lo social, sobre todo en lo referido a capital humano. De esta forma, las culturas corporativas se orientar\u00e1n a garantizar el compromiso de las empresas con sus trabajadores, medir el desempe\u00f1o en materia de seguridad, y fortalecer las relaciones entre clientes y proveedores.<\/span><\/p>\n\n\n\n<blockquote class=\"wp-block-quote is-layout-flow wp-block-quote-is-layout-flow\"><p><span style=\"font-weight: 400\">El crecimiento de la regulaci\u00f3n y de los marcos de divulgaci\u00f3n en todos los sectores tambi\u00e9n ser\u00e1 una prioridad para la definici\u00f3n de inversiones, aunque requerir\u00e1 mucho tiempo y recursos. Ser\u00e1 un enorme desaf\u00edo para empresas e inversores y puede implicar que los distintos actores est\u00e9n m\u00e1s ocupados y preocupados con dar respuesta a las exigencias de cumplimiento que en el cumplimiento de los propios objetivos.<\/span><\/p><\/blockquote>\n\n\n\n<p><span style=\"font-weight: 400\">Recientes casos de <\/span><i><span style=\"font-weight: 400\">greenwashing<\/span><\/i><span style=\"font-weight: 400\"> han puesto de manifiesto la importancia de aumentar y trabajar en materia de accesibilidad y estandarizaci\u00f3n. El correcto funcionamiento de una compa\u00f1\u00eda debe sustentarse en pol\u00edticas que representen la columna vertebral de la forma de hacer negocios, pol\u00edticas que deben ser abiertas a todos los interesados. Tal es el caso de Enel Am\u00e9ricas en donde nos preocupamos por la integridad del negocio a trav\u00e9s de los diferentes instrumentos que difundimos p\u00fablicamente, como el c\u00f3digo \u00e9tico, la pol\u00edtica de derechos humanos y el plan anticorrupci\u00f3n, la cual est\u00e1 certificada con la norma ISO 37001 y ha sido reconocida solo por unas pocas empresas en Am\u00e9rica Latina.<\/span><\/p>\n\n\n\n<p><span style=\"font-weight: 400\">A nivel local, en Chile, una clara iniciativa para evitar y perseguir malas pr\u00e1cticas en materia de gobierno corporativo es la nueva normativa relacionada con las Memorias Anuales que establece un aumento de la transparencia y reporte de informaci\u00f3n hacia el mercado, integrando todas las variables financieras, no financieras e impactos con el fin de evitar y perseguir el greenwashing en materia de gobierno corporativo, incluso con reg\u00edmenes sancionatorios. Aunque queda mucho por hacer por parte de los actores de todos los sectores, estamos avanzando por el camino correcto.<\/span><\/p>\n\n\n\n<p><span style=\"font-weight: 400\">Por otro lado, los aspectos ASG seguir\u00e1n siendo claves para la toma de decisiones corporativas. Muchas compa\u00f1\u00edas ya han incorporado la sostenibilidad en su estrategia de negocio, lo cual implica tanto un cambio cultural, de paradigma, dentro de la organizaci\u00f3n, como del dise\u00f1o de procesos y herramientas que permitan su verdadera integraci\u00f3n a toda la cadena de valor. Es as\u00ed como, al analizar las inversiones que realizan, ya no basta con enfocarse 100% en si un proyecto es financieramente rentable o no, sino que se eval\u00faa c\u00f3mo una decisi\u00f3n afecta a todos los stakeholders desde diversos puntos de vista.<\/span><\/p>\n\n\n\n<p><span style=\"font-weight: 400\">Finalmente, este a\u00f1o volveremos a dialogar sobre la sostenibilidad de las cadenas de suministro. Durante 2022 se instal\u00f3 una preocupaci\u00f3n a nivel global en torno a este tema, principalmente debido al contexto geopol\u00edtico relacionado con el conflicto Rusia-Ucrania. Esto nos ha obligado a reflexionar en torno a lo expuestos que nos encontramos como regi\u00f3n a posibles rupturas en las cadenas de suministro en distintas industrias, y a c\u00f3mo nos podemos preparar para que esto no suceda.<\/span><\/p>\n\n\n\n<p><span style=\"font-weight: 400\">Adem\u00e1s, el mundo est\u00e1 buscando que las empresas establezcan metas relacionadas a las emisiones de CO2 relacionadas al alcance 1, 2 y 3, en este \u00faltimo es donde se refleja la cadena de suministro. Por eso, las empresas deben preocuparse de tener la cadena de suministro lo m\u00e1s sostenible posible.<\/span><\/p>\n\n\n\n<p><span style=\"font-weight: 400\">En definitiva, tenemos por delante un a\u00f1o crucial para seguir aportando a este desaf\u00edo compartido, en un entorno propicio cargado de oportunidades para inversores que buscan rentabilidades m\u00e1s atractivas y con un menor riesgo, lo que contribuir\u00e1 al desarrollo de toda la regi\u00f3n.<\/span><\/p>\n","protected":false},"excerpt":{"rendered":"<p>Por:   Rafael De La Haza, Head of Investor Relations de Enel Am\u00e9ricas<\/p>\n","protected":false},"author":1,"featured_media":5192,"comment_status":"open","ping_status":"open","sticky":false,"template":"","format":"standard","meta":{"footnotes":""},"categories":[29],"tags":[],"class_list":["post-4995","post","type-post","status-publish","format-standard","has-post-thumbnail","hentry","category-tema-central"],"yoast_head":"<!-- This site is optimized with the Yoast SEO plugin v23.9 - https:\/\/yoast.com\/wordpress\/plugins\/seo\/ -->\n<title>Inversi\u00f3n Responsable, un impulso al desarrollo de la regi\u00f3n - Revista RS Edici\u00f3n 99<\/title>\n<meta name=\"description\" content=\"La escala y complejidad del cambio clim\u00e1tico en el mundo lo convierte en un reto particularmente desafiante, especialmente en lo que compete a decisiones econ\u00f3micas relacionadas con las inversiones.\" \/>\n<meta name=\"robots\" content=\"index, follow, max-snippet:-1, max-image-preview:large, max-video-preview:-1\" \/>\n<link rel=\"canonical\" href=\"https:\/\/rsrevista.org\/edicion99\/inversion-responsable-un-impulso-al-desarrollo-de-la-region-20230425\/\" \/>\n<meta property=\"og:locale\" content=\"es_ES\" \/>\n<meta property=\"og:type\" content=\"article\" \/>\n<meta property=\"og:title\" content=\"Inversi\u00f3n Responsable, un impulso al desarrollo de la regi\u00f3n - Revista RS Edici\u00f3n 99\" \/>\n<meta property=\"og:description\" content=\"La escala y complejidad del cambio clim\u00e1tico en el mundo lo convierte en un reto particularmente desafiante, especialmente en lo que compete a decisiones econ\u00f3micas relacionadas con las inversiones.\" \/>\n<meta property=\"og:url\" content=\"https:\/\/rsrevista.org\/edicion99\/inversion-responsable-un-impulso-al-desarrollo-de-la-region-20230425\/\" \/>\n<meta property=\"og:site_name\" content=\"Revista RS Edici\u00f3n 99\" \/>\n<meta property=\"article:published_time\" content=\"2023-04-25T12:56:49+00:00\" \/>\n<meta property=\"article:modified_time\" content=\"2023-04-25T20:11:22+00:00\" \/>\n<meta property=\"og:image\" content=\"https:\/\/rsrevista.org\/edicion99\/wp-content\/uploads\/sites\/9\/2023\/04\/Articulo-17-de-tama\u00f1o-grande.jpeg\" \/>\n\t<meta property=\"og:image:width\" content=\"1280\" \/>\n\t<meta property=\"og:image:height\" content=\"720\" \/>\n\t<meta property=\"og:image:type\" content=\"image\/jpeg\" \/>\n<meta name=\"author\" content=\"Good\" \/>\n<meta name=\"twitter:card\" content=\"summary_large_image\" \/>\n<meta name=\"twitter:label1\" content=\"Escrito por\" \/>\n\t<meta name=\"twitter:data1\" content=\"Good\" \/>\n\t<meta name=\"twitter:label2\" content=\"Tiempo de lectura\" \/>\n\t<meta name=\"twitter:data2\" content=\"6 minutos\" \/>\n<script type=\"application\/ld+json\" class=\"yoast-schema-graph\">{\"@context\":\"https:\/\/schema.org\",\"@graph\":[{\"@type\":\"WebPage\",\"@id\":\"https:\/\/rsrevista.org\/edicion99\/inversion-responsable-un-impulso-al-desarrollo-de-la-region-20230425\/\",\"url\":\"https:\/\/rsrevista.org\/edicion99\/inversion-responsable-un-impulso-al-desarrollo-de-la-region-20230425\/\",\"name\":\"Inversi\u00f3n Responsable, un impulso al desarrollo de la regi\u00f3n - Revista RS Edici\u00f3n 99\",\"isPartOf\":{\"@id\":\"https:\/\/rsrevista.org\/edicion99\/#website\"},\"primaryImageOfPage\":{\"@id\":\"https:\/\/rsrevista.org\/edicion99\/inversion-responsable-un-impulso-al-desarrollo-de-la-region-20230425\/#primaryimage\"},\"image\":{\"@id\":\"https:\/\/rsrevista.org\/edicion99\/inversion-responsable-un-impulso-al-desarrollo-de-la-region-20230425\/#primaryimage\"},\"thumbnailUrl\":\"https:\/\/rsrevista.org\/edicion99\/wp-content\/uploads\/sites\/9\/2023\/04\/Articulo-17-de-tama\u00f1o-grande.jpeg\",\"datePublished\":\"2023-04-25T12:56:49+00:00\",\"dateModified\":\"2023-04-25T20:11:22+00:00\",\"author\":{\"@id\":\"https:\/\/rsrevista.org\/edicion99\/#\/schema\/person\/781e0e43b930b28f9267ae9a5dcbe3af\"},\"description\":\"La escala y complejidad del cambio clim\u00e1tico en el mundo lo convierte en un reto particularmente desafiante, especialmente en lo que compete a decisiones econ\u00f3micas relacionadas con las inversiones.\",\"breadcrumb\":{\"@id\":\"https:\/\/rsrevista.org\/edicion99\/inversion-responsable-un-impulso-al-desarrollo-de-la-region-20230425\/#breadcrumb\"},\"inLanguage\":\"es\",\"potentialAction\":[{\"@type\":\"ReadAction\",\"target\":[\"https:\/\/rsrevista.org\/edicion99\/inversion-responsable-un-impulso-al-desarrollo-de-la-region-20230425\/\"]}]},{\"@type\":\"ImageObject\",\"inLanguage\":\"es\",\"@id\":\"https:\/\/rsrevista.org\/edicion99\/inversion-responsable-un-impulso-al-desarrollo-de-la-region-20230425\/#primaryimage\",\"url\":\"https:\/\/rsrevista.org\/edicion99\/wp-content\/uploads\/sites\/9\/2023\/04\/Articulo-17-de-tama\u00f1o-grande.jpeg\",\"contentUrl\":\"https:\/\/rsrevista.org\/edicion99\/wp-content\/uploads\/sites\/9\/2023\/04\/Articulo-17-de-tama\u00f1o-grande.jpeg\",\"width\":1280,\"height\":720},{\"@type\":\"BreadcrumbList\",\"@id\":\"https:\/\/rsrevista.org\/edicion99\/inversion-responsable-un-impulso-al-desarrollo-de-la-region-20230425\/#breadcrumb\",\"itemListElement\":[{\"@type\":\"ListItem\",\"position\":1,\"name\":\"Portada\",\"item\":\"https:\/\/rsrevista.org\/edicion99\/\"},{\"@type\":\"ListItem\",\"position\":2,\"name\":\"Inversi\u00f3n Responsable, un impulso al desarrollo de la regi\u00f3n\"}]},{\"@type\":\"WebSite\",\"@id\":\"https:\/\/rsrevista.org\/edicion99\/#website\",\"url\":\"https:\/\/rsrevista.org\/edicion99\/\",\"name\":\"Revista RS Edici\u00f3n 99\",\"description\":\"Responsabilidad social y sostenibilidad\",\"potentialAction\":[{\"@type\":\"SearchAction\",\"target\":{\"@type\":\"EntryPoint\",\"urlTemplate\":\"https:\/\/rsrevista.org\/edicion99\/?s={search_term_string}\"},\"query-input\":{\"@type\":\"PropertyValueSpecification\",\"valueRequired\":true,\"valueName\":\"search_term_string\"}}],\"inLanguage\":\"es\"},{\"@type\":\"Person\",\"@id\":\"https:\/\/rsrevista.org\/edicion99\/#\/schema\/person\/781e0e43b930b28f9267ae9a5dcbe3af\",\"name\":\"Good\",\"image\":{\"@type\":\"ImageObject\",\"inLanguage\":\"es\",\"@id\":\"https:\/\/rsrevista.org\/edicion99\/#\/schema\/person\/image\/\",\"url\":\"https:\/\/secure.gravatar.com\/avatar\/b90085527cfd5e03250a8637fe5c0369?s=96&d=mm&r=g\",\"contentUrl\":\"https:\/\/secure.gravatar.com\/avatar\/b90085527cfd5e03250a8637fe5c0369?s=96&d=mm&r=g\",\"caption\":\"Good\"},\"sameAs\":[\"https:\/\/rsrevista.org\"],\"url\":\"https:\/\/rsrevista.org\/edicion99\/author\/good\/\"}]}<\/script>\n<!-- \/ Yoast SEO plugin. -->","yoast_head_json":{"title":"Inversi\u00f3n Responsable, un impulso al desarrollo de la regi\u00f3n - Revista RS Edici\u00f3n 99","description":"La escala y complejidad del cambio clim\u00e1tico en el mundo lo convierte en un reto particularmente desafiante, especialmente en lo que compete a decisiones econ\u00f3micas relacionadas con las inversiones.","robots":{"index":"index","follow":"follow","max-snippet":"max-snippet:-1","max-image-preview":"max-image-preview:large","max-video-preview":"max-video-preview:-1"},"canonical":"https:\/\/rsrevista.org\/edicion99\/inversion-responsable-un-impulso-al-desarrollo-de-la-region-20230425\/","og_locale":"es_ES","og_type":"article","og_title":"Inversi\u00f3n Responsable, un impulso al desarrollo de la regi\u00f3n - Revista RS Edici\u00f3n 99","og_description":"La escala y complejidad del cambio clim\u00e1tico en el mundo lo convierte en un reto particularmente desafiante, especialmente en lo que compete a decisiones econ\u00f3micas relacionadas con las inversiones.","og_url":"https:\/\/rsrevista.org\/edicion99\/inversion-responsable-un-impulso-al-desarrollo-de-la-region-20230425\/","og_site_name":"Revista RS Edici\u00f3n 99","article_published_time":"2023-04-25T12:56:49+00:00","article_modified_time":"2023-04-25T20:11:22+00:00","og_image":[{"width":1280,"height":720,"url":"https:\/\/rsrevista.org\/edicion99\/wp-content\/uploads\/sites\/9\/2023\/04\/Articulo-17-de-tama\u00f1o-grande.jpeg","type":"image\/jpeg"}],"author":"Good","twitter_card":"summary_large_image","twitter_misc":{"Escrito por":"Good","Tiempo de lectura":"6 minutos"},"schema":{"@context":"https:\/\/schema.org","@graph":[{"@type":"WebPage","@id":"https:\/\/rsrevista.org\/edicion99\/inversion-responsable-un-impulso-al-desarrollo-de-la-region-20230425\/","url":"https:\/\/rsrevista.org\/edicion99\/inversion-responsable-un-impulso-al-desarrollo-de-la-region-20230425\/","name":"Inversi\u00f3n Responsable, un impulso al desarrollo de la regi\u00f3n - Revista RS Edici\u00f3n 99","isPartOf":{"@id":"https:\/\/rsrevista.org\/edicion99\/#website"},"primaryImageOfPage":{"@id":"https:\/\/rsrevista.org\/edicion99\/inversion-responsable-un-impulso-al-desarrollo-de-la-region-20230425\/#primaryimage"},"image":{"@id":"https:\/\/rsrevista.org\/edicion99\/inversion-responsable-un-impulso-al-desarrollo-de-la-region-20230425\/#primaryimage"},"thumbnailUrl":"https:\/\/rsrevista.org\/edicion99\/wp-content\/uploads\/sites\/9\/2023\/04\/Articulo-17-de-tama\u00f1o-grande.jpeg","datePublished":"2023-04-25T12:56:49+00:00","dateModified":"2023-04-25T20:11:22+00:00","author":{"@id":"https:\/\/rsrevista.org\/edicion99\/#\/schema\/person\/781e0e43b930b28f9267ae9a5dcbe3af"},"description":"La escala y complejidad del cambio clim\u00e1tico en el mundo lo convierte en un reto particularmente desafiante, especialmente en lo que compete a decisiones econ\u00f3micas relacionadas con las inversiones.","breadcrumb":{"@id":"https:\/\/rsrevista.org\/edicion99\/inversion-responsable-un-impulso-al-desarrollo-de-la-region-20230425\/#breadcrumb"},"inLanguage":"es","potentialAction":[{"@type":"ReadAction","target":["https:\/\/rsrevista.org\/edicion99\/inversion-responsable-un-impulso-al-desarrollo-de-la-region-20230425\/"]}]},{"@type":"ImageObject","inLanguage":"es","@id":"https:\/\/rsrevista.org\/edicion99\/inversion-responsable-un-impulso-al-desarrollo-de-la-region-20230425\/#primaryimage","url":"https:\/\/rsrevista.org\/edicion99\/wp-content\/uploads\/sites\/9\/2023\/04\/Articulo-17-de-tama\u00f1o-grande.jpeg","contentUrl":"https:\/\/rsrevista.org\/edicion99\/wp-content\/uploads\/sites\/9\/2023\/04\/Articulo-17-de-tama\u00f1o-grande.jpeg","width":1280,"height":720},{"@type":"BreadcrumbList","@id":"https:\/\/rsrevista.org\/edicion99\/inversion-responsable-un-impulso-al-desarrollo-de-la-region-20230425\/#breadcrumb","itemListElement":[{"@type":"ListItem","position":1,"name":"Portada","item":"https:\/\/rsrevista.org\/edicion99\/"},{"@type":"ListItem","position":2,"name":"Inversi\u00f3n Responsable, un impulso al desarrollo de la regi\u00f3n"}]},{"@type":"WebSite","@id":"https:\/\/rsrevista.org\/edicion99\/#website","url":"https:\/\/rsrevista.org\/edicion99\/","name":"Revista RS Edici\u00f3n 99","description":"Responsabilidad social y sostenibilidad","potentialAction":[{"@type":"SearchAction","target":{"@type":"EntryPoint","urlTemplate":"https:\/\/rsrevista.org\/edicion99\/?s={search_term_string}"},"query-input":{"@type":"PropertyValueSpecification","valueRequired":true,"valueName":"search_term_string"}}],"inLanguage":"es"},{"@type":"Person","@id":"https:\/\/rsrevista.org\/edicion99\/#\/schema\/person\/781e0e43b930b28f9267ae9a5dcbe3af","name":"Good","image":{"@type":"ImageObject","inLanguage":"es","@id":"https:\/\/rsrevista.org\/edicion99\/#\/schema\/person\/image\/","url":"https:\/\/secure.gravatar.com\/avatar\/b90085527cfd5e03250a8637fe5c0369?s=96&d=mm&r=g","contentUrl":"https:\/\/secure.gravatar.com\/avatar\/b90085527cfd5e03250a8637fe5c0369?s=96&d=mm&r=g","caption":"Good"},"sameAs":["https:\/\/rsrevista.org"],"url":"https:\/\/rsrevista.org\/edicion99\/author\/good\/"}]}},"_links":{"self":[{"href":"https:\/\/rsrevista.org\/edicion99\/wp-json\/wp\/v2\/posts\/4995"}],"collection":[{"href":"https:\/\/rsrevista.org\/edicion99\/wp-json\/wp\/v2\/posts"}],"about":[{"href":"https:\/\/rsrevista.org\/edicion99\/wp-json\/wp\/v2\/types\/post"}],"author":[{"embeddable":true,"href":"https:\/\/rsrevista.org\/edicion99\/wp-json\/wp\/v2\/users\/1"}],"replies":[{"embeddable":true,"href":"https:\/\/rsrevista.org\/edicion99\/wp-json\/wp\/v2\/comments?post=4995"}],"version-history":[{"count":4,"href":"https:\/\/rsrevista.org\/edicion99\/wp-json\/wp\/v2\/posts\/4995\/revisions"}],"predecessor-version":[{"id":5333,"href":"https:\/\/rsrevista.org\/edicion99\/wp-json\/wp\/v2\/posts\/4995\/revisions\/5333"}],"wp:featuredmedia":[{"embeddable":true,"href":"https:\/\/rsrevista.org\/edicion99\/wp-json\/wp\/v2\/media\/5192"}],"wp:attachment":[{"href":"https:\/\/rsrevista.org\/edicion99\/wp-json\/wp\/v2\/media?parent=4995"}],"wp:term":[{"taxonomy":"category","embeddable":true,"href":"https:\/\/rsrevista.org\/edicion99\/wp-json\/wp\/v2\/categories?post=4995"},{"taxonomy":"post_tag","embeddable":true,"href":"https:\/\/rsrevista.org\/edicion99\/wp-json\/wp\/v2\/tags?post=4995"}],"curies":[{"name":"wp","href":"https:\/\/api.w.org\/{rel}","templated":true}]}}