{"id":4986,"date":"2023-03-27T11:41:39","date_gmt":"2023-03-27T16:41:39","guid":{"rendered":"https:\/\/rsrevista.org\/edicion99\/?p=4986"},"modified":"2023-04-25T14:53:27","modified_gmt":"2023-04-25T19:53:27","slug":"que-tiene-que-ver-la-inversion-responsable-con-la-economia-de-a-pie","status":"publish","type":"post","link":"https:\/\/rsrevista.org\/edicion99\/que-tiene-que-ver-la-inversion-responsable-con-la-economia-de-a-pie-20230327\/","title":{"rendered":"\u00bfQu\u00e9 tiene que ver la inversi\u00f3n responsable con la econom\u00eda de a pie?"},"content":{"rendered":"\n<div class=\"wp-block-columns profile-box is-layout-flex wp-container-core-columns-is-layout-1 wp-block-columns-is-layout-flex\">\n<div class=\"wp-block-column profile-box-left is-layout-flow wp-block-column-is-layout-flow\" style=\"flex-basis:20%\">\n<div style=\"height:44px\" aria-hidden=\"true\" class=\"wp-block-spacer\"><\/div>\n\n\n\n<figure class=\"wp-block-image size-large\"><img loading=\"lazy\" decoding=\"async\" width=\"1000\" height=\"1000\" src=\"https:\/\/rsrevista.org\/edicion99\/wp-content\/uploads\/sites\/9\/2023\/04\/Lina-Montoya-.jpg\" alt=\"\" class=\"wp-image-5200\" srcset=\"https:\/\/rsrevista.org\/edicion99\/wp-content\/uploads\/sites\/9\/2023\/04\/Lina-Montoya-.jpg 1000w, https:\/\/rsrevista.org\/edicion99\/wp-content\/uploads\/sites\/9\/2023\/04\/Lina-Montoya--300x300.jpg 300w, https:\/\/rsrevista.org\/edicion99\/wp-content\/uploads\/sites\/9\/2023\/04\/Lina-Montoya--150x150.jpg 150w, https:\/\/rsrevista.org\/edicion99\/wp-content\/uploads\/sites\/9\/2023\/04\/Lina-Montoya--768x768.jpg 768w, https:\/\/rsrevista.org\/edicion99\/wp-content\/uploads\/sites\/9\/2023\/04\/Lina-Montoya--600x600.jpg 600w\" sizes=\"(max-width: 1000px) 100vw, 1000px\" \/><\/figure>\n\n\n\n<p><\/p>\n<\/div>\n\n\n\n<div class=\"wp-block-column profile-box-right is-layout-flow wp-block-column-is-layout-flow\">\n<h5 class=\"wp-block-heading\"><strong>Por:<\/strong>&nbsp; Lina<strong> <\/strong>Mar\u00eda Montoya, Directora Ejecutiva de Interactuar<\/h5>\n\n\n\n<p>Economista y m\u00e1ster en finanzas de la Universidad EAFIT, Becaria Fulbright y MBA de la Universidad de Maryland. Con m\u00e1s de 17 a\u00f1os de experiencia en el sector financiero en \u00e1reas como Investigaci\u00f3n Econ\u00f3mica, Gesti\u00f3n de Activos, Banca Privada, Responsabilidad Social y Sostenibilidad. Es madre de mellizos y esposa, su prop\u00f3sito es ayudar a transformar la vida de las personas creando nuevas formas de hacer las cosas; manteniendo una mentalidad de aprendizaje y crecimiento y construyendo organizaciones innovadoras, con prop\u00f3sitos trascendentes que puedan crear e impactar positivamente sus entornos.&nbsp;<\/p>\n<\/div>\n<\/div>\n\n\n\n<p class=\"eut-dropcap\">Cuando hablamos de inversi\u00f3n responsable y los grandes retos de la humanidad, como el cambio clim\u00e1tico, la inequidad social, la p\u00e9rdida de biodiversidad, la salud mental, entre otros, nuestra mente nos lleva a pensar sobre los desaf\u00edos y responsabilidades de las grandes organizaciones y multinacionales y el efecto que tienen en el mundo. Con mayor frecuencia vemos c\u00f3mo la discusi\u00f3n de los principales titulares de prensa se inspira, con toda raz\u00f3n, en los retos de los gobiernos y, en especial, del sector financiero, para poner los incentivos o robustecer los controles que impulsen verdaderos cambios, que dirijan los capitales y las inversiones hacia aquellas empresas que tengan buenas pr\u00e1cticas Ambientales, Sociales y de Gobierno Corporativo (ASG) y que, a su vez, desincentiven o sancionen a aquellas industrias que no cumplen con estos criterios, cada vez m\u00e1s conocidos y demandados. Esto nos lleva a pensar en el rol de los individuos como actores indispensables en la toma de decisiones y en nuestros patrones de inversi\u00f3n y consumo para lograr mitigar estos grandes desaf\u00edos.<\/p>\n\n\n\n<p><span style=\"font-weight: 400\">En medio de la escritura de esta reflexi\u00f3n, tuve un espacio de conversaci\u00f3n con un buen amigo quien me inspiraba a entender las bases de las ciencias del comportamiento, como el ser humano y su cerebro es no solo influenciable, sino que prefiere dejar las cosas como est\u00e1n; se orienta al presente (le cuesta pensar en el largo plazo) y como seres humanos estamos en una constante lucha de tomar decisiones con el menor esfuerzo posible. Como dec\u00eda, nuestro cerebro quiere ahorrar energ\u00eda. El aprendizaje que nos traen las ciencias del comportamiento, que unen la psicolog\u00eda, la econom\u00eda, el dise\u00f1o y la tecnolog\u00eda, es que ante la dificultad de cambiar la forma como piensa nuestro cerebro, debemos hackearlo ah\u00ed, en el momento en que toma decisiones.<\/span><\/p>\n\n\n\n<p><b>Y ahora, \u00bfqu\u00e9 tiene que ver el primer p\u00e1rrafo con el segundo?<\/b><\/p>\n\n\n\n<blockquote class=\"wp-block-quote is-layout-flow wp-block-quote-is-layout-flow\"><p><span style=\"font-weight: 400\">Una de las preguntas que me hago con frecuencia es: \u00bfc\u00f3mo abordaremos los grandes retos de la humanidad cuando las decisiones del d\u00eda a d\u00eda -de producci\u00f3n, de consumo, de empleabilidad, de derechos humanos, de equidad- no est\u00e1n \u00fanicamente en las grandes corporaciones y tampoco en las personas o empresas con acceso a grandes capitales, ni mucho menos en aquellas formalizadas donde las regulaciones estatales tienen capacidad de influencia?<\/span><\/p><\/blockquote>\n\n\n\n<p><span style=\"font-weight: 400\">S\u00ed, me refiero a un pa\u00eds como Colombia, donde el 93,1% del tejido empresarial son microempresas, de las cuales el 85% son informales. Seg\u00fan el DANE, hay cerca de 10 millones de trabajadores independientes y microestablecimientos que, en n\u00fameros gruesos, generan 14.9 millones de empleos y movilizan m\u00e1s de $45 billones mensuales.<\/span><\/p>\n\n\n\n<p><span style=\"font-weight: 400\">Claramente, estos microempresarios y empleados independientes se est\u00e1n jugando su futuro, y el nuestro, en decisiones diarias que nos impactan a todos.<\/span><\/p>\n\n\n\n<p><span style=\"font-weight: 400\">\u00bfSer\u00e1 entonces que, entendiendo esta fuerza econ\u00f3mica y social que son las microempresas y c\u00f3mo las personas que las lideran toman sus decisiones en el d\u00eda a d\u00eda para subsistir y permanecer, y haciendo que cada vez sean m\u00e1s responsables y conscientes de ellas, con peque\u00f1os empujones, lograremos grandes transformaciones? \u00bfQu\u00e9 tiene que ver la inversi\u00f3n responsable, las ciencias del comportamiento y la econom\u00eda de a pie?<\/span><\/p>\n\n\n\n<p><span style=\"font-weight: 400\">Veamos un ejemplo de una microempresa antioque\u00f1a y saquen ustedes conclusiones:<\/span><\/p>\n\n\n\n<p><span style=\"font-weight: 400\">Oswal Ram\u00edrez y su esposa Natalia Herr\u00f3n iniciaron como comerciantes en un establecimiento de ventas de productos de estanter\u00edas para almacenaje industrial. All\u00ed se dieron cuenta de las capacidades que ten\u00edan como vendedores, pero al ver que sus empleadores no ten\u00edan disciplina, decidieron independizarse y comenzar su propia empresa. Hoy generan 20 empleos formales. Oportunidad: la microempresa como gran motor de generaci\u00f3n de empleo.<\/span><\/p>\n\n\n\n<p><span style=\"font-weight: 400\">Por casualidad, uno de los primeros trabajadores que lleg\u00f3 a la empresa ten\u00eda una adicci\u00f3n a las drogas y, aunque fue un reto, tambi\u00e9n se convirti\u00f3 en parte de su modelo de negocio. Desde entonces, contratan personal que ha vivido en situaci\u00f3n de calle o est\u00e1 atravesando por una adicci\u00f3n para acompa\u00f1ar su proceso de rehabilitaci\u00f3n desde un oficio productivo. \u00abEstanter\u00edas Medell\u00edn es la empresa de las segundas, las terceras y hasta las cuartas oportunidades\u00bb, como expresa Oswal. Oportunidad: la microempresa como herramienta de contenci\u00f3n a problem\u00e1ticas de inequidad social.<\/span><\/p>\n\n\n\n<p><span style=\"font-weight: 400\">Con conocimientos emp\u00edricos, tanto en t\u00e9cnicas de producci\u00f3n metalmec\u00e1nicas como en procesos administrativos, estos emprendedores se vieron en la necesidad de formarse y, gracias a un cr\u00e9dito con acompa\u00f1amiento empresarial, lograron invertir en la maquinaria que les permite tener una empresa con est\u00e1ndares ambientales de producci\u00f3n. Oportunidad: La microempresa como soluci\u00f3n a problem\u00e1ticas ambientales y de cambio clim\u00e1tico.<\/span><\/p>\n\n\n\n<p><span style=\"font-weight: 400\">Uno de los fines de la inversi\u00f3n responsable es dirigir los recursos financieros y no financieros a proyectos o inversiones que busquen contribuir a las problem\u00e1ticas sociales y ambientales. Ahora, si sabemos el potencial de la microempresa en ser soluci\u00f3n a diversas problem\u00e1ticas del pa\u00eds, \u00bfser\u00e1 interesante darle una mirada a la inversi\u00f3n responsable en las microempresas?<\/span><\/p>\n\n\n\n<p><span style=\"font-weight: 400\">Para convencernos de esta hip\u00f3tesis, seguimos con el reto de aceptar que estos empresarios son un fen\u00f3meno econ\u00f3mico y tambi\u00e9n social, que permiten el desarrollo humano y empresarial al posibilitar la generaci\u00f3n de un ingreso digno para familias y comunidades, la inclusi\u00f3n social y la conciencia ambiental. Adem\u00e1s, son capaces de innovar y ser creativos; sus estructuras livianas hacen que piensen y act\u00faen con agilidad, y su principal atributo es la resiliencia y la determinaci\u00f3n.<\/span><\/p>\n\n\n\n<p><span style=\"font-weight: 400\">Ahora, \u00bfser\u00e1 que tendremos la determinaci\u00f3n como inversionistas responsables y de impacto de apalancar esas empresas de la vida real que, con un capital inteligente, podr\u00e1n seguir generando cambios positivos? \u00bfUn empuj\u00f3n a la vez, como Oswald y Natalia?<\/span><\/p>\n\n\n\n<p><span style=\"font-weight: 400\">Y finalmente, la invitaci\u00f3n es que, como seres humanos que somos y que decidimos todos los d\u00edas casi que en autom\u00e1tico, tomemos una decisi\u00f3n consciente para los micro y peque\u00f1os empresarios. Con seguridad, con una decisi\u00f3n a la vez, cambiaremos la realidad de muchas empresas, de la econom\u00eda y de la humanidad.<\/span><\/p>\n","protected":false},"excerpt":{"rendered":"<p>Por:  Lina Mar\u00eda Montoya, Directora Ejecutiva de Interactuar<\/p>\n","protected":false},"author":1,"featured_media":5201,"comment_status":"open","ping_status":"open","sticky":false,"template":"","format":"standard","meta":{"footnotes":""},"categories":[28],"tags":[],"class_list":["post-4986","post","type-post","status-publish","format-standard","has-post-thumbnail","hentry","category-diversidad"],"yoast_head":"<!-- This site is optimized with the Yoast SEO plugin v23.9 - https:\/\/yoast.com\/wordpress\/plugins\/seo\/ -->\n<title>\u00bfQu\u00e9 tiene que ver la inversi\u00f3n responsable con la econom\u00eda de a pie? - Revista RS Edici\u00f3n 99<\/title>\n<meta name=\"description\" content=\"Por: Lina Mar\u00eda Montoya, Directora Ejecutiva de Interactuar\" \/>\n<meta name=\"robots\" content=\"index, follow, max-snippet:-1, max-image-preview:large, max-video-preview:-1\" \/>\n<link rel=\"canonical\" href=\"https:\/\/rsrevista.org\/edicion99\/que-tiene-que-ver-la-inversion-responsable-con-la-economia-de-a-pie-20230327\/\" \/>\n<meta property=\"og:locale\" content=\"es_ES\" \/>\n<meta property=\"og:type\" content=\"article\" \/>\n<meta property=\"og:title\" content=\"\u00bfQu\u00e9 tiene que ver la inversi\u00f3n responsable con la econom\u00eda de a pie? - Revista RS Edici\u00f3n 99\" \/>\n<meta property=\"og:description\" content=\"Por: Lina Mar\u00eda Montoya, Directora Ejecutiva de Interactuar\" \/>\n<meta property=\"og:url\" content=\"https:\/\/rsrevista.org\/edicion99\/que-tiene-que-ver-la-inversion-responsable-con-la-economia-de-a-pie-20230327\/\" \/>\n<meta property=\"og:site_name\" content=\"Revista RS Edici\u00f3n 99\" \/>\n<meta property=\"article:published_time\" content=\"2023-03-27T16:41:39+00:00\" \/>\n<meta property=\"article:modified_time\" content=\"2023-04-25T19:53:27+00:00\" \/>\n<meta property=\"og:image\" content=\"https:\/\/rsrevista.org\/edicion99\/wp-content\/uploads\/sites\/9\/2023\/03\/Diversidad-1.jpg\" \/>\n\t<meta property=\"og:image:width\" content=\"1920\" \/>\n\t<meta property=\"og:image:height\" content=\"1080\" \/>\n\t<meta property=\"og:image:type\" content=\"image\/jpeg\" \/>\n<meta name=\"author\" content=\"Good\" \/>\n<meta name=\"twitter:card\" content=\"summary_large_image\" \/>\n<meta name=\"twitter:label1\" content=\"Escrito por\" \/>\n\t<meta name=\"twitter:data1\" content=\"Good\" \/>\n\t<meta name=\"twitter:label2\" content=\"Tiempo de lectura\" \/>\n\t<meta name=\"twitter:data2\" content=\"6 minutos\" \/>\n<script type=\"application\/ld+json\" class=\"yoast-schema-graph\">{\"@context\":\"https:\/\/schema.org\",\"@graph\":[{\"@type\":\"WebPage\",\"@id\":\"https:\/\/rsrevista.org\/edicion99\/que-tiene-que-ver-la-inversion-responsable-con-la-economia-de-a-pie-20230327\/\",\"url\":\"https:\/\/rsrevista.org\/edicion99\/que-tiene-que-ver-la-inversion-responsable-con-la-economia-de-a-pie-20230327\/\",\"name\":\"\u00bfQu\u00e9 tiene que ver la inversi\u00f3n responsable con la econom\u00eda de a pie? - Revista RS Edici\u00f3n 99\",\"isPartOf\":{\"@id\":\"https:\/\/rsrevista.org\/edicion99\/#website\"},\"primaryImageOfPage\":{\"@id\":\"https:\/\/rsrevista.org\/edicion99\/que-tiene-que-ver-la-inversion-responsable-con-la-economia-de-a-pie-20230327\/#primaryimage\"},\"image\":{\"@id\":\"https:\/\/rsrevista.org\/edicion99\/que-tiene-que-ver-la-inversion-responsable-con-la-economia-de-a-pie-20230327\/#primaryimage\"},\"thumbnailUrl\":\"https:\/\/rsrevista.org\/edicion99\/wp-content\/uploads\/sites\/9\/2023\/03\/Diversidad-1.jpg\",\"datePublished\":\"2023-03-27T16:41:39+00:00\",\"dateModified\":\"2023-04-25T19:53:27+00:00\",\"author\":{\"@id\":\"https:\/\/rsrevista.org\/edicion99\/#\/schema\/person\/781e0e43b930b28f9267ae9a5dcbe3af\"},\"description\":\"Por: Lina Mar\u00eda Montoya, Directora Ejecutiva de Interactuar\",\"breadcrumb\":{\"@id\":\"https:\/\/rsrevista.org\/edicion99\/que-tiene-que-ver-la-inversion-responsable-con-la-economia-de-a-pie-20230327\/#breadcrumb\"},\"inLanguage\":\"es\",\"potentialAction\":[{\"@type\":\"ReadAction\",\"target\":[\"https:\/\/rsrevista.org\/edicion99\/que-tiene-que-ver-la-inversion-responsable-con-la-economia-de-a-pie-20230327\/\"]}]},{\"@type\":\"ImageObject\",\"inLanguage\":\"es\",\"@id\":\"https:\/\/rsrevista.org\/edicion99\/que-tiene-que-ver-la-inversion-responsable-con-la-economia-de-a-pie-20230327\/#primaryimage\",\"url\":\"https:\/\/rsrevista.org\/edicion99\/wp-content\/uploads\/sites\/9\/2023\/03\/Diversidad-1.jpg\",\"contentUrl\":\"https:\/\/rsrevista.org\/edicion99\/wp-content\/uploads\/sites\/9\/2023\/03\/Diversidad-1.jpg\",\"width\":1920,\"height\":1080},{\"@type\":\"BreadcrumbList\",\"@id\":\"https:\/\/rsrevista.org\/edicion99\/que-tiene-que-ver-la-inversion-responsable-con-la-economia-de-a-pie-20230327\/#breadcrumb\",\"itemListElement\":[{\"@type\":\"ListItem\",\"position\":1,\"name\":\"Portada\",\"item\":\"https:\/\/rsrevista.org\/edicion99\/\"},{\"@type\":\"ListItem\",\"position\":2,\"name\":\"\u00bfQu\u00e9 tiene que ver la inversi\u00f3n responsable con la econom\u00eda de a pie?\"}]},{\"@type\":\"WebSite\",\"@id\":\"https:\/\/rsrevista.org\/edicion99\/#website\",\"url\":\"https:\/\/rsrevista.org\/edicion99\/\",\"name\":\"Revista RS Edici\u00f3n 99\",\"description\":\"Responsabilidad social y sostenibilidad\",\"potentialAction\":[{\"@type\":\"SearchAction\",\"target\":{\"@type\":\"EntryPoint\",\"urlTemplate\":\"https:\/\/rsrevista.org\/edicion99\/?s={search_term_string}\"},\"query-input\":{\"@type\":\"PropertyValueSpecification\",\"valueRequired\":true,\"valueName\":\"search_term_string\"}}],\"inLanguage\":\"es\"},{\"@type\":\"Person\",\"@id\":\"https:\/\/rsrevista.org\/edicion99\/#\/schema\/person\/781e0e43b930b28f9267ae9a5dcbe3af\",\"name\":\"Good\",\"image\":{\"@type\":\"ImageObject\",\"inLanguage\":\"es\",\"@id\":\"https:\/\/rsrevista.org\/edicion99\/#\/schema\/person\/image\/\",\"url\":\"https:\/\/secure.gravatar.com\/avatar\/b90085527cfd5e03250a8637fe5c0369?s=96&d=mm&r=g\",\"contentUrl\":\"https:\/\/secure.gravatar.com\/avatar\/b90085527cfd5e03250a8637fe5c0369?s=96&d=mm&r=g\",\"caption\":\"Good\"},\"sameAs\":[\"https:\/\/rsrevista.org\"],\"url\":\"https:\/\/rsrevista.org\/edicion99\/author\/good\/\"}]}<\/script>\n<!-- \/ Yoast SEO plugin. -->","yoast_head_json":{"title":"\u00bfQu\u00e9 tiene que ver la inversi\u00f3n responsable con la econom\u00eda de a pie? - Revista RS Edici\u00f3n 99","description":"Por: Lina Mar\u00eda Montoya, Directora Ejecutiva de Interactuar","robots":{"index":"index","follow":"follow","max-snippet":"max-snippet:-1","max-image-preview":"max-image-preview:large","max-video-preview":"max-video-preview:-1"},"canonical":"https:\/\/rsrevista.org\/edicion99\/que-tiene-que-ver-la-inversion-responsable-con-la-economia-de-a-pie-20230327\/","og_locale":"es_ES","og_type":"article","og_title":"\u00bfQu\u00e9 tiene que ver la inversi\u00f3n responsable con la econom\u00eda de a pie? - Revista RS Edici\u00f3n 99","og_description":"Por: Lina Mar\u00eda Montoya, Directora Ejecutiva de Interactuar","og_url":"https:\/\/rsrevista.org\/edicion99\/que-tiene-que-ver-la-inversion-responsable-con-la-economia-de-a-pie-20230327\/","og_site_name":"Revista RS Edici\u00f3n 99","article_published_time":"2023-03-27T16:41:39+00:00","article_modified_time":"2023-04-25T19:53:27+00:00","og_image":[{"width":1920,"height":1080,"url":"https:\/\/rsrevista.org\/edicion99\/wp-content\/uploads\/sites\/9\/2023\/03\/Diversidad-1.jpg","type":"image\/jpeg"}],"author":"Good","twitter_card":"summary_large_image","twitter_misc":{"Escrito por":"Good","Tiempo de lectura":"6 minutos"},"schema":{"@context":"https:\/\/schema.org","@graph":[{"@type":"WebPage","@id":"https:\/\/rsrevista.org\/edicion99\/que-tiene-que-ver-la-inversion-responsable-con-la-economia-de-a-pie-20230327\/","url":"https:\/\/rsrevista.org\/edicion99\/que-tiene-que-ver-la-inversion-responsable-con-la-economia-de-a-pie-20230327\/","name":"\u00bfQu\u00e9 tiene que ver la inversi\u00f3n responsable con la econom\u00eda de a pie? - Revista RS Edici\u00f3n 99","isPartOf":{"@id":"https:\/\/rsrevista.org\/edicion99\/#website"},"primaryImageOfPage":{"@id":"https:\/\/rsrevista.org\/edicion99\/que-tiene-que-ver-la-inversion-responsable-con-la-economia-de-a-pie-20230327\/#primaryimage"},"image":{"@id":"https:\/\/rsrevista.org\/edicion99\/que-tiene-que-ver-la-inversion-responsable-con-la-economia-de-a-pie-20230327\/#primaryimage"},"thumbnailUrl":"https:\/\/rsrevista.org\/edicion99\/wp-content\/uploads\/sites\/9\/2023\/03\/Diversidad-1.jpg","datePublished":"2023-03-27T16:41:39+00:00","dateModified":"2023-04-25T19:53:27+00:00","author":{"@id":"https:\/\/rsrevista.org\/edicion99\/#\/schema\/person\/781e0e43b930b28f9267ae9a5dcbe3af"},"description":"Por: Lina Mar\u00eda Montoya, Directora Ejecutiva de Interactuar","breadcrumb":{"@id":"https:\/\/rsrevista.org\/edicion99\/que-tiene-que-ver-la-inversion-responsable-con-la-economia-de-a-pie-20230327\/#breadcrumb"},"inLanguage":"es","potentialAction":[{"@type":"ReadAction","target":["https:\/\/rsrevista.org\/edicion99\/que-tiene-que-ver-la-inversion-responsable-con-la-economia-de-a-pie-20230327\/"]}]},{"@type":"ImageObject","inLanguage":"es","@id":"https:\/\/rsrevista.org\/edicion99\/que-tiene-que-ver-la-inversion-responsable-con-la-economia-de-a-pie-20230327\/#primaryimage","url":"https:\/\/rsrevista.org\/edicion99\/wp-content\/uploads\/sites\/9\/2023\/03\/Diversidad-1.jpg","contentUrl":"https:\/\/rsrevista.org\/edicion99\/wp-content\/uploads\/sites\/9\/2023\/03\/Diversidad-1.jpg","width":1920,"height":1080},{"@type":"BreadcrumbList","@id":"https:\/\/rsrevista.org\/edicion99\/que-tiene-que-ver-la-inversion-responsable-con-la-economia-de-a-pie-20230327\/#breadcrumb","itemListElement":[{"@type":"ListItem","position":1,"name":"Portada","item":"https:\/\/rsrevista.org\/edicion99\/"},{"@type":"ListItem","position":2,"name":"\u00bfQu\u00e9 tiene que ver la inversi\u00f3n responsable con la econom\u00eda de a pie?"}]},{"@type":"WebSite","@id":"https:\/\/rsrevista.org\/edicion99\/#website","url":"https:\/\/rsrevista.org\/edicion99\/","name":"Revista RS Edici\u00f3n 99","description":"Responsabilidad social y sostenibilidad","potentialAction":[{"@type":"SearchAction","target":{"@type":"EntryPoint","urlTemplate":"https:\/\/rsrevista.org\/edicion99\/?s={search_term_string}"},"query-input":{"@type":"PropertyValueSpecification","valueRequired":true,"valueName":"search_term_string"}}],"inLanguage":"es"},{"@type":"Person","@id":"https:\/\/rsrevista.org\/edicion99\/#\/schema\/person\/781e0e43b930b28f9267ae9a5dcbe3af","name":"Good","image":{"@type":"ImageObject","inLanguage":"es","@id":"https:\/\/rsrevista.org\/edicion99\/#\/schema\/person\/image\/","url":"https:\/\/secure.gravatar.com\/avatar\/b90085527cfd5e03250a8637fe5c0369?s=96&d=mm&r=g","contentUrl":"https:\/\/secure.gravatar.com\/avatar\/b90085527cfd5e03250a8637fe5c0369?s=96&d=mm&r=g","caption":"Good"},"sameAs":["https:\/\/rsrevista.org"],"url":"https:\/\/rsrevista.org\/edicion99\/author\/good\/"}]}},"_links":{"self":[{"href":"https:\/\/rsrevista.org\/edicion99\/wp-json\/wp\/v2\/posts\/4986"}],"collection":[{"href":"https:\/\/rsrevista.org\/edicion99\/wp-json\/wp\/v2\/posts"}],"about":[{"href":"https:\/\/rsrevista.org\/edicion99\/wp-json\/wp\/v2\/types\/post"}],"author":[{"embeddable":true,"href":"https:\/\/rsrevista.org\/edicion99\/wp-json\/wp\/v2\/users\/1"}],"replies":[{"embeddable":true,"href":"https:\/\/rsrevista.org\/edicion99\/wp-json\/wp\/v2\/comments?post=4986"}],"version-history":[{"count":3,"href":"https:\/\/rsrevista.org\/edicion99\/wp-json\/wp\/v2\/posts\/4986\/revisions"}],"predecessor-version":[{"id":5301,"href":"https:\/\/rsrevista.org\/edicion99\/wp-json\/wp\/v2\/posts\/4986\/revisions\/5301"}],"wp:featuredmedia":[{"embeddable":true,"href":"https:\/\/rsrevista.org\/edicion99\/wp-json\/wp\/v2\/media\/5201"}],"wp:attachment":[{"href":"https:\/\/rsrevista.org\/edicion99\/wp-json\/wp\/v2\/media?parent=4986"}],"wp:term":[{"taxonomy":"category","embeddable":true,"href":"https:\/\/rsrevista.org\/edicion99\/wp-json\/wp\/v2\/categories?post=4986"},{"taxonomy":"post_tag","embeddable":true,"href":"https:\/\/rsrevista.org\/edicion99\/wp-json\/wp\/v2\/tags?post=4986"}],"curies":[{"name":"wp","href":"https:\/\/api.w.org\/{rel}","templated":true}]}}