{"id":5059,"date":"2022-04-28T07:00:00","date_gmt":"2022-04-28T12:00:00","guid":{"rendered":"https:\/\/rsrevista.org\/edicion97\/?p=5059"},"modified":"2022-04-28T17:12:37","modified_gmt":"2022-04-28T22:12:37","slug":"evolucion-laboral-salud-mental-y-trabajos-hibridos","status":"publish","type":"post","link":"https:\/\/rsrevista.org\/edicion97\/evolucion-laboral-salud-mental-y-trabajos-hibridos-20220428\/","title":{"rendered":"Evoluci\u00f3n laboral, salud mental y trabajos h\u00edbridos"},"content":{"rendered":"\n<div class=\"wp-block-columns profile-box is-layout-flex wp-container-core-columns-is-layout-1 wp-block-columns-is-layout-flex\">\n<div class=\"wp-block-column profile-box-left is-layout-flow wp-block-column-is-layout-flow\" style=\"flex-basis:20%\">\n<div style=\"height:49px\" aria-hidden=\"true\" class=\"wp-block-spacer\"><\/div>\n\n\n\n<figure class=\"wp-block-image size-large\"><img loading=\"lazy\" decoding=\"async\" width=\"962\" height=\"962\" src=\"https:\/\/rsrevista.org\/edicion97\/wp-content\/uploads\/sites\/7\/2022\/04\/8.-Diego-Posada-edit.jpg\" alt=\"\" class=\"wp-image-5334\" srcset=\"https:\/\/rsrevista.org\/edicion97\/wp-content\/uploads\/sites\/7\/2022\/04\/8.-Diego-Posada-edit.jpg 962w, https:\/\/rsrevista.org\/edicion97\/wp-content\/uploads\/sites\/7\/2022\/04\/8.-Diego-Posada-edit-300x300.jpg 300w, https:\/\/rsrevista.org\/edicion97\/wp-content\/uploads\/sites\/7\/2022\/04\/8.-Diego-Posada-edit-150x150.jpg 150w, https:\/\/rsrevista.org\/edicion97\/wp-content\/uploads\/sites\/7\/2022\/04\/8.-Diego-Posada-edit-768x768.jpg 768w, https:\/\/rsrevista.org\/edicion97\/wp-content\/uploads\/sites\/7\/2022\/04\/8.-Diego-Posada-edit-600x600.jpg 600w\" sizes=\"(max-width: 962px) 100vw, 962px\" \/><\/figure>\n\n\n\n<p><\/p>\n<\/div>\n\n\n\n<div class=\"wp-block-column profile-box-right is-layout-flow wp-block-column-is-layout-flow\">\n<h5 class=\"wp-block-heading\"><strong>Por:<\/strong>&nbsp; Diego Posada, Human Resources &amp; HSEQ Corporate Director, Redecol Holding &#8211; Colombia<\/h5>\n\n\n\n<p>Ingeniero Industrial. MBA. Magister en Asesor\u00eda Personal y Familiar y Especialista en Gerencia de la Seguridad y Salud en el Trabajo. Trayectoria de 17 a\u00f1os sirviendo desde el \u00e1rea de Gesti\u00f3n del Talento Humano en compa\u00f1\u00edas de diversos sectores de la econom\u00eda tales como: Miner\u00eda, Oil&amp;Gas, Servicios, Educaci\u00f3n, Salud, IT entre otros. Actualmente lidera cambios y procesos que impactan las diferentes \u00e1reas de la organizaci\u00f3n desde la Gesti\u00f3n del Talento, en el sector de la educaci\u00f3n.<\/p>\n<\/div>\n<\/div>\n\n\n<p><em>\u201cEl 100% de los clientes son personas. El 100% de los empleados son personas. Si no entienden a las personas, no entienden el negocio\u201d. -Simon Sinek.<\/em><\/p>\n<p>A partir de lo que dice Simon Sinek, podemos entender que a medida que el ser humano se enfrenta a diferentes situaciones evoluciona, y de la misma forma lo hacen las empresas. Es as\u00ed como los modelos h\u00edbridos de trabajo -entendidos como aquellos que permiten actividades remotas o a distancia-, han venido emergiendo y estableci\u00e9ndose a gran velocidad en el mundo.<\/p>\n<p>De la misma forma las pr\u00e1cticas laborales se han venido ajustando a esos nuevos conceptos, muestra de esto es la regulaci\u00f3n del Teletrabajo que se realiz\u00f3 en Colombia en el 2008; esta nueva modalidad trajo modificaciones en la forma de trabajar y algunos beneficios esperados como reducci\u00f3n en el tiempo de desplazamiento, optimizaci\u00f3n de espacios, disminuci\u00f3n de costos operativos, entre otros, sin embargo, hubo otros aspectos importantes que fueron afectados por la realidad local, que impidieron un impacto homog\u00e9neo en el pa\u00eds.<\/p>\n<p class=\"eut-dropcap\">Con la llegada de la hist\u00f3rica crisis producida por el COVID-19, se produjeron cambios inesperados e inevitables, como p\u00e9rdidas familiares, laborales, distanciamiento, encierro, crisis matrimoniales, adaptaci\u00f3n y aprendizaje a las nuevas rutinas y necesidades de los diferentes miembros de la familia. Todos estos retos transformaron el funcionamiento social, familiar y personal; las organizaciones no fueron ajenas a estas modificaciones, las cuales han permitido una nueva etapa de re-conocimiento, valoraci\u00f3n y transici\u00f3n. Por ejemplo, en pa\u00edses como E.E.U.U., actualmente se presenta un fen\u00f3meno denominado \u201cthe great resignation\u201d, donde millones de americanos buscando ambientes laborales flexibles que ayuden a equilibrar las necesidades personales con aquellas derivadas del \u00e1rea laboral, han decidido dejar sus empleos tradicionales y aventurarse a encontrar otro tipo de actividades en las que puedan generar ingresos con un posible menor costo emocional y familiar.<\/p>\n<p>Sin duda todos estos cambios han tenido un impacto en la salud mental del ser humano Expertos hallaron un aumento significativo en el \u00edndice reportado de estr\u00e9s postraum\u00e1tico, ansiedad y depresi\u00f3n, en una equivalencia de cinco veces m\u00e1s frecuente comparado con lo el mismo per\u00edodo en el a\u00f1o anterior a la pandemia, seg\u00fan lo que indica la OMS.<\/p>\n<p>Por otro lado, el DANE en su publicaci\u00f3n \u201cObjetivos de Desarrollo Sostenible\u201d comparte algunas conclusiones interesantes con respecto a la salud emocional de los colombianos, que van en l\u00ednea con lo encontrado en otros pa\u00edses, por ejemplo el incremento en el n\u00famero de casos de estr\u00e9s, ansiedad y depresi\u00f3n ocasionado por las medidas restrictivas vividas en la pandemia, como cierre de instituciones educativas, cambios en la movilidad, disminuci\u00f3n del contacto social, sobrecarga de trabajo, incertidumbre, entre otras. Seg\u00fan el estudio para el mes de junio de 2021, el 31,8 % de la poblaci\u00f3n desocupada report\u00f3 haberse sentido solo(a), estresado(a), preocupado(a), o deprimido(a), seguida por la poblaci\u00f3n ocupada con 27,7 %, estas cifras no son muy lejanas, por lo que queda pendiente comprobar la causalidad provocada m\u00e1s por la situaci\u00f3n pand\u00e9mica, que por el estado de ocupaci\u00f3n de las personas.<\/p>\n<p class=\"eut-dropcap\">Esto sin duda invita a las empresas a incluir dentro de sus pr\u00e1cticas laborales acciones de mejora enfocadas en el re-conocimiento del trabajador como un ser integral, lo que significa adicionar indicadores no solo de salud f\u00edsica sino de salud mental, promoviendo desde las compa\u00f1\u00edas el desarrollo personal en el \u00e1rea social, familiar y relacional. Se hace necesario entonces que las \u00e1reas de Talento Humano tengamos an\u00e1lisis demogr\u00e1ficos claros sobre los miembros de cada organizaci\u00f3n, a fin de poder entender las caracter\u00edsticas y necesidades de las personas, m\u00e1s all\u00e1 de temas t\u00e9cnicos o profesionales, para as\u00ed poder realizar una adecuada gesti\u00f3n del talento. Indiscutiblemente a lo largo del tiempo se ha venido gestando una evoluci\u00f3n inevitable en el modelo organizacional, pasando de conceptos mec\u00e1nicos y automatizados a conceptos m\u00e1s personalizados y adaptados a la realidad de cada empresa, a pesar de que la estandarizaci\u00f3n de procesos sigue siendo una buena pr\u00e1ctica laboral, es necesario entender que el contexto mundial, social, familiar, personal y por ende laboral ha cambiado, esta capacidad de ser empresas resilientes, es lo que permitir\u00e1 seguir siendo negocios competitivos en medio del actual entorno fluctuante.<\/p>\n<p>Algunas de las pr\u00e1cticas sostenibles que pueden impactar de manera positiva la gesti\u00f3n organizacional, pueden ser:<\/p>\n<ul>\n<li style=\"font-weight: 400\"><span style=\"font-weight: 400\">Formaci\u00f3n en herramientas tecnol\u00f3gicas.<\/span><\/li>\n<li style=\"font-weight: 400\"><span style=\"font-weight: 400\">Flexibilidad para el desarrollo de trabajo remoto y presencial.<\/span><\/li>\n<li style=\"font-weight: 400\"><span style=\"font-weight: 400\">Promoci\u00f3n de ambientes colaborativos.<\/span><\/li>\n<li style=\"font-weight: 400\"><span style=\"font-weight: 400\">Implementaci\u00f3n de modelos pr\u00e1cticos para la evaluaci\u00f3n de la productividad.<\/span><\/li>\n<li style=\"font-weight: 400\"><span style=\"font-weight: 400\">Adaptaci\u00f3n, seguimiento y control sobre los niveles de riesgo psicosocial.<\/span><\/li>\n<li style=\"font-weight: 400\"><span style=\"font-weight: 400\">Involucramiento de la familia a trav\u00e9s de actividades.<\/span><\/li>\n<li style=\"font-weight: 400\"><span style=\"font-weight: 400\">Apertura de canales de comunicaci\u00f3n y resoluci\u00f3n de inquietudes de parte de las personas.<\/span><\/li>\n<\/ul>\n<p>La sumatoria de adecuados est\u00e1ndares, indicadores y procesos, m\u00e1s la implementaci\u00f3n de pr\u00e1cticas laborales enfocadas en ver la salud mental de los colaboradores como parte esencial de su desempe\u00f1o, va a repercutir no solo en la productividad, sino en la sostenibilidad de los negocios, estamos frente a la necesidad de realizar esquemas de compensaci\u00f3n flexibles, humanizados, adaptados a los cambios que se est\u00e1n presentando, los cuales deben incluir beneficios de tipo econ\u00f3mico, familiar, personal, con el entendimiento de la particularidad, exclusividad y singularidad del ser humano.<\/p>","protected":false},"excerpt":{"rendered":"<p><strong>Por<\/strong>: Diego Posada, Human Resources &amp; HSEQ Corporate Director, Redecol Holding &#8211; Colombia<\/p>\n","protected":false},"author":1,"featured_media":5231,"comment_status":"open","ping_status":"open","sticky":false,"template":"","format":"standard","meta":{"footnotes":""},"categories":[29],"tags":[],"class_list":["post-5059","post","type-post","status-publish","format-standard","has-post-thumbnail","hentry","category-tema-central"],"yoast_head":"<!-- This site is optimized with the Yoast SEO plugin v23.9 - https:\/\/yoast.com\/wordpress\/plugins\/seo\/ -->\n<title>Evoluci\u00f3n laboral, salud mental y trabajos h\u00edbridos - Revista RS Edici\u00f3n 97<\/title>\n<meta name=\"description\" content=\"Un ambiente inclusivo solo puede alcanzarse con una cultura organizacional que promueva el camino hacia la transformaci\u00f3n,\" \/>\n<meta name=\"robots\" content=\"index, follow, max-snippet:-1, max-image-preview:large, max-video-preview:-1\" \/>\n<link rel=\"canonical\" href=\"https:\/\/rsrevista.org\/edicion97\/evolucion-laboral-salud-mental-y-trabajos-hibridos-20220428\/\" \/>\n<meta property=\"og:locale\" content=\"es_ES\" \/>\n<meta property=\"og:type\" content=\"article\" \/>\n<meta property=\"og:title\" content=\"Evoluci\u00f3n laboral, salud mental y trabajos h\u00edbridos - Revista RS Edici\u00f3n 97\" \/>\n<meta property=\"og:description\" content=\"Un ambiente inclusivo solo puede alcanzarse con una cultura organizacional que promueva el camino hacia la transformaci\u00f3n,\" \/>\n<meta property=\"og:url\" content=\"https:\/\/rsrevista.org\/edicion97\/evolucion-laboral-salud-mental-y-trabajos-hibridos-20220428\/\" \/>\n<meta property=\"og:site_name\" content=\"Revista RS Edici\u00f3n 97\" \/>\n<meta property=\"article:published_time\" content=\"2022-04-28T12:00:00+00:00\" \/>\n<meta property=\"article:modified_time\" content=\"2022-04-28T22:12:37+00:00\" \/>\n<meta property=\"og:image\" content=\"https:\/\/rsrevista.org\/edicion97\/wp-content\/uploads\/sites\/7\/2022\/05\/RS-97-08-1.jpg\" \/>\n\t<meta property=\"og:image:width\" content=\"1920\" \/>\n\t<meta property=\"og:image:height\" content=\"1280\" \/>\n\t<meta property=\"og:image:type\" content=\"image\/jpeg\" \/>\n<meta name=\"author\" content=\"Good\" \/>\n<meta name=\"twitter:card\" content=\"summary_large_image\" \/>\n<meta name=\"twitter:label1\" content=\"Escrito por\" \/>\n\t<meta name=\"twitter:data1\" content=\"Good\" \/>\n\t<meta name=\"twitter:label2\" content=\"Tiempo de lectura\" \/>\n\t<meta name=\"twitter:data2\" content=\"5 minutos\" \/>\n<script type=\"application\/ld+json\" class=\"yoast-schema-graph\">{\"@context\":\"https:\/\/schema.org\",\"@graph\":[{\"@type\":\"WebPage\",\"@id\":\"https:\/\/rsrevista.org\/edicion97\/evolucion-laboral-salud-mental-y-trabajos-hibridos-20220428\/\",\"url\":\"https:\/\/rsrevista.org\/edicion97\/evolucion-laboral-salud-mental-y-trabajos-hibridos-20220428\/\",\"name\":\"Evoluci\u00f3n laboral, salud mental y trabajos h\u00edbridos - Revista RS Edici\u00f3n 97\",\"isPartOf\":{\"@id\":\"https:\/\/rsrevista.org\/edicion97\/#website\"},\"primaryImageOfPage\":{\"@id\":\"https:\/\/rsrevista.org\/edicion97\/evolucion-laboral-salud-mental-y-trabajos-hibridos-20220428\/#primaryimage\"},\"image\":{\"@id\":\"https:\/\/rsrevista.org\/edicion97\/evolucion-laboral-salud-mental-y-trabajos-hibridos-20220428\/#primaryimage\"},\"thumbnailUrl\":\"https:\/\/rsrevista.org\/edicion97\/wp-content\/uploads\/sites\/7\/2022\/05\/RS-97-08-1.jpg\",\"datePublished\":\"2022-04-28T12:00:00+00:00\",\"dateModified\":\"2022-04-28T22:12:37+00:00\",\"author\":{\"@id\":\"https:\/\/rsrevista.org\/edicion97\/#\/schema\/person\/781e0e43b930b28f9267ae9a5dcbe3af\"},\"description\":\"Un ambiente inclusivo solo puede alcanzarse con una cultura organizacional que promueva el camino hacia la transformaci\u00f3n,\",\"breadcrumb\":{\"@id\":\"https:\/\/rsrevista.org\/edicion97\/evolucion-laboral-salud-mental-y-trabajos-hibridos-20220428\/#breadcrumb\"},\"inLanguage\":\"es\",\"potentialAction\":[{\"@type\":\"ReadAction\",\"target\":[\"https:\/\/rsrevista.org\/edicion97\/evolucion-laboral-salud-mental-y-trabajos-hibridos-20220428\/\"]}]},{\"@type\":\"ImageObject\",\"inLanguage\":\"es\",\"@id\":\"https:\/\/rsrevista.org\/edicion97\/evolucion-laboral-salud-mental-y-trabajos-hibridos-20220428\/#primaryimage\",\"url\":\"https:\/\/rsrevista.org\/edicion97\/wp-content\/uploads\/sites\/7\/2022\/05\/RS-97-08-1.jpg\",\"contentUrl\":\"https:\/\/rsrevista.org\/edicion97\/wp-content\/uploads\/sites\/7\/2022\/05\/RS-97-08-1.jpg\",\"width\":1920,\"height\":1280},{\"@type\":\"BreadcrumbList\",\"@id\":\"https:\/\/rsrevista.org\/edicion97\/evolucion-laboral-salud-mental-y-trabajos-hibridos-20220428\/#breadcrumb\",\"itemListElement\":[{\"@type\":\"ListItem\",\"position\":1,\"name\":\"Portada\",\"item\":\"https:\/\/rsrevista.org\/edicion97\/\"},{\"@type\":\"ListItem\",\"position\":2,\"name\":\"Evoluci\u00f3n laboral, salud mental y trabajos h\u00edbridos\"}]},{\"@type\":\"WebSite\",\"@id\":\"https:\/\/rsrevista.org\/edicion97\/#website\",\"url\":\"https:\/\/rsrevista.org\/edicion97\/\",\"name\":\"Revista RS Edici\u00f3n 97\",\"description\":\"Responsabilidad social y sostenibilidad\",\"potentialAction\":[{\"@type\":\"SearchAction\",\"target\":{\"@type\":\"EntryPoint\",\"urlTemplate\":\"https:\/\/rsrevista.org\/edicion97\/?s={search_term_string}\"},\"query-input\":{\"@type\":\"PropertyValueSpecification\",\"valueRequired\":true,\"valueName\":\"search_term_string\"}}],\"inLanguage\":\"es\"},{\"@type\":\"Person\",\"@id\":\"https:\/\/rsrevista.org\/edicion97\/#\/schema\/person\/781e0e43b930b28f9267ae9a5dcbe3af\",\"name\":\"Good\",\"image\":{\"@type\":\"ImageObject\",\"inLanguage\":\"es\",\"@id\":\"https:\/\/rsrevista.org\/edicion97\/#\/schema\/person\/image\/\",\"url\":\"https:\/\/secure.gravatar.com\/avatar\/b90085527cfd5e03250a8637fe5c0369?s=96&d=mm&r=g\",\"contentUrl\":\"https:\/\/secure.gravatar.com\/avatar\/b90085527cfd5e03250a8637fe5c0369?s=96&d=mm&r=g\",\"caption\":\"Good\"},\"sameAs\":[\"https:\/\/rsrevista.org\"],\"url\":\"https:\/\/rsrevista.org\/edicion97\/author\/good\/\"}]}<\/script>\n<!-- \/ Yoast SEO plugin. -->","yoast_head_json":{"title":"Evoluci\u00f3n laboral, salud mental y trabajos h\u00edbridos - Revista RS Edici\u00f3n 97","description":"Un ambiente inclusivo solo puede alcanzarse con una cultura organizacional que promueva el camino hacia la transformaci\u00f3n,","robots":{"index":"index","follow":"follow","max-snippet":"max-snippet:-1","max-image-preview":"max-image-preview:large","max-video-preview":"max-video-preview:-1"},"canonical":"https:\/\/rsrevista.org\/edicion97\/evolucion-laboral-salud-mental-y-trabajos-hibridos-20220428\/","og_locale":"es_ES","og_type":"article","og_title":"Evoluci\u00f3n laboral, salud mental y trabajos h\u00edbridos - Revista RS Edici\u00f3n 97","og_description":"Un ambiente inclusivo solo puede alcanzarse con una cultura organizacional que promueva el camino hacia la transformaci\u00f3n,","og_url":"https:\/\/rsrevista.org\/edicion97\/evolucion-laboral-salud-mental-y-trabajos-hibridos-20220428\/","og_site_name":"Revista RS Edici\u00f3n 97","article_published_time":"2022-04-28T12:00:00+00:00","article_modified_time":"2022-04-28T22:12:37+00:00","og_image":[{"width":1920,"height":1280,"url":"https:\/\/rsrevista.org\/edicion97\/wp-content\/uploads\/sites\/7\/2022\/05\/RS-97-08-1.jpg","type":"image\/jpeg"}],"author":"Good","twitter_card":"summary_large_image","twitter_misc":{"Escrito por":"Good","Tiempo de lectura":"5 minutos"},"schema":{"@context":"https:\/\/schema.org","@graph":[{"@type":"WebPage","@id":"https:\/\/rsrevista.org\/edicion97\/evolucion-laboral-salud-mental-y-trabajos-hibridos-20220428\/","url":"https:\/\/rsrevista.org\/edicion97\/evolucion-laboral-salud-mental-y-trabajos-hibridos-20220428\/","name":"Evoluci\u00f3n laboral, salud mental y trabajos h\u00edbridos - Revista RS Edici\u00f3n 97","isPartOf":{"@id":"https:\/\/rsrevista.org\/edicion97\/#website"},"primaryImageOfPage":{"@id":"https:\/\/rsrevista.org\/edicion97\/evolucion-laboral-salud-mental-y-trabajos-hibridos-20220428\/#primaryimage"},"image":{"@id":"https:\/\/rsrevista.org\/edicion97\/evolucion-laboral-salud-mental-y-trabajos-hibridos-20220428\/#primaryimage"},"thumbnailUrl":"https:\/\/rsrevista.org\/edicion97\/wp-content\/uploads\/sites\/7\/2022\/05\/RS-97-08-1.jpg","datePublished":"2022-04-28T12:00:00+00:00","dateModified":"2022-04-28T22:12:37+00:00","author":{"@id":"https:\/\/rsrevista.org\/edicion97\/#\/schema\/person\/781e0e43b930b28f9267ae9a5dcbe3af"},"description":"Un ambiente inclusivo solo puede alcanzarse con una cultura organizacional que promueva el camino hacia la transformaci\u00f3n,","breadcrumb":{"@id":"https:\/\/rsrevista.org\/edicion97\/evolucion-laboral-salud-mental-y-trabajos-hibridos-20220428\/#breadcrumb"},"inLanguage":"es","potentialAction":[{"@type":"ReadAction","target":["https:\/\/rsrevista.org\/edicion97\/evolucion-laboral-salud-mental-y-trabajos-hibridos-20220428\/"]}]},{"@type":"ImageObject","inLanguage":"es","@id":"https:\/\/rsrevista.org\/edicion97\/evolucion-laboral-salud-mental-y-trabajos-hibridos-20220428\/#primaryimage","url":"https:\/\/rsrevista.org\/edicion97\/wp-content\/uploads\/sites\/7\/2022\/05\/RS-97-08-1.jpg","contentUrl":"https:\/\/rsrevista.org\/edicion97\/wp-content\/uploads\/sites\/7\/2022\/05\/RS-97-08-1.jpg","width":1920,"height":1280},{"@type":"BreadcrumbList","@id":"https:\/\/rsrevista.org\/edicion97\/evolucion-laboral-salud-mental-y-trabajos-hibridos-20220428\/#breadcrumb","itemListElement":[{"@type":"ListItem","position":1,"name":"Portada","item":"https:\/\/rsrevista.org\/edicion97\/"},{"@type":"ListItem","position":2,"name":"Evoluci\u00f3n laboral, salud mental y trabajos h\u00edbridos"}]},{"@type":"WebSite","@id":"https:\/\/rsrevista.org\/edicion97\/#website","url":"https:\/\/rsrevista.org\/edicion97\/","name":"Revista RS Edici\u00f3n 97","description":"Responsabilidad social y sostenibilidad","potentialAction":[{"@type":"SearchAction","target":{"@type":"EntryPoint","urlTemplate":"https:\/\/rsrevista.org\/edicion97\/?s={search_term_string}"},"query-input":{"@type":"PropertyValueSpecification","valueRequired":true,"valueName":"search_term_string"}}],"inLanguage":"es"},{"@type":"Person","@id":"https:\/\/rsrevista.org\/edicion97\/#\/schema\/person\/781e0e43b930b28f9267ae9a5dcbe3af","name":"Good","image":{"@type":"ImageObject","inLanguage":"es","@id":"https:\/\/rsrevista.org\/edicion97\/#\/schema\/person\/image\/","url":"https:\/\/secure.gravatar.com\/avatar\/b90085527cfd5e03250a8637fe5c0369?s=96&d=mm&r=g","contentUrl":"https:\/\/secure.gravatar.com\/avatar\/b90085527cfd5e03250a8637fe5c0369?s=96&d=mm&r=g","caption":"Good"},"sameAs":["https:\/\/rsrevista.org"],"url":"https:\/\/rsrevista.org\/edicion97\/author\/good\/"}]}},"_links":{"self":[{"href":"https:\/\/rsrevista.org\/edicion97\/wp-json\/wp\/v2\/posts\/5059"}],"collection":[{"href":"https:\/\/rsrevista.org\/edicion97\/wp-json\/wp\/v2\/posts"}],"about":[{"href":"https:\/\/rsrevista.org\/edicion97\/wp-json\/wp\/v2\/types\/post"}],"author":[{"embeddable":true,"href":"https:\/\/rsrevista.org\/edicion97\/wp-json\/wp\/v2\/users\/1"}],"replies":[{"embeddable":true,"href":"https:\/\/rsrevista.org\/edicion97\/wp-json\/wp\/v2\/comments?post=5059"}],"version-history":[{"count":6,"href":"https:\/\/rsrevista.org\/edicion97\/wp-json\/wp\/v2\/posts\/5059\/revisions"}],"predecessor-version":[{"id":5336,"href":"https:\/\/rsrevista.org\/edicion97\/wp-json\/wp\/v2\/posts\/5059\/revisions\/5336"}],"wp:featuredmedia":[{"embeddable":true,"href":"https:\/\/rsrevista.org\/edicion97\/wp-json\/wp\/v2\/media\/5231"}],"wp:attachment":[{"href":"https:\/\/rsrevista.org\/edicion97\/wp-json\/wp\/v2\/media?parent=5059"}],"wp:term":[{"taxonomy":"category","embeddable":true,"href":"https:\/\/rsrevista.org\/edicion97\/wp-json\/wp\/v2\/categories?post=5059"},{"taxonomy":"post_tag","embeddable":true,"href":"https:\/\/rsrevista.org\/edicion97\/wp-json\/wp\/v2\/tags?post=5059"}],"curies":[{"name":"wp","href":"https:\/\/api.w.org\/{rel}","templated":true}]}}