{"id":4981,"date":"2022-04-28T07:00:00","date_gmt":"2022-04-28T12:00:00","guid":{"rendered":"https:\/\/rsrevista.org\/edicion97\/?p=4981"},"modified":"2022-04-28T16:56:07","modified_gmt":"2022-04-28T21:56:07","slug":"navegando-en-la-nueva-realidad-del-trabajo","status":"publish","type":"post","link":"https:\/\/rsrevista.org\/edicion97\/navegando-en-la-nueva-realidad-del-trabajo-20220428\/","title":{"rendered":"Navegando en la nueva realidad del trabajo"},"content":{"rendered":"\n<div class=\"wp-block-columns profile-box is-layout-flex wp-container-core-columns-is-layout-1 wp-block-columns-is-layout-flex\">\n<div class=\"wp-block-column profile-box-left is-layout-flow wp-block-column-is-layout-flow\" style=\"flex-basis:20%\">\n<div style=\"height:76px\" aria-hidden=\"true\" class=\"wp-block-spacer\"><\/div>\n\n\n\n<figure class=\"wp-block-image size-large\"><img loading=\"lazy\" decoding=\"async\" width=\"962\" height=\"962\" src=\"https:\/\/rsrevista.org\/edicion97\/wp-content\/uploads\/sites\/7\/2022\/04\/1.-Luz-Helena-Plaza-editada.jpg\" alt=\"\" class=\"wp-image-5307\" srcset=\"https:\/\/rsrevista.org\/edicion97\/wp-content\/uploads\/sites\/7\/2022\/04\/1.-Luz-Helena-Plaza-editada.jpg 962w, https:\/\/rsrevista.org\/edicion97\/wp-content\/uploads\/sites\/7\/2022\/04\/1.-Luz-Helena-Plaza-editada-300x300.jpg 300w, https:\/\/rsrevista.org\/edicion97\/wp-content\/uploads\/sites\/7\/2022\/04\/1.-Luz-Helena-Plaza-editada-150x150.jpg 150w, https:\/\/rsrevista.org\/edicion97\/wp-content\/uploads\/sites\/7\/2022\/04\/1.-Luz-Helena-Plaza-editada-768x768.jpg 768w, https:\/\/rsrevista.org\/edicion97\/wp-content\/uploads\/sites\/7\/2022\/04\/1.-Luz-Helena-Plaza-editada-600x600.jpg 600w\" sizes=\"(max-width: 962px) 100vw, 962px\" \/><\/figure>\n\n\n\n<p><\/p>\n<\/div>\n\n\n\n<div class=\"wp-block-column profile-box-right is-layout-flow wp-block-column-is-layout-flow\">\n<h5 class=\"wp-block-heading\"><strong>Por:<\/strong>&nbsp; Luz Helena Plaza Betancourth, Gerente de Talento Humano en ADL Digital Lab &#8211; Colombia<\/h5>\n\n\n\n<p>Gerente Senior de Recursos Humanos con experiencia en Coaching. Cuenta con m\u00e1s de 15 a\u00f1os de experiencia liderando la funci\u00f3n de Personas \/ RR.HH. para empresas de los&nbsp; sectores consumo masivo, financiero, tecnolog\u00eda y telecomunicaciones. Ha liderado procesos de transformaci\u00f3n de las Compa\u00f1\u00edas; apoyando a la direcci\u00f3n general en el desarrollo del equipo gerencial, el dise\u00f1o de la estructura organizacional y la alineaci\u00f3n estrat\u00e9gica; con foco en una cultura basada en valores, liderazgo, gesti\u00f3n del desempe\u00f1o, desarrollo del talento y la innovaci\u00f3n.<\/p>\n<\/div>\n<\/div>\n\n\n<p>Para todas las personas que nos encontramos al frente de las \u00e1reas encargadas de gestionar y desarrollar el talento humano en las organizaciones, es claro que los \u00faltimos 24 meses nos han presentado un sinn\u00famero de nuevos desaf\u00edos que han puesto a prueba nuestro conocimiento y persistencia d\u00eda a d\u00eda. Se han presentado situaciones que no se esperaban tener, pero que aparecieron de una manera acelerada, de tal forma que nos plantearon un verdadero revolc\u00f3n en todos los procesos y focos de gerenciamiento del talento humano durante todo este proceso de transici\u00f3n de la presencialidad pre pandemia hacia nuevos esquemas de trabajo remoto e h\u00edbrido; y, de alguna u otra manera, siendo tradicionales, innovadores o disruptivos, esto nos ha llevado a revisar la estrategia y las prioridades de las \u00e1reas de talento humano.<\/p>\n<p>Como resultado de esto, en el desarrollo de la estrategia de personas <em>end to end<\/em> nos hemos visto involucrados en una adopci\u00f3n acelerada o potencializada de pr\u00e1cticas que son clave en una correcta estrategia de talento humano, tales como:<\/p>\n<ul>\n<li style=\"font-weight: 400\"><span style=\"font-weight: 400\">Establecer el contacto humano con cada persona que lleve a vincular el prop\u00f3sito de los colaboradores con los resultados del negocio.<\/span><\/li>\n<li style=\"font-weight: 400\"><span style=\"font-weight: 400\">Desarrollo de programas de atracci\u00f3n y fidelizaci\u00f3n del talento a una velocidad diferente a la que ten\u00edamos establecida.<\/span><\/li>\n<li style=\"font-weight: 400\"><span style=\"font-weight: 400\">Creaci\u00f3n de nuevas pol\u00edticas y programas de bienestar emocional y salud mental que ayuden a garantizar la continuidad del negocio, tomando como base las personas.<\/span><\/li>\n<li style=\"font-weight: 400\"><span style=\"font-weight: 400\">Establecimiento de pol\u00edticas salariales competitivas y estructuras m\u00e1s horizontales, teniendo una visi\u00f3n clara de la realidad del mercado y entendiendo c\u00f3mo funcionan nuestros colegas en los mismos sectores.<\/span><\/li>\n<li style=\"font-weight: 400\"><span style=\"font-weight: 400\">Definir con determinaci\u00f3n el modelo de cultura empresarial y reconocimiento para elevar el nivel de <\/span><i><span style=\"font-weight: 400\">engagement<\/span><\/i><span style=\"font-weight: 400\"> de cada colaborador, siendo esta cultura un factor diferenciador al momento de elegir un empleador.<\/span><\/li>\n<li style=\"font-weight: 400\"><span style=\"font-weight: 400\">Persuadir a la gerencia o <\/span><em><span style=\"font-weight: 400\">C-Level <\/span><\/em><span style=\"font-weight: 400\">de la importancia de la flexibilizaci\u00f3n y adopci\u00f3n de nuevos modelos de trabajo (h\u00edbrido, remoto, coworking, entre otros), que hoy en d\u00eda, y para adelante, ser\u00e1n el nuevo normal.&nbsp;<\/span><\/li>\n<li style=\"font-weight: 400\"><span style=\"font-weight: 400\">Definir un esquema de captura de informaci\u00f3n del sector y del mercado en general que permita entender cu\u00e1les son los nuevos conocimientos y habilidades (<\/span><em><span style=\"font-weight: 400\">reskilling<\/span><span style=\"font-weight: 400\"> y <\/span><span style=\"font-weight: 400\">upskilling<\/span><\/em><span style=\"font-weight: 400\">) que est\u00e1n tomando la delantera y son determinantes para el \u00e9xito del negocio&nbsp;<\/span><\/li>\n<li style=\"font-weight: 400\"><span style=\"font-weight: 400\">Darle una mayor importancia a mejorar la experiencia del empleado y desarrollo de marca empleadora, debemos tener claro que no somos los \u00fanicos ni los mejores empleadores en todos los casos.<\/span><\/li>\n<li style=\"font-weight: 400\"><span style=\"font-weight: 400\">Adopci\u00f3n de metodolog\u00edas y marcos de trabajo \u00e1giles que permitan a la gerencia apalancar el negocio en el talento estructurado de su gente.<\/span><\/li>\n<li style=\"font-weight: 400\"><span style=\"font-weight: 400\">Desarrollo de ecosistemas y redes de trabajo colaborativas.<\/span><\/li>\n<\/ul>\n<p>Por otro lado, enfrentamos uno de los desaf\u00edos m\u00e1s importantes en un mundo h\u00edper conectado y es la alta demanda por parte de nuestros colaboradores de un mayor bienestar y un mejor balance vida\/trabajo como su mayor prioridad; por esto se debe dar una especial importancia a la definici\u00f3n de nuevos modelos de trabajo flexibles y al desarrollo de nuevas pr\u00e1cticas y pol\u00edticas de bienestar y salud mental, basados en tecnolog\u00eda, que permitan a las organizaciones y \u00e1reas de talento humano dise\u00f1ar modelos que vigilen y cuiden de los colaboradores, a trav\u00e9s de m\u00e9todos e indicadores enfocados a detectar, prevenir y evitar altos \u00edndices de deserci\u00f3n por estr\u00e9s, ansiedad y depresi\u00f3n. Enfermedades en su mayor\u00eda vinculadas en gran parte a la falta de desconexi\u00f3n digital, situaci\u00f3n que hoy enfrentamos con m\u00e1s frecuencia desde la gerencia del talento.<\/p>\n<blockquote>\n<p>Enfrentamos uno de los desaf\u00edos m\u00e1s importantes en un mundo h\u00edper conectado y es la alta demanda por parte de nuestros colaboradores de un mayor bienestar y un mejor balance vida\/trabajo como su mayor prioridad; por esto se debe dar una especial importancia a la definici\u00f3n de nuevos modelos de trabajo flexibles y al desarrollo de nuevas pr\u00e1cticas y pol\u00edticas de bienestar y salud mental.<\/p>\n<\/blockquote>\n<p class=\"eut-dropcap\">Con seguridad muchos estamos familiarizados con este tipo de conversaciones en torno al balance entre el trabajo y la vida personal, as\u00ed mismo habremos tenido algunas discusiones acerca del s\u00edndrome <em>burnout<\/em> de o fatiga cr\u00f3nica, por lo cual es muy probable que estemos con frecuencia involucrados en discusiones encaminadas a definir cu\u00e1l es la mejor estrategia o herramienta para gestionar estas variables de manera sana y equilibrada dentro de la cultura organizacional. Por esta raz\u00f3n, este s\u00edndrome en la actualidad debe ocupar un lugar especial en las prioridades estrat\u00e9gicas de la gerencia que hoy cuenta con diversas tecnolog\u00edas, metodolog\u00edas y casos de \u00e9xito que presentan la manera de garantizar la salud mental y f\u00edsica a trav\u00e9s de los diferentes desaf\u00edos del negocio, sin perder de vista la importancia de gestionar el cambio y adaptarnos a los nuevos entornos y formas de trabajo garantizando los \u00edndices de productividad.<\/p>\n<p>No obstante, es importante que no perdamos de vista y capitalicemos el valor de los aprendizajes ganados en t\u00e9rminos de logros y fracasos durante la etapa de transici\u00f3n que hemos vivido; recordemos que no por correr m\u00e1s lo haremos mejor. El desaf\u00edo ha sido y contin\u00faa siendo por ahora c\u00f3mo implementar, mantener e integrar los modelos flexibles de trabajo al bienestar laboral y la salud mental de la organizaci\u00f3n y para lograrlo es clave abrazar el cambio sin miedo escuchar m\u00e1s a los colaboradores, retroalimentarnos de sus experiencias y percepciones, construir soluciones conjuntas e involucrarlos en la estrategia y los resultados del negocio.<\/p>\n<p>Es necesario evolucionar de soluciones modelo a soluciones a la medida de las necesidades de nuestra realidad y contexto, dise\u00f1adas para garantizar la generaci\u00f3n de valor al negocio y a la vez garantizar la adaptabilidad al cambio y un liderazgo incluyente y diverso en el marco de cada cultura organizacional.<\/p>\n<p>Es determinante tener presente que no hay un modelo \u00fanico y perfecto y es totalmente relevante lograr conectar el prop\u00f3sito de las personas con el prop\u00f3sito de la organizaci\u00f3n, puesto que es definitivo afianzar y desarrollar relaciones duraderas y de confianza que nos ayudan a lograr metas, objetivos y construir sue\u00f1os en conjunto.<\/p>\n<p class=\"eut-dropcap\">As\u00ed mismo, desde la estrategia de personas, se hace urgente el invertir todas las capacidades en generar bienestar emocional y para esto debemos partir de tomar conciencia y ense\u00f1ar a los colaboradores, l\u00edderes y a las mismas \u00e1reas de talento humano sobre las competencias que tienen que ver con la gesti\u00f3n de la incertidumbre, el autoconocimiento, la relaci\u00f3n de v\u00ednculos afectivos y la celebraci\u00f3n de la diversidad e inclusi\u00f3n; no es viable aferrarnos a una sola visi\u00f3n de la estrategia de personas y es cada vez m\u00e1s urgente potenciar nuestro valor como l\u00edderes, ayudando a explorar y descubrir nuevas formas de conectar a la organizaci\u00f3n y colaboradores con un mismo prop\u00f3sito.<\/p>\n<p>Esta es quiz\u00e1s la mejor y m\u00e1s productiva forma de generar bienestar, salud mental y balance. David Perkins mencion\u00f3 en alguna ocasi\u00f3n que \u00ablas cosas en la vida no suceden con deseo, suceden con inversiones\u201d, esto es una realidad y un llamado para que nuestra prioridad sea invertir con acciones concretas en el capital humano, en las personas y desde nuestra responsabilidad como l\u00edderes construyamos con los colaboradores relaciones duraderas y de confianza que a largo plazo nos ayudar\u00e1n a incrementar la innovaci\u00f3n, productividad e inspirar el cambio en un entorno altamente globalizado y competitivo.<\/p>","protected":false},"excerpt":{"rendered":"<p><strong>Por<\/strong> Luz Helena Plaza Betancourth, Gerente de Talento Humano en ADL Digital Lab &#8211; Colombia<\/p>\n","protected":false},"author":1,"featured_media":5220,"comment_status":"open","ping_status":"open","sticky":false,"template":"","format":"standard","meta":{"footnotes":""},"categories":[29],"tags":[],"class_list":["post-4981","post","type-post","status-publish","format-standard","has-post-thumbnail","hentry","category-tema-central"],"yoast_head":"<!-- This site is optimized with the Yoast SEO plugin v23.9 - https:\/\/yoast.com\/wordpress\/plugins\/seo\/ -->\n<title>Navegando en la nueva realidad del trabajo - Revista RS Edici\u00f3n 97<\/title>\n<meta name=\"description\" content=\"Un ambiente inclusivo solo puede alcanzarse con una cultura organizacional que promueva el camino hacia la transformaci\u00f3n,\" \/>\n<meta name=\"robots\" content=\"index, follow, max-snippet:-1, max-image-preview:large, max-video-preview:-1\" \/>\n<link rel=\"canonical\" href=\"https:\/\/rsrevista.org\/edicion97\/navegando-en-la-nueva-realidad-del-trabajo-20220428\/\" \/>\n<meta property=\"og:locale\" content=\"es_ES\" \/>\n<meta property=\"og:type\" content=\"article\" \/>\n<meta property=\"og:title\" content=\"Navegando en la nueva realidad del trabajo - Revista RS Edici\u00f3n 97\" \/>\n<meta property=\"og:description\" content=\"Un ambiente inclusivo solo puede alcanzarse con una cultura organizacional que promueva el camino hacia la transformaci\u00f3n,\" \/>\n<meta property=\"og:url\" content=\"https:\/\/rsrevista.org\/edicion97\/navegando-en-la-nueva-realidad-del-trabajo-20220428\/\" \/>\n<meta property=\"og:site_name\" content=\"Revista RS Edici\u00f3n 97\" \/>\n<meta property=\"article:published_time\" content=\"2022-04-28T12:00:00+00:00\" \/>\n<meta property=\"article:modified_time\" content=\"2022-04-28T21:56:07+00:00\" \/>\n<meta property=\"og:image\" content=\"https:\/\/rsrevista.org\/edicion97\/wp-content\/uploads\/sites\/7\/2022\/05\/RS-97-01-1.jpg\" \/>\n\t<meta property=\"og:image:width\" content=\"1920\" \/>\n\t<meta property=\"og:image:height\" content=\"1280\" \/>\n\t<meta property=\"og:image:type\" content=\"image\/jpeg\" \/>\n<meta name=\"author\" content=\"Good\" \/>\n<meta name=\"twitter:card\" content=\"summary_large_image\" \/>\n<meta name=\"twitter:label1\" content=\"Escrito por\" \/>\n\t<meta name=\"twitter:data1\" content=\"Good\" \/>\n\t<meta name=\"twitter:label2\" content=\"Tiempo de lectura\" \/>\n\t<meta name=\"twitter:data2\" content=\"7 minutos\" \/>\n<script type=\"application\/ld+json\" class=\"yoast-schema-graph\">{\"@context\":\"https:\/\/schema.org\",\"@graph\":[{\"@type\":\"WebPage\",\"@id\":\"https:\/\/rsrevista.org\/edicion97\/navegando-en-la-nueva-realidad-del-trabajo-20220428\/\",\"url\":\"https:\/\/rsrevista.org\/edicion97\/navegando-en-la-nueva-realidad-del-trabajo-20220428\/\",\"name\":\"Navegando en la nueva realidad del trabajo - Revista RS Edici\u00f3n 97\",\"isPartOf\":{\"@id\":\"https:\/\/rsrevista.org\/edicion97\/#website\"},\"primaryImageOfPage\":{\"@id\":\"https:\/\/rsrevista.org\/edicion97\/navegando-en-la-nueva-realidad-del-trabajo-20220428\/#primaryimage\"},\"image\":{\"@id\":\"https:\/\/rsrevista.org\/edicion97\/navegando-en-la-nueva-realidad-del-trabajo-20220428\/#primaryimage\"},\"thumbnailUrl\":\"https:\/\/rsrevista.org\/edicion97\/wp-content\/uploads\/sites\/7\/2022\/05\/RS-97-01-1.jpg\",\"datePublished\":\"2022-04-28T12:00:00+00:00\",\"dateModified\":\"2022-04-28T21:56:07+00:00\",\"author\":{\"@id\":\"https:\/\/rsrevista.org\/edicion97\/#\/schema\/person\/781e0e43b930b28f9267ae9a5dcbe3af\"},\"description\":\"Un ambiente inclusivo solo puede alcanzarse con una cultura organizacional que promueva el camino hacia la transformaci\u00f3n,\",\"breadcrumb\":{\"@id\":\"https:\/\/rsrevista.org\/edicion97\/navegando-en-la-nueva-realidad-del-trabajo-20220428\/#breadcrumb\"},\"inLanguage\":\"es\",\"potentialAction\":[{\"@type\":\"ReadAction\",\"target\":[\"https:\/\/rsrevista.org\/edicion97\/navegando-en-la-nueva-realidad-del-trabajo-20220428\/\"]}]},{\"@type\":\"ImageObject\",\"inLanguage\":\"es\",\"@id\":\"https:\/\/rsrevista.org\/edicion97\/navegando-en-la-nueva-realidad-del-trabajo-20220428\/#primaryimage\",\"url\":\"https:\/\/rsrevista.org\/edicion97\/wp-content\/uploads\/sites\/7\/2022\/05\/RS-97-01-1.jpg\",\"contentUrl\":\"https:\/\/rsrevista.org\/edicion97\/wp-content\/uploads\/sites\/7\/2022\/05\/RS-97-01-1.jpg\",\"width\":1920,\"height\":1280},{\"@type\":\"BreadcrumbList\",\"@id\":\"https:\/\/rsrevista.org\/edicion97\/navegando-en-la-nueva-realidad-del-trabajo-20220428\/#breadcrumb\",\"itemListElement\":[{\"@type\":\"ListItem\",\"position\":1,\"name\":\"Portada\",\"item\":\"https:\/\/rsrevista.org\/edicion97\/\"},{\"@type\":\"ListItem\",\"position\":2,\"name\":\"Navegando en la nueva realidad del trabajo\"}]},{\"@type\":\"WebSite\",\"@id\":\"https:\/\/rsrevista.org\/edicion97\/#website\",\"url\":\"https:\/\/rsrevista.org\/edicion97\/\",\"name\":\"Revista RS Edici\u00f3n 97\",\"description\":\"Responsabilidad social y sostenibilidad\",\"potentialAction\":[{\"@type\":\"SearchAction\",\"target\":{\"@type\":\"EntryPoint\",\"urlTemplate\":\"https:\/\/rsrevista.org\/edicion97\/?s={search_term_string}\"},\"query-input\":{\"@type\":\"PropertyValueSpecification\",\"valueRequired\":true,\"valueName\":\"search_term_string\"}}],\"inLanguage\":\"es\"},{\"@type\":\"Person\",\"@id\":\"https:\/\/rsrevista.org\/edicion97\/#\/schema\/person\/781e0e43b930b28f9267ae9a5dcbe3af\",\"name\":\"Good\",\"image\":{\"@type\":\"ImageObject\",\"inLanguage\":\"es\",\"@id\":\"https:\/\/rsrevista.org\/edicion97\/#\/schema\/person\/image\/\",\"url\":\"https:\/\/secure.gravatar.com\/avatar\/b90085527cfd5e03250a8637fe5c0369?s=96&d=mm&r=g\",\"contentUrl\":\"https:\/\/secure.gravatar.com\/avatar\/b90085527cfd5e03250a8637fe5c0369?s=96&d=mm&r=g\",\"caption\":\"Good\"},\"sameAs\":[\"https:\/\/rsrevista.org\"],\"url\":\"https:\/\/rsrevista.org\/edicion97\/author\/good\/\"}]}<\/script>\n<!-- \/ Yoast SEO plugin. -->","yoast_head_json":{"title":"Navegando en la nueva realidad del trabajo - Revista RS Edici\u00f3n 97","description":"Un ambiente inclusivo solo puede alcanzarse con una cultura organizacional que promueva el camino hacia la transformaci\u00f3n,","robots":{"index":"index","follow":"follow","max-snippet":"max-snippet:-1","max-image-preview":"max-image-preview:large","max-video-preview":"max-video-preview:-1"},"canonical":"https:\/\/rsrevista.org\/edicion97\/navegando-en-la-nueva-realidad-del-trabajo-20220428\/","og_locale":"es_ES","og_type":"article","og_title":"Navegando en la nueva realidad del trabajo - Revista RS Edici\u00f3n 97","og_description":"Un ambiente inclusivo solo puede alcanzarse con una cultura organizacional que promueva el camino hacia la transformaci\u00f3n,","og_url":"https:\/\/rsrevista.org\/edicion97\/navegando-en-la-nueva-realidad-del-trabajo-20220428\/","og_site_name":"Revista RS Edici\u00f3n 97","article_published_time":"2022-04-28T12:00:00+00:00","article_modified_time":"2022-04-28T21:56:07+00:00","og_image":[{"width":1920,"height":1280,"url":"https:\/\/rsrevista.org\/edicion97\/wp-content\/uploads\/sites\/7\/2022\/05\/RS-97-01-1.jpg","type":"image\/jpeg"}],"author":"Good","twitter_card":"summary_large_image","twitter_misc":{"Escrito por":"Good","Tiempo de lectura":"7 minutos"},"schema":{"@context":"https:\/\/schema.org","@graph":[{"@type":"WebPage","@id":"https:\/\/rsrevista.org\/edicion97\/navegando-en-la-nueva-realidad-del-trabajo-20220428\/","url":"https:\/\/rsrevista.org\/edicion97\/navegando-en-la-nueva-realidad-del-trabajo-20220428\/","name":"Navegando en la nueva realidad del trabajo - Revista RS Edici\u00f3n 97","isPartOf":{"@id":"https:\/\/rsrevista.org\/edicion97\/#website"},"primaryImageOfPage":{"@id":"https:\/\/rsrevista.org\/edicion97\/navegando-en-la-nueva-realidad-del-trabajo-20220428\/#primaryimage"},"image":{"@id":"https:\/\/rsrevista.org\/edicion97\/navegando-en-la-nueva-realidad-del-trabajo-20220428\/#primaryimage"},"thumbnailUrl":"https:\/\/rsrevista.org\/edicion97\/wp-content\/uploads\/sites\/7\/2022\/05\/RS-97-01-1.jpg","datePublished":"2022-04-28T12:00:00+00:00","dateModified":"2022-04-28T21:56:07+00:00","author":{"@id":"https:\/\/rsrevista.org\/edicion97\/#\/schema\/person\/781e0e43b930b28f9267ae9a5dcbe3af"},"description":"Un ambiente inclusivo solo puede alcanzarse con una cultura organizacional que promueva el camino hacia la transformaci\u00f3n,","breadcrumb":{"@id":"https:\/\/rsrevista.org\/edicion97\/navegando-en-la-nueva-realidad-del-trabajo-20220428\/#breadcrumb"},"inLanguage":"es","potentialAction":[{"@type":"ReadAction","target":["https:\/\/rsrevista.org\/edicion97\/navegando-en-la-nueva-realidad-del-trabajo-20220428\/"]}]},{"@type":"ImageObject","inLanguage":"es","@id":"https:\/\/rsrevista.org\/edicion97\/navegando-en-la-nueva-realidad-del-trabajo-20220428\/#primaryimage","url":"https:\/\/rsrevista.org\/edicion97\/wp-content\/uploads\/sites\/7\/2022\/05\/RS-97-01-1.jpg","contentUrl":"https:\/\/rsrevista.org\/edicion97\/wp-content\/uploads\/sites\/7\/2022\/05\/RS-97-01-1.jpg","width":1920,"height":1280},{"@type":"BreadcrumbList","@id":"https:\/\/rsrevista.org\/edicion97\/navegando-en-la-nueva-realidad-del-trabajo-20220428\/#breadcrumb","itemListElement":[{"@type":"ListItem","position":1,"name":"Portada","item":"https:\/\/rsrevista.org\/edicion97\/"},{"@type":"ListItem","position":2,"name":"Navegando en la nueva realidad del trabajo"}]},{"@type":"WebSite","@id":"https:\/\/rsrevista.org\/edicion97\/#website","url":"https:\/\/rsrevista.org\/edicion97\/","name":"Revista RS Edici\u00f3n 97","description":"Responsabilidad social y sostenibilidad","potentialAction":[{"@type":"SearchAction","target":{"@type":"EntryPoint","urlTemplate":"https:\/\/rsrevista.org\/edicion97\/?s={search_term_string}"},"query-input":{"@type":"PropertyValueSpecification","valueRequired":true,"valueName":"search_term_string"}}],"inLanguage":"es"},{"@type":"Person","@id":"https:\/\/rsrevista.org\/edicion97\/#\/schema\/person\/781e0e43b930b28f9267ae9a5dcbe3af","name":"Good","image":{"@type":"ImageObject","inLanguage":"es","@id":"https:\/\/rsrevista.org\/edicion97\/#\/schema\/person\/image\/","url":"https:\/\/secure.gravatar.com\/avatar\/b90085527cfd5e03250a8637fe5c0369?s=96&d=mm&r=g","contentUrl":"https:\/\/secure.gravatar.com\/avatar\/b90085527cfd5e03250a8637fe5c0369?s=96&d=mm&r=g","caption":"Good"},"sameAs":["https:\/\/rsrevista.org"],"url":"https:\/\/rsrevista.org\/edicion97\/author\/good\/"}]}},"_links":{"self":[{"href":"https:\/\/rsrevista.org\/edicion97\/wp-json\/wp\/v2\/posts\/4981"}],"collection":[{"href":"https:\/\/rsrevista.org\/edicion97\/wp-json\/wp\/v2\/posts"}],"about":[{"href":"https:\/\/rsrevista.org\/edicion97\/wp-json\/wp\/v2\/types\/post"}],"author":[{"embeddable":true,"href":"https:\/\/rsrevista.org\/edicion97\/wp-json\/wp\/v2\/users\/1"}],"replies":[{"embeddable":true,"href":"https:\/\/rsrevista.org\/edicion97\/wp-json\/wp\/v2\/comments?post=4981"}],"version-history":[{"count":7,"href":"https:\/\/rsrevista.org\/edicion97\/wp-json\/wp\/v2\/posts\/4981\/revisions"}],"predecessor-version":[{"id":5309,"href":"https:\/\/rsrevista.org\/edicion97\/wp-json\/wp\/v2\/posts\/4981\/revisions\/5309"}],"wp:featuredmedia":[{"embeddable":true,"href":"https:\/\/rsrevista.org\/edicion97\/wp-json\/wp\/v2\/media\/5220"}],"wp:attachment":[{"href":"https:\/\/rsrevista.org\/edicion97\/wp-json\/wp\/v2\/media?parent=4981"}],"wp:term":[{"taxonomy":"category","embeddable":true,"href":"https:\/\/rsrevista.org\/edicion97\/wp-json\/wp\/v2\/categories?post=4981"},{"taxonomy":"post_tag","embeddable":true,"href":"https:\/\/rsrevista.org\/edicion97\/wp-json\/wp\/v2\/tags?post=4981"}],"curies":[{"name":"wp","href":"https:\/\/api.w.org\/{rel}","templated":true}]}}