{"id":4739,"date":"2021-11-07T22:32:37","date_gmt":"2021-11-08T03:32:37","guid":{"rendered":"https:\/\/rsrevista.org\/edicion96\/?p=4739"},"modified":"2021-11-09T16:44:13","modified_gmt":"2021-11-09T21:44:13","slug":"avanzando-hacia-la-consolidacion-de-la-inversion-responsable-en-latam","status":"publish","type":"post","link":"https:\/\/rsrevista.org\/edicion96\/avanzando-hacia-la-consolidacion-de-la-inversion-responsable-en-latam-20211107\/","title":{"rendered":"Avanzando hacia la consolidaci\u00f3n de la inversi\u00f3n responsable en LatAm"},"content":{"rendered":"\n<div class=\"wp-block-group\"><div class=\"wp-block-group__inner-container is-layout-flow wp-block-group-is-layout-flow\">\n<div class=\"wp-block-group profile-box\"><div class=\"wp-block-group__inner-container is-layout-flow wp-block-group-is-layout-flow\">\n<h5 class=\"wp-block-heading\"><strong>Por: <\/strong>Eduardo Atehortua, Director para Am\u00e9rica Latina de PRI (ex-Brazil)<\/h5>\n\n\n\n<p>Economista y Especialista en Geopol\u00edtica de la Universidad EAFIT, M\u00e1ster en Desarrollo Sostenible y Responsabilidad Corporativa de la Escuela de Organizaci\u00f3n Industrial, EOI. Fue Gerente de Sostenibilidad de Deloitte Colombia, lider\u00f3 la creaci\u00f3n de la Red de Profesionales de Sostenibilidad en Antioquia. Actualmente es Director para Am\u00e9rica Latina de PRI (ex-Brazil).<\/p>\n<\/div><\/div>\n<\/div><\/div>\n\n\n<p>\u00a0<\/p>\n<p>Desde 2018 PRI viene trabajando en su misi\u00f3n de <strong>contribuir a la expansi\u00f3n de la inversi\u00f3n responsable en Am\u00e9rica Latina hispanohablante<\/strong>, 3 a\u00f1os despu\u00e9s de iniciar dicho proceso, estamos viendo cada vez m\u00e1s cerca la posibilidad de entra en una fase de consolidaci\u00f3n de esta pr\u00e1ctica en al menos 4 mercados: M\u00e9xico, Colombia, Chile y Per\u00fa. A continuaci\u00f3n comparto 3 razones por las cuales consideramos que al 2024 deber\u00edamos observar una consolidaci\u00f3n de la inversi\u00f3n responsable en esos 4 pa\u00edses:<\/p>\n<h6>Crecimientos signatarios<\/h6>\n<p>El crecimiento acelerado de signatarios en la regi\u00f3n, a octubre del 2021 la regi\u00f3n cuenta con 200 signatarios (91 en LatAm \u2013 Ex Brasil) y el 85% de ellos basados en M\u00e9xico, Colombia, Chile y Per\u00fa. Desde PRI nuestro principal objetivo es que estos signatarios avancen en implementar mejores pr\u00e1cticas de inversi\u00f3n responsable, por lo que el crecimiento de signatarios realmente es una oportunidad para transformar el rol del inversionista en la regi\u00f3n en la promoci\u00f3n del desarrollo sostenible.<\/p>\n<h6>Regulaci\u00f3n<\/h6>\n<ul>\n<li>En Chile la Superintendencia de Pensiones ya pide la inclusi\u00f3n de factores ASG y riesgo clim\u00e1tico en las decisiones de inversi\u00f3n de las AFP<\/li>\n<li>En M\u00e9xico la Consar exigir\u00e1 a los fondos de pensiones incorporen ASG en las decisiones de inversi\u00f3n a partir del 2022.<\/li>\n<li>En Colombia la Superintendencia Financiera lanz\u00f3 la circular 007 que modifica el r\u00e9gimen de inversiones para las AFP, aseguradoras y sociedades de capitalizaci\u00f3n incorporando criterios ASG y de riesgo clim\u00e1tico<\/li>\n<\/ul>\n<h6>Necesidad de abordar retos ambientales y sociales<\/h6>\n<p>Desde mayo del 2020, hemos observado como el Covid 19 les ha dado una mayor relevancia a los temas Ambientales, Sociales y de Gobierno Corporativo (ASG). Cada vez m\u00e1s inversionistas en la regi\u00f3n se est\u00e1n comprometiendo a fortalecer sus pr\u00e1cticas de inversi\u00f3n responsable como consecuencia de esta nueva coyuntura.<\/p>\n<p>Desde PRI trabajaremos para garantizar que este proceso de consolidaci\u00f3n sea una realidad y para esto nos apalancaremos en nuestra nueva estrategia al 2024 la cual fue construida considerando que nos enfrentamos a crisis interrelacionadas: la pandemia de COVID-19, los desaf\u00edos ambientales y la profundizaci\u00f3n de las desigualdades sociales. Por lo que est\u00e1 estrategia es clave para abordar estos retos.<\/p>\n<p>El tema principal de nuestra nueva estrategia es <strong>&#8216;construir un puente entre el riesgo financiero, las oportunidades y los resultados del mundo real&#8217;<\/strong>. Las situaciones complejas que estamos viviendo en la regi\u00f3n, con evidentes fracturas sociales y grandes retos ambientales nos debe motivar a trabajar para que la inversi\u00f3n responsable trascienda la incorporaci\u00f3n de factores ASG y nos enfoquemos en generar un impacto positivo en nuestra regi\u00f3n.<\/p>\n\n","protected":false},"excerpt":{"rendered":"<p><strong>Por<\/strong>: Por: Eduardo Atehortua, Director para Am\u00e9rica Latina de PRI (ex-Brazil)<\/p>\n","protected":false},"author":1,"featured_media":4784,"comment_status":"open","ping_status":"open","sticky":false,"template":"","format":"standard","meta":{"footnotes":""},"categories":[26],"tags":[],"class_list":["post-4739","post","type-post","status-publish","format-standard","has-post-thumbnail","hentry","category-informacion-institucional"],"yoast_head":"<!-- This site is optimized with the Yoast SEO plugin v23.9 - https:\/\/yoast.com\/wordpress\/plugins\/seo\/ -->\n<title>Avanzando hacia la consolidaci\u00f3n de la inversi\u00f3n responsable en LatAm - Revista RS Edici\u00f3n 96<\/title>\n<meta name=\"robots\" content=\"index, follow, max-snippet:-1, max-image-preview:large, max-video-preview:-1\" \/>\n<link rel=\"canonical\" href=\"https:\/\/rsrevista.org\/edicion96\/avanzando-hacia-la-consolidacion-de-la-inversion-responsable-en-latam-20211107\/\" \/>\n<meta property=\"og:locale\" content=\"es_ES\" \/>\n<meta property=\"og:type\" content=\"article\" \/>\n<meta property=\"og:title\" content=\"Avanzando hacia la consolidaci\u00f3n de la inversi\u00f3n responsable en LatAm - Revista RS Edici\u00f3n 96\" \/>\n<meta property=\"og:description\" content=\"Por: Por: Eduardo Atehortua, Director para Am\u00e9rica Latina de PRI (ex-Brazil)\" \/>\n<meta property=\"og:url\" content=\"https:\/\/rsrevista.org\/edicion96\/avanzando-hacia-la-consolidacion-de-la-inversion-responsable-en-latam-20211107\/\" \/>\n<meta property=\"og:site_name\" content=\"Revista RS Edici\u00f3n 96\" \/>\n<meta property=\"article:published_time\" content=\"2021-11-08T03:32:37+00:00\" \/>\n<meta property=\"article:modified_time\" content=\"2021-11-09T21:44:13+00:00\" \/>\n<meta property=\"og:image\" content=\"https:\/\/rsrevista.org\/edicion96\/wp-content\/uploads\/sites\/6\/2021\/11\/RevistaRS96_InformacionInstitucional_B1.png\" \/>\n\t<meta property=\"og:image:width\" content=\"1536\" \/>\n\t<meta property=\"og:image:height\" content=\"864\" \/>\n\t<meta property=\"og:image:type\" content=\"image\/png\" \/>\n<meta name=\"author\" content=\"Good\" \/>\n<meta name=\"twitter:card\" content=\"summary_large_image\" \/>\n<meta name=\"twitter:label1\" content=\"Escrito por\" \/>\n\t<meta name=\"twitter:data1\" content=\"Good\" \/>\n\t<meta name=\"twitter:label2\" content=\"Tiempo de lectura\" \/>\n\t<meta name=\"twitter:data2\" content=\"3 minutos\" \/>\n<script type=\"application\/ld+json\" class=\"yoast-schema-graph\">{\"@context\":\"https:\/\/schema.org\",\"@graph\":[{\"@type\":\"WebPage\",\"@id\":\"https:\/\/rsrevista.org\/edicion96\/avanzando-hacia-la-consolidacion-de-la-inversion-responsable-en-latam-20211107\/\",\"url\":\"https:\/\/rsrevista.org\/edicion96\/avanzando-hacia-la-consolidacion-de-la-inversion-responsable-en-latam-20211107\/\",\"name\":\"Avanzando hacia la consolidaci\u00f3n de la inversi\u00f3n responsable en LatAm - Revista RS Edici\u00f3n 96\",\"isPartOf\":{\"@id\":\"https:\/\/rsrevista.org\/edicion96\/#website\"},\"primaryImageOfPage\":{\"@id\":\"https:\/\/rsrevista.org\/edicion96\/avanzando-hacia-la-consolidacion-de-la-inversion-responsable-en-latam-20211107\/#primaryimage\"},\"image\":{\"@id\":\"https:\/\/rsrevista.org\/edicion96\/avanzando-hacia-la-consolidacion-de-la-inversion-responsable-en-latam-20211107\/#primaryimage\"},\"thumbnailUrl\":\"https:\/\/rsrevista.org\/edicion96\/wp-content\/uploads\/sites\/6\/2021\/11\/RevistaRS96_InformacionInstitucional_B1.png\",\"datePublished\":\"2021-11-08T03:32:37+00:00\",\"dateModified\":\"2021-11-09T21:44:13+00:00\",\"author\":{\"@id\":\"https:\/\/rsrevista.org\/edicion96\/#\/schema\/person\/781e0e43b930b28f9267ae9a5dcbe3af\"},\"breadcrumb\":{\"@id\":\"https:\/\/rsrevista.org\/edicion96\/avanzando-hacia-la-consolidacion-de-la-inversion-responsable-en-latam-20211107\/#breadcrumb\"},\"inLanguage\":\"es\",\"potentialAction\":[{\"@type\":\"ReadAction\",\"target\":[\"https:\/\/rsrevista.org\/edicion96\/avanzando-hacia-la-consolidacion-de-la-inversion-responsable-en-latam-20211107\/\"]}]},{\"@type\":\"ImageObject\",\"inLanguage\":\"es\",\"@id\":\"https:\/\/rsrevista.org\/edicion96\/avanzando-hacia-la-consolidacion-de-la-inversion-responsable-en-latam-20211107\/#primaryimage\",\"url\":\"https:\/\/rsrevista.org\/edicion96\/wp-content\/uploads\/sites\/6\/2021\/11\/RevistaRS96_InformacionInstitucional_B1.png\",\"contentUrl\":\"https:\/\/rsrevista.org\/edicion96\/wp-content\/uploads\/sites\/6\/2021\/11\/RevistaRS96_InformacionInstitucional_B1.png\",\"width\":1536,\"height\":864},{\"@type\":\"BreadcrumbList\",\"@id\":\"https:\/\/rsrevista.org\/edicion96\/avanzando-hacia-la-consolidacion-de-la-inversion-responsable-en-latam-20211107\/#breadcrumb\",\"itemListElement\":[{\"@type\":\"ListItem\",\"position\":1,\"name\":\"Portada\",\"item\":\"https:\/\/rsrevista.org\/edicion96\/\"},{\"@type\":\"ListItem\",\"position\":2,\"name\":\"Avanzando hacia la consolidaci\u00f3n de la inversi\u00f3n responsable en LatAm\"}]},{\"@type\":\"WebSite\",\"@id\":\"https:\/\/rsrevista.org\/edicion96\/#website\",\"url\":\"https:\/\/rsrevista.org\/edicion96\/\",\"name\":\"Revista RS Edici\u00f3n 96\",\"description\":\"Responsabilidad social y sostenibilidad\",\"potentialAction\":[{\"@type\":\"SearchAction\",\"target\":{\"@type\":\"EntryPoint\",\"urlTemplate\":\"https:\/\/rsrevista.org\/edicion96\/?s={search_term_string}\"},\"query-input\":{\"@type\":\"PropertyValueSpecification\",\"valueRequired\":true,\"valueName\":\"search_term_string\"}}],\"inLanguage\":\"es\"},{\"@type\":\"Person\",\"@id\":\"https:\/\/rsrevista.org\/edicion96\/#\/schema\/person\/781e0e43b930b28f9267ae9a5dcbe3af\",\"name\":\"Good\",\"image\":{\"@type\":\"ImageObject\",\"inLanguage\":\"es\",\"@id\":\"https:\/\/rsrevista.org\/edicion96\/#\/schema\/person\/image\/\",\"url\":\"https:\/\/secure.gravatar.com\/avatar\/b90085527cfd5e03250a8637fe5c0369?s=96&d=mm&r=g\",\"contentUrl\":\"https:\/\/secure.gravatar.com\/avatar\/b90085527cfd5e03250a8637fe5c0369?s=96&d=mm&r=g\",\"caption\":\"Good\"},\"sameAs\":[\"https:\/\/rsrevista.org\"],\"url\":\"https:\/\/rsrevista.org\/edicion96\/author\/good\/\"}]}<\/script>\n<!-- \/ Yoast SEO plugin. -->","yoast_head_json":{"title":"Avanzando hacia la consolidaci\u00f3n de la inversi\u00f3n responsable en LatAm - Revista RS Edici\u00f3n 96","robots":{"index":"index","follow":"follow","max-snippet":"max-snippet:-1","max-image-preview":"max-image-preview:large","max-video-preview":"max-video-preview:-1"},"canonical":"https:\/\/rsrevista.org\/edicion96\/avanzando-hacia-la-consolidacion-de-la-inversion-responsable-en-latam-20211107\/","og_locale":"es_ES","og_type":"article","og_title":"Avanzando hacia la consolidaci\u00f3n de la inversi\u00f3n responsable en LatAm - Revista RS Edici\u00f3n 96","og_description":"Por: Por: Eduardo Atehortua, Director para Am\u00e9rica Latina de PRI (ex-Brazil)","og_url":"https:\/\/rsrevista.org\/edicion96\/avanzando-hacia-la-consolidacion-de-la-inversion-responsable-en-latam-20211107\/","og_site_name":"Revista RS Edici\u00f3n 96","article_published_time":"2021-11-08T03:32:37+00:00","article_modified_time":"2021-11-09T21:44:13+00:00","og_image":[{"width":1536,"height":864,"url":"https:\/\/rsrevista.org\/edicion96\/wp-content\/uploads\/sites\/6\/2021\/11\/RevistaRS96_InformacionInstitucional_B1.png","type":"image\/png"}],"author":"Good","twitter_card":"summary_large_image","twitter_misc":{"Escrito por":"Good","Tiempo de lectura":"3 minutos"},"schema":{"@context":"https:\/\/schema.org","@graph":[{"@type":"WebPage","@id":"https:\/\/rsrevista.org\/edicion96\/avanzando-hacia-la-consolidacion-de-la-inversion-responsable-en-latam-20211107\/","url":"https:\/\/rsrevista.org\/edicion96\/avanzando-hacia-la-consolidacion-de-la-inversion-responsable-en-latam-20211107\/","name":"Avanzando hacia la consolidaci\u00f3n de la inversi\u00f3n responsable en LatAm - Revista RS Edici\u00f3n 96","isPartOf":{"@id":"https:\/\/rsrevista.org\/edicion96\/#website"},"primaryImageOfPage":{"@id":"https:\/\/rsrevista.org\/edicion96\/avanzando-hacia-la-consolidacion-de-la-inversion-responsable-en-latam-20211107\/#primaryimage"},"image":{"@id":"https:\/\/rsrevista.org\/edicion96\/avanzando-hacia-la-consolidacion-de-la-inversion-responsable-en-latam-20211107\/#primaryimage"},"thumbnailUrl":"https:\/\/rsrevista.org\/edicion96\/wp-content\/uploads\/sites\/6\/2021\/11\/RevistaRS96_InformacionInstitucional_B1.png","datePublished":"2021-11-08T03:32:37+00:00","dateModified":"2021-11-09T21:44:13+00:00","author":{"@id":"https:\/\/rsrevista.org\/edicion96\/#\/schema\/person\/781e0e43b930b28f9267ae9a5dcbe3af"},"breadcrumb":{"@id":"https:\/\/rsrevista.org\/edicion96\/avanzando-hacia-la-consolidacion-de-la-inversion-responsable-en-latam-20211107\/#breadcrumb"},"inLanguage":"es","potentialAction":[{"@type":"ReadAction","target":["https:\/\/rsrevista.org\/edicion96\/avanzando-hacia-la-consolidacion-de-la-inversion-responsable-en-latam-20211107\/"]}]},{"@type":"ImageObject","inLanguage":"es","@id":"https:\/\/rsrevista.org\/edicion96\/avanzando-hacia-la-consolidacion-de-la-inversion-responsable-en-latam-20211107\/#primaryimage","url":"https:\/\/rsrevista.org\/edicion96\/wp-content\/uploads\/sites\/6\/2021\/11\/RevistaRS96_InformacionInstitucional_B1.png","contentUrl":"https:\/\/rsrevista.org\/edicion96\/wp-content\/uploads\/sites\/6\/2021\/11\/RevistaRS96_InformacionInstitucional_B1.png","width":1536,"height":864},{"@type":"BreadcrumbList","@id":"https:\/\/rsrevista.org\/edicion96\/avanzando-hacia-la-consolidacion-de-la-inversion-responsable-en-latam-20211107\/#breadcrumb","itemListElement":[{"@type":"ListItem","position":1,"name":"Portada","item":"https:\/\/rsrevista.org\/edicion96\/"},{"@type":"ListItem","position":2,"name":"Avanzando hacia la consolidaci\u00f3n de la inversi\u00f3n responsable en LatAm"}]},{"@type":"WebSite","@id":"https:\/\/rsrevista.org\/edicion96\/#website","url":"https:\/\/rsrevista.org\/edicion96\/","name":"Revista RS Edici\u00f3n 96","description":"Responsabilidad social y sostenibilidad","potentialAction":[{"@type":"SearchAction","target":{"@type":"EntryPoint","urlTemplate":"https:\/\/rsrevista.org\/edicion96\/?s={search_term_string}"},"query-input":{"@type":"PropertyValueSpecification","valueRequired":true,"valueName":"search_term_string"}}],"inLanguage":"es"},{"@type":"Person","@id":"https:\/\/rsrevista.org\/edicion96\/#\/schema\/person\/781e0e43b930b28f9267ae9a5dcbe3af","name":"Good","image":{"@type":"ImageObject","inLanguage":"es","@id":"https:\/\/rsrevista.org\/edicion96\/#\/schema\/person\/image\/","url":"https:\/\/secure.gravatar.com\/avatar\/b90085527cfd5e03250a8637fe5c0369?s=96&d=mm&r=g","contentUrl":"https:\/\/secure.gravatar.com\/avatar\/b90085527cfd5e03250a8637fe5c0369?s=96&d=mm&r=g","caption":"Good"},"sameAs":["https:\/\/rsrevista.org"],"url":"https:\/\/rsrevista.org\/edicion96\/author\/good\/"}]}},"_links":{"self":[{"href":"https:\/\/rsrevista.org\/edicion96\/wp-json\/wp\/v2\/posts\/4739"}],"collection":[{"href":"https:\/\/rsrevista.org\/edicion96\/wp-json\/wp\/v2\/posts"}],"about":[{"href":"https:\/\/rsrevista.org\/edicion96\/wp-json\/wp\/v2\/types\/post"}],"author":[{"embeddable":true,"href":"https:\/\/rsrevista.org\/edicion96\/wp-json\/wp\/v2\/users\/1"}],"replies":[{"embeddable":true,"href":"https:\/\/rsrevista.org\/edicion96\/wp-json\/wp\/v2\/comments?post=4739"}],"version-history":[{"count":4,"href":"https:\/\/rsrevista.org\/edicion96\/wp-json\/wp\/v2\/posts\/4739\/revisions"}],"predecessor-version":[{"id":4786,"href":"https:\/\/rsrevista.org\/edicion96\/wp-json\/wp\/v2\/posts\/4739\/revisions\/4786"}],"wp:featuredmedia":[{"embeddable":true,"href":"https:\/\/rsrevista.org\/edicion96\/wp-json\/wp\/v2\/media\/4784"}],"wp:attachment":[{"href":"https:\/\/rsrevista.org\/edicion96\/wp-json\/wp\/v2\/media?parent=4739"}],"wp:term":[{"taxonomy":"category","embeddable":true,"href":"https:\/\/rsrevista.org\/edicion96\/wp-json\/wp\/v2\/categories?post=4739"},{"taxonomy":"post_tag","embeddable":true,"href":"https:\/\/rsrevista.org\/edicion96\/wp-json\/wp\/v2\/tags?post=4739"}],"curies":[{"name":"wp","href":"https:\/\/api.w.org\/{rel}","templated":true}]}}