{"id":4961,"date":"2021-09-15T21:12:14","date_gmt":"2021-09-16T02:12:14","guid":{"rendered":"https:\/\/rsrevista.org\/edicion95\/?p=4961"},"modified":"2021-09-22T21:22:23","modified_gmt":"2021-09-23T02:22:23","slug":"personas-familias-y-empresas-sostenibles","status":"publish","type":"post","link":"https:\/\/rsrevista.org\/edicion95\/personas-familias-y-empresas-sostenibles-20210915\/","title":{"rendered":"Personas, familias y empresas sostenibles"},"content":{"rendered":"\n<div class=\"wp-block-columns profile-box is-layout-flex wp-container-core-columns-is-layout-1 wp-block-columns-is-layout-flex\">\n<div class=\"wp-block-column is-layout-flow wp-block-column-is-layout-flow\" style=\"flex-basis:20%\">\n<figure class=\"wp-block-image size-large\"><img loading=\"lazy\" decoding=\"async\" width=\"500\" height=\"500\" src=\"https:\/\/rsrevista.org\/edicion95\/wp-content\/uploads\/sites\/5\/2021\/09\/DIVER-2-_-Ford-Motor-Company-Colombia-Gina-Paola-D\u00edaz-Viloria.jpg\" alt=\"\" class=\"wp-image-5072\" srcset=\"https:\/\/rsrevista.org\/edicion95\/wp-content\/uploads\/sites\/5\/2021\/09\/DIVER-2-_-Ford-Motor-Company-Colombia-Gina-Paola-D\u00edaz-Viloria.jpg 500w, https:\/\/rsrevista.org\/edicion95\/wp-content\/uploads\/sites\/5\/2021\/09\/DIVER-2-_-Ford-Motor-Company-Colombia-Gina-Paola-D\u00edaz-Viloria-300x300.jpg 300w, https:\/\/rsrevista.org\/edicion95\/wp-content\/uploads\/sites\/5\/2021\/09\/DIVER-2-_-Ford-Motor-Company-Colombia-Gina-Paola-D\u00edaz-Viloria-150x150.jpg 150w\" sizes=\"(max-width: 500px) 100vw, 500px\" \/><\/figure>\n<\/div>\n\n\n\n<div class=\"wp-block-column profile-box-right is-layout-flow wp-block-column-is-layout-flow\">\n<h5 class=\"wp-block-heading\"><strong>Por: <\/strong>Gina Paola D\u00edaz Viloria, Supply Chain Manager en Ford Motor Company Colombia.<\/h5>\n\n\n\n<p>Administradora de Empresas de la Universidad de La Sabana. Especialista en Log\u00edstica Comercial de la Universidad Jorge Tadeo Lozano y M\u00e1ster en Comercio Internacional de la Universidad de Valencia \u2013 Espa\u00f1a. Cuenta con m\u00e1s de quince a\u00f1os de experiencia laboral en optimizaci\u00f3n de procesos en \u00e1reas de Compras, Log\u00edstica y Comercio Internacional. Actualmente se desempe\u00f1a como Supply Chain Manager en Ford Motor Company Colombia.<\/p>\n<\/div>\n<\/div>\n\n\n<p><em><strong>\u201cLa sostenibilidad empresarial hace referencia a la capacidad que tienen las empresas de realizar sus actividades durante un tiempo prolongado, teniendo en cuenta criterios sociales, econ\u00f3micos y ambientales que aseguren la continuidad del negocio.\u201d&nbsp;<\/strong><\/em><\/p>\n<p><span style=\"font-weight: 400\">En cuanto al criterio social, generalmente las empresas se centran en aspectos tales como: generar impactos positivos en sus zonas de influencia, asegurar que ellas y sus asociados de negocio cumplan con las normatividades laborales vigentes en cada pa\u00eds, e incluso que no tengan personas en condiciones de esclavitud como infortunadamente se han visto casos, en dar un salario emocional a sus colaboradores y en hacer labores sociales, entre otros.<\/span><\/p>\n<p class=\"eut-dropcap\">Pero existe otro aspecto de ese criterio social que me gustar\u00eda tratar, el cual se puede presentar incluso cuando todas las normativas laborales se cumplen, cuando se cuenta con salarios justos, lugares y condiciones de trabajo adecuadas, beneficios extralegales, oportunidades de desarrollo, tecnolog\u00eda de punta, etc; dicho aspecto est\u00e1 relacionado con el equilibrio entre las dimensiones del ser humano y su realizaci\u00f3n plena como un ser integral.<\/p>\n<p><span style=\"font-weight: 400\">Si bien no existe un consenso respecto de cu\u00e1les o cu\u00e1ntas son las dimensiones fundamentales del ser humano, dependiendo del autor que se consulte pueden ser tres, cuatro, cinco e incluso ocho. Para esta referencia voy a citar cinco:&nbsp;<\/span><\/p>\n<ul>\n<li style=\"font-weight: 400\"><strong>Dimensi\u00f3n biol\u00f3gica o f\u00edsica del ser humano:<\/strong><span style=\"font-weight: 400\"> en esta dimensi\u00f3n el ser humano es entendido como un cuerpo, es decir, como una maquinaria biol\u00f3gica y bioqu\u00edmica que requiere de cuidados, atenciones y que es susceptible a las enfermedades. El cuidado de este aspecto de nosotros mismos pasa por la alimentaci\u00f3n, la actividad f\u00edsica, la higiene, etc.<\/span><\/li>\n<li style=\"font-weight: 400\"><strong>Dimensi\u00f3n social o sociopol\u00edtica del ser humano:<\/strong><span style=\"font-weight: 400\"> se refiere a nuestra interacci\u00f3n con los dem\u00e1s, es decir, a nuestra vida social y al rol que jugamos dentro de la red de contactos. La familia, las amistades, los grupos de trabajo, todo en nuestra vida ocurre socialmente y la atenci\u00f3n a este aspecto nuestro es clave para nuestro bienestar integral.<\/span><\/li>\n<li style=\"font-weight: 400\"><strong>&nbsp;Dimensi\u00f3n emocional o afectiva del ser humano:<\/strong><span style=\"font-weight: 400\"> las emociones y los afectos son indispensables para nuestro bienestar como individuos, y la gesti\u00f3n de los mismos es clave para nuestro desempe\u00f1o en la sociedad; un individuo emocionalmente frustrado tendr\u00e1 dificultades para llevar a cabo tareas para las que, por lo dem\u00e1s, se halla perfectamente capacitado.<\/span><\/li>\n<li style=\"font-weight: 400\"><strong>Dimensi\u00f3n cognitiva o intelectual del ser humano:<\/strong><span style=\"font-weight: 400\"> la vida intelectual del ser humano tiene que ver con su formaci\u00f3n intelectual, su capacidad de razonamiento y su manejo de los saberes que necesita para llevar una existencia lo m\u00e1s plena posible.<\/span><\/li>\n<li style=\"font-weight: 400\"><strong>Dimensi\u00f3n espiritual o moral del ser humano:<\/strong><span style=\"font-weight: 400\"> tiene que ver con la capacidad para sentirse parte de una visi\u00f3n arm\u00f3nica del mundo, es decir, para encontrar su lugar en el orden de las cosas, algo que no es posible hallar a trav\u00e9s de la vida cognitiva o la vida social \u00fanicamente.\u201d<\/span><\/li>\n<\/ul>\n<p><span style=\"font-weight: 400\">Me permito citar estas dimensiones con su significado, porque cuando te haces consciente de su existencia, te das cuenta del gran desequilibrio presente entre ellas en todos los \u00e1mbitos sociales, desde las personas menos favorecidas hasta las m\u00e1s privilegiadas laboralmente hablando. Lo anterior est\u00e1 llevando a que el s\u00edndrome de burnout (quemado laboralmente) sea cada vez m\u00e1s frecuente, con consecuencias f\u00edsicas, psicol\u00f3gicas, familiares, sociales y productivas cada vez m\u00e1s profundas.<\/span><\/p>\n<p class=\"eut-dropcap\"> Esto afecta la sostenibilidad de las empresas, porque a lo largo de toda su cadena de suministro interact\u00faan con personas, a quienes les compran es a personas, la forma como operan y producen es con intervenci\u00f3n de personas, y a quienes le venden, sus consumidores finales, son personas.<\/p>\n\n\n<div class=\"wp-block-columns is-layout-flex wp-container-core-columns-is-layout-2 wp-block-columns-is-layout-flex\">\n<div class=\"wp-block-column is-layout-flow wp-block-column-is-layout-flow\">\n<p><span style=\"font-weight: 400\">Si la <\/span><strong>familia,<\/strong><span style=\"font-weight: 400\"> que es la c\u00e9lula fundamental de la sociedad donde se reproducen y crecen las personas, no es sostenible, debido a que cada vez m\u00e1s hombres y mujeres priorizan la realizaci\u00f3n profesional sobre la familiar; las empresas y la sociedad en general se ver\u00e1n afectados en su sostenibilidad, porque se est\u00e1 presentando un envejecimiento de la poblaci\u00f3n a una tasa mayor que la de natalidad y esto generar\u00e1 en el tiempo una escasez de recursos humanos productivos, especialmente en los sectores de la sociedad con mayor capacidad econ\u00f3mica y de acceso a la educaci\u00f3n.<\/span><\/p>\n<\/div>\n\n\n\n<div class=\"wp-block-column is-layout-flow wp-block-column-is-layout-flow\">\n<blockquote class=\"wp-block-quote is-layout-flow wp-block-quote-is-layout-flow\"><p>Por lo tanto, si las <strong>personas<\/strong> no son productivamente sostenibles porque se encuentran enfermas, \u201cquemadas\u201d o no quieren entrar en esa din\u00e1mica laboral, como les sucede a muchos j\u00f3venes hoy en d\u00eda, las empresas se ver\u00e1n afectadas a largo plazo en su sostenibilidad.<\/p><\/blockquote>\n<\/div>\n<\/div>\n\n\n<p class=\"eut-dropcap\">Afortunadamente, de unos a\u00f1os para ac\u00e1 nos dimos cuenta de que no pod\u00edamos seguir \u201cproduciendo a toda costa\u201d, acabando con nuestra \u201ccasa com\u00fan\u201d como bien se refiere el Papa Francisco a nuestro planeta en su enc\u00edclica Laudato Si; porque nos \u00edbamos a quedar sin donde vivir y si para algo ha servido esta pandemia de la COVID-19 es para demostrarnos la recuperaci\u00f3n que puede alcanzar la naturaleza si los humanos nos detenemos un poco.<\/p>\n<p><span style=\"font-weight: 400\">Pero creo que lleg\u00f3 el momento de implementar tambi\u00e9n acciones m\u00e1s efectivas en pro del bienestar de nuestra \u201ccasa personal e interna\u201d, cuid\u00e1ndonos como personas, buscando el equilibrio en todas nuestras dimensiones, y no s\u00f3lo buscando la productividad a costa de todos los dem\u00e1s aspectos de nuestra vida.&nbsp;<\/span><\/p>\n\n\n<div class=\"wp-block-columns is-layout-flex wp-container-core-columns-is-layout-3 wp-block-columns-is-layout-flex\">\n<div class=\"wp-block-column is-layout-flow wp-block-column-is-layout-flow\">\n<blockquote class=\"wp-block-quote is-layout-flow wp-block-quote-is-layout-flow\"><p>Esta pandemia nos ha demostrado que podemos trabajar desde casa o desde cualquier lugar que queramos y ser productivos, pero tenemos que aprender a dar tiempo a todas las dimensiones de nuestra vida bajo este esquema de teletrabajo.<\/p><\/blockquote>\n<\/div>\n\n\n\n<div class=\"wp-block-column is-layout-flow wp-block-column-is-layout-flow\">\n<p><span style=\"font-weight: 400\">Tambi\u00e9n nos ha recordado que tenemos familias, aunque hemos tenido que aprender a disfrutar el convivir con ellas mucho m\u00e1s tiempo del que acostumbr\u00e1bamos; y nos ha hecho volver a valorar la interacci\u00f3n f\u00edsica entre personas que est\u00e1bamos dejando de lado por la interacci\u00f3n virtual.<\/span><\/p>\n<p><span style=\"font-weight: 400\">La Biblia dice que \u201cEl s\u00e1bado se hizo para el hombre y no el hombre para el s\u00e1bado\u201d, as\u00ed mismo pienso que el trabajo, la productividad, la eficiencia, las empresas, las cadenas de suministro, la tecnolog\u00eda, se hicieron para el hombre, para su desarrollo, supervivencia, bienestar y en un aspecto, para su realizaci\u00f3n, pero esa no es su realizaci\u00f3n total ni plena; porque el hombre se hizo para trascender y para ser feliz viviendo en armon\u00eda en su interior y con su entorno. Recordemos esto ahora m\u00e1s que nunca que nos encontramos reinventando nuestra sociedad y nuestra econom\u00eda en esta llamada \u201cnueva normalidad\u201d.<\/span><\/p>\n<\/div>\n<\/div>\n","protected":false},"excerpt":{"rendered":"<p><strong>Por<\/strong>: Gina Paola D\u00edaz Viloria, Supply Chain Manager en Ford Motor Company Colombia<\/p>\n","protected":false},"author":1,"featured_media":5092,"comment_status":"open","ping_status":"open","sticky":false,"template":"","format":"standard","meta":{"footnotes":""},"categories":[28],"tags":[],"class_list":["post-4961","post","type-post","status-publish","format-standard","has-post-thumbnail","hentry","category-diversidad"],"yoast_head":"<!-- This site is optimized with the Yoast SEO plugin v23.9 - https:\/\/yoast.com\/wordpress\/plugins\/seo\/ -->\n<title>Personas, familias y empresas sostenibles - Revista RS Edici\u00f3n 95<\/title>\n<meta name=\"robots\" content=\"index, follow, max-snippet:-1, max-image-preview:large, max-video-preview:-1\" \/>\n<link rel=\"canonical\" href=\"https:\/\/rsrevista.org\/edicion95\/personas-familias-y-empresas-sostenibles-20210915\/\" \/>\n<meta property=\"og:locale\" content=\"es_ES\" \/>\n<meta property=\"og:type\" content=\"article\" \/>\n<meta property=\"og:title\" content=\"Personas, familias y empresas sostenibles - Revista RS Edici\u00f3n 95\" \/>\n<meta property=\"og:description\" content=\"Por: Gina Paola D\u00edaz Viloria, Supply Chain Manager en Ford Motor Company Colombia\" \/>\n<meta property=\"og:url\" content=\"https:\/\/rsrevista.org\/edicion95\/personas-familias-y-empresas-sostenibles-20210915\/\" \/>\n<meta property=\"og:site_name\" content=\"Revista RS Edici\u00f3n 95\" \/>\n<meta property=\"article:published_time\" content=\"2021-09-16T02:12:14+00:00\" \/>\n<meta property=\"article:modified_time\" content=\"2021-09-23T02:22:23+00:00\" \/>\n<meta property=\"og:image\" content=\"https:\/\/rsrevista.org\/edicion95\/wp-content\/uploads\/sites\/5\/2021\/09\/Diversidad_Banner2_Personas-familias-y-empresas-sost._20210921.jpg\" \/>\n\t<meta property=\"og:image:width\" content=\"1921\" \/>\n\t<meta property=\"og:image:height\" content=\"1081\" \/>\n\t<meta property=\"og:image:type\" content=\"image\/jpeg\" \/>\n<meta name=\"author\" content=\"Good\" \/>\n<meta name=\"twitter:card\" content=\"summary_large_image\" \/>\n<meta name=\"twitter:label1\" content=\"Escrito por\" \/>\n\t<meta name=\"twitter:data1\" content=\"Good\" \/>\n\t<meta name=\"twitter:label2\" content=\"Tiempo de lectura\" \/>\n\t<meta name=\"twitter:data2\" content=\"6 minutos\" \/>\n<script type=\"application\/ld+json\" class=\"yoast-schema-graph\">{\"@context\":\"https:\/\/schema.org\",\"@graph\":[{\"@type\":\"WebPage\",\"@id\":\"https:\/\/rsrevista.org\/edicion95\/personas-familias-y-empresas-sostenibles-20210915\/\",\"url\":\"https:\/\/rsrevista.org\/edicion95\/personas-familias-y-empresas-sostenibles-20210915\/\",\"name\":\"Personas, familias y empresas sostenibles - Revista RS Edici\u00f3n 95\",\"isPartOf\":{\"@id\":\"https:\/\/rsrevista.org\/edicion95\/#website\"},\"primaryImageOfPage\":{\"@id\":\"https:\/\/rsrevista.org\/edicion95\/personas-familias-y-empresas-sostenibles-20210915\/#primaryimage\"},\"image\":{\"@id\":\"https:\/\/rsrevista.org\/edicion95\/personas-familias-y-empresas-sostenibles-20210915\/#primaryimage\"},\"thumbnailUrl\":\"https:\/\/rsrevista.org\/edicion95\/wp-content\/uploads\/sites\/5\/2021\/09\/Diversidad_Banner2_Personas-familias-y-empresas-sost._20210921.jpg\",\"datePublished\":\"2021-09-16T02:12:14+00:00\",\"dateModified\":\"2021-09-23T02:22:23+00:00\",\"author\":{\"@id\":\"https:\/\/rsrevista.org\/edicion95\/#\/schema\/person\/781e0e43b930b28f9267ae9a5dcbe3af\"},\"breadcrumb\":{\"@id\":\"https:\/\/rsrevista.org\/edicion95\/personas-familias-y-empresas-sostenibles-20210915\/#breadcrumb\"},\"inLanguage\":\"es\",\"potentialAction\":[{\"@type\":\"ReadAction\",\"target\":[\"https:\/\/rsrevista.org\/edicion95\/personas-familias-y-empresas-sostenibles-20210915\/\"]}]},{\"@type\":\"ImageObject\",\"inLanguage\":\"es\",\"@id\":\"https:\/\/rsrevista.org\/edicion95\/personas-familias-y-empresas-sostenibles-20210915\/#primaryimage\",\"url\":\"https:\/\/rsrevista.org\/edicion95\/wp-content\/uploads\/sites\/5\/2021\/09\/Diversidad_Banner2_Personas-familias-y-empresas-sost._20210921.jpg\",\"contentUrl\":\"https:\/\/rsrevista.org\/edicion95\/wp-content\/uploads\/sites\/5\/2021\/09\/Diversidad_Banner2_Personas-familias-y-empresas-sost._20210921.jpg\",\"width\":1921,\"height\":1081},{\"@type\":\"BreadcrumbList\",\"@id\":\"https:\/\/rsrevista.org\/edicion95\/personas-familias-y-empresas-sostenibles-20210915\/#breadcrumb\",\"itemListElement\":[{\"@type\":\"ListItem\",\"position\":1,\"name\":\"Portada\",\"item\":\"https:\/\/rsrevista.org\/edicion95\/\"},{\"@type\":\"ListItem\",\"position\":2,\"name\":\"Personas, familias y empresas sostenibles\"}]},{\"@type\":\"WebSite\",\"@id\":\"https:\/\/rsrevista.org\/edicion95\/#website\",\"url\":\"https:\/\/rsrevista.org\/edicion95\/\",\"name\":\"Revista RS Edici\u00f3n 95\",\"description\":\"Responsabilidad social y sostenibilidad\",\"potentialAction\":[{\"@type\":\"SearchAction\",\"target\":{\"@type\":\"EntryPoint\",\"urlTemplate\":\"https:\/\/rsrevista.org\/edicion95\/?s={search_term_string}\"},\"query-input\":{\"@type\":\"PropertyValueSpecification\",\"valueRequired\":true,\"valueName\":\"search_term_string\"}}],\"inLanguage\":\"es\"},{\"@type\":\"Person\",\"@id\":\"https:\/\/rsrevista.org\/edicion95\/#\/schema\/person\/781e0e43b930b28f9267ae9a5dcbe3af\",\"name\":\"Good\",\"image\":{\"@type\":\"ImageObject\",\"inLanguage\":\"es\",\"@id\":\"https:\/\/rsrevista.org\/edicion95\/#\/schema\/person\/image\/\",\"url\":\"https:\/\/secure.gravatar.com\/avatar\/b90085527cfd5e03250a8637fe5c0369?s=96&d=mm&r=g\",\"contentUrl\":\"https:\/\/secure.gravatar.com\/avatar\/b90085527cfd5e03250a8637fe5c0369?s=96&d=mm&r=g\",\"caption\":\"Good\"},\"sameAs\":[\"https:\/\/rsrevista.org\"],\"url\":\"https:\/\/rsrevista.org\/edicion95\/author\/good\/\"}]}<\/script>\n<!-- \/ Yoast SEO plugin. -->","yoast_head_json":{"title":"Personas, familias y empresas sostenibles - Revista RS Edici\u00f3n 95","robots":{"index":"index","follow":"follow","max-snippet":"max-snippet:-1","max-image-preview":"max-image-preview:large","max-video-preview":"max-video-preview:-1"},"canonical":"https:\/\/rsrevista.org\/edicion95\/personas-familias-y-empresas-sostenibles-20210915\/","og_locale":"es_ES","og_type":"article","og_title":"Personas, familias y empresas sostenibles - Revista RS Edici\u00f3n 95","og_description":"Por: Gina Paola D\u00edaz Viloria, Supply Chain Manager en Ford Motor Company Colombia","og_url":"https:\/\/rsrevista.org\/edicion95\/personas-familias-y-empresas-sostenibles-20210915\/","og_site_name":"Revista RS Edici\u00f3n 95","article_published_time":"2021-09-16T02:12:14+00:00","article_modified_time":"2021-09-23T02:22:23+00:00","og_image":[{"width":1921,"height":1081,"url":"https:\/\/rsrevista.org\/edicion95\/wp-content\/uploads\/sites\/5\/2021\/09\/Diversidad_Banner2_Personas-familias-y-empresas-sost._20210921.jpg","type":"image\/jpeg"}],"author":"Good","twitter_card":"summary_large_image","twitter_misc":{"Escrito por":"Good","Tiempo de lectura":"6 minutos"},"schema":{"@context":"https:\/\/schema.org","@graph":[{"@type":"WebPage","@id":"https:\/\/rsrevista.org\/edicion95\/personas-familias-y-empresas-sostenibles-20210915\/","url":"https:\/\/rsrevista.org\/edicion95\/personas-familias-y-empresas-sostenibles-20210915\/","name":"Personas, familias y empresas sostenibles - Revista RS Edici\u00f3n 95","isPartOf":{"@id":"https:\/\/rsrevista.org\/edicion95\/#website"},"primaryImageOfPage":{"@id":"https:\/\/rsrevista.org\/edicion95\/personas-familias-y-empresas-sostenibles-20210915\/#primaryimage"},"image":{"@id":"https:\/\/rsrevista.org\/edicion95\/personas-familias-y-empresas-sostenibles-20210915\/#primaryimage"},"thumbnailUrl":"https:\/\/rsrevista.org\/edicion95\/wp-content\/uploads\/sites\/5\/2021\/09\/Diversidad_Banner2_Personas-familias-y-empresas-sost._20210921.jpg","datePublished":"2021-09-16T02:12:14+00:00","dateModified":"2021-09-23T02:22:23+00:00","author":{"@id":"https:\/\/rsrevista.org\/edicion95\/#\/schema\/person\/781e0e43b930b28f9267ae9a5dcbe3af"},"breadcrumb":{"@id":"https:\/\/rsrevista.org\/edicion95\/personas-familias-y-empresas-sostenibles-20210915\/#breadcrumb"},"inLanguage":"es","potentialAction":[{"@type":"ReadAction","target":["https:\/\/rsrevista.org\/edicion95\/personas-familias-y-empresas-sostenibles-20210915\/"]}]},{"@type":"ImageObject","inLanguage":"es","@id":"https:\/\/rsrevista.org\/edicion95\/personas-familias-y-empresas-sostenibles-20210915\/#primaryimage","url":"https:\/\/rsrevista.org\/edicion95\/wp-content\/uploads\/sites\/5\/2021\/09\/Diversidad_Banner2_Personas-familias-y-empresas-sost._20210921.jpg","contentUrl":"https:\/\/rsrevista.org\/edicion95\/wp-content\/uploads\/sites\/5\/2021\/09\/Diversidad_Banner2_Personas-familias-y-empresas-sost._20210921.jpg","width":1921,"height":1081},{"@type":"BreadcrumbList","@id":"https:\/\/rsrevista.org\/edicion95\/personas-familias-y-empresas-sostenibles-20210915\/#breadcrumb","itemListElement":[{"@type":"ListItem","position":1,"name":"Portada","item":"https:\/\/rsrevista.org\/edicion95\/"},{"@type":"ListItem","position":2,"name":"Personas, familias y empresas sostenibles"}]},{"@type":"WebSite","@id":"https:\/\/rsrevista.org\/edicion95\/#website","url":"https:\/\/rsrevista.org\/edicion95\/","name":"Revista RS Edici\u00f3n 95","description":"Responsabilidad social y sostenibilidad","potentialAction":[{"@type":"SearchAction","target":{"@type":"EntryPoint","urlTemplate":"https:\/\/rsrevista.org\/edicion95\/?s={search_term_string}"},"query-input":{"@type":"PropertyValueSpecification","valueRequired":true,"valueName":"search_term_string"}}],"inLanguage":"es"},{"@type":"Person","@id":"https:\/\/rsrevista.org\/edicion95\/#\/schema\/person\/781e0e43b930b28f9267ae9a5dcbe3af","name":"Good","image":{"@type":"ImageObject","inLanguage":"es","@id":"https:\/\/rsrevista.org\/edicion95\/#\/schema\/person\/image\/","url":"https:\/\/secure.gravatar.com\/avatar\/b90085527cfd5e03250a8637fe5c0369?s=96&d=mm&r=g","contentUrl":"https:\/\/secure.gravatar.com\/avatar\/b90085527cfd5e03250a8637fe5c0369?s=96&d=mm&r=g","caption":"Good"},"sameAs":["https:\/\/rsrevista.org"],"url":"https:\/\/rsrevista.org\/edicion95\/author\/good\/"}]}},"_links":{"self":[{"href":"https:\/\/rsrevista.org\/edicion95\/wp-json\/wp\/v2\/posts\/4961"}],"collection":[{"href":"https:\/\/rsrevista.org\/edicion95\/wp-json\/wp\/v2\/posts"}],"about":[{"href":"https:\/\/rsrevista.org\/edicion95\/wp-json\/wp\/v2\/types\/post"}],"author":[{"embeddable":true,"href":"https:\/\/rsrevista.org\/edicion95\/wp-json\/wp\/v2\/users\/1"}],"replies":[{"embeddable":true,"href":"https:\/\/rsrevista.org\/edicion95\/wp-json\/wp\/v2\/comments?post=4961"}],"version-history":[{"count":8,"href":"https:\/\/rsrevista.org\/edicion95\/wp-json\/wp\/v2\/posts\/4961\/revisions"}],"predecessor-version":[{"id":5073,"href":"https:\/\/rsrevista.org\/edicion95\/wp-json\/wp\/v2\/posts\/4961\/revisions\/5073"}],"wp:featuredmedia":[{"embeddable":true,"href":"https:\/\/rsrevista.org\/edicion95\/wp-json\/wp\/v2\/media\/5092"}],"wp:attachment":[{"href":"https:\/\/rsrevista.org\/edicion95\/wp-json\/wp\/v2\/media?parent=4961"}],"wp:term":[{"taxonomy":"category","embeddable":true,"href":"https:\/\/rsrevista.org\/edicion95\/wp-json\/wp\/v2\/categories?post=4961"},{"taxonomy":"post_tag","embeddable":true,"href":"https:\/\/rsrevista.org\/edicion95\/wp-json\/wp\/v2\/tags?post=4961"}],"curies":[{"name":"wp","href":"https:\/\/api.w.org\/{rel}","templated":true}]}}