{"id":4922,"date":"2021-09-15T20:03:20","date_gmt":"2021-09-16T01:03:20","guid":{"rendered":"https:\/\/rsrevista.org\/edicion95\/?p=4922"},"modified":"2021-11-04T09:13:53","modified_gmt":"2021-11-04T14:13:53","slug":"revolucion-incluyente-lideres-que-aportan-a-la-inclusion","status":"publish","type":"post","link":"https:\/\/rsrevista.org\/edicion95\/revolucion-incluyente-lideres-que-aportan-a-la-inclusion-20210915\/","title":{"rendered":"Revoluci\u00f3n incluyente: l\u00edderes que aportan a la inclusi\u00f3n"},"content":{"rendered":"<p><span style=\"font-weight: 400\">Con m\u00e1s de 16 a\u00f1os de experiencia en la m\u00fasica. Diego Pe\u00f1uela m\u00e1s conocido como \u201cChalmy\u201d es el creador de una llamada <\/span><i><span style=\"font-weight: 400\">Revoluci\u00f3n Incluyente<\/span><\/i><span style=\"font-weight: 400\"> que ha sido reconocida a nivel nacional y por la Presidencia de la Rep\u00fablica nombr\u00e1ndolo como\u00a0 uno de los \u201cL\u00edderes que aportan a la inclusi\u00f3n\u201d.<\/span><\/p>\n<p class=\"eut-dropcap\">Chalmy, ha creado una forma de hacer accesible la m\u00fasica a aquellas personas que cuentan con alguna discapacidad o como \u00e9l lo llama \u201cm\u00fasica incluyente que no victimiza\u201d, que pone a cantar y bailar a todos, y con la cual ha apoya a poblaciones vulnerables y a los que m\u00e1s lo necesitan con causas solidarias.<\/p>\n<h6><b>\u00bfC\u00f3mo concibe la responsabilidad social en su vida?<\/b><\/h6>\n<p><span style=\"font-weight: 400\">Para mi la responsabilidad social es una forma de <\/span><strong>dar gracias<\/strong><span style=\"font-weight: 400\"> a la vida por tener la posibilidad de vivir de lo que amo, y de visibilizar realidades para ayudar a transformarlas de manera positiva por medio del arte\u00a0<\/span><\/p>\n<h6><b>\u00bfCu\u00e1l considera que es su aporte m\u00e1s importante desde su rol?<\/b><\/h6>\n<p><span style=\"font-weight: 400\">Muestro la historia de personas en condici\u00f3n de discapacidad o de vulnerabilidad, sin convertirlas en v\u00edctimas. Usualmente mis videos musicales y actividades son un buen canal de difusi\u00f3n.\u00a0<\/span><\/p>\n<h6><b>\u00bfCu\u00e1les son las actividades m\u00e1s relevantes dentro de su gesti\u00f3n responsable?<\/b><\/h6>\n<p><span style=\"font-weight: 400\">Hago m\u00fasica para que personas sordas tambi\u00e9n puedan disfrutarla, gestiono alianzas para llevar alimento a m\u00e1s de 100 adultos mayores en condici\u00f3n de calle, realizo eventos que transforman la vida cotidiana de ni\u00f1os de escasos recursos quemados, amputados, con par\u00e1lisis cerebral y sordos; adem\u00e1s apoyo diversas causas tangibles de personas con alguna discapacidad o vulnerabilidad en conjunto con m\u00e1s personas. Uno de mis objetivos es unir a las comunidades de todos los estratos para hacer de este un mundo mejor.<\/span><\/p>\n<h6><b>\u00bfQu\u00e9 invitaci\u00f3n le hace a los l\u00edderes empresariales para que aporten a la construcci\u00f3n de\u00a0 la responsabilidad social?\u00a0\u00a0\u00a0<\/b><\/h6>\n<p><span style=\"font-weight: 400\">Los invito a que vayan un poco m\u00e1s all\u00e1 y piensen en su prop\u00f3sito de vida, que se pregunten: \u00bfpara qu\u00e9 est\u00e1n en este mundo y qu\u00e9 le van a dejar cuando tengan que partir?\u00a0<\/span><\/p>\n<p><span style=\"font-weight: 400\">Desde cualquier perspectiva empresarial seguro existir\u00e1 la forma de empezar a apoyar las causas sociales y transformar los paradigmas. Todos podemos ser agentes de cambio, y mucho m\u00e1s aquellos l\u00edderes que cuentan con m\u00e1s herramientas para transformar el mundo, sea cual sea su campo.<\/span><\/p>\n<h6><b>\u00bfCu\u00e1les cree que han sido los avances en el pa\u00eds respecto a temas de Responsabilidad Social?<\/b><\/h6>\n<p><span style=\"font-weight: 400\">Ahora se brindan m\u00e1s espacios de inclusi\u00f3n laboral a personas con alg\u00fan tipo de discapacidad, adem\u00e1s las tecnolog\u00edas y canales de informaci\u00f3n virtuales ponen en el foco las necesidades de las personas; esto incentiva a\u00fan m\u00e1s a las empresas a comprometerse con la responsabilidad social.<\/span><\/p>\n","protected":false},"excerpt":{"rendered":"<p>Con m\u00e1s de 16 a\u00f1os de experiencia en la m\u00fasica. Diego Pe\u00f1uela m\u00e1s conocido como \u201cChalmy\u201d es el creador de una llamada Revoluci\u00f3n Incluyente que ha sido reconocida a nivel nacional y por la Presidencia de la Rep\u00fablica nombr\u00e1ndolo como\u00a0 uno de los \u201cL\u00edderes que aportan a la inclusi\u00f3n\u201d. Chalmy, ha creado una forma de [&hellip;]<\/p>\n","protected":false},"author":1,"featured_media":5065,"comment_status":"open","ping_status":"open","sticky":false,"template":"","format":"standard","meta":{"footnotes":""},"categories":[37],"tags":[],"class_list":["post-4922","post","type-post","status-publish","format-standard","has-post-thumbnail","hentry","category-personaje"],"yoast_head":"<!-- This site is optimized with the Yoast SEO plugin v23.9 - https:\/\/yoast.com\/wordpress\/plugins\/seo\/ -->\n<title>Revoluci\u00f3n incluyente: l\u00edderes que aportan a la inclusi\u00f3n - Revista RS Edici\u00f3n 95<\/title>\n<meta name=\"robots\" content=\"index, follow, max-snippet:-1, max-image-preview:large, max-video-preview:-1\" \/>\n<link rel=\"canonical\" href=\"https:\/\/rsrevista.org\/edicion95\/revolucion-incluyente-lideres-que-aportan-a-la-inclusion-20210915\/\" \/>\n<meta property=\"og:locale\" content=\"es_ES\" \/>\n<meta property=\"og:type\" content=\"article\" \/>\n<meta property=\"og:title\" content=\"Revoluci\u00f3n incluyente: l\u00edderes que aportan a la inclusi\u00f3n - Revista RS Edici\u00f3n 95\" \/>\n<meta property=\"og:description\" content=\"Con m\u00e1s de 16 a\u00f1os de experiencia en la m\u00fasica. Diego Pe\u00f1uela m\u00e1s conocido como \u201cChalmy\u201d es el creador de una llamada Revoluci\u00f3n Incluyente que ha sido reconocida a nivel nacional y por la Presidencia de la Rep\u00fablica nombr\u00e1ndolo como\u00a0 uno de los \u201cL\u00edderes que aportan a la inclusi\u00f3n\u201d. Chalmy, ha creado una forma de [&hellip;]\" \/>\n<meta property=\"og:url\" content=\"https:\/\/rsrevista.org\/edicion95\/revolucion-incluyente-lideres-que-aportan-a-la-inclusion-20210915\/\" \/>\n<meta property=\"og:site_name\" content=\"Revista RS Edici\u00f3n 95\" \/>\n<meta property=\"article:published_time\" content=\"2021-09-16T01:03:20+00:00\" \/>\n<meta property=\"article:modified_time\" content=\"2021-11-04T14:13:53+00:00\" \/>\n<meta property=\"og:image\" content=\"https:\/\/rsrevista.org\/edicion95\/wp-content\/uploads\/sites\/5\/2021\/09\/RevistaRS_banner_Personaje_20210916.jpg\" \/>\n\t<meta property=\"og:image:width\" content=\"1920\" \/>\n\t<meta property=\"og:image:height\" content=\"1080\" \/>\n\t<meta property=\"og:image:type\" content=\"image\/jpeg\" \/>\n<meta name=\"author\" content=\"Good\" \/>\n<meta name=\"twitter:card\" content=\"summary_large_image\" \/>\n<meta name=\"twitter:label1\" content=\"Escrito por\" \/>\n\t<meta name=\"twitter:data1\" content=\"Good\" \/>\n\t<meta name=\"twitter:label2\" content=\"Tiempo de lectura\" \/>\n\t<meta name=\"twitter:data2\" content=\"2 minutos\" \/>\n<script type=\"application\/ld+json\" class=\"yoast-schema-graph\">{\"@context\":\"https:\/\/schema.org\",\"@graph\":[{\"@type\":\"WebPage\",\"@id\":\"https:\/\/rsrevista.org\/edicion95\/revolucion-incluyente-lideres-que-aportan-a-la-inclusion-20210915\/\",\"url\":\"https:\/\/rsrevista.org\/edicion95\/revolucion-incluyente-lideres-que-aportan-a-la-inclusion-20210915\/\",\"name\":\"Revoluci\u00f3n incluyente: l\u00edderes que aportan a la inclusi\u00f3n - Revista RS Edici\u00f3n 95\",\"isPartOf\":{\"@id\":\"https:\/\/rsrevista.org\/edicion95\/#website\"},\"primaryImageOfPage\":{\"@id\":\"https:\/\/rsrevista.org\/edicion95\/revolucion-incluyente-lideres-que-aportan-a-la-inclusion-20210915\/#primaryimage\"},\"image\":{\"@id\":\"https:\/\/rsrevista.org\/edicion95\/revolucion-incluyente-lideres-que-aportan-a-la-inclusion-20210915\/#primaryimage\"},\"thumbnailUrl\":\"https:\/\/rsrevista.org\/edicion95\/wp-content\/uploads\/sites\/5\/2021\/09\/RevistaRS_banner_Personaje_20210916.jpg\",\"datePublished\":\"2021-09-16T01:03:20+00:00\",\"dateModified\":\"2021-11-04T14:13:53+00:00\",\"author\":{\"@id\":\"https:\/\/rsrevista.org\/edicion95\/#\/schema\/person\/781e0e43b930b28f9267ae9a5dcbe3af\"},\"breadcrumb\":{\"@id\":\"https:\/\/rsrevista.org\/edicion95\/revolucion-incluyente-lideres-que-aportan-a-la-inclusion-20210915\/#breadcrumb\"},\"inLanguage\":\"es\",\"potentialAction\":[{\"@type\":\"ReadAction\",\"target\":[\"https:\/\/rsrevista.org\/edicion95\/revolucion-incluyente-lideres-que-aportan-a-la-inclusion-20210915\/\"]}]},{\"@type\":\"ImageObject\",\"inLanguage\":\"es\",\"@id\":\"https:\/\/rsrevista.org\/edicion95\/revolucion-incluyente-lideres-que-aportan-a-la-inclusion-20210915\/#primaryimage\",\"url\":\"https:\/\/rsrevista.org\/edicion95\/wp-content\/uploads\/sites\/5\/2021\/09\/RevistaRS_banner_Personaje_20210916.jpg\",\"contentUrl\":\"https:\/\/rsrevista.org\/edicion95\/wp-content\/uploads\/sites\/5\/2021\/09\/RevistaRS_banner_Personaje_20210916.jpg\",\"width\":1920,\"height\":1080},{\"@type\":\"BreadcrumbList\",\"@id\":\"https:\/\/rsrevista.org\/edicion95\/revolucion-incluyente-lideres-que-aportan-a-la-inclusion-20210915\/#breadcrumb\",\"itemListElement\":[{\"@type\":\"ListItem\",\"position\":1,\"name\":\"Portada\",\"item\":\"https:\/\/rsrevista.org\/edicion95\/\"},{\"@type\":\"ListItem\",\"position\":2,\"name\":\"Revoluci\u00f3n incluyente: l\u00edderes que aportan a la inclusi\u00f3n\"}]},{\"@type\":\"WebSite\",\"@id\":\"https:\/\/rsrevista.org\/edicion95\/#website\",\"url\":\"https:\/\/rsrevista.org\/edicion95\/\",\"name\":\"Revista RS Edici\u00f3n 95\",\"description\":\"Responsabilidad social y sostenibilidad\",\"potentialAction\":[{\"@type\":\"SearchAction\",\"target\":{\"@type\":\"EntryPoint\",\"urlTemplate\":\"https:\/\/rsrevista.org\/edicion95\/?s={search_term_string}\"},\"query-input\":{\"@type\":\"PropertyValueSpecification\",\"valueRequired\":true,\"valueName\":\"search_term_string\"}}],\"inLanguage\":\"es\"},{\"@type\":\"Person\",\"@id\":\"https:\/\/rsrevista.org\/edicion95\/#\/schema\/person\/781e0e43b930b28f9267ae9a5dcbe3af\",\"name\":\"Good\",\"image\":{\"@type\":\"ImageObject\",\"inLanguage\":\"es\",\"@id\":\"https:\/\/rsrevista.org\/edicion95\/#\/schema\/person\/image\/\",\"url\":\"https:\/\/secure.gravatar.com\/avatar\/b90085527cfd5e03250a8637fe5c0369?s=96&d=mm&r=g\",\"contentUrl\":\"https:\/\/secure.gravatar.com\/avatar\/b90085527cfd5e03250a8637fe5c0369?s=96&d=mm&r=g\",\"caption\":\"Good\"},\"sameAs\":[\"https:\/\/rsrevista.org\"],\"url\":\"https:\/\/rsrevista.org\/edicion95\/author\/good\/\"}]}<\/script>\n<!-- \/ Yoast SEO plugin. -->","yoast_head_json":{"title":"Revoluci\u00f3n incluyente: l\u00edderes que aportan a la inclusi\u00f3n - Revista RS Edici\u00f3n 95","robots":{"index":"index","follow":"follow","max-snippet":"max-snippet:-1","max-image-preview":"max-image-preview:large","max-video-preview":"max-video-preview:-1"},"canonical":"https:\/\/rsrevista.org\/edicion95\/revolucion-incluyente-lideres-que-aportan-a-la-inclusion-20210915\/","og_locale":"es_ES","og_type":"article","og_title":"Revoluci\u00f3n incluyente: l\u00edderes que aportan a la inclusi\u00f3n - Revista RS Edici\u00f3n 95","og_description":"Con m\u00e1s de 16 a\u00f1os de experiencia en la m\u00fasica. Diego Pe\u00f1uela m\u00e1s conocido como \u201cChalmy\u201d es el creador de una llamada Revoluci\u00f3n Incluyente que ha sido reconocida a nivel nacional y por la Presidencia de la Rep\u00fablica nombr\u00e1ndolo como\u00a0 uno de los \u201cL\u00edderes que aportan a la inclusi\u00f3n\u201d. Chalmy, ha creado una forma de [&hellip;]","og_url":"https:\/\/rsrevista.org\/edicion95\/revolucion-incluyente-lideres-que-aportan-a-la-inclusion-20210915\/","og_site_name":"Revista RS Edici\u00f3n 95","article_published_time":"2021-09-16T01:03:20+00:00","article_modified_time":"2021-11-04T14:13:53+00:00","og_image":[{"width":1920,"height":1080,"url":"https:\/\/rsrevista.org\/edicion95\/wp-content\/uploads\/sites\/5\/2021\/09\/RevistaRS_banner_Personaje_20210916.jpg","type":"image\/jpeg"}],"author":"Good","twitter_card":"summary_large_image","twitter_misc":{"Escrito por":"Good","Tiempo de lectura":"2 minutos"},"schema":{"@context":"https:\/\/schema.org","@graph":[{"@type":"WebPage","@id":"https:\/\/rsrevista.org\/edicion95\/revolucion-incluyente-lideres-que-aportan-a-la-inclusion-20210915\/","url":"https:\/\/rsrevista.org\/edicion95\/revolucion-incluyente-lideres-que-aportan-a-la-inclusion-20210915\/","name":"Revoluci\u00f3n incluyente: l\u00edderes que aportan a la inclusi\u00f3n - Revista RS Edici\u00f3n 95","isPartOf":{"@id":"https:\/\/rsrevista.org\/edicion95\/#website"},"primaryImageOfPage":{"@id":"https:\/\/rsrevista.org\/edicion95\/revolucion-incluyente-lideres-que-aportan-a-la-inclusion-20210915\/#primaryimage"},"image":{"@id":"https:\/\/rsrevista.org\/edicion95\/revolucion-incluyente-lideres-que-aportan-a-la-inclusion-20210915\/#primaryimage"},"thumbnailUrl":"https:\/\/rsrevista.org\/edicion95\/wp-content\/uploads\/sites\/5\/2021\/09\/RevistaRS_banner_Personaje_20210916.jpg","datePublished":"2021-09-16T01:03:20+00:00","dateModified":"2021-11-04T14:13:53+00:00","author":{"@id":"https:\/\/rsrevista.org\/edicion95\/#\/schema\/person\/781e0e43b930b28f9267ae9a5dcbe3af"},"breadcrumb":{"@id":"https:\/\/rsrevista.org\/edicion95\/revolucion-incluyente-lideres-que-aportan-a-la-inclusion-20210915\/#breadcrumb"},"inLanguage":"es","potentialAction":[{"@type":"ReadAction","target":["https:\/\/rsrevista.org\/edicion95\/revolucion-incluyente-lideres-que-aportan-a-la-inclusion-20210915\/"]}]},{"@type":"ImageObject","inLanguage":"es","@id":"https:\/\/rsrevista.org\/edicion95\/revolucion-incluyente-lideres-que-aportan-a-la-inclusion-20210915\/#primaryimage","url":"https:\/\/rsrevista.org\/edicion95\/wp-content\/uploads\/sites\/5\/2021\/09\/RevistaRS_banner_Personaje_20210916.jpg","contentUrl":"https:\/\/rsrevista.org\/edicion95\/wp-content\/uploads\/sites\/5\/2021\/09\/RevistaRS_banner_Personaje_20210916.jpg","width":1920,"height":1080},{"@type":"BreadcrumbList","@id":"https:\/\/rsrevista.org\/edicion95\/revolucion-incluyente-lideres-que-aportan-a-la-inclusion-20210915\/#breadcrumb","itemListElement":[{"@type":"ListItem","position":1,"name":"Portada","item":"https:\/\/rsrevista.org\/edicion95\/"},{"@type":"ListItem","position":2,"name":"Revoluci\u00f3n incluyente: l\u00edderes que aportan a la inclusi\u00f3n"}]},{"@type":"WebSite","@id":"https:\/\/rsrevista.org\/edicion95\/#website","url":"https:\/\/rsrevista.org\/edicion95\/","name":"Revista RS Edici\u00f3n 95","description":"Responsabilidad social y sostenibilidad","potentialAction":[{"@type":"SearchAction","target":{"@type":"EntryPoint","urlTemplate":"https:\/\/rsrevista.org\/edicion95\/?s={search_term_string}"},"query-input":{"@type":"PropertyValueSpecification","valueRequired":true,"valueName":"search_term_string"}}],"inLanguage":"es"},{"@type":"Person","@id":"https:\/\/rsrevista.org\/edicion95\/#\/schema\/person\/781e0e43b930b28f9267ae9a5dcbe3af","name":"Good","image":{"@type":"ImageObject","inLanguage":"es","@id":"https:\/\/rsrevista.org\/edicion95\/#\/schema\/person\/image\/","url":"https:\/\/secure.gravatar.com\/avatar\/b90085527cfd5e03250a8637fe5c0369?s=96&d=mm&r=g","contentUrl":"https:\/\/secure.gravatar.com\/avatar\/b90085527cfd5e03250a8637fe5c0369?s=96&d=mm&r=g","caption":"Good"},"sameAs":["https:\/\/rsrevista.org"],"url":"https:\/\/rsrevista.org\/edicion95\/author\/good\/"}]}},"_links":{"self":[{"href":"https:\/\/rsrevista.org\/edicion95\/wp-json\/wp\/v2\/posts\/4922"}],"collection":[{"href":"https:\/\/rsrevista.org\/edicion95\/wp-json\/wp\/v2\/posts"}],"about":[{"href":"https:\/\/rsrevista.org\/edicion95\/wp-json\/wp\/v2\/types\/post"}],"author":[{"embeddable":true,"href":"https:\/\/rsrevista.org\/edicion95\/wp-json\/wp\/v2\/users\/1"}],"replies":[{"embeddable":true,"href":"https:\/\/rsrevista.org\/edicion95\/wp-json\/wp\/v2\/comments?post=4922"}],"version-history":[{"count":7,"href":"https:\/\/rsrevista.org\/edicion95\/wp-json\/wp\/v2\/posts\/4922\/revisions"}],"predecessor-version":[{"id":5214,"href":"https:\/\/rsrevista.org\/edicion95\/wp-json\/wp\/v2\/posts\/4922\/revisions\/5214"}],"wp:featuredmedia":[{"embeddable":true,"href":"https:\/\/rsrevista.org\/edicion95\/wp-json\/wp\/v2\/media\/5065"}],"wp:attachment":[{"href":"https:\/\/rsrevista.org\/edicion95\/wp-json\/wp\/v2\/media?parent=4922"}],"wp:term":[{"taxonomy":"category","embeddable":true,"href":"https:\/\/rsrevista.org\/edicion95\/wp-json\/wp\/v2\/categories?post=4922"},{"taxonomy":"post_tag","embeddable":true,"href":"https:\/\/rsrevista.org\/edicion95\/wp-json\/wp\/v2\/tags?post=4922"}],"curies":[{"name":"wp","href":"https:\/\/api.w.org\/{rel}","templated":true}]}}