{"id":4867,"date":"2021-09-15T18:53:55","date_gmt":"2021-09-15T23:53:55","guid":{"rendered":"https:\/\/rsrevista.org\/edicion95\/?p=4867"},"modified":"2021-09-27T14:02:39","modified_gmt":"2021-09-27T19:02:39","slug":"rumbo-a-la-cop26-el-rol-de-los-jovenes-en-la-accion-climatica","status":"publish","type":"post","link":"https:\/\/rsrevista.org\/edicion95\/rumbo-a-la-cop26-el-rol-de-los-jovenes-en-la-accion-climatica-20210915\/","title":{"rendered":"Rumbo a la COP26: el rol de los j\u00f3venes en la acci\u00f3n clim\u00e1tica"},"content":{"rendered":"<p><span style=\"font-weight: 400\">La conferencia virtual \u201cRumbo a la COP26: el rol de los j\u00f3venes en la acci\u00f3n clim\u00e1tica\u201d organizado por el Youth Congress for Sustainable Americas y su iniciativa Knowledge Sharing Initiative se realiz\u00f3 el 22 de julio que se centra en el actuar frente a la crisis clim\u00e1tica que se vive.<\/span><\/p>\n<p class=\"eut-dropcap\"> En esta primera serie de actividades virtuales para compartir conocimiento, se tuvo la presencia de cuatro especialistas (Mar\u00eda Caballero, Azul Schvartzman, Helen Guti\u00e9rrez y Mar\u00eda Alejandra Aguilar) en acci\u00f3n clim\u00e1tica de igual n\u00famero de pa\u00edses de Am\u00e9rica Latina, con sus diferentes motivadores unidos al prop\u00f3sito com\u00fan del equilibrio ambiental.<\/p>\n<p><span style=\"font-weight: 400\">El cambio clim\u00e1tico tiene efectos econ\u00f3micos directos, como v\u00edas mar\u00edtimas cerradas y degradamiento de la producci\u00f3n agr\u00edcola, entre otros, por lo que sorprende c\u00f3mo las autoridades ponen primero el desarrollo econ\u00f3mico que el medio ambiente, sin entender que est\u00e1n \u00edntimamente relacionados.<\/span><\/p>\n\n\n<blockquote class=\"wp-block-quote is-layout-flow wp-block-quote-is-layout-flow\"><p>No abordar la crisis clim\u00e1tica va a acrecentar las dos crisis: la econ\u00f3mica y la clim\u00e1tica<\/p><cite>Azul Schvartzman, Especialista en Acci\u00f3n Clim\u00e1tica<\/cite><\/blockquote>\n\n\n<p><span style=\"font-weight: 400\">Adem\u00e1s Alejandra Aguilar agreg\u00f3 que Am\u00e9rica Latina est\u00e1 en crecimiento y, por tanto, las emisiones que se produzcan van a aumentar y se acrecentar\u00e1 la vulnerabilidad ante el cambio clim\u00e1tico. Del mismo modo, Helen Guti\u00e9rrez manifest\u00f3 su preocupaci\u00f3n por la aparici\u00f3n cada vez m\u00e1s frecuente y extrema de eventos clim\u00e1ticos muy fuertes, que aparec\u00edan antes cada ciertas d\u00e9cadas.<\/span><\/p>\n<h6><b>El rol de la juventud<\/b><\/h6>\n<p><span style=\"font-weight: 400\">El rol de las personas j\u00f3venes es cada vez es m\u00e1s evidente, pues gran parte del movimiento clim\u00e1tico viene desde las juventudes sin importar que est\u00e9n o no representadas en los espacios de toma de decisi\u00f3n.<\/span><\/p>\n<p class=\"eut-dropcap\">Mar\u00eda Caballero dijo que es necesario tener espacios que reconozcan la importancia de las juventudes, las cuales deben ser reconocidas como un grupo de inter\u00e9s en los espacios de la acci\u00f3n clim\u00e1tica a nivel institucional, como la COP26.<\/p>\n<p><span style=\"font-weight: 400\">En cuanto a la Conferencia de las Naciones Unidas sobre el Cambio Clim\u00e1tico de 2021, conocida como COP26, las panelistas hablaron sobre el poco tiempo que queda para mitigar los efectos de la crisis clim\u00e1tica.<\/span><\/p>\n<p class=\"eut-dropcap\">Por otro lado, confiaron en que se tenga un piso de inclusi\u00f3n y representatividad, adem\u00e1s de llevarse a cabo negociaciones adecuadas y fruct\u00edferas, que respondan a preguntas como \u00bfqu\u00e9 implicar\u00e1n esos compromisos neto cero de los pa\u00edses que ya empezaron a dibujar esos compromisos? y \u00bfc\u00f3mo se van a lograr los 100 billones de d\u00f3lares de financiamiento para combatir el cambio clim\u00e1tico?<\/p>","protected":false},"excerpt":{"rendered":"<p>La conferencia virtual \u201cRumbo a la COP26: el rol de los j\u00f3venes en la acci\u00f3n clim\u00e1tica\u201d organizado por el Youth Congress for Sustainable Americas y su iniciativa Knowledge Sharing Initiative se realiz\u00f3 el 22 de julio que se centra en el actuar frente a la crisis clim\u00e1tica que se vive. En esta primera serie de [&hellip;]<\/p>\n","protected":false},"author":1,"featured_media":5157,"comment_status":"open","ping_status":"open","sticky":false,"template":"","format":"standard","meta":{"footnotes":""},"categories":[35],"tags":[],"class_list":["post-4867","post","type-post","status-publish","format-standard","has-post-thumbnail","hentry","category-eventos"],"yoast_head":"<!-- This site is optimized with the Yoast SEO plugin v23.9 - https:\/\/yoast.com\/wordpress\/plugins\/seo\/ -->\n<title>Rumbo a la COP26: el rol de los j\u00f3venes en la acci\u00f3n clim\u00e1tica - Revista RS Edici\u00f3n 95<\/title>\n<meta name=\"robots\" content=\"index, follow, max-snippet:-1, max-image-preview:large, max-video-preview:-1\" \/>\n<link rel=\"canonical\" href=\"https:\/\/rsrevista.org\/edicion95\/rumbo-a-la-cop26-el-rol-de-los-jovenes-en-la-accion-climatica-20210915\/\" \/>\n<meta property=\"og:locale\" content=\"es_ES\" \/>\n<meta property=\"og:type\" content=\"article\" \/>\n<meta property=\"og:title\" content=\"Rumbo a la COP26: el rol de los j\u00f3venes en la acci\u00f3n clim\u00e1tica - Revista RS Edici\u00f3n 95\" \/>\n<meta property=\"og:description\" content=\"La conferencia virtual \u201cRumbo a la COP26: el rol de los j\u00f3venes en la acci\u00f3n clim\u00e1tica\u201d organizado por el Youth Congress for Sustainable Americas y su iniciativa Knowledge Sharing Initiative se realiz\u00f3 el 22 de julio que se centra en el actuar frente a la crisis clim\u00e1tica que se vive. En esta primera serie de [&hellip;]\" \/>\n<meta property=\"og:url\" content=\"https:\/\/rsrevista.org\/edicion95\/rumbo-a-la-cop26-el-rol-de-los-jovenes-en-la-accion-climatica-20210915\/\" \/>\n<meta property=\"og:site_name\" content=\"Revista RS Edici\u00f3n 95\" \/>\n<meta property=\"article:published_time\" content=\"2021-09-15T23:53:55+00:00\" \/>\n<meta property=\"article:modified_time\" content=\"2021-09-27T19:02:39+00:00\" \/>\n<meta property=\"og:image\" content=\"https:\/\/rsrevista.org\/edicion95\/wp-content\/uploads\/sites\/5\/2021\/09\/RevistaRS_5_Rumbo-a-la-COP26_20210924.jpg\" \/>\n\t<meta property=\"og:image:width\" content=\"999\" \/>\n\t<meta property=\"og:image:height\" content=\"562\" \/>\n\t<meta property=\"og:image:type\" content=\"image\/jpeg\" \/>\n<meta name=\"author\" content=\"Good\" \/>\n<meta name=\"twitter:card\" content=\"summary_large_image\" \/>\n<meta name=\"twitter:label1\" content=\"Escrito por\" \/>\n\t<meta name=\"twitter:data1\" content=\"Good\" \/>\n\t<meta name=\"twitter:label2\" content=\"Tiempo de lectura\" \/>\n\t<meta name=\"twitter:data2\" content=\"2 minutos\" \/>\n<script type=\"application\/ld+json\" class=\"yoast-schema-graph\">{\"@context\":\"https:\/\/schema.org\",\"@graph\":[{\"@type\":\"WebPage\",\"@id\":\"https:\/\/rsrevista.org\/edicion95\/rumbo-a-la-cop26-el-rol-de-los-jovenes-en-la-accion-climatica-20210915\/\",\"url\":\"https:\/\/rsrevista.org\/edicion95\/rumbo-a-la-cop26-el-rol-de-los-jovenes-en-la-accion-climatica-20210915\/\",\"name\":\"Rumbo a la COP26: el rol de los j\u00f3venes en la acci\u00f3n clim\u00e1tica - Revista RS Edici\u00f3n 95\",\"isPartOf\":{\"@id\":\"https:\/\/rsrevista.org\/edicion95\/#website\"},\"primaryImageOfPage\":{\"@id\":\"https:\/\/rsrevista.org\/edicion95\/rumbo-a-la-cop26-el-rol-de-los-jovenes-en-la-accion-climatica-20210915\/#primaryimage\"},\"image\":{\"@id\":\"https:\/\/rsrevista.org\/edicion95\/rumbo-a-la-cop26-el-rol-de-los-jovenes-en-la-accion-climatica-20210915\/#primaryimage\"},\"thumbnailUrl\":\"https:\/\/rsrevista.org\/edicion95\/wp-content\/uploads\/sites\/5\/2021\/09\/RevistaRS_5_Rumbo-a-la-COP26_20210924.jpg\",\"datePublished\":\"2021-09-15T23:53:55+00:00\",\"dateModified\":\"2021-09-27T19:02:39+00:00\",\"author\":{\"@id\":\"https:\/\/rsrevista.org\/edicion95\/#\/schema\/person\/781e0e43b930b28f9267ae9a5dcbe3af\"},\"breadcrumb\":{\"@id\":\"https:\/\/rsrevista.org\/edicion95\/rumbo-a-la-cop26-el-rol-de-los-jovenes-en-la-accion-climatica-20210915\/#breadcrumb\"},\"inLanguage\":\"es\",\"potentialAction\":[{\"@type\":\"ReadAction\",\"target\":[\"https:\/\/rsrevista.org\/edicion95\/rumbo-a-la-cop26-el-rol-de-los-jovenes-en-la-accion-climatica-20210915\/\"]}]},{\"@type\":\"ImageObject\",\"inLanguage\":\"es\",\"@id\":\"https:\/\/rsrevista.org\/edicion95\/rumbo-a-la-cop26-el-rol-de-los-jovenes-en-la-accion-climatica-20210915\/#primaryimage\",\"url\":\"https:\/\/rsrevista.org\/edicion95\/wp-content\/uploads\/sites\/5\/2021\/09\/RevistaRS_5_Rumbo-a-la-COP26_20210924.jpg\",\"contentUrl\":\"https:\/\/rsrevista.org\/edicion95\/wp-content\/uploads\/sites\/5\/2021\/09\/RevistaRS_5_Rumbo-a-la-COP26_20210924.jpg\",\"width\":999,\"height\":562},{\"@type\":\"BreadcrumbList\",\"@id\":\"https:\/\/rsrevista.org\/edicion95\/rumbo-a-la-cop26-el-rol-de-los-jovenes-en-la-accion-climatica-20210915\/#breadcrumb\",\"itemListElement\":[{\"@type\":\"ListItem\",\"position\":1,\"name\":\"Portada\",\"item\":\"https:\/\/rsrevista.org\/edicion95\/\"},{\"@type\":\"ListItem\",\"position\":2,\"name\":\"Rumbo a la COP26: el rol de los j\u00f3venes en la acci\u00f3n clim\u00e1tica\"}]},{\"@type\":\"WebSite\",\"@id\":\"https:\/\/rsrevista.org\/edicion95\/#website\",\"url\":\"https:\/\/rsrevista.org\/edicion95\/\",\"name\":\"Revista RS Edici\u00f3n 95\",\"description\":\"Responsabilidad social y sostenibilidad\",\"potentialAction\":[{\"@type\":\"SearchAction\",\"target\":{\"@type\":\"EntryPoint\",\"urlTemplate\":\"https:\/\/rsrevista.org\/edicion95\/?s={search_term_string}\"},\"query-input\":{\"@type\":\"PropertyValueSpecification\",\"valueRequired\":true,\"valueName\":\"search_term_string\"}}],\"inLanguage\":\"es\"},{\"@type\":\"Person\",\"@id\":\"https:\/\/rsrevista.org\/edicion95\/#\/schema\/person\/781e0e43b930b28f9267ae9a5dcbe3af\",\"name\":\"Good\",\"image\":{\"@type\":\"ImageObject\",\"inLanguage\":\"es\",\"@id\":\"https:\/\/rsrevista.org\/edicion95\/#\/schema\/person\/image\/\",\"url\":\"https:\/\/secure.gravatar.com\/avatar\/b90085527cfd5e03250a8637fe5c0369?s=96&d=mm&r=g\",\"contentUrl\":\"https:\/\/secure.gravatar.com\/avatar\/b90085527cfd5e03250a8637fe5c0369?s=96&d=mm&r=g\",\"caption\":\"Good\"},\"sameAs\":[\"https:\/\/rsrevista.org\"],\"url\":\"https:\/\/rsrevista.org\/edicion95\/author\/good\/\"}]}<\/script>\n<!-- \/ Yoast SEO plugin. -->","yoast_head_json":{"title":"Rumbo a la COP26: el rol de los j\u00f3venes en la acci\u00f3n clim\u00e1tica - Revista RS Edici\u00f3n 95","robots":{"index":"index","follow":"follow","max-snippet":"max-snippet:-1","max-image-preview":"max-image-preview:large","max-video-preview":"max-video-preview:-1"},"canonical":"https:\/\/rsrevista.org\/edicion95\/rumbo-a-la-cop26-el-rol-de-los-jovenes-en-la-accion-climatica-20210915\/","og_locale":"es_ES","og_type":"article","og_title":"Rumbo a la COP26: el rol de los j\u00f3venes en la acci\u00f3n clim\u00e1tica - Revista RS Edici\u00f3n 95","og_description":"La conferencia virtual \u201cRumbo a la COP26: el rol de los j\u00f3venes en la acci\u00f3n clim\u00e1tica\u201d organizado por el Youth Congress for Sustainable Americas y su iniciativa Knowledge Sharing Initiative se realiz\u00f3 el 22 de julio que se centra en el actuar frente a la crisis clim\u00e1tica que se vive. En esta primera serie de [&hellip;]","og_url":"https:\/\/rsrevista.org\/edicion95\/rumbo-a-la-cop26-el-rol-de-los-jovenes-en-la-accion-climatica-20210915\/","og_site_name":"Revista RS Edici\u00f3n 95","article_published_time":"2021-09-15T23:53:55+00:00","article_modified_time":"2021-09-27T19:02:39+00:00","og_image":[{"width":999,"height":562,"url":"https:\/\/rsrevista.org\/edicion95\/wp-content\/uploads\/sites\/5\/2021\/09\/RevistaRS_5_Rumbo-a-la-COP26_20210924.jpg","type":"image\/jpeg"}],"author":"Good","twitter_card":"summary_large_image","twitter_misc":{"Escrito por":"Good","Tiempo de lectura":"2 minutos"},"schema":{"@context":"https:\/\/schema.org","@graph":[{"@type":"WebPage","@id":"https:\/\/rsrevista.org\/edicion95\/rumbo-a-la-cop26-el-rol-de-los-jovenes-en-la-accion-climatica-20210915\/","url":"https:\/\/rsrevista.org\/edicion95\/rumbo-a-la-cop26-el-rol-de-los-jovenes-en-la-accion-climatica-20210915\/","name":"Rumbo a la COP26: el rol de los j\u00f3venes en la acci\u00f3n clim\u00e1tica - Revista RS Edici\u00f3n 95","isPartOf":{"@id":"https:\/\/rsrevista.org\/edicion95\/#website"},"primaryImageOfPage":{"@id":"https:\/\/rsrevista.org\/edicion95\/rumbo-a-la-cop26-el-rol-de-los-jovenes-en-la-accion-climatica-20210915\/#primaryimage"},"image":{"@id":"https:\/\/rsrevista.org\/edicion95\/rumbo-a-la-cop26-el-rol-de-los-jovenes-en-la-accion-climatica-20210915\/#primaryimage"},"thumbnailUrl":"https:\/\/rsrevista.org\/edicion95\/wp-content\/uploads\/sites\/5\/2021\/09\/RevistaRS_5_Rumbo-a-la-COP26_20210924.jpg","datePublished":"2021-09-15T23:53:55+00:00","dateModified":"2021-09-27T19:02:39+00:00","author":{"@id":"https:\/\/rsrevista.org\/edicion95\/#\/schema\/person\/781e0e43b930b28f9267ae9a5dcbe3af"},"breadcrumb":{"@id":"https:\/\/rsrevista.org\/edicion95\/rumbo-a-la-cop26-el-rol-de-los-jovenes-en-la-accion-climatica-20210915\/#breadcrumb"},"inLanguage":"es","potentialAction":[{"@type":"ReadAction","target":["https:\/\/rsrevista.org\/edicion95\/rumbo-a-la-cop26-el-rol-de-los-jovenes-en-la-accion-climatica-20210915\/"]}]},{"@type":"ImageObject","inLanguage":"es","@id":"https:\/\/rsrevista.org\/edicion95\/rumbo-a-la-cop26-el-rol-de-los-jovenes-en-la-accion-climatica-20210915\/#primaryimage","url":"https:\/\/rsrevista.org\/edicion95\/wp-content\/uploads\/sites\/5\/2021\/09\/RevistaRS_5_Rumbo-a-la-COP26_20210924.jpg","contentUrl":"https:\/\/rsrevista.org\/edicion95\/wp-content\/uploads\/sites\/5\/2021\/09\/RevistaRS_5_Rumbo-a-la-COP26_20210924.jpg","width":999,"height":562},{"@type":"BreadcrumbList","@id":"https:\/\/rsrevista.org\/edicion95\/rumbo-a-la-cop26-el-rol-de-los-jovenes-en-la-accion-climatica-20210915\/#breadcrumb","itemListElement":[{"@type":"ListItem","position":1,"name":"Portada","item":"https:\/\/rsrevista.org\/edicion95\/"},{"@type":"ListItem","position":2,"name":"Rumbo a la COP26: el rol de los j\u00f3venes en la acci\u00f3n clim\u00e1tica"}]},{"@type":"WebSite","@id":"https:\/\/rsrevista.org\/edicion95\/#website","url":"https:\/\/rsrevista.org\/edicion95\/","name":"Revista RS Edici\u00f3n 95","description":"Responsabilidad social y sostenibilidad","potentialAction":[{"@type":"SearchAction","target":{"@type":"EntryPoint","urlTemplate":"https:\/\/rsrevista.org\/edicion95\/?s={search_term_string}"},"query-input":{"@type":"PropertyValueSpecification","valueRequired":true,"valueName":"search_term_string"}}],"inLanguage":"es"},{"@type":"Person","@id":"https:\/\/rsrevista.org\/edicion95\/#\/schema\/person\/781e0e43b930b28f9267ae9a5dcbe3af","name":"Good","image":{"@type":"ImageObject","inLanguage":"es","@id":"https:\/\/rsrevista.org\/edicion95\/#\/schema\/person\/image\/","url":"https:\/\/secure.gravatar.com\/avatar\/b90085527cfd5e03250a8637fe5c0369?s=96&d=mm&r=g","contentUrl":"https:\/\/secure.gravatar.com\/avatar\/b90085527cfd5e03250a8637fe5c0369?s=96&d=mm&r=g","caption":"Good"},"sameAs":["https:\/\/rsrevista.org"],"url":"https:\/\/rsrevista.org\/edicion95\/author\/good\/"}]}},"_links":{"self":[{"href":"https:\/\/rsrevista.org\/edicion95\/wp-json\/wp\/v2\/posts\/4867"}],"collection":[{"href":"https:\/\/rsrevista.org\/edicion95\/wp-json\/wp\/v2\/posts"}],"about":[{"href":"https:\/\/rsrevista.org\/edicion95\/wp-json\/wp\/v2\/types\/post"}],"author":[{"embeddable":true,"href":"https:\/\/rsrevista.org\/edicion95\/wp-json\/wp\/v2\/users\/1"}],"replies":[{"embeddable":true,"href":"https:\/\/rsrevista.org\/edicion95\/wp-json\/wp\/v2\/comments?post=4867"}],"version-history":[{"count":5,"href":"https:\/\/rsrevista.org\/edicion95\/wp-json\/wp\/v2\/posts\/4867\/revisions"}],"predecessor-version":[{"id":4940,"href":"https:\/\/rsrevista.org\/edicion95\/wp-json\/wp\/v2\/posts\/4867\/revisions\/4940"}],"wp:featuredmedia":[{"embeddable":true,"href":"https:\/\/rsrevista.org\/edicion95\/wp-json\/wp\/v2\/media\/5157"}],"wp:attachment":[{"href":"https:\/\/rsrevista.org\/edicion95\/wp-json\/wp\/v2\/media?parent=4867"}],"wp:term":[{"taxonomy":"category","embeddable":true,"href":"https:\/\/rsrevista.org\/edicion95\/wp-json\/wp\/v2\/categories?post=4867"},{"taxonomy":"post_tag","embeddable":true,"href":"https:\/\/rsrevista.org\/edicion95\/wp-json\/wp\/v2\/tags?post=4867"}],"curies":[{"name":"wp","href":"https:\/\/api.w.org\/{rel}","templated":true}]}}