{"id":4829,"date":"2021-09-14T22:20:02","date_gmt":"2021-09-15T03:20:02","guid":{"rendered":"https:\/\/rsrevista.org\/edicion95\/?p=4829"},"modified":"2021-09-27T13:59:20","modified_gmt":"2021-09-27T18:59:20","slug":"observatorio-tendencias-en-rsc-y-sostenibilidad-en-iberoamerica","status":"publish","type":"post","link":"https:\/\/rsrevista.org\/edicion95\/observatorio-tendencias-en-rsc-y-sostenibilidad-en-iberoamerica-20210914\/","title":{"rendered":"Observatorio \u201cTendencias en RSC y Sostenibilidad en Iberoam\u00e9rica\u201d"},"content":{"rendered":"<p><span style=\"font-weight: 400\">El 27 de julio se present\u00f3 el <\/span><strong>I Observatorio \u201cTendencias en RSC y Sostenibilidad en Iberoam\u00e9rica\u201d<\/strong><span style=\"font-weight: 400\"><strong>,<\/strong> realizado por EAE Business School en colaboraci\u00f3n con CEAPI, Consejo Empresarial Alianza por Iberoam\u00e9rica. El observatorio se centr\u00f3 en los Objetivos de Desarrollo Sostenible -ODS- y las buenas pr\u00e1cticas de empresas de Espa\u00f1a y Am\u00e9rica Latina, l\u00edderes en su sector en materia de sostenibilidad.&nbsp;<\/span><\/p>\n<p class=\"eut-dropcap\">El contexto actual, caracterizado por las consecuencias econ\u00f3micas y sociales derivadas de la Covid-19, ha puesto el foco en la necesidad de que las empresas implementen planes de acci\u00f3n basados en la Responsabilidad Social Corporativa -RSC- y sostenibilidad. Esta materia coge cada vez m\u00e1s importancia y exige a las organizaciones que asuman un nuevo rol para afrontar la realidad.<\/p>\n<p><span style=\"font-weight: 400\">Tras la pandemia, el <\/span><strong>99%<\/strong><span style=\"font-weight: 400\"> de las empresas iberoamericanas conf\u00edan a futuro en la Sostenibilidad y la RSC, el <\/span><strong>83%<\/strong><span style=\"font-weight: 400\"> entiende la RSC como una estrategia relacionada con la forma de generar ingresos maximizando los impactos positivos del negocio y el <\/span><strong>95%<\/strong><span style=\"font-weight: 400\"> como un marco de colaboraci\u00f3n incluso con empresas de la competencia.<\/span><\/p>\n<p class=\"eut-dropcap\">Estos datos se desprenden del I Observatorio \u2018Tendencias en RSC y Sostenibilidad en Iberoam\u00e9rica\u2018 para analizar la realidad de las empresas iberoamericanas en la etapa post-covid19. La muestra incluye un total de <strong>102 compa\u00f1\u00edas de 14 pa\u00edses diferentes y de sectores de actividad distintos como energ\u00eda y recursos naturales, banca y seguros, fabricaci\u00f3n y alimentaci\u00f3n, entre otros. El perfil de las empresas encuestadas destaca por su tama\u00f1o: m\u00e1s de la mitad de las participantes facturan m\u00e1s de un bill\u00f3n de d\u00f3lares al a\u00f1o y una de cada cinco lo hace por encima de cinco billones. Son, adem\u00e1s, organizaciones l\u00edderes en su sector, que aparecen en los principales rankings empresariales del territorio.<\/strong><\/p>\n<p><span style=\"font-weight: 400\">Algunas de las empresas participantes son: Avianca, Grupo Energ\u00eda Bogot\u00e1, Empresas P\u00fablicas de Medell\u00edn (EPM), Organizaci\u00f3n Terpel S.A., Cementos Argos, Interconexi\u00f3n El\u00e9ctrica S.A. (ISA), COOMEVA, ECOPETROL, Valorem, Nalsani S.A.S. (TOTTO), Grupo Nutresa, Grupo Aval, AMARILLO SAS, Carvajal S.A., y COLOMBINA S.A., entre otros.<\/span><\/p>\n<p class=\"eut-dropcap\">Durante la presentaci\u00f3n, celebrada el 27 de julio, Yonatan Bursztyn, Presidente de Nalsani S.A.S. -TOTTO-; Bernardo Vargas, Presidente de Interconexi\u00f3n El\u00e9ctrica S.A. -ISA-; y N\u00faria Vilanova, Presidenta de CEAPI, han expuesto su punto de vista y su experiencia como actores del cambio responsable. Los empresarios intervinieron en un conversatorio, tras la muestra del estudio de la mano de Bethlem Boronat, experta en sostenibilidad y Directora del M\u00e1ster en Customer Experience Innovation en EAE Business School.<\/p>\n<p><span style=\"font-weight: 400\">Estas dos compa\u00f1\u00edas no son las \u00fanicas representantes de Colombia. Y es que el caso de Bancolombia es otro de los ejemplos que este documento pone sobre la mesa. Desde 2007, la entidad presidida por Juan Carlos Mora introdujo la apuesta por la financiaci\u00f3n ESG como parte integral de su gesti\u00f3n. Actualmente, <\/span><strong>\u201cAmbici\u00f3n 2030\u201d<\/strong> <span style=\"font-weight: 400\">es otro de los proyectos que la entidad ya ha puesto en marcha para movilizar unos 140 billones de d\u00f3lares con los que financiar actividades sostenibles.<\/span><\/p>\n<p><span style=\"font-weight: 400\">Jos\u00e9 Luis Fern\u00e1ndez, Director General de EAE Business School, ha destacado que \u201cen colaboraci\u00f3n con CEAPI, y en nuestro compromiso por la sostenibilidad en el \u00e1mbito empresarial, hemos impulsado un Observatorio de estas caracter\u00edsticas con el objetivo de profundizar en el compromiso actual de las empresas iberoamericanas y poner de manifiesto la necesidad de implementar planes de acci\u00f3n transversales que aporten un valor real a la empresa y a la sociedad\u201c.<\/span><\/p>\n<p><span style=\"font-weight: 400\">Por su parte, N\u00faria Vilanova, Presidenta de CEAPI, ha asegurado que:<\/span><\/p>\n\n\n<blockquote class=\"wp-block-quote is-layout-flow wp-block-quote-is-layout-flow\"><p>El Informe desvela que se ha producido un gran cambio en c\u00f3mo las empresas perciben cu\u00e1l debe ser su rol dentro y para la sociedad. Las compa\u00f1\u00edas iberoamericanas no solo est\u00e1n convencidas de la necesidad de convertir la RSC y la sostenibilidad en uno de sus ejes principales, sino que apuestan por asumir el liderazgo en este aspecto.<\/p><\/blockquote>\n\n\n<h6><b>Un papel m\u00e1s activo de las empresas ante el reto de la RSC<\/b><\/h6>\n<p><span style=\"font-weight: 400\">Dos de cada tres organizaciones iberoamericanas consultadas expresan que asumir\u00e1n un rol m\u00e1s activo en la lucha contra los problemas de la sociedad tras la Covid-19. Reconocen su responsabilidad en este contexto y apuestan por convertirse en l\u00edderes a nivel social.&nbsp;<\/span><\/p>\n<p class=\"eut-dropcap\">De hecho, el 78% de las empresas participantes cree que la RSC ha de ir un paso por delante de la legislaci\u00f3n y anticiparse a los retos del futuro. Teniendo en cuenta que la sostenibilidad ser\u00e1 a\u00fan m\u00e1s importante en la etapa post-covid19, consideran este modelo como una apuesta segura para el futuro que debe permear de forma transversal por todas las \u00e1reas de la empresa.<\/p>\n<p><span style=\"font-weight: 400\">Para el 95% de las encuestadas la estrategia va m\u00e1s all\u00e1: supone un marco de colaboraci\u00f3n empresarial. No solo est\u00e1n dispuestas a unirse a proyectos responsables liderados por proveedores u organizaciones m\u00e1s peque\u00f1as, sino que adem\u00e1s reconocen un grado total de apertura a colaborar con la competencia para el bien com\u00fan y la preservaci\u00f3n del medioambiente. Concretamente, el sector empresarial colombiano considera en un 88,2% que deber\u00eda existir una estrategia global de RSC, frente a un 11,8% que aboga por que cada pa\u00eds desarrolle su propio plan.<\/span><\/p>\n<h6><b>Las nuevas prioridades empresariales tras la pandemia<\/b><\/h6>\n<p><span style=\"font-weight: 400\">Tal y como indica el I Observatorio \u2018Tendencias en RSC y Sostenibilidad en Iberoam\u00e9rica\u2019, los ODS ganan importancia para las empresas iberoamericanas en el periodo post-covid19, especialmente los que se refieren a paliar la crisis econ\u00f3mica y social actual: \u201cSalud y bienestar\u201d, \u201cFin de la pobreza\u201d, \u201cAlianzas para alcanzar los objetivos\u201d y \u201cReducci\u00f3n de desigualdades\u201d. Sin embargo, estos mismos son tambi\u00e9n percibidos como los m\u00e1s dif\u00edciles de alcanzar y solo la mitad de las empresas (52%) se ven capacitadas para accionarlos internamente sin dificultad.<\/span><\/p>\n<p class=\"eut-dropcap\">En el nuevo paradigma post-covid19, responder a las expectativas de los stakeholders internos (19%) pasa a ser la l\u00ednea de acci\u00f3n m\u00e1s importante para las empresas iberoamericanas. Los empleados son claves, por encima de los clientes y de la sociedad en su conjunto.<\/p>\n<p><span style=\"font-weight: 400\">En la era poscovid-19, Colombia destaca en el cuidado de sus empleados (18%), a lo que le sigue de cerca la apuesta por la cadena de suministros y productos (17,5%), el medioambiente (17,3%), la sociedad, (16,2%), los clientes (16,1%) y la gobernanza (15,8%). Ahora bien, los empresarios colombianos defienden en un 64,3% que la igualdad de g\u00e9nero mantendr\u00e1 la misma relevancia tras la crisis sanitaria.<\/span><\/p>\n<h6><b>Disponer de un \u00e1rea de RSC con recursos propios, clave para las empresas<\/b><\/h6>\n<p><span style=\"font-weight: 400\">Ocho de cada diez empresas (79%) consideran que<\/span> <strong>la incorporaci\u00f3n de un \u00e1rea espec\u00edfica para la funci\u00f3n de RSC supone una clara ventaja competitiva<\/strong><span style=\"font-weight: 400\">, ya que permite que estas se encuentren mejor preparadas para afrontar los nuevos retos que plantea el periodo post-covid19. El 100% de las empresas que cuentan con un volumen de negocio superior a cinco billones dispone de un departamento dedicado espec\u00edficamente a funciones de RSC.<\/span><\/p>\n<p class=\"eut-dropcap\">Aun as\u00ed, hoy en d\u00eda, una de cada tres empresas (36%) reconoce no tener un presupuesto concreto destinado a RSC porque cada departamento lo incorpora en su gesti\u00f3n diaria. Del I Observatorio \u2018Tendencias en RSC y Sostenibilidad en Iberoam\u00e9rica\u2019 tambi\u00e9n se desprende que, a medida que aumenta el tama\u00f1o de la empresa, m\u00e1s \u00e1reas incluyen dentro del presupuesto departamental el impulso de proyectos relacionados con la sostenibilidad. Por otro lado, el Informe revela que de las empresas que s\u00ed cuentan con un presupuesto dedicado exclusivamente a acciones RSC solo un 7% destina m\u00e1s del 1,5% de sus ingresos a tales proyectos.<\/p>\n<p><span style=\"font-weight: 400\">Por lo tanto, Bethlem Boronat de EAE Business School concluye que:<\/span><\/p>\n\n\n<blockquote class=\"wp-block-quote is-layout-flow wp-block-quote-is-layout-flow\"><p>Colombia tiene que ser un player fundamental para transmitir los valores de la sostenibilidad a todas las empresas iberoamericanas, por la responsabilidad que supone proteger un entorno natural tan privilegiado y por la influencia positiva que tendr\u00e1 el impacto social beneficioso de las pol\u00edticas que se desarrollen como espejo para otros pa\u00edses.<\/p><\/blockquote>\n","protected":false},"excerpt":{"rendered":"<p>El 27 de julio se present\u00f3 el I Observatorio \u201cTendencias en RSC y Sostenibilidad en Iberoam\u00e9rica\u201d, realizado por EAE Business School en colaboraci\u00f3n con CEAPI.<\/p>\n","protected":false},"author":1,"featured_media":5151,"comment_status":"open","ping_status":"open","sticky":false,"template":"","format":"standard","meta":{"footnotes":""},"categories":[35],"tags":[],"class_list":["post-4829","post","type-post","status-publish","format-standard","has-post-thumbnail","hentry","category-eventos"],"yoast_head":"<!-- This site is optimized with the Yoast SEO plugin v23.9 - https:\/\/yoast.com\/wordpress\/plugins\/seo\/ -->\n<title>Observatorio \u201cTendencias en RSC y Sostenibilidad en Iberoam\u00e9rica\u201d - Revista RS Edici\u00f3n 95<\/title>\n<meta name=\"robots\" content=\"index, follow, max-snippet:-1, max-image-preview:large, max-video-preview:-1\" \/>\n<link rel=\"canonical\" href=\"https:\/\/rsrevista.org\/edicion95\/observatorio-tendencias-en-rsc-y-sostenibilidad-en-iberoamerica-20210914\/\" \/>\n<meta property=\"og:locale\" content=\"es_ES\" \/>\n<meta property=\"og:type\" content=\"article\" \/>\n<meta property=\"og:title\" content=\"Observatorio \u201cTendencias en RSC y Sostenibilidad en Iberoam\u00e9rica\u201d - Revista RS Edici\u00f3n 95\" \/>\n<meta property=\"og:description\" content=\"El 27 de julio se present\u00f3 el I Observatorio \u201cTendencias en RSC y Sostenibilidad en Iberoam\u00e9rica\u201d, realizado por EAE Business School en colaboraci\u00f3n con CEAPI.\" \/>\n<meta property=\"og:url\" content=\"https:\/\/rsrevista.org\/edicion95\/observatorio-tendencias-en-rsc-y-sostenibilidad-en-iberoamerica-20210914\/\" \/>\n<meta property=\"og:site_name\" content=\"Revista RS Edici\u00f3n 95\" \/>\n<meta property=\"article:published_time\" content=\"2021-09-15T03:20:02+00:00\" \/>\n<meta property=\"article:modified_time\" content=\"2021-09-27T18:59:20+00:00\" \/>\n<meta property=\"og:image\" content=\"https:\/\/rsrevista.org\/edicion95\/wp-content\/uploads\/sites\/5\/2021\/09\/RevistaRS_7_Observatorio-Tendencias-en-RSC_20210924.jpg\" \/>\n\t<meta property=\"og:image:width\" content=\"999\" \/>\n\t<meta property=\"og:image:height\" content=\"562\" \/>\n\t<meta property=\"og:image:type\" content=\"image\/jpeg\" \/>\n<meta name=\"author\" content=\"Good\" \/>\n<meta name=\"twitter:card\" content=\"summary_large_image\" \/>\n<meta name=\"twitter:label1\" content=\"Escrito por\" \/>\n\t<meta name=\"twitter:data1\" content=\"Good\" \/>\n\t<meta name=\"twitter:label2\" content=\"Tiempo de lectura\" \/>\n\t<meta name=\"twitter:data2\" content=\"7 minutos\" \/>\n<script type=\"application\/ld+json\" class=\"yoast-schema-graph\">{\"@context\":\"https:\/\/schema.org\",\"@graph\":[{\"@type\":\"WebPage\",\"@id\":\"https:\/\/rsrevista.org\/edicion95\/observatorio-tendencias-en-rsc-y-sostenibilidad-en-iberoamerica-20210914\/\",\"url\":\"https:\/\/rsrevista.org\/edicion95\/observatorio-tendencias-en-rsc-y-sostenibilidad-en-iberoamerica-20210914\/\",\"name\":\"Observatorio \u201cTendencias en RSC y Sostenibilidad en Iberoam\u00e9rica\u201d - Revista RS Edici\u00f3n 95\",\"isPartOf\":{\"@id\":\"https:\/\/rsrevista.org\/edicion95\/#website\"},\"primaryImageOfPage\":{\"@id\":\"https:\/\/rsrevista.org\/edicion95\/observatorio-tendencias-en-rsc-y-sostenibilidad-en-iberoamerica-20210914\/#primaryimage\"},\"image\":{\"@id\":\"https:\/\/rsrevista.org\/edicion95\/observatorio-tendencias-en-rsc-y-sostenibilidad-en-iberoamerica-20210914\/#primaryimage\"},\"thumbnailUrl\":\"https:\/\/rsrevista.org\/edicion95\/wp-content\/uploads\/sites\/5\/2021\/09\/RevistaRS_7_Observatorio-Tendencias-en-RSC_20210924.jpg\",\"datePublished\":\"2021-09-15T03:20:02+00:00\",\"dateModified\":\"2021-09-27T18:59:20+00:00\",\"author\":{\"@id\":\"https:\/\/rsrevista.org\/edicion95\/#\/schema\/person\/781e0e43b930b28f9267ae9a5dcbe3af\"},\"breadcrumb\":{\"@id\":\"https:\/\/rsrevista.org\/edicion95\/observatorio-tendencias-en-rsc-y-sostenibilidad-en-iberoamerica-20210914\/#breadcrumb\"},\"inLanguage\":\"es\",\"potentialAction\":[{\"@type\":\"ReadAction\",\"target\":[\"https:\/\/rsrevista.org\/edicion95\/observatorio-tendencias-en-rsc-y-sostenibilidad-en-iberoamerica-20210914\/\"]}]},{\"@type\":\"ImageObject\",\"inLanguage\":\"es\",\"@id\":\"https:\/\/rsrevista.org\/edicion95\/observatorio-tendencias-en-rsc-y-sostenibilidad-en-iberoamerica-20210914\/#primaryimage\",\"url\":\"https:\/\/rsrevista.org\/edicion95\/wp-content\/uploads\/sites\/5\/2021\/09\/RevistaRS_7_Observatorio-Tendencias-en-RSC_20210924.jpg\",\"contentUrl\":\"https:\/\/rsrevista.org\/edicion95\/wp-content\/uploads\/sites\/5\/2021\/09\/RevistaRS_7_Observatorio-Tendencias-en-RSC_20210924.jpg\",\"width\":999,\"height\":562},{\"@type\":\"BreadcrumbList\",\"@id\":\"https:\/\/rsrevista.org\/edicion95\/observatorio-tendencias-en-rsc-y-sostenibilidad-en-iberoamerica-20210914\/#breadcrumb\",\"itemListElement\":[{\"@type\":\"ListItem\",\"position\":1,\"name\":\"Portada\",\"item\":\"https:\/\/rsrevista.org\/edicion95\/\"},{\"@type\":\"ListItem\",\"position\":2,\"name\":\"Observatorio \u201cTendencias en RSC y Sostenibilidad en Iberoam\u00e9rica\u201d\"}]},{\"@type\":\"WebSite\",\"@id\":\"https:\/\/rsrevista.org\/edicion95\/#website\",\"url\":\"https:\/\/rsrevista.org\/edicion95\/\",\"name\":\"Revista RS Edici\u00f3n 95\",\"description\":\"Responsabilidad social y sostenibilidad\",\"potentialAction\":[{\"@type\":\"SearchAction\",\"target\":{\"@type\":\"EntryPoint\",\"urlTemplate\":\"https:\/\/rsrevista.org\/edicion95\/?s={search_term_string}\"},\"query-input\":{\"@type\":\"PropertyValueSpecification\",\"valueRequired\":true,\"valueName\":\"search_term_string\"}}],\"inLanguage\":\"es\"},{\"@type\":\"Person\",\"@id\":\"https:\/\/rsrevista.org\/edicion95\/#\/schema\/person\/781e0e43b930b28f9267ae9a5dcbe3af\",\"name\":\"Good\",\"image\":{\"@type\":\"ImageObject\",\"inLanguage\":\"es\",\"@id\":\"https:\/\/rsrevista.org\/edicion95\/#\/schema\/person\/image\/\",\"url\":\"https:\/\/secure.gravatar.com\/avatar\/b90085527cfd5e03250a8637fe5c0369?s=96&d=mm&r=g\",\"contentUrl\":\"https:\/\/secure.gravatar.com\/avatar\/b90085527cfd5e03250a8637fe5c0369?s=96&d=mm&r=g\",\"caption\":\"Good\"},\"sameAs\":[\"https:\/\/rsrevista.org\"],\"url\":\"https:\/\/rsrevista.org\/edicion95\/author\/good\/\"}]}<\/script>\n<!-- \/ Yoast SEO plugin. -->","yoast_head_json":{"title":"Observatorio \u201cTendencias en RSC y Sostenibilidad en Iberoam\u00e9rica\u201d - Revista RS Edici\u00f3n 95","robots":{"index":"index","follow":"follow","max-snippet":"max-snippet:-1","max-image-preview":"max-image-preview:large","max-video-preview":"max-video-preview:-1"},"canonical":"https:\/\/rsrevista.org\/edicion95\/observatorio-tendencias-en-rsc-y-sostenibilidad-en-iberoamerica-20210914\/","og_locale":"es_ES","og_type":"article","og_title":"Observatorio \u201cTendencias en RSC y Sostenibilidad en Iberoam\u00e9rica\u201d - Revista RS Edici\u00f3n 95","og_description":"El 27 de julio se present\u00f3 el I Observatorio \u201cTendencias en RSC y Sostenibilidad en Iberoam\u00e9rica\u201d, realizado por EAE Business School en colaboraci\u00f3n con CEAPI.","og_url":"https:\/\/rsrevista.org\/edicion95\/observatorio-tendencias-en-rsc-y-sostenibilidad-en-iberoamerica-20210914\/","og_site_name":"Revista RS Edici\u00f3n 95","article_published_time":"2021-09-15T03:20:02+00:00","article_modified_time":"2021-09-27T18:59:20+00:00","og_image":[{"width":999,"height":562,"url":"https:\/\/rsrevista.org\/edicion95\/wp-content\/uploads\/sites\/5\/2021\/09\/RevistaRS_7_Observatorio-Tendencias-en-RSC_20210924.jpg","type":"image\/jpeg"}],"author":"Good","twitter_card":"summary_large_image","twitter_misc":{"Escrito por":"Good","Tiempo de lectura":"7 minutos"},"schema":{"@context":"https:\/\/schema.org","@graph":[{"@type":"WebPage","@id":"https:\/\/rsrevista.org\/edicion95\/observatorio-tendencias-en-rsc-y-sostenibilidad-en-iberoamerica-20210914\/","url":"https:\/\/rsrevista.org\/edicion95\/observatorio-tendencias-en-rsc-y-sostenibilidad-en-iberoamerica-20210914\/","name":"Observatorio \u201cTendencias en RSC y Sostenibilidad en Iberoam\u00e9rica\u201d - Revista RS Edici\u00f3n 95","isPartOf":{"@id":"https:\/\/rsrevista.org\/edicion95\/#website"},"primaryImageOfPage":{"@id":"https:\/\/rsrevista.org\/edicion95\/observatorio-tendencias-en-rsc-y-sostenibilidad-en-iberoamerica-20210914\/#primaryimage"},"image":{"@id":"https:\/\/rsrevista.org\/edicion95\/observatorio-tendencias-en-rsc-y-sostenibilidad-en-iberoamerica-20210914\/#primaryimage"},"thumbnailUrl":"https:\/\/rsrevista.org\/edicion95\/wp-content\/uploads\/sites\/5\/2021\/09\/RevistaRS_7_Observatorio-Tendencias-en-RSC_20210924.jpg","datePublished":"2021-09-15T03:20:02+00:00","dateModified":"2021-09-27T18:59:20+00:00","author":{"@id":"https:\/\/rsrevista.org\/edicion95\/#\/schema\/person\/781e0e43b930b28f9267ae9a5dcbe3af"},"breadcrumb":{"@id":"https:\/\/rsrevista.org\/edicion95\/observatorio-tendencias-en-rsc-y-sostenibilidad-en-iberoamerica-20210914\/#breadcrumb"},"inLanguage":"es","potentialAction":[{"@type":"ReadAction","target":["https:\/\/rsrevista.org\/edicion95\/observatorio-tendencias-en-rsc-y-sostenibilidad-en-iberoamerica-20210914\/"]}]},{"@type":"ImageObject","inLanguage":"es","@id":"https:\/\/rsrevista.org\/edicion95\/observatorio-tendencias-en-rsc-y-sostenibilidad-en-iberoamerica-20210914\/#primaryimage","url":"https:\/\/rsrevista.org\/edicion95\/wp-content\/uploads\/sites\/5\/2021\/09\/RevistaRS_7_Observatorio-Tendencias-en-RSC_20210924.jpg","contentUrl":"https:\/\/rsrevista.org\/edicion95\/wp-content\/uploads\/sites\/5\/2021\/09\/RevistaRS_7_Observatorio-Tendencias-en-RSC_20210924.jpg","width":999,"height":562},{"@type":"BreadcrumbList","@id":"https:\/\/rsrevista.org\/edicion95\/observatorio-tendencias-en-rsc-y-sostenibilidad-en-iberoamerica-20210914\/#breadcrumb","itemListElement":[{"@type":"ListItem","position":1,"name":"Portada","item":"https:\/\/rsrevista.org\/edicion95\/"},{"@type":"ListItem","position":2,"name":"Observatorio \u201cTendencias en RSC y Sostenibilidad en Iberoam\u00e9rica\u201d"}]},{"@type":"WebSite","@id":"https:\/\/rsrevista.org\/edicion95\/#website","url":"https:\/\/rsrevista.org\/edicion95\/","name":"Revista RS Edici\u00f3n 95","description":"Responsabilidad social y sostenibilidad","potentialAction":[{"@type":"SearchAction","target":{"@type":"EntryPoint","urlTemplate":"https:\/\/rsrevista.org\/edicion95\/?s={search_term_string}"},"query-input":{"@type":"PropertyValueSpecification","valueRequired":true,"valueName":"search_term_string"}}],"inLanguage":"es"},{"@type":"Person","@id":"https:\/\/rsrevista.org\/edicion95\/#\/schema\/person\/781e0e43b930b28f9267ae9a5dcbe3af","name":"Good","image":{"@type":"ImageObject","inLanguage":"es","@id":"https:\/\/rsrevista.org\/edicion95\/#\/schema\/person\/image\/","url":"https:\/\/secure.gravatar.com\/avatar\/b90085527cfd5e03250a8637fe5c0369?s=96&d=mm&r=g","contentUrl":"https:\/\/secure.gravatar.com\/avatar\/b90085527cfd5e03250a8637fe5c0369?s=96&d=mm&r=g","caption":"Good"},"sameAs":["https:\/\/rsrevista.org"],"url":"https:\/\/rsrevista.org\/edicion95\/author\/good\/"}]}},"_links":{"self":[{"href":"https:\/\/rsrevista.org\/edicion95\/wp-json\/wp\/v2\/posts\/4829"}],"collection":[{"href":"https:\/\/rsrevista.org\/edicion95\/wp-json\/wp\/v2\/posts"}],"about":[{"href":"https:\/\/rsrevista.org\/edicion95\/wp-json\/wp\/v2\/types\/post"}],"author":[{"embeddable":true,"href":"https:\/\/rsrevista.org\/edicion95\/wp-json\/wp\/v2\/users\/1"}],"replies":[{"embeddable":true,"href":"https:\/\/rsrevista.org\/edicion95\/wp-json\/wp\/v2\/comments?post=4829"}],"version-history":[{"count":6,"href":"https:\/\/rsrevista.org\/edicion95\/wp-json\/wp\/v2\/posts\/4829\/revisions"}],"predecessor-version":[{"id":5153,"href":"https:\/\/rsrevista.org\/edicion95\/wp-json\/wp\/v2\/posts\/4829\/revisions\/5153"}],"wp:featuredmedia":[{"embeddable":true,"href":"https:\/\/rsrevista.org\/edicion95\/wp-json\/wp\/v2\/media\/5151"}],"wp:attachment":[{"href":"https:\/\/rsrevista.org\/edicion95\/wp-json\/wp\/v2\/media?parent=4829"}],"wp:term":[{"taxonomy":"category","embeddable":true,"href":"https:\/\/rsrevista.org\/edicion95\/wp-json\/wp\/v2\/categories?post=4829"},{"taxonomy":"post_tag","embeddable":true,"href":"https:\/\/rsrevista.org\/edicion95\/wp-json\/wp\/v2\/tags?post=4829"}],"curies":[{"name":"wp","href":"https:\/\/api.w.org\/{rel}","templated":true}]}}