{"id":4816,"date":"2021-09-14T22:09:28","date_gmt":"2021-09-15T03:09:28","guid":{"rendered":"https:\/\/rsrevista.org\/edicion95\/?p=4816"},"modified":"2021-09-27T13:58:02","modified_gmt":"2021-09-27T18:58:02","slug":"forbes-sostenibilidad-summit","status":"publish","type":"post","link":"https:\/\/rsrevista.org\/edicion95\/forbes-sostenibilidad-summit-20210914\/","title":{"rendered":"Forbes Sostenibilidad Summit"},"content":{"rendered":"<p><span style=\"font-weight: 400\">El 27 de julio, Forbes Argentina present\u00f3 la primera edici\u00f3n de su Sostenibilidad Summit. Un espacio para reflexionar sobre los desaf\u00edos que como sociedad tenemos frente al impacto que generamos con nuestra acci\u00f3n en el medio ambiente y en la comunidad.&nbsp;<\/span><\/p>\n<p class=\"eut-dropcap\">Los temas principales que se tuvieron en cuenta durante el evento fueron el triple impacto y el por qu\u00e9 las empresas van hacia este modelo, c\u00f3mo se construye la <b>identidad sostenible de las empresas, c\u00f3mo ven las empresas el impacto de las nuevas costumbres de consumo huella de carbono, su neutralizaci\u00f3n y compensaci\u00f3n, entre otros.<\/b><\/p>\n<h6><b>Triple impacto: por qu\u00e9 las empresas exitosas van hacia este modelo<\/b><\/h6>\n<p class=\"eut-dropcap\">Ser exitoso no es sin\u00f3nimo de tener m\u00e1s dinero, sino de poder desarrollar un&nbsp; negocio que deja una <b>huella positiva. De hecho, una empresa que tiene en cuenta el modelo de triple impacto se centra en generar estrategias para fortalecer y promover el desarrollo econ\u00f3mico, social y ambiental.<\/b><\/p>\n<p><span style=\"font-weight: 400\">\u201cEl concepto de Triple Impacto es una evoluci\u00f3n de lo que es la misi\u00f3n de la empresa, que actualmente incluye no solo la variable financiera, sino tambi\u00e9n la social y la de sustentabilidad\u201d, defini\u00f3 Estela Reale, Directora de Comunicaci\u00f3n de Tetra Pak para Am\u00e9rica Latina, en el segundo panel del Forbes SOSTENIBILIDAD Summit. \u201cEs frente a cualquier decisi\u00f3n que se tome en la empresa, mirarla a trav\u00e9s de esos tres lentes. Ver qu\u00e9 impactos tienen\u201d, se\u00f1al\u00f3.<\/span><\/p>\n<h6><b>Pandemia: \u00bfnos retras\u00f3 o nos adelant\u00f3 en materia de sostenibilidad?<\/b><\/h6>\n<p><span style=\"font-weight: 400\">En este panel se busc\u00f3 desarrollar el c\u00f3mo ven las empresas el impacto de las nuevas costumbres de consumo y lo que piensan que pasar\u00e1 en la post pandemia.<\/span><\/p>\n\n\n<blockquote class=\"wp-block-quote is-layout-flow wp-block-quote-is-layout-flow\"><p>Creo que la pandemia puso en evidencia la fragilidad de nuestras comunidades y nos dimos cuenta que los clientes est\u00e1n buscando en las empresas un rol m\u00e1s activo en tem\u00e1ticas sociales. La sostenibilidad se volvi\u00f3 m\u00e1s importante y el rol de la empresa es cr\u00edtico<\/p><cite>Gabriela De La Garza, Corporate Affairs Senior Director, PepsiCo Latin America<\/cite><\/blockquote>\n\n\n<p><span style=\"font-weight: 400\">Por su parte, Mar\u00eda Constanza Ferrer, Gerente de Sustentabilidad de Telecom Argentina, reconoci\u00f3 que la pandemia aceler\u00f3 la puesta en agenda de algunos temas a partir de una b\u00fasqueda por parte de los individuos de h\u00e1bitos m\u00e1s saludables y sostenibles.<\/span><\/p>\n<h6><b>Huella de carbono, su neutralizaci\u00f3n y compensaci\u00f3n<\/b><\/h6>\n<p><span style=\"font-weight: 400\">Para tener un futuro, es fundamental pensar en el hoy. Por lo tanto, la huella de carbono es importante y las empresas tienen que ocuparse de mejorar este indicador ambiental.<\/span><\/p>\n<p class=\"eut-dropcap\">En el caso de Siemens, Gustavo Guitera, Coordinador Regional de Digital Enterprise Business Development, cont\u00f3 que las oficinas de la compa\u00f1\u00eda en Buenos Aires tienen m\u00e1s del 80% de la energ\u00eda generada de manera sustentable. Y eso est\u00e1 alineado a una misi\u00f3n que atraviesa a Siemens de punta a punta: \u201cQueremos promover el uso de la tecnolog\u00eda con prop\u00f3sito. Y uno de esos prop\u00f3sitos es la huella de carbono\u201d.<\/p>\n<p><span style=\"font-weight: 400\">Por otro lado, Gustavo Castagnino, Director de Asuntos Corporativos y de Sustentabilidad de Genneia, sostuvo que el desaf\u00edo de la huella de carbono es mundial.&nbsp;<\/span><\/p>\n\n\n<blockquote class=\"wp-block-quote is-layout-flow wp-block-quote-is-layout-flow\"><p>\u201cArgentina viene aumentando su compromiso en este sentido y nosotros estamos apostando por mitigar la crisis clim\u00e1tica. Como vicepresidente de la C\u00e1mara E\u00f3lica Argentina escribimos a los l\u00edderes del G20 para que tomen en serio, de una vez por todas, las energ\u00edas renovables. La crisis clim\u00e1tica la tenemos hoy y tenemos que actuar hoy\u201d.<\/p><\/blockquote>\n\n\n<h6><b>El consumidor tiene que saberlo<\/b><\/h6>\n<p><span style=\"font-weight: 400\">M\u00e1s del 60% de los consumidores no logran identificar qu\u00e9 empresas son socialmente responsables; as\u00ed que en este panel se busc\u00f3 contarle al cliente lo que se est\u00e1 haciendo.&nbsp;<\/span><\/p>\n<p class=\"eut-dropcap\">Romina Bracco, Socia a cargo de la pr\u00e1ctica de Governance, Risk and Compliance Services &amp; ESG para KPMG Argentina, introdujo que hay un 56% de consumidores a nivel mundial que toman decisiones a ra\u00edz de las acciones ambientales que tiene una empresa. Incluso ese consumidor estar\u00eda dispuesto a gastar m\u00e1s en un producto sustentable.<\/p>\n<p><span style=\"font-weight: 400\">En este contexto y con estos n\u00fameros, Cecilia Bauz\u00e1, Directora de Comunicaciones de P&amp;G Argentina y de Ciudadan\u00eda Corporativa para Am\u00e9rica Latina, subray\u00f3 que es fundamental que la sustentabilidad est\u00e9 en la estrategia de negocio. Por su parte, Carolina Mantilla, Latin America Sustainability and Recycling Director for the Plastics and Specialty Packaging, Dow, resalta la importancia de brindar informaci\u00f3n clara y concisa.<\/span><\/p>\n\n\n<blockquote class=\"wp-block-quote is-layout-flow wp-block-quote-is-layout-flow\"><p>Creo que tenemos que simplificar los productos, procesos y, sobre todo, los mensajes que les bajamos como empresa. No podemos culpar al consumidor por no saber. Por eso, no debemos confundirlo.<\/p><\/blockquote>\n\n\n<h6><b>Ser sustentable tambi\u00e9n es ser integrales en cuanto a valores<\/b><\/h6>\n<p><span style=\"font-weight: 400\">En este panel se busca explicar c\u00f3mo se construye la identidad sostenible de las empresas y qu\u00e9 se eval\u00faa para poder generarla. De hecho, el evento muestra que compartir valores y contagiarlos, puertas adentro y hacia afuera, tambi\u00e9n es sustentabilidad.<\/span><\/p>\n<p><span style=\"font-weight: 400\">\u00abEn este cambio que estamos viviendo, nos apoyamos en la sustentabilidad. Y la ejercemos desde dos puntos claves: el de generar una mejora continua y desde la generaci\u00f3n de lazos. En este sentido, nos encontramos con que no hay una \u00fanica receta para hacer las cosas. Cada compa\u00f1\u00eda tiene que ver cu\u00e1l es su expertise y ver c\u00f3mo hacer una compa\u00f1\u00eda sostenible bajo un concepto de mejora constante\u201d, afirm\u00f3 Carolina Llamedo, Jefa de RSE en Toyota Argentina.<\/span><\/p>","protected":false},"excerpt":{"rendered":"<p>El pasado 27 de julio, Forbes Argentina present\u00f3 la primera edici\u00f3n de su Sostenibilidad Summit.<\/p>\n","protected":false},"author":1,"featured_media":5148,"comment_status":"open","ping_status":"open","sticky":false,"template":"","format":"standard","meta":{"footnotes":""},"categories":[35],"tags":[],"class_list":["post-4816","post","type-post","status-publish","format-standard","has-post-thumbnail","hentry","category-eventos"],"yoast_head":"<!-- This site is optimized with the Yoast SEO plugin v23.9 - https:\/\/yoast.com\/wordpress\/plugins\/seo\/ -->\n<title>Forbes Sostenibilidad Summit - Revista RS Edici\u00f3n 95<\/title>\n<meta name=\"robots\" content=\"index, follow, max-snippet:-1, max-image-preview:large, max-video-preview:-1\" \/>\n<link rel=\"canonical\" href=\"https:\/\/rsrevista.org\/edicion95\/forbes-sostenibilidad-summit-20210914\/\" \/>\n<meta property=\"og:locale\" content=\"es_ES\" \/>\n<meta property=\"og:type\" content=\"article\" \/>\n<meta property=\"og:title\" content=\"Forbes Sostenibilidad Summit - Revista RS Edici\u00f3n 95\" \/>\n<meta property=\"og:description\" content=\"El pasado 27 de julio, Forbes Argentina present\u00f3 la primera edici\u00f3n de su Sostenibilidad Summit.\" \/>\n<meta property=\"og:url\" content=\"https:\/\/rsrevista.org\/edicion95\/forbes-sostenibilidad-summit-20210914\/\" \/>\n<meta property=\"og:site_name\" content=\"Revista RS Edici\u00f3n 95\" \/>\n<meta property=\"article:published_time\" content=\"2021-09-15T03:09:28+00:00\" \/>\n<meta property=\"article:modified_time\" content=\"2021-09-27T18:58:02+00:00\" \/>\n<meta property=\"og:image\" content=\"https:\/\/rsrevista.org\/edicion95\/wp-content\/uploads\/sites\/5\/2021\/09\/RevistaRS_8_Forbes-Sostenibilidad-Summit_20210924.jpg\" \/>\n\t<meta property=\"og:image:width\" content=\"999\" \/>\n\t<meta property=\"og:image:height\" content=\"562\" \/>\n\t<meta property=\"og:image:type\" content=\"image\/jpeg\" \/>\n<meta name=\"author\" content=\"Good\" \/>\n<meta name=\"twitter:card\" content=\"summary_large_image\" \/>\n<meta name=\"twitter:label1\" content=\"Escrito por\" \/>\n\t<meta name=\"twitter:data1\" content=\"Good\" \/>\n\t<meta name=\"twitter:label2\" content=\"Tiempo de lectura\" \/>\n\t<meta name=\"twitter:data2\" content=\"5 minutos\" \/>\n<script type=\"application\/ld+json\" class=\"yoast-schema-graph\">{\"@context\":\"https:\/\/schema.org\",\"@graph\":[{\"@type\":\"WebPage\",\"@id\":\"https:\/\/rsrevista.org\/edicion95\/forbes-sostenibilidad-summit-20210914\/\",\"url\":\"https:\/\/rsrevista.org\/edicion95\/forbes-sostenibilidad-summit-20210914\/\",\"name\":\"Forbes Sostenibilidad Summit - Revista RS Edici\u00f3n 95\",\"isPartOf\":{\"@id\":\"https:\/\/rsrevista.org\/edicion95\/#website\"},\"primaryImageOfPage\":{\"@id\":\"https:\/\/rsrevista.org\/edicion95\/forbes-sostenibilidad-summit-20210914\/#primaryimage\"},\"image\":{\"@id\":\"https:\/\/rsrevista.org\/edicion95\/forbes-sostenibilidad-summit-20210914\/#primaryimage\"},\"thumbnailUrl\":\"https:\/\/rsrevista.org\/edicion95\/wp-content\/uploads\/sites\/5\/2021\/09\/RevistaRS_8_Forbes-Sostenibilidad-Summit_20210924.jpg\",\"datePublished\":\"2021-09-15T03:09:28+00:00\",\"dateModified\":\"2021-09-27T18:58:02+00:00\",\"author\":{\"@id\":\"https:\/\/rsrevista.org\/edicion95\/#\/schema\/person\/781e0e43b930b28f9267ae9a5dcbe3af\"},\"breadcrumb\":{\"@id\":\"https:\/\/rsrevista.org\/edicion95\/forbes-sostenibilidad-summit-20210914\/#breadcrumb\"},\"inLanguage\":\"es\",\"potentialAction\":[{\"@type\":\"ReadAction\",\"target\":[\"https:\/\/rsrevista.org\/edicion95\/forbes-sostenibilidad-summit-20210914\/\"]}]},{\"@type\":\"ImageObject\",\"inLanguage\":\"es\",\"@id\":\"https:\/\/rsrevista.org\/edicion95\/forbes-sostenibilidad-summit-20210914\/#primaryimage\",\"url\":\"https:\/\/rsrevista.org\/edicion95\/wp-content\/uploads\/sites\/5\/2021\/09\/RevistaRS_8_Forbes-Sostenibilidad-Summit_20210924.jpg\",\"contentUrl\":\"https:\/\/rsrevista.org\/edicion95\/wp-content\/uploads\/sites\/5\/2021\/09\/RevistaRS_8_Forbes-Sostenibilidad-Summit_20210924.jpg\",\"width\":999,\"height\":562},{\"@type\":\"BreadcrumbList\",\"@id\":\"https:\/\/rsrevista.org\/edicion95\/forbes-sostenibilidad-summit-20210914\/#breadcrumb\",\"itemListElement\":[{\"@type\":\"ListItem\",\"position\":1,\"name\":\"Portada\",\"item\":\"https:\/\/rsrevista.org\/edicion95\/\"},{\"@type\":\"ListItem\",\"position\":2,\"name\":\"Forbes Sostenibilidad Summit\"}]},{\"@type\":\"WebSite\",\"@id\":\"https:\/\/rsrevista.org\/edicion95\/#website\",\"url\":\"https:\/\/rsrevista.org\/edicion95\/\",\"name\":\"Revista RS Edici\u00f3n 95\",\"description\":\"Responsabilidad social y sostenibilidad\",\"potentialAction\":[{\"@type\":\"SearchAction\",\"target\":{\"@type\":\"EntryPoint\",\"urlTemplate\":\"https:\/\/rsrevista.org\/edicion95\/?s={search_term_string}\"},\"query-input\":{\"@type\":\"PropertyValueSpecification\",\"valueRequired\":true,\"valueName\":\"search_term_string\"}}],\"inLanguage\":\"es\"},{\"@type\":\"Person\",\"@id\":\"https:\/\/rsrevista.org\/edicion95\/#\/schema\/person\/781e0e43b930b28f9267ae9a5dcbe3af\",\"name\":\"Good\",\"image\":{\"@type\":\"ImageObject\",\"inLanguage\":\"es\",\"@id\":\"https:\/\/rsrevista.org\/edicion95\/#\/schema\/person\/image\/\",\"url\":\"https:\/\/secure.gravatar.com\/avatar\/b90085527cfd5e03250a8637fe5c0369?s=96&d=mm&r=g\",\"contentUrl\":\"https:\/\/secure.gravatar.com\/avatar\/b90085527cfd5e03250a8637fe5c0369?s=96&d=mm&r=g\",\"caption\":\"Good\"},\"sameAs\":[\"https:\/\/rsrevista.org\"],\"url\":\"https:\/\/rsrevista.org\/edicion95\/author\/good\/\"}]}<\/script>\n<!-- \/ Yoast SEO plugin. -->","yoast_head_json":{"title":"Forbes Sostenibilidad Summit - Revista RS Edici\u00f3n 95","robots":{"index":"index","follow":"follow","max-snippet":"max-snippet:-1","max-image-preview":"max-image-preview:large","max-video-preview":"max-video-preview:-1"},"canonical":"https:\/\/rsrevista.org\/edicion95\/forbes-sostenibilidad-summit-20210914\/","og_locale":"es_ES","og_type":"article","og_title":"Forbes Sostenibilidad Summit - Revista RS Edici\u00f3n 95","og_description":"El pasado 27 de julio, Forbes Argentina present\u00f3 la primera edici\u00f3n de su Sostenibilidad Summit.","og_url":"https:\/\/rsrevista.org\/edicion95\/forbes-sostenibilidad-summit-20210914\/","og_site_name":"Revista RS Edici\u00f3n 95","article_published_time":"2021-09-15T03:09:28+00:00","article_modified_time":"2021-09-27T18:58:02+00:00","og_image":[{"width":999,"height":562,"url":"https:\/\/rsrevista.org\/edicion95\/wp-content\/uploads\/sites\/5\/2021\/09\/RevistaRS_8_Forbes-Sostenibilidad-Summit_20210924.jpg","type":"image\/jpeg"}],"author":"Good","twitter_card":"summary_large_image","twitter_misc":{"Escrito por":"Good","Tiempo de lectura":"5 minutos"},"schema":{"@context":"https:\/\/schema.org","@graph":[{"@type":"WebPage","@id":"https:\/\/rsrevista.org\/edicion95\/forbes-sostenibilidad-summit-20210914\/","url":"https:\/\/rsrevista.org\/edicion95\/forbes-sostenibilidad-summit-20210914\/","name":"Forbes Sostenibilidad Summit - Revista RS Edici\u00f3n 95","isPartOf":{"@id":"https:\/\/rsrevista.org\/edicion95\/#website"},"primaryImageOfPage":{"@id":"https:\/\/rsrevista.org\/edicion95\/forbes-sostenibilidad-summit-20210914\/#primaryimage"},"image":{"@id":"https:\/\/rsrevista.org\/edicion95\/forbes-sostenibilidad-summit-20210914\/#primaryimage"},"thumbnailUrl":"https:\/\/rsrevista.org\/edicion95\/wp-content\/uploads\/sites\/5\/2021\/09\/RevistaRS_8_Forbes-Sostenibilidad-Summit_20210924.jpg","datePublished":"2021-09-15T03:09:28+00:00","dateModified":"2021-09-27T18:58:02+00:00","author":{"@id":"https:\/\/rsrevista.org\/edicion95\/#\/schema\/person\/781e0e43b930b28f9267ae9a5dcbe3af"},"breadcrumb":{"@id":"https:\/\/rsrevista.org\/edicion95\/forbes-sostenibilidad-summit-20210914\/#breadcrumb"},"inLanguage":"es","potentialAction":[{"@type":"ReadAction","target":["https:\/\/rsrevista.org\/edicion95\/forbes-sostenibilidad-summit-20210914\/"]}]},{"@type":"ImageObject","inLanguage":"es","@id":"https:\/\/rsrevista.org\/edicion95\/forbes-sostenibilidad-summit-20210914\/#primaryimage","url":"https:\/\/rsrevista.org\/edicion95\/wp-content\/uploads\/sites\/5\/2021\/09\/RevistaRS_8_Forbes-Sostenibilidad-Summit_20210924.jpg","contentUrl":"https:\/\/rsrevista.org\/edicion95\/wp-content\/uploads\/sites\/5\/2021\/09\/RevistaRS_8_Forbes-Sostenibilidad-Summit_20210924.jpg","width":999,"height":562},{"@type":"BreadcrumbList","@id":"https:\/\/rsrevista.org\/edicion95\/forbes-sostenibilidad-summit-20210914\/#breadcrumb","itemListElement":[{"@type":"ListItem","position":1,"name":"Portada","item":"https:\/\/rsrevista.org\/edicion95\/"},{"@type":"ListItem","position":2,"name":"Forbes Sostenibilidad Summit"}]},{"@type":"WebSite","@id":"https:\/\/rsrevista.org\/edicion95\/#website","url":"https:\/\/rsrevista.org\/edicion95\/","name":"Revista RS Edici\u00f3n 95","description":"Responsabilidad social y sostenibilidad","potentialAction":[{"@type":"SearchAction","target":{"@type":"EntryPoint","urlTemplate":"https:\/\/rsrevista.org\/edicion95\/?s={search_term_string}"},"query-input":{"@type":"PropertyValueSpecification","valueRequired":true,"valueName":"search_term_string"}}],"inLanguage":"es"},{"@type":"Person","@id":"https:\/\/rsrevista.org\/edicion95\/#\/schema\/person\/781e0e43b930b28f9267ae9a5dcbe3af","name":"Good","image":{"@type":"ImageObject","inLanguage":"es","@id":"https:\/\/rsrevista.org\/edicion95\/#\/schema\/person\/image\/","url":"https:\/\/secure.gravatar.com\/avatar\/b90085527cfd5e03250a8637fe5c0369?s=96&d=mm&r=g","contentUrl":"https:\/\/secure.gravatar.com\/avatar\/b90085527cfd5e03250a8637fe5c0369?s=96&d=mm&r=g","caption":"Good"},"sameAs":["https:\/\/rsrevista.org"],"url":"https:\/\/rsrevista.org\/edicion95\/author\/good\/"}]}},"_links":{"self":[{"href":"https:\/\/rsrevista.org\/edicion95\/wp-json\/wp\/v2\/posts\/4816"}],"collection":[{"href":"https:\/\/rsrevista.org\/edicion95\/wp-json\/wp\/v2\/posts"}],"about":[{"href":"https:\/\/rsrevista.org\/edicion95\/wp-json\/wp\/v2\/types\/post"}],"author":[{"embeddable":true,"href":"https:\/\/rsrevista.org\/edicion95\/wp-json\/wp\/v2\/users\/1"}],"replies":[{"embeddable":true,"href":"https:\/\/rsrevista.org\/edicion95\/wp-json\/wp\/v2\/comments?post=4816"}],"version-history":[{"count":11,"href":"https:\/\/rsrevista.org\/edicion95\/wp-json\/wp\/v2\/posts\/4816\/revisions"}],"predecessor-version":[{"id":5150,"href":"https:\/\/rsrevista.org\/edicion95\/wp-json\/wp\/v2\/posts\/4816\/revisions\/5150"}],"wp:featuredmedia":[{"embeddable":true,"href":"https:\/\/rsrevista.org\/edicion95\/wp-json\/wp\/v2\/media\/5148"}],"wp:attachment":[{"href":"https:\/\/rsrevista.org\/edicion95\/wp-json\/wp\/v2\/media?parent=4816"}],"wp:term":[{"taxonomy":"category","embeddable":true,"href":"https:\/\/rsrevista.org\/edicion95\/wp-json\/wp\/v2\/categories?post=4816"},{"taxonomy":"post_tag","embeddable":true,"href":"https:\/\/rsrevista.org\/edicion95\/wp-json\/wp\/v2\/tags?post=4816"}],"curies":[{"name":"wp","href":"https:\/\/api.w.org\/{rel}","templated":true}]}}