{"id":4733,"date":"2021-09-19T13:11:18","date_gmt":"2021-09-19T18:11:18","guid":{"rendered":"https:\/\/rsrevista.org\/edicion95\/?p=4733"},"modified":"2021-10-04T07:48:57","modified_gmt":"2021-10-04T12:48:57","slug":"rentabilidad-y-sostenibilidad-dos-retos-para-las-cadenas-de-suministro","status":"publish","type":"post","link":"https:\/\/rsrevista.org\/edicion95\/rentabilidad-y-sostenibilidad-dos-retos-para-las-cadenas-de-suministro-20210919\/","title":{"rendered":"Rentabilidad y Sostenibilidad: dos retos para las cadenas de suministro"},"content":{"rendered":"\n<div class=\"wp-block-columns profile-box is-layout-flex wp-container-core-columns-is-layout-1 wp-block-columns-is-layout-flex\">\n<div class=\"wp-block-column is-layout-flow wp-block-column-is-layout-flow\" style=\"flex-basis:20%\">\n<div style=\"height:44px\" aria-hidden=\"true\" class=\"wp-block-spacer\"><\/div>\n\n\n\n<figure class=\"wp-block-image size-large\"><img loading=\"lazy\" decoding=\"async\" width=\"500\" height=\"500\" src=\"https:\/\/rsrevista.org\/edicion95\/wp-content\/uploads\/sites\/5\/2021\/09\/15.-ENEX-Chile-Felipe-Saavedra-Mercado.jpg\" alt=\"\" class=\"wp-image-5040\" srcset=\"https:\/\/rsrevista.org\/edicion95\/wp-content\/uploads\/sites\/5\/2021\/09\/15.-ENEX-Chile-Felipe-Saavedra-Mercado.jpg 500w, https:\/\/rsrevista.org\/edicion95\/wp-content\/uploads\/sites\/5\/2021\/09\/15.-ENEX-Chile-Felipe-Saavedra-Mercado-300x300.jpg 300w, https:\/\/rsrevista.org\/edicion95\/wp-content\/uploads\/sites\/5\/2021\/09\/15.-ENEX-Chile-Felipe-Saavedra-Mercado-150x150.jpg 150w\" sizes=\"(max-width: 500px) 100vw, 500px\" \/><\/figure>\n\n\n\n<p><\/p>\n<\/div>\n\n\n\n<div class=\"wp-block-column profile-box-right is-layout-flow wp-block-column-is-layout-flow\">\n<h5 class=\"wp-block-heading\"><strong>Por:<\/strong> Felipe Saavedra Mercado, Supply Manager de Lubricantes &amp; Qu\u00edmicos, Empresa Nacional de Energ\u00eda -ENEX-, Chile<\/h5>\n\n\n\n<p>Ingeniero Qu\u00edmico de la Universidad de Santiago de Chile y Master en Administraci\u00f3n de Negocios de la Universidad del Desarrollo. Cuenta con 14 a\u00f1os de experiencia en Cadenas de Suministro en empresas de combustibles, lubricantes y qu\u00edmicos. Actualmente se desempe\u00f1a como Supply Manager de Lubricantes &amp; Qu\u00edmicos, en la Empresa Nacional de Energ\u00eda -ENEX-.<\/p>\n<\/div>\n<\/div>\n\n\n<p><span style=\"font-weight: 400\">Hasta hace unos a\u00f1os atr\u00e1s, hablar de cadenas de suministros nos llevaba r\u00e1pidamente a pensar en todas las actividades que deb\u00edamos completar para poder llegar con un producto desde una fuente de origen hasta el consumidor final. Esta cadena incluso pod\u00eda ser m\u00e1s compleja si implicaba m\u00e1s procesos, como la transformaci\u00f3n a partir de materias primas. Lo anterior siempre pensando en que los tiempos y costos sean los menores posibles, para aumentar las rentabilidades de las compa\u00f1\u00edas.&nbsp;<\/span><\/p>\n<p><span style=\"font-weight: 400\">Esta corriente es mono objetivo y vulnerable cuando todo lo que est\u00e1 planificado se ve alterado por factores externos que no est\u00e1n previstos. Sin ir m\u00e1s lejos, es ver la situaci\u00f3n actual de una pandemia que se sigue extendiendo en el tiempo, pero que ha tenido distintas etapas desde la mirada de las cadenas de suministro.<\/span><\/p>\n<p class=\"eut-dropcap\">Marzo de 2020 fue, sin duda, uno de los frenos m\u00e1s importantes en la econom\u00eda mundial en la historia. El mundo se paraliz\u00f3, la gente estuvo en sus casas sin poder consumir con normalidad y las cadenas de bienes b\u00e1sicos se vieron estresadas ante un desaf\u00edo nunca antes visto, donde hacer una compra en el mercado era algo muy dif\u00edcil de lograr. Ante esto, las empresas que ten\u00edan procesos ya avanzados para despachos a domicilio tuvieron mayor facilidad en la adaptaci\u00f3n, pero, como no estaba internalizado en todas las organizaciones, se abri\u00f3 un espacio para empresas que nacieron para ocupar esa necesidad que les dejaron y, con la agilidad que caracteriza a empresas de menor tama\u00f1o, se lograron posicionar. Los meses fueron pasando y hoy es posible realizar una compra en l\u00ednea y recibirla el mismo d\u00eda.<\/p>\n<p><span style=\"font-weight: 400\">Por otra parte, otras industrias de bienes no b\u00e1sicos recibieron un impacto m\u00e1s fuerte. La demanda baj\u00f3 tan bruscamente que lleg\u00f3 a ser menor a la oferta existente; basta recordar en abril del 2020 cuando el valor del barril de petr\u00f3leo lleg\u00f3 por debajo de los cero d\u00f3lares por barril. Este frenazo fue pasando en muchas industrias.<\/span><\/p>\n<p><span style=\"font-weight: 400\">Fueron pasando los meses y las compras de materias primas se detuvieron. Nadie quer\u00eda llenar sus bodegas con productos que quedar\u00edan inmovilizados, una respuesta que parece obvia pensando en la rentabilidad del negocio, pero muchos dejaron pasar ah\u00ed una gran oportunidad: abastecerse a precios del mercado de ese momento y estar preparados para una reactivaci\u00f3n que tendr\u00eda que llegar. Esa reactivaci\u00f3n lleg\u00f3 y de manera explosiva, como sucedi\u00f3 con China y la industria naviera. En este caso, las tarifas de Flete crecieron hasta 10 veces su valor, y esa alza vino a su vez acompa\u00f1ada del alza de las materias primas, es decir, una tormenta perfecta. Es ah\u00ed cuando quien tom\u00f3 la decisi\u00f3n de esperar con sus bodegas llenas, no solo obtuvo rentabilidades que su competencia no, sino que tuvo el producto para sus clientes en el momento oportuno.<\/span><\/p>\n<p><span style=\"font-weight: 400\">Entonces, cuando ya hay experiencia en ver c\u00f3mo una cadena de suministro se ve quebrada tan fuertemente por no tomar las decisiones en el momento adecuado o por retrasar una acci\u00f3n, es cuando hay que aprender la lecci\u00f3n de no dejar pasar el tiempo, de ver a nuestros alrededores y ser agentes de cambio positivo.&nbsp;<\/span><\/p>\n<blockquote>\n<p><span style=\"font-weight: 400\">Hoy ya no basta solo con la mirada de rentabilidad inmediata, hay que estar atento e identificar las variables que nos puedan dejar sin competitividad; siempre debemos prepararnos para los cambios; una de estas variables es la sustentabilidad y responsabilidad empresarial<\/span><span style=\"font-weight: 400\">. <\/span><span style=\"font-weight: 400\">Hoy los pilares ambientales, sociales y responsabilidad empresarial&nbsp; est\u00e1n en las&nbsp; agendas de los principales l\u00edderes, est\u00e1n en la conciencia de las empresas y de la gente.&nbsp;<\/span><\/p>\n<\/blockquote>\n<p><span style=\"font-weight: 400\">Pero, \u00bfpor qu\u00e9 algo que no aporta una rentabilidad mayor debe estar en nuestra agenda obligada hoy? Ante esta pregunta las respuestas pueden ser vistas desde distintas aristas, pero, sin duda, van a fluir todas en una corriente que debe ser la de sumarse al cambio o, de lo contrario, quedaremos atr\u00e1s en el futuro. <\/span><strong>Debemos buscar la manera de mitigar impactos ambientales o sociales de forma voluntaria y proactiva, adelantarnos y buscar alternativas en nuestros negocios para hacerlos sostenibles.<\/strong><\/p>\n<p><span style=\"font-weight: 400\">Por otra parte, \u00bfqu\u00e9 pasar\u00e1 con quienes no quieren sumarse a este cambio? La respuesta es sencilla, tendr\u00e1n una competitividad en el corto plazo, pero llegar\u00e1 el momento en el que el cambio no ser\u00e1 voluntario y, de seguro, una regulaci\u00f3n los obligar\u00e1 a sumarse y, con esto, ya estar\u00e1n en desventaja frente a sus competidores que s\u00ed tuvieron la conciencia y responsabilidad empresarial en el momento oportuno.<\/span><\/p>\n<blockquote>\n<p><span style=\"font-weight: 400\">Cuando una organizaci\u00f3n va por el camino de la sostenibilidad, debe estar en la cultura de los equipos de trabajo para poder avanzar con un objetivo \u00fanico y aprovechar las oportunidades que tengan disponibles para no perder la competitividad.<\/span><\/p>\n<\/blockquote>\n<p><span style=\"font-weight: 400\">Los cambios en sustentabilidad no son solo para empresas multinacionales. De hecho, para empresas peque\u00f1as y medianas, un factor clave en el inicio son los apoyos, incentivos y flexibilidades de los gobiernos para generar el cambio, dado que se encontrar\u00e1n con subsidios u otro tipo de facilidad, porque es del inter\u00e9s del gobierno generar espacios que entreguen beneficios sociales y ambientales.<\/span><\/p>\n<p><span style=\"font-weight: 400\">Probablemente lo m\u00e1s dif\u00edcil es el primer paso, el de cambiar la mentalidad del ahorro de costos inmediato. Sin duda, el desaf\u00edo es lograr el equilibrio entre pensar en la sustentabilidad y mantener la competitividad.<\/span><\/p>","protected":false},"excerpt":{"rendered":"<p><strong>Por<\/strong>:  Felipe Saavedra Mercado, Supply Manager de Lubricantes &amp; Qu\u00edmicos, Empresa Nacional de Energ\u00eda -ENEX-, Chile<\/p>\n","protected":false},"author":1,"featured_media":5008,"comment_status":"open","ping_status":"open","sticky":false,"template":"","format":"standard","meta":{"footnotes":""},"categories":[29],"tags":[],"class_list":["post-4733","post","type-post","status-publish","format-standard","has-post-thumbnail","hentry","category-tema-central"],"yoast_head":"<!-- This site is optimized with the Yoast SEO plugin v23.9 - https:\/\/yoast.com\/wordpress\/plugins\/seo\/ -->\n<title>Rentabilidad y Sostenibilidad: dos retos para las cadenas de suministro - Revista RS Edici\u00f3n 95<\/title>\n<meta name=\"robots\" content=\"index, follow, max-snippet:-1, max-image-preview:large, max-video-preview:-1\" \/>\n<link rel=\"canonical\" href=\"https:\/\/rsrevista.org\/edicion95\/rentabilidad-y-sostenibilidad-dos-retos-para-las-cadenas-de-suministro-20210919\/\" \/>\n<meta property=\"og:locale\" content=\"es_ES\" \/>\n<meta property=\"og:type\" content=\"article\" \/>\n<meta property=\"og:title\" content=\"Rentabilidad y Sostenibilidad: dos retos para las cadenas de suministro - Revista RS Edici\u00f3n 95\" \/>\n<meta property=\"og:description\" content=\"Por: Felipe Saavedra Mercado, Supply Manager de Lubricantes &amp; Qu\u00edmicos, Empresa Nacional de Energ\u00eda -ENEX-, Chile\" \/>\n<meta property=\"og:url\" content=\"https:\/\/rsrevista.org\/edicion95\/rentabilidad-y-sostenibilidad-dos-retos-para-las-cadenas-de-suministro-20210919\/\" \/>\n<meta property=\"og:site_name\" content=\"Revista RS Edici\u00f3n 95\" \/>\n<meta property=\"article:published_time\" content=\"2021-09-19T18:11:18+00:00\" \/>\n<meta property=\"article:modified_time\" content=\"2021-10-04T12:48:57+00:00\" \/>\n<meta property=\"og:image\" content=\"https:\/\/rsrevista.org\/edicion95\/wp-content\/uploads\/sites\/5\/2021\/09\/RevistaRS_TemaCEntral_Bn_15_Rentabilidad-y-Sostenibilidad-dos-retos-para-las-cadenas-de-suministro_20210916.jpg\" \/>\n\t<meta property=\"og:image:width\" content=\"1920\" \/>\n\t<meta property=\"og:image:height\" content=\"1080\" \/>\n\t<meta property=\"og:image:type\" content=\"image\/jpeg\" \/>\n<meta name=\"author\" content=\"Good\" \/>\n<meta name=\"twitter:card\" content=\"summary_large_image\" \/>\n<meta name=\"twitter:label1\" content=\"Escrito por\" \/>\n\t<meta name=\"twitter:data1\" content=\"Good\" \/>\n\t<meta name=\"twitter:label2\" content=\"Tiempo de lectura\" \/>\n\t<meta name=\"twitter:data2\" content=\"5 minutos\" \/>\n<script type=\"application\/ld+json\" class=\"yoast-schema-graph\">{\"@context\":\"https:\/\/schema.org\",\"@graph\":[{\"@type\":\"WebPage\",\"@id\":\"https:\/\/rsrevista.org\/edicion95\/rentabilidad-y-sostenibilidad-dos-retos-para-las-cadenas-de-suministro-20210919\/\",\"url\":\"https:\/\/rsrevista.org\/edicion95\/rentabilidad-y-sostenibilidad-dos-retos-para-las-cadenas-de-suministro-20210919\/\",\"name\":\"Rentabilidad y Sostenibilidad: dos retos para las cadenas de suministro - Revista RS Edici\u00f3n 95\",\"isPartOf\":{\"@id\":\"https:\/\/rsrevista.org\/edicion95\/#website\"},\"primaryImageOfPage\":{\"@id\":\"https:\/\/rsrevista.org\/edicion95\/rentabilidad-y-sostenibilidad-dos-retos-para-las-cadenas-de-suministro-20210919\/#primaryimage\"},\"image\":{\"@id\":\"https:\/\/rsrevista.org\/edicion95\/rentabilidad-y-sostenibilidad-dos-retos-para-las-cadenas-de-suministro-20210919\/#primaryimage\"},\"thumbnailUrl\":\"https:\/\/rsrevista.org\/edicion95\/wp-content\/uploads\/sites\/5\/2021\/09\/RevistaRS_TemaCEntral_Bn_15_Rentabilidad-y-Sostenibilidad-dos-retos-para-las-cadenas-de-suministro_20210916.jpg\",\"datePublished\":\"2021-09-19T18:11:18+00:00\",\"dateModified\":\"2021-10-04T12:48:57+00:00\",\"author\":{\"@id\":\"https:\/\/rsrevista.org\/edicion95\/#\/schema\/person\/781e0e43b930b28f9267ae9a5dcbe3af\"},\"breadcrumb\":{\"@id\":\"https:\/\/rsrevista.org\/edicion95\/rentabilidad-y-sostenibilidad-dos-retos-para-las-cadenas-de-suministro-20210919\/#breadcrumb\"},\"inLanguage\":\"es\",\"potentialAction\":[{\"@type\":\"ReadAction\",\"target\":[\"https:\/\/rsrevista.org\/edicion95\/rentabilidad-y-sostenibilidad-dos-retos-para-las-cadenas-de-suministro-20210919\/\"]}]},{\"@type\":\"ImageObject\",\"inLanguage\":\"es\",\"@id\":\"https:\/\/rsrevista.org\/edicion95\/rentabilidad-y-sostenibilidad-dos-retos-para-las-cadenas-de-suministro-20210919\/#primaryimage\",\"url\":\"https:\/\/rsrevista.org\/edicion95\/wp-content\/uploads\/sites\/5\/2021\/09\/RevistaRS_TemaCEntral_Bn_15_Rentabilidad-y-Sostenibilidad-dos-retos-para-las-cadenas-de-suministro_20210916.jpg\",\"contentUrl\":\"https:\/\/rsrevista.org\/edicion95\/wp-content\/uploads\/sites\/5\/2021\/09\/RevistaRS_TemaCEntral_Bn_15_Rentabilidad-y-Sostenibilidad-dos-retos-para-las-cadenas-de-suministro_20210916.jpg\",\"width\":1920,\"height\":1080},{\"@type\":\"BreadcrumbList\",\"@id\":\"https:\/\/rsrevista.org\/edicion95\/rentabilidad-y-sostenibilidad-dos-retos-para-las-cadenas-de-suministro-20210919\/#breadcrumb\",\"itemListElement\":[{\"@type\":\"ListItem\",\"position\":1,\"name\":\"Portada\",\"item\":\"https:\/\/rsrevista.org\/edicion95\/\"},{\"@type\":\"ListItem\",\"position\":2,\"name\":\"Rentabilidad y Sostenibilidad: dos retos para las cadenas de suministro\"}]},{\"@type\":\"WebSite\",\"@id\":\"https:\/\/rsrevista.org\/edicion95\/#website\",\"url\":\"https:\/\/rsrevista.org\/edicion95\/\",\"name\":\"Revista RS Edici\u00f3n 95\",\"description\":\"Responsabilidad social y sostenibilidad\",\"potentialAction\":[{\"@type\":\"SearchAction\",\"target\":{\"@type\":\"EntryPoint\",\"urlTemplate\":\"https:\/\/rsrevista.org\/edicion95\/?s={search_term_string}\"},\"query-input\":{\"@type\":\"PropertyValueSpecification\",\"valueRequired\":true,\"valueName\":\"search_term_string\"}}],\"inLanguage\":\"es\"},{\"@type\":\"Person\",\"@id\":\"https:\/\/rsrevista.org\/edicion95\/#\/schema\/person\/781e0e43b930b28f9267ae9a5dcbe3af\",\"name\":\"Good\",\"image\":{\"@type\":\"ImageObject\",\"inLanguage\":\"es\",\"@id\":\"https:\/\/rsrevista.org\/edicion95\/#\/schema\/person\/image\/\",\"url\":\"https:\/\/secure.gravatar.com\/avatar\/b90085527cfd5e03250a8637fe5c0369?s=96&d=mm&r=g\",\"contentUrl\":\"https:\/\/secure.gravatar.com\/avatar\/b90085527cfd5e03250a8637fe5c0369?s=96&d=mm&r=g\",\"caption\":\"Good\"},\"sameAs\":[\"https:\/\/rsrevista.org\"],\"url\":\"https:\/\/rsrevista.org\/edicion95\/author\/good\/\"}]}<\/script>\n<!-- \/ Yoast SEO plugin. -->","yoast_head_json":{"title":"Rentabilidad y Sostenibilidad: dos retos para las cadenas de suministro - Revista RS Edici\u00f3n 95","robots":{"index":"index","follow":"follow","max-snippet":"max-snippet:-1","max-image-preview":"max-image-preview:large","max-video-preview":"max-video-preview:-1"},"canonical":"https:\/\/rsrevista.org\/edicion95\/rentabilidad-y-sostenibilidad-dos-retos-para-las-cadenas-de-suministro-20210919\/","og_locale":"es_ES","og_type":"article","og_title":"Rentabilidad y Sostenibilidad: dos retos para las cadenas de suministro - Revista RS Edici\u00f3n 95","og_description":"Por: Felipe Saavedra Mercado, Supply Manager de Lubricantes &amp; Qu\u00edmicos, Empresa Nacional de Energ\u00eda -ENEX-, Chile","og_url":"https:\/\/rsrevista.org\/edicion95\/rentabilidad-y-sostenibilidad-dos-retos-para-las-cadenas-de-suministro-20210919\/","og_site_name":"Revista RS Edici\u00f3n 95","article_published_time":"2021-09-19T18:11:18+00:00","article_modified_time":"2021-10-04T12:48:57+00:00","og_image":[{"width":1920,"height":1080,"url":"https:\/\/rsrevista.org\/edicion95\/wp-content\/uploads\/sites\/5\/2021\/09\/RevistaRS_TemaCEntral_Bn_15_Rentabilidad-y-Sostenibilidad-dos-retos-para-las-cadenas-de-suministro_20210916.jpg","type":"image\/jpeg"}],"author":"Good","twitter_card":"summary_large_image","twitter_misc":{"Escrito por":"Good","Tiempo de lectura":"5 minutos"},"schema":{"@context":"https:\/\/schema.org","@graph":[{"@type":"WebPage","@id":"https:\/\/rsrevista.org\/edicion95\/rentabilidad-y-sostenibilidad-dos-retos-para-las-cadenas-de-suministro-20210919\/","url":"https:\/\/rsrevista.org\/edicion95\/rentabilidad-y-sostenibilidad-dos-retos-para-las-cadenas-de-suministro-20210919\/","name":"Rentabilidad y Sostenibilidad: dos retos para las cadenas de suministro - Revista RS Edici\u00f3n 95","isPartOf":{"@id":"https:\/\/rsrevista.org\/edicion95\/#website"},"primaryImageOfPage":{"@id":"https:\/\/rsrevista.org\/edicion95\/rentabilidad-y-sostenibilidad-dos-retos-para-las-cadenas-de-suministro-20210919\/#primaryimage"},"image":{"@id":"https:\/\/rsrevista.org\/edicion95\/rentabilidad-y-sostenibilidad-dos-retos-para-las-cadenas-de-suministro-20210919\/#primaryimage"},"thumbnailUrl":"https:\/\/rsrevista.org\/edicion95\/wp-content\/uploads\/sites\/5\/2021\/09\/RevistaRS_TemaCEntral_Bn_15_Rentabilidad-y-Sostenibilidad-dos-retos-para-las-cadenas-de-suministro_20210916.jpg","datePublished":"2021-09-19T18:11:18+00:00","dateModified":"2021-10-04T12:48:57+00:00","author":{"@id":"https:\/\/rsrevista.org\/edicion95\/#\/schema\/person\/781e0e43b930b28f9267ae9a5dcbe3af"},"breadcrumb":{"@id":"https:\/\/rsrevista.org\/edicion95\/rentabilidad-y-sostenibilidad-dos-retos-para-las-cadenas-de-suministro-20210919\/#breadcrumb"},"inLanguage":"es","potentialAction":[{"@type":"ReadAction","target":["https:\/\/rsrevista.org\/edicion95\/rentabilidad-y-sostenibilidad-dos-retos-para-las-cadenas-de-suministro-20210919\/"]}]},{"@type":"ImageObject","inLanguage":"es","@id":"https:\/\/rsrevista.org\/edicion95\/rentabilidad-y-sostenibilidad-dos-retos-para-las-cadenas-de-suministro-20210919\/#primaryimage","url":"https:\/\/rsrevista.org\/edicion95\/wp-content\/uploads\/sites\/5\/2021\/09\/RevistaRS_TemaCEntral_Bn_15_Rentabilidad-y-Sostenibilidad-dos-retos-para-las-cadenas-de-suministro_20210916.jpg","contentUrl":"https:\/\/rsrevista.org\/edicion95\/wp-content\/uploads\/sites\/5\/2021\/09\/RevistaRS_TemaCEntral_Bn_15_Rentabilidad-y-Sostenibilidad-dos-retos-para-las-cadenas-de-suministro_20210916.jpg","width":1920,"height":1080},{"@type":"BreadcrumbList","@id":"https:\/\/rsrevista.org\/edicion95\/rentabilidad-y-sostenibilidad-dos-retos-para-las-cadenas-de-suministro-20210919\/#breadcrumb","itemListElement":[{"@type":"ListItem","position":1,"name":"Portada","item":"https:\/\/rsrevista.org\/edicion95\/"},{"@type":"ListItem","position":2,"name":"Rentabilidad y Sostenibilidad: dos retos para las cadenas de suministro"}]},{"@type":"WebSite","@id":"https:\/\/rsrevista.org\/edicion95\/#website","url":"https:\/\/rsrevista.org\/edicion95\/","name":"Revista RS Edici\u00f3n 95","description":"Responsabilidad social y sostenibilidad","potentialAction":[{"@type":"SearchAction","target":{"@type":"EntryPoint","urlTemplate":"https:\/\/rsrevista.org\/edicion95\/?s={search_term_string}"},"query-input":{"@type":"PropertyValueSpecification","valueRequired":true,"valueName":"search_term_string"}}],"inLanguage":"es"},{"@type":"Person","@id":"https:\/\/rsrevista.org\/edicion95\/#\/schema\/person\/781e0e43b930b28f9267ae9a5dcbe3af","name":"Good","image":{"@type":"ImageObject","inLanguage":"es","@id":"https:\/\/rsrevista.org\/edicion95\/#\/schema\/person\/image\/","url":"https:\/\/secure.gravatar.com\/avatar\/b90085527cfd5e03250a8637fe5c0369?s=96&d=mm&r=g","contentUrl":"https:\/\/secure.gravatar.com\/avatar\/b90085527cfd5e03250a8637fe5c0369?s=96&d=mm&r=g","caption":"Good"},"sameAs":["https:\/\/rsrevista.org"],"url":"https:\/\/rsrevista.org\/edicion95\/author\/good\/"}]}},"_links":{"self":[{"href":"https:\/\/rsrevista.org\/edicion95\/wp-json\/wp\/v2\/posts\/4733"}],"collection":[{"href":"https:\/\/rsrevista.org\/edicion95\/wp-json\/wp\/v2\/posts"}],"about":[{"href":"https:\/\/rsrevista.org\/edicion95\/wp-json\/wp\/v2\/types\/post"}],"author":[{"embeddable":true,"href":"https:\/\/rsrevista.org\/edicion95\/wp-json\/wp\/v2\/users\/1"}],"replies":[{"embeddable":true,"href":"https:\/\/rsrevista.org\/edicion95\/wp-json\/wp\/v2\/comments?post=4733"}],"version-history":[{"count":4,"href":"https:\/\/rsrevista.org\/edicion95\/wp-json\/wp\/v2\/posts\/4733\/revisions"}],"predecessor-version":[{"id":5203,"href":"https:\/\/rsrevista.org\/edicion95\/wp-json\/wp\/v2\/posts\/4733\/revisions\/5203"}],"wp:featuredmedia":[{"embeddable":true,"href":"https:\/\/rsrevista.org\/edicion95\/wp-json\/wp\/v2\/media\/5008"}],"wp:attachment":[{"href":"https:\/\/rsrevista.org\/edicion95\/wp-json\/wp\/v2\/media?parent=4733"}],"wp:term":[{"taxonomy":"category","embeddable":true,"href":"https:\/\/rsrevista.org\/edicion95\/wp-json\/wp\/v2\/categories?post=4733"},{"taxonomy":"post_tag","embeddable":true,"href":"https:\/\/rsrevista.org\/edicion95\/wp-json\/wp\/v2\/tags?post=4733"}],"curies":[{"name":"wp","href":"https:\/\/api.w.org\/{rel}","templated":true}]}}