{"id":4605,"date":"2021-09-15T18:13:39","date_gmt":"2021-09-15T23:13:39","guid":{"rendered":"https:\/\/rsrevista.org\/edicion95\/?p=4605"},"modified":"2021-09-19T13:02:55","modified_gmt":"2021-09-19T18:02:55","slug":"habilidades-claves-para-gestionar-cadenas-de-suministro-competitivas-y-sostenibles","status":"publish","type":"post","link":"https:\/\/rsrevista.org\/edicion95\/habilidades-claves-para-gestionar-cadenas-de-suministro-competitivas-y-sostenibles-20210915\/","title":{"rendered":"Habilidades claves para gestionar cadenas de suministro competitivas y sostenibles"},"content":{"rendered":"\n<div class=\"wp-block-group\"><div class=\"wp-block-group__inner-container is-layout-flow wp-block-group-is-layout-flow\">\n<div class=\"wp-block-columns profile-box is-layout-flex wp-container-core-columns-is-layout-1 wp-block-columns-is-layout-flex\">\n<div class=\"wp-block-column is-layout-flow wp-block-column-is-layout-flow\" style=\"flex-basis:20%\">\n<div style=\"height:44px\" aria-hidden=\"true\" class=\"wp-block-spacer\"><\/div>\n\n\n\n<figure class=\"wp-block-gallery columns-1 is-cropped wp-block-gallery-1 is-layout-flex wp-block-gallery-is-layout-flex\"><ul class=\"blocks-gallery-grid\"><li class=\"blocks-gallery-item\"><figure><img loading=\"lazy\" decoding=\"async\" width=\"500\" height=\"500\" src=\"https:\/\/rsrevista.org\/edicion95\/wp-content\/uploads\/sites\/5\/2021\/09\/3.-Arturo-Calle-Lucia-Garc\u00eda.jpg\" alt=\"\" data-id=\"5025\" data-full-url=\"https:\/\/rsrevista.org\/edicion95\/wp-content\/uploads\/sites\/5\/2021\/09\/3.-Arturo-Calle-Lucia-Garc\u00eda.jpg\" data-link=\"https:\/\/rsrevista.org\/edicion95\/wp-content\/uploads\/sites\/5\/2021\/09\/3.-Arturo-Calle-Lucia-Garc\u00eda.jpg\" class=\"wp-image-5025\" srcset=\"https:\/\/rsrevista.org\/edicion95\/wp-content\/uploads\/sites\/5\/2021\/09\/3.-Arturo-Calle-Lucia-Garc\u00eda.jpg 500w, https:\/\/rsrevista.org\/edicion95\/wp-content\/uploads\/sites\/5\/2021\/09\/3.-Arturo-Calle-Lucia-Garc\u00eda-300x300.jpg 300w, https:\/\/rsrevista.org\/edicion95\/wp-content\/uploads\/sites\/5\/2021\/09\/3.-Arturo-Calle-Lucia-Garc\u00eda-150x150.jpg 150w\" sizes=\"(max-width: 500px) 100vw, 500px\" \/><\/figure><\/li><\/ul><\/figure>\n\n\n\n<p><\/p>\n<\/div>\n\n\n\n<div class=\"wp-block-column profile-box-right is-layout-flow wp-block-column-is-layout-flow\">\n<h5 class=\"wp-block-heading\"><strong>Por: <\/strong>Lucia Garc\u00eda, Gerente de Operaciones en Arturo Calle &#8211; Colombia<\/h5>\n\n\n\n<p>Ingeniera Industrial de la Universidad Industrial de Santander. Especialista en Gerencia de la Producci\u00f3n y Alta Gerencia. Cuenta con una amplia experiencia integral en todas las \u00e1reas de la cadena de suministro en compa\u00f1\u00edas de consumo masivo, retail y moda. Actualmente se desempe\u00f1a como Gerente de Operaciones la compa\u00f1\u00eda Arturo Calle en Colombia.<\/p>\n<\/div>\n<\/div>\n<\/div><\/div>\n\n\n<p><span style=\"font-weight: 400\">Gestionar cadenas de suministro competitivas y sostenibles empieza por asegurar que las mismas est\u00e9n configuradas transversalmente, no solamente dentro de las compa\u00f1\u00edas, sino involucrando a proveedores, clientes y usuarios finales. Los profesionales de la cadena de suministro deben interactuar en los procesos comerciales, mercadeo, finanzas y desarrollos de IT, pues al ser tanto el punto inicial (planeaci\u00f3n y compras) como el final (entregas en \u00faltima milla) en los procesos productivos, es vital que conozcan de primera mano tanto la responsabilidad, como el impacto que tienen en los resultados de las Compa\u00f1\u00edas.&nbsp;<\/span><\/p>\n<p><span style=\"font-weight: 400\">Para esto es primordial que los objetivos de la organizaci\u00f3n a nivel de ventas, crecimiento y proyectos est\u00e9n completa y claramente definidos, comunicados e interiorizados, ya que la cadena de suministro es clave en la optimizaci\u00f3n de procesos que generen eficiencias y reducci\u00f3n de costos para impactar positivamente los resultados.<\/span><\/p>\n<p><span style=\"font-weight: 400\">De acuerdo con mi experiencia trabajando desde distintos frentes dentro de las cadenas de valor, las habilidades claves que se deben tener en cuenta para desarrollar y potencializar a los profesionales de Supply Chain tienen que ver con colaboraci\u00f3n, motivaci\u00f3n, flexibilidad, innovaci\u00f3n, solidaridad, orientaci\u00f3n al cliente, aprendizaje permanente, impacto social y ambiental y eficiencia operacional.&nbsp;<\/span><\/p>\n\n\n<div class=\"wp-block-columns is-layout-flex wp-container-core-columns-is-layout-2 wp-block-columns-is-layout-flex\">\n<div class=\"wp-block-column is-layout-flow wp-block-column-is-layout-flow\">\n<p><strong>Colaboraci\u00f3n:<\/strong> es la base para desarrollar sinergias, tanto al interior de las compa\u00f1\u00edas, como con proveedores y clientes. Si algo ha demostrado la pandemia es que para salir adelante en \u00e9pocas de crisis se necesita tener desarrolladas habilidades de colaboraci\u00f3n para encontrar procesos alternos que garanticen la continuidad de los negocios, siempre contribuyendo con objetivos comunes.<\/p>\n\n\n\n<p><strong>Motivaci\u00f3n:<\/strong> en las cadenas de suministro a menudo se presentan dificultades o inconvenientes de \u00faltima hora, y m\u00e1s en pa\u00edses como el nuestro, donde la infraestructura de puertos y v\u00edas no es la m\u00e1s adecuada y existen restricciones gubernamentales que pueden retrasar los procesos. Es importante que las personas que gestionan la cadena de suministro sean proactivas y est\u00e9n motivadas, que las anime el logro de resultados y que est\u00e9n dispuestas a encontrar soluciones a problemas inesperados usando su conocimiento y creatividad.<\/p>\n<\/div>\n\n\n\n<div class=\"wp-block-column is-layout-flow wp-block-column-is-layout-flow\">\n<div style=\"height:50px\" aria-hidden=\"true\" class=\"wp-block-spacer\"><\/div>\n\n\n\n<blockquote class=\"wp-block-quote is-layout-flow wp-block-quote-is-layout-flow\"><p>Si algo ha demostrado la pandemia es que para salir adelante en \u00e9pocas de crisis se necesita tener desarrolladas habilidades de colaboraci\u00f3n para encontrar procesos alternos que garanticen la continuidad de los negocios, siempre contribuyendo con objetivos comunes.<\/p><\/blockquote>\n\n\n\n<div style=\"height:30px\" aria-hidden=\"true\" class=\"wp-block-spacer\"><\/div>\n<\/div>\n<\/div>\n\n\n<p><strong>Flexibilidad \/ Innovaci\u00f3n \/ Impacto Social:<\/strong> <span style=\"font-weight: 400\">en el mundo actual, donde los procesos son cada vez m\u00e1s r\u00e1pidos y la tecnolog\u00eda avanza sin parar, donde estamos inmersos en incertidumbre y permanentes crisis (pol\u00edticas, de salud, sociales, ambientales) y en un pa\u00eds como Colombia con una desigualdad econ\u00f3mica y social significativamente alta, tenemos la obligaci\u00f3n de ser representantes activos en la consolidaci\u00f3n de estrategias de sostenibilidad a trav\u00e9s de iniciativas que, adem\u00e1s de estar enfocadas en productividad y excelencia operacional, tengan un impacto social positivo, para lo cual es indispensable la flexibilidad y la creatividad para estar innovando permanentemente, buscando alternativas que reduzcan los impactos negativos en el entorno y sean de valor para ser implementados de manera conjunta entre todos los involucrados, desde los proveedores hasta los clientes.<\/span><\/p>\n<p><strong>Solidaridad:<\/strong><span style=\"font-weight: 400\"> justo en las \u00e9pocas de crisis como la actual pandemia es donde se puede evidenciar con mayor claridad la diferencia que hace la solidaridad en todos los procesos de la vida, no solo empresariales sino familiares y personales. Ser solidarios implica que ponemos los objetivos generales sobre los particulares y podemos beneficiarnos como sociedad. Estamos en un momento crucial para hacer de la solidaridad una forma de trabajo sostenible.<\/span><\/p>\n<p><strong>Eficiencia Operacional y Orientaci\u00f3n al Cliente:<\/strong><span style=\"font-weight: 400\"> un mundo interconectado globalmente genera est\u00e1ndares globales. Ya no hay excusa, los clientes cada vez son m\u00e1s exigentes y manejan est\u00e1ndares de alto nivel; si hay una compa\u00f1\u00eda que lo logra, todas deben poder hacerlo, y esto es m\u00e1s evidente a\u00fan en las cadenas log\u00edsticas de valor. <\/span><strong>Entender las motivaciones y aspiraciones de los clientes es trascendental para avanzar en los procesos de cada compa\u00f1\u00eda de cara a entregar valor.<\/strong><span style=\"font-weight: 400\"> Para lograr la eficiencia operacional en el actual entorno, es imprescindible tener capacidades gerenciales con visi\u00f3n de largo plazo, operaciones estandarizadas, incorporando tecnolog\u00eda permanentemente, y manejo y an\u00e1lisis eficiente de <\/span><i><span style=\"font-weight: 400\">big data<\/span><\/i><span style=\"font-weight: 400\">, con el fin de tomar decisiones efectivas y llegar al cliente no solamente con lo que espera, que es lo m\u00ednimo, sino con mayor valor agregado, ya sea en menores tiempos, menores costos, personalizaci\u00f3n de productos y\/o servicios que sorprendan, o todos juntos.&nbsp;<\/span><\/p>\n<p><strong>Aprender \/ Desaprender \/ Re-aprender:<\/strong><span style=\"font-weight: 400\"> otra de las fortalezas que deben tener los profesionales de supply chain es su disposici\u00f3n para aprender continuamente. Vivimos en un mundo tan cambiante que cada d\u00eda surgen nuevas tecnolog\u00edas para mejorar los procesos y debemos estar en permanente actualizaci\u00f3n. Mejorar la productividad a trav\u00e9s de la tecnolog\u00eda y la innovaci\u00f3n, facilitando la asignaci\u00f3n de recursos eficientemente, debe ser un soporte crucial en el establecimiento de procesos y debe basarse en manejo de informaci\u00f3n a todo nivel, que permita tomar decisiones y hacer cambios en tiempo real cada vez que se requiera. <\/span><\/p>\n<blockquote>\n<p><span style=\"font-weight: 400\">Ya no es sostenible una cadena de suministro que no mejore consistentemente y que no implemente procesos basados en tecnolog\u00eda, as\u00ed como la evidencia de implementaci\u00f3n de procesos encaminados a reducir la huella de carbono no solamente por normatividad establecida sino como parte de la cultura organizacional de las compa\u00f1\u00edas, ya que esto retribuye en mejora del entorno y por tanto en cadenas sostenibles.&nbsp;<\/span><\/p>\n<\/blockquote>\n<p><span style=\"font-weight: 400\">Estamos en pleno cambio de era, con nuevos ciudadanos conscientes del impacto que estamos generando en la tierra y en el que las aspiraciones y motivaciones han cambiado; cada vez vemos m\u00e1s ciudadanos enfocados en ser parte del entorno y no en aprovecharse de \u00e9l. De acuerdo con el estudio <\/span><i><span style=\"font-weight: 400\">\u201cFive Human Aspirations and the Future of Brands\u201d<\/span><\/i><span style=\"font-weight: 400\"> *,<\/span> <span style=\"font-weight: 400\">los ciudadanos est\u00e1n demandando cada vez m\u00e1s vivir en abundancia, sin desperdicio, a ser honestos e imperfectos, a conectar con las personas detr\u00e1s de las marcas, a vivir en libertad, sin condicionamientos externos, y est\u00e1n dispuestos a apoyar marcas y compa\u00f1\u00edas honestas que aplican lo que predican y que sean fuente de inspiraci\u00f3n. A este tipo de clientes y consumidores estamos sirviendo.&nbsp;<\/span><\/p>\n<p><span style=\"font-weight: 400\">Los invito a estar abiertos al cambio y a estar en permanente b\u00fasqueda de la excelencia, entendi\u00e9ndose \u00e9sta como mejora total del entorno en el que habitamos. Todos somos parte del engranaje de la vida y como tal debemos ser conscientes de la huella que queremos dejar.<\/span><\/p>\n<p style=\"text-align: right\"><i><span style=\"font-weight: 400\">*Five Human Aspirations and the Future of Brands \u2013 BBMG and Globe Scan &#8211; 2016<\/span><\/i><\/p>","protected":false},"excerpt":{"rendered":"<p><strong>Por<\/strong>: Lucia Garc\u00eda, Gerente de Operaciones en Arturo Calle &#8211; Colombia<\/p>\n","protected":false},"author":1,"featured_media":4996,"comment_status":"open","ping_status":"open","sticky":false,"template":"","format":"standard","meta":{"footnotes":""},"categories":[29],"tags":[],"class_list":["post-4605","post","type-post","status-publish","format-standard","has-post-thumbnail","hentry","category-tema-central"],"yoast_head":"<!-- This site is optimized with the Yoast SEO plugin v23.9 - https:\/\/yoast.com\/wordpress\/plugins\/seo\/ -->\n<title>Habilidades claves para gestionar cadenas de suministro competitivas y sostenibles - Revista RS Edici\u00f3n 95<\/title>\n<meta name=\"robots\" content=\"index, follow, max-snippet:-1, max-image-preview:large, max-video-preview:-1\" \/>\n<link rel=\"canonical\" href=\"https:\/\/rsrevista.org\/edicion95\/habilidades-claves-para-gestionar-cadenas-de-suministro-competitivas-y-sostenibles-20210915\/\" \/>\n<meta property=\"og:locale\" content=\"es_ES\" \/>\n<meta property=\"og:type\" content=\"article\" \/>\n<meta property=\"og:title\" content=\"Habilidades claves para gestionar cadenas de suministro competitivas y sostenibles - Revista RS Edici\u00f3n 95\" \/>\n<meta property=\"og:description\" content=\"Por: Lucia Garc\u00eda, Gerente de Operaciones en Arturo Calle - Colombia\" \/>\n<meta property=\"og:url\" content=\"https:\/\/rsrevista.org\/edicion95\/habilidades-claves-para-gestionar-cadenas-de-suministro-competitivas-y-sostenibles-20210915\/\" \/>\n<meta property=\"og:site_name\" content=\"Revista RS Edici\u00f3n 95\" \/>\n<meta property=\"article:published_time\" content=\"2021-09-15T23:13:39+00:00\" \/>\n<meta property=\"article:modified_time\" content=\"2021-09-19T18:02:55+00:00\" \/>\n<meta property=\"og:image\" content=\"https:\/\/rsrevista.org\/edicion95\/wp-content\/uploads\/sites\/5\/2021\/09\/RevistaRS_TemaCEntral_Bn_3_Habilidades-claves-para-gestionar-cadenas_20210916.jpg\" \/>\n\t<meta property=\"og:image:width\" content=\"1920\" \/>\n\t<meta property=\"og:image:height\" content=\"1080\" \/>\n\t<meta property=\"og:image:type\" content=\"image\/jpeg\" \/>\n<meta name=\"author\" content=\"Good\" \/>\n<meta name=\"twitter:card\" content=\"summary_large_image\" \/>\n<meta name=\"twitter:label1\" content=\"Escrito por\" \/>\n\t<meta name=\"twitter:data1\" content=\"Good\" \/>\n\t<meta name=\"twitter:label2\" content=\"Tiempo de lectura\" \/>\n\t<meta name=\"twitter:data2\" content=\"6 minutos\" \/>\n<script type=\"application\/ld+json\" class=\"yoast-schema-graph\">{\"@context\":\"https:\/\/schema.org\",\"@graph\":[{\"@type\":\"WebPage\",\"@id\":\"https:\/\/rsrevista.org\/edicion95\/habilidades-claves-para-gestionar-cadenas-de-suministro-competitivas-y-sostenibles-20210915\/\",\"url\":\"https:\/\/rsrevista.org\/edicion95\/habilidades-claves-para-gestionar-cadenas-de-suministro-competitivas-y-sostenibles-20210915\/\",\"name\":\"Habilidades claves para gestionar cadenas de suministro competitivas y sostenibles - Revista RS Edici\u00f3n 95\",\"isPartOf\":{\"@id\":\"https:\/\/rsrevista.org\/edicion95\/#website\"},\"primaryImageOfPage\":{\"@id\":\"https:\/\/rsrevista.org\/edicion95\/habilidades-claves-para-gestionar-cadenas-de-suministro-competitivas-y-sostenibles-20210915\/#primaryimage\"},\"image\":{\"@id\":\"https:\/\/rsrevista.org\/edicion95\/habilidades-claves-para-gestionar-cadenas-de-suministro-competitivas-y-sostenibles-20210915\/#primaryimage\"},\"thumbnailUrl\":\"https:\/\/rsrevista.org\/edicion95\/wp-content\/uploads\/sites\/5\/2021\/09\/RevistaRS_TemaCEntral_Bn_3_Habilidades-claves-para-gestionar-cadenas_20210916.jpg\",\"datePublished\":\"2021-09-15T23:13:39+00:00\",\"dateModified\":\"2021-09-19T18:02:55+00:00\",\"author\":{\"@id\":\"https:\/\/rsrevista.org\/edicion95\/#\/schema\/person\/781e0e43b930b28f9267ae9a5dcbe3af\"},\"breadcrumb\":{\"@id\":\"https:\/\/rsrevista.org\/edicion95\/habilidades-claves-para-gestionar-cadenas-de-suministro-competitivas-y-sostenibles-20210915\/#breadcrumb\"},\"inLanguage\":\"es\",\"potentialAction\":[{\"@type\":\"ReadAction\",\"target\":[\"https:\/\/rsrevista.org\/edicion95\/habilidades-claves-para-gestionar-cadenas-de-suministro-competitivas-y-sostenibles-20210915\/\"]}]},{\"@type\":\"ImageObject\",\"inLanguage\":\"es\",\"@id\":\"https:\/\/rsrevista.org\/edicion95\/habilidades-claves-para-gestionar-cadenas-de-suministro-competitivas-y-sostenibles-20210915\/#primaryimage\",\"url\":\"https:\/\/rsrevista.org\/edicion95\/wp-content\/uploads\/sites\/5\/2021\/09\/RevistaRS_TemaCEntral_Bn_3_Habilidades-claves-para-gestionar-cadenas_20210916.jpg\",\"contentUrl\":\"https:\/\/rsrevista.org\/edicion95\/wp-content\/uploads\/sites\/5\/2021\/09\/RevistaRS_TemaCEntral_Bn_3_Habilidades-claves-para-gestionar-cadenas_20210916.jpg\",\"width\":1920,\"height\":1080},{\"@type\":\"BreadcrumbList\",\"@id\":\"https:\/\/rsrevista.org\/edicion95\/habilidades-claves-para-gestionar-cadenas-de-suministro-competitivas-y-sostenibles-20210915\/#breadcrumb\",\"itemListElement\":[{\"@type\":\"ListItem\",\"position\":1,\"name\":\"Portada\",\"item\":\"https:\/\/rsrevista.org\/edicion95\/\"},{\"@type\":\"ListItem\",\"position\":2,\"name\":\"Habilidades claves para gestionar cadenas de suministro competitivas y sostenibles\"}]},{\"@type\":\"WebSite\",\"@id\":\"https:\/\/rsrevista.org\/edicion95\/#website\",\"url\":\"https:\/\/rsrevista.org\/edicion95\/\",\"name\":\"Revista RS Edici\u00f3n 95\",\"description\":\"Responsabilidad social y sostenibilidad\",\"potentialAction\":[{\"@type\":\"SearchAction\",\"target\":{\"@type\":\"EntryPoint\",\"urlTemplate\":\"https:\/\/rsrevista.org\/edicion95\/?s={search_term_string}\"},\"query-input\":{\"@type\":\"PropertyValueSpecification\",\"valueRequired\":true,\"valueName\":\"search_term_string\"}}],\"inLanguage\":\"es\"},{\"@type\":\"Person\",\"@id\":\"https:\/\/rsrevista.org\/edicion95\/#\/schema\/person\/781e0e43b930b28f9267ae9a5dcbe3af\",\"name\":\"Good\",\"image\":{\"@type\":\"ImageObject\",\"inLanguage\":\"es\",\"@id\":\"https:\/\/rsrevista.org\/edicion95\/#\/schema\/person\/image\/\",\"url\":\"https:\/\/secure.gravatar.com\/avatar\/b90085527cfd5e03250a8637fe5c0369?s=96&d=mm&r=g\",\"contentUrl\":\"https:\/\/secure.gravatar.com\/avatar\/b90085527cfd5e03250a8637fe5c0369?s=96&d=mm&r=g\",\"caption\":\"Good\"},\"sameAs\":[\"https:\/\/rsrevista.org\"],\"url\":\"https:\/\/rsrevista.org\/edicion95\/author\/good\/\"}]}<\/script>\n<!-- \/ Yoast SEO plugin. -->","yoast_head_json":{"title":"Habilidades claves para gestionar cadenas de suministro competitivas y sostenibles - Revista RS Edici\u00f3n 95","robots":{"index":"index","follow":"follow","max-snippet":"max-snippet:-1","max-image-preview":"max-image-preview:large","max-video-preview":"max-video-preview:-1"},"canonical":"https:\/\/rsrevista.org\/edicion95\/habilidades-claves-para-gestionar-cadenas-de-suministro-competitivas-y-sostenibles-20210915\/","og_locale":"es_ES","og_type":"article","og_title":"Habilidades claves para gestionar cadenas de suministro competitivas y sostenibles - Revista RS Edici\u00f3n 95","og_description":"Por: Lucia Garc\u00eda, Gerente de Operaciones en Arturo Calle - Colombia","og_url":"https:\/\/rsrevista.org\/edicion95\/habilidades-claves-para-gestionar-cadenas-de-suministro-competitivas-y-sostenibles-20210915\/","og_site_name":"Revista RS Edici\u00f3n 95","article_published_time":"2021-09-15T23:13:39+00:00","article_modified_time":"2021-09-19T18:02:55+00:00","og_image":[{"width":1920,"height":1080,"url":"https:\/\/rsrevista.org\/edicion95\/wp-content\/uploads\/sites\/5\/2021\/09\/RevistaRS_TemaCEntral_Bn_3_Habilidades-claves-para-gestionar-cadenas_20210916.jpg","type":"image\/jpeg"}],"author":"Good","twitter_card":"summary_large_image","twitter_misc":{"Escrito por":"Good","Tiempo de lectura":"6 minutos"},"schema":{"@context":"https:\/\/schema.org","@graph":[{"@type":"WebPage","@id":"https:\/\/rsrevista.org\/edicion95\/habilidades-claves-para-gestionar-cadenas-de-suministro-competitivas-y-sostenibles-20210915\/","url":"https:\/\/rsrevista.org\/edicion95\/habilidades-claves-para-gestionar-cadenas-de-suministro-competitivas-y-sostenibles-20210915\/","name":"Habilidades claves para gestionar cadenas de suministro competitivas y sostenibles - Revista RS Edici\u00f3n 95","isPartOf":{"@id":"https:\/\/rsrevista.org\/edicion95\/#website"},"primaryImageOfPage":{"@id":"https:\/\/rsrevista.org\/edicion95\/habilidades-claves-para-gestionar-cadenas-de-suministro-competitivas-y-sostenibles-20210915\/#primaryimage"},"image":{"@id":"https:\/\/rsrevista.org\/edicion95\/habilidades-claves-para-gestionar-cadenas-de-suministro-competitivas-y-sostenibles-20210915\/#primaryimage"},"thumbnailUrl":"https:\/\/rsrevista.org\/edicion95\/wp-content\/uploads\/sites\/5\/2021\/09\/RevistaRS_TemaCEntral_Bn_3_Habilidades-claves-para-gestionar-cadenas_20210916.jpg","datePublished":"2021-09-15T23:13:39+00:00","dateModified":"2021-09-19T18:02:55+00:00","author":{"@id":"https:\/\/rsrevista.org\/edicion95\/#\/schema\/person\/781e0e43b930b28f9267ae9a5dcbe3af"},"breadcrumb":{"@id":"https:\/\/rsrevista.org\/edicion95\/habilidades-claves-para-gestionar-cadenas-de-suministro-competitivas-y-sostenibles-20210915\/#breadcrumb"},"inLanguage":"es","potentialAction":[{"@type":"ReadAction","target":["https:\/\/rsrevista.org\/edicion95\/habilidades-claves-para-gestionar-cadenas-de-suministro-competitivas-y-sostenibles-20210915\/"]}]},{"@type":"ImageObject","inLanguage":"es","@id":"https:\/\/rsrevista.org\/edicion95\/habilidades-claves-para-gestionar-cadenas-de-suministro-competitivas-y-sostenibles-20210915\/#primaryimage","url":"https:\/\/rsrevista.org\/edicion95\/wp-content\/uploads\/sites\/5\/2021\/09\/RevistaRS_TemaCEntral_Bn_3_Habilidades-claves-para-gestionar-cadenas_20210916.jpg","contentUrl":"https:\/\/rsrevista.org\/edicion95\/wp-content\/uploads\/sites\/5\/2021\/09\/RevistaRS_TemaCEntral_Bn_3_Habilidades-claves-para-gestionar-cadenas_20210916.jpg","width":1920,"height":1080},{"@type":"BreadcrumbList","@id":"https:\/\/rsrevista.org\/edicion95\/habilidades-claves-para-gestionar-cadenas-de-suministro-competitivas-y-sostenibles-20210915\/#breadcrumb","itemListElement":[{"@type":"ListItem","position":1,"name":"Portada","item":"https:\/\/rsrevista.org\/edicion95\/"},{"@type":"ListItem","position":2,"name":"Habilidades claves para gestionar cadenas de suministro competitivas y sostenibles"}]},{"@type":"WebSite","@id":"https:\/\/rsrevista.org\/edicion95\/#website","url":"https:\/\/rsrevista.org\/edicion95\/","name":"Revista RS Edici\u00f3n 95","description":"Responsabilidad social y sostenibilidad","potentialAction":[{"@type":"SearchAction","target":{"@type":"EntryPoint","urlTemplate":"https:\/\/rsrevista.org\/edicion95\/?s={search_term_string}"},"query-input":{"@type":"PropertyValueSpecification","valueRequired":true,"valueName":"search_term_string"}}],"inLanguage":"es"},{"@type":"Person","@id":"https:\/\/rsrevista.org\/edicion95\/#\/schema\/person\/781e0e43b930b28f9267ae9a5dcbe3af","name":"Good","image":{"@type":"ImageObject","inLanguage":"es","@id":"https:\/\/rsrevista.org\/edicion95\/#\/schema\/person\/image\/","url":"https:\/\/secure.gravatar.com\/avatar\/b90085527cfd5e03250a8637fe5c0369?s=96&d=mm&r=g","contentUrl":"https:\/\/secure.gravatar.com\/avatar\/b90085527cfd5e03250a8637fe5c0369?s=96&d=mm&r=g","caption":"Good"},"sameAs":["https:\/\/rsrevista.org"],"url":"https:\/\/rsrevista.org\/edicion95\/author\/good\/"}]}},"_links":{"self":[{"href":"https:\/\/rsrevista.org\/edicion95\/wp-json\/wp\/v2\/posts\/4605"}],"collection":[{"href":"https:\/\/rsrevista.org\/edicion95\/wp-json\/wp\/v2\/posts"}],"about":[{"href":"https:\/\/rsrevista.org\/edicion95\/wp-json\/wp\/v2\/types\/post"}],"author":[{"embeddable":true,"href":"https:\/\/rsrevista.org\/edicion95\/wp-json\/wp\/v2\/users\/1"}],"replies":[{"embeddable":true,"href":"https:\/\/rsrevista.org\/edicion95\/wp-json\/wp\/v2\/comments?post=4605"}],"version-history":[{"count":26,"href":"https:\/\/rsrevista.org\/edicion95\/wp-json\/wp\/v2\/posts\/4605\/revisions"}],"predecessor-version":[{"id":5027,"href":"https:\/\/rsrevista.org\/edicion95\/wp-json\/wp\/v2\/posts\/4605\/revisions\/5027"}],"wp:featuredmedia":[{"embeddable":true,"href":"https:\/\/rsrevista.org\/edicion95\/wp-json\/wp\/v2\/media\/4996"}],"wp:attachment":[{"href":"https:\/\/rsrevista.org\/edicion95\/wp-json\/wp\/v2\/media?parent=4605"}],"wp:term":[{"taxonomy":"category","embeddable":true,"href":"https:\/\/rsrevista.org\/edicion95\/wp-json\/wp\/v2\/categories?post=4605"},{"taxonomy":"post_tag","embeddable":true,"href":"https:\/\/rsrevista.org\/edicion95\/wp-json\/wp\/v2\/tags?post=4605"}],"curies":[{"name":"wp","href":"https:\/\/api.w.org\/{rel}","templated":true}]}}