{"id":4449,"date":"2021-04-30T01:32:37","date_gmt":"2021-04-30T01:32:37","guid":{"rendered":"https:\/\/rsrevista.org\/edicion94\/?p=4449"},"modified":"2021-05-06T15:32:19","modified_gmt":"2021-05-06T15:32:19","slug":"informe-de-sostenibilidad-corona-2020","status":"publish","type":"post","link":"https:\/\/rsrevista.org\/edicion94\/informe-de-sostenibilidad-corona-2020-20210430\/","title":{"rendered":"Informe de sostenibilidad Corona 2020"},"content":{"rendered":"<p><span style=\"font-weight: 400\">La Organizaci\u00f3n Corona present\u00f3 <\/span><span style=\"font-weight: 400\">su <\/span><strong>Informe de Sostenibilidad 2020, <\/strong><span style=\"font-weight: 400\">realizado bajo est\u00e1ndares GRI. All\u00ed&nbsp; destac\u00f3 sus buenas pr\u00e1cticas de Gobierno Corporativo y su compromiso con la <\/span><strong>gesti\u00f3n responsable del medio ambiente, la sociedad y la econom\u00eda durante el a\u00f1o.<\/strong><\/p>\n<p><span style=\"font-weight: 400\">Corona y Sodimac Colombia, junto con el Banco Falabella y las Tiendas Falabella <\/span><b>d<\/b><strong>onaron $1.000 millones de pesos para fortalecer la capacidad hospitalaria<\/strong><span style=\"font-weight: 400\"> de Bogot\u00e1. La organizaci\u00f3n tambi\u00e9n <\/span><b>d<\/b><strong>on\u00f3 $100 millones de pesos<\/strong> <span style=\"font-weight: 400\">a la Universidad de Antioquia para <\/span><strong>ampliar su capacidad de hacer pruebas de Covid-19.<\/strong><\/p>\n<p><span style=\"font-weight: 400\">Por otro lado, hicieron una <\/span><strong>donaci\u00f3n de m\u00e1s de 8.000 mercados<\/strong> <span style=\"font-weight: 400\">a las comunidades aleda\u00f1as de sus operaciones en Antioquia, Atl\u00e1ntico, Boyac\u00e1 y Cundinamarca; adem\u00e1s entregaron <\/span><strong>5.800 bonos de supermercado<\/strong> <span style=\"font-weight: 400\">a maestros, plomeros y pintores para la compra de alimentos y elementos de primera necesidad.&nbsp;<\/span><\/p>\n<p><span style=\"font-weight: 400\">En temas de desarrollo ambiental, Corona destaca&nbsp; sus <\/span><strong>estrategias de econom\u00eda circular<\/strong><span style=\"font-weight: 400\"><strong>,<\/strong> con las cuales fue posible <\/span><strong>optimizar en un 81% el uso del recurso h\u00eddrico<\/strong><span style=\"font-weight: 400\"> en sus operaciones industriales, y <\/span><strong>aprovech\u00f3&nbsp;m\u00e1s de 85.000 toneladas de subproductos<\/strong><span style=\"font-weight: 400\"> cer\u00e1micos y no cer\u00e1micos para producir nuevos productos&nbsp;en las plantas.<\/span><\/p>\n<p><span style=\"font-weight: 400\">Finalmente, su <\/span><strong>gesti\u00f3n financiera estuvo enfocada en el cuidado de su fuerza laboral;<\/strong> <span style=\"font-weight: 400\">cerr\u00f3 el 2020 con 17.866 empleados directos&nbsp;de&nbsp;Corona y Sodimac Colombia&nbsp;en Colombia, M\u00e9xico, Centroam\u00e9rica, Estados Unidos y China. Gracias a esto,&nbsp;las ventas de Organizaci\u00f3n Corona&nbsp;crecieron 3,0% respecto al a\u00f1o anterior alcanzando $6,1 billones de ventas totales en 2020.<\/span><\/p>\n","protected":false},"excerpt":{"rendered":"<p>All\u00ed\u00a0 la organizaci\u00f3n destac\u00f3 sus buenas pr\u00e1cticas de Gobierno Corporativo y su compromiso con la gesti\u00f3n responsable del medio ambiente, la sociedad y la econom\u00eda.<\/p>\n","protected":false},"author":1,"featured_media":4490,"comment_status":"open","ping_status":"open","sticky":false,"template":"","format":"standard","meta":{"footnotes":""},"categories":[36],"tags":[],"class_list":["post-4449","post","type-post","status-publish","format-standard","has-post-thumbnail","hentry","category-informacion-responsable"],"yoast_head":"<!-- This site is optimized with the Yoast SEO plugin v23.9 - https:\/\/yoast.com\/wordpress\/plugins\/seo\/ -->\n<title>Informe de sostenibilidad Corona 2020 - Revista RS Edici\u00f3n 94<\/title>\n<meta name=\"robots\" content=\"index, follow, max-snippet:-1, max-image-preview:large, max-video-preview:-1\" \/>\n<link rel=\"canonical\" href=\"https:\/\/rsrevista.org\/edicion94\/informe-de-sostenibilidad-corona-2020-20210430\/\" \/>\n<meta property=\"og:locale\" content=\"es_ES\" \/>\n<meta property=\"og:type\" content=\"article\" \/>\n<meta property=\"og:title\" content=\"Informe de sostenibilidad Corona 2020 - Revista RS Edici\u00f3n 94\" \/>\n<meta property=\"og:description\" content=\"All\u00ed\u00a0 la organizaci\u00f3n destac\u00f3 sus buenas pr\u00e1cticas de Gobierno Corporativo y su compromiso con la gesti\u00f3n responsable del medio ambiente, la sociedad y la econom\u00eda.\" \/>\n<meta property=\"og:url\" content=\"https:\/\/rsrevista.org\/edicion94\/informe-de-sostenibilidad-corona-2020-20210430\/\" \/>\n<meta property=\"og:site_name\" content=\"Revista RS Edici\u00f3n 94\" \/>\n<meta property=\"article:published_time\" content=\"2021-04-30T01:32:37+00:00\" \/>\n<meta property=\"article:modified_time\" content=\"2021-05-06T15:32:19+00:00\" \/>\n<meta property=\"og:image\" content=\"https:\/\/rsrevista.org\/edicion94\/wp-content\/uploads\/sites\/3\/2021\/04\/informe_web_corona.jpg\" \/>\n\t<meta property=\"og:image:width\" content=\"1920\" \/>\n\t<meta property=\"og:image:height\" content=\"1080\" \/>\n\t<meta property=\"og:image:type\" content=\"image\/jpeg\" \/>\n<meta name=\"author\" content=\"Good\" \/>\n<meta name=\"twitter:card\" content=\"summary_large_image\" \/>\n<meta name=\"twitter:label1\" content=\"Escrito por\" \/>\n\t<meta name=\"twitter:data1\" content=\"Good\" \/>\n\t<meta name=\"twitter:label2\" content=\"Tiempo de lectura\" \/>\n\t<meta name=\"twitter:data2\" content=\"1 minuto\" \/>\n<script type=\"application\/ld+json\" class=\"yoast-schema-graph\">{\"@context\":\"https:\/\/schema.org\",\"@graph\":[{\"@type\":\"WebPage\",\"@id\":\"https:\/\/rsrevista.org\/edicion94\/informe-de-sostenibilidad-corona-2020-20210430\/\",\"url\":\"https:\/\/rsrevista.org\/edicion94\/informe-de-sostenibilidad-corona-2020-20210430\/\",\"name\":\"Informe de sostenibilidad Corona 2020 - Revista RS Edici\u00f3n 94\",\"isPartOf\":{\"@id\":\"https:\/\/rsrevista.org\/edicion94\/#website\"},\"primaryImageOfPage\":{\"@id\":\"https:\/\/rsrevista.org\/edicion94\/informe-de-sostenibilidad-corona-2020-20210430\/#primaryimage\"},\"image\":{\"@id\":\"https:\/\/rsrevista.org\/edicion94\/informe-de-sostenibilidad-corona-2020-20210430\/#primaryimage\"},\"thumbnailUrl\":\"https:\/\/rsrevista.org\/edicion94\/wp-content\/uploads\/sites\/3\/2021\/04\/informe_web_corona.jpg\",\"datePublished\":\"2021-04-30T01:32:37+00:00\",\"dateModified\":\"2021-05-06T15:32:19+00:00\",\"author\":{\"@id\":\"https:\/\/rsrevista.org\/edicion94\/#\/schema\/person\/781e0e43b930b28f9267ae9a5dcbe3af\"},\"breadcrumb\":{\"@id\":\"https:\/\/rsrevista.org\/edicion94\/informe-de-sostenibilidad-corona-2020-20210430\/#breadcrumb\"},\"inLanguage\":\"es\",\"potentialAction\":[{\"@type\":\"ReadAction\",\"target\":[\"https:\/\/rsrevista.org\/edicion94\/informe-de-sostenibilidad-corona-2020-20210430\/\"]}]},{\"@type\":\"ImageObject\",\"inLanguage\":\"es\",\"@id\":\"https:\/\/rsrevista.org\/edicion94\/informe-de-sostenibilidad-corona-2020-20210430\/#primaryimage\",\"url\":\"https:\/\/rsrevista.org\/edicion94\/wp-content\/uploads\/sites\/3\/2021\/04\/informe_web_corona.jpg\",\"contentUrl\":\"https:\/\/rsrevista.org\/edicion94\/wp-content\/uploads\/sites\/3\/2021\/04\/informe_web_corona.jpg\",\"width\":1920,\"height\":1080},{\"@type\":\"BreadcrumbList\",\"@id\":\"https:\/\/rsrevista.org\/edicion94\/informe-de-sostenibilidad-corona-2020-20210430\/#breadcrumb\",\"itemListElement\":[{\"@type\":\"ListItem\",\"position\":1,\"name\":\"Portada\",\"item\":\"https:\/\/rsrevista.org\/edicion94\/\"},{\"@type\":\"ListItem\",\"position\":2,\"name\":\"Informe de sostenibilidad Corona 2020\"}]},{\"@type\":\"WebSite\",\"@id\":\"https:\/\/rsrevista.org\/edicion94\/#website\",\"url\":\"https:\/\/rsrevista.org\/edicion94\/\",\"name\":\"Revista RS Edici\u00f3n 94\",\"description\":\"Responsabilidad social y sostenibilidad\",\"potentialAction\":[{\"@type\":\"SearchAction\",\"target\":{\"@type\":\"EntryPoint\",\"urlTemplate\":\"https:\/\/rsrevista.org\/edicion94\/?s={search_term_string}\"},\"query-input\":{\"@type\":\"PropertyValueSpecification\",\"valueRequired\":true,\"valueName\":\"search_term_string\"}}],\"inLanguage\":\"es\"},{\"@type\":\"Person\",\"@id\":\"https:\/\/rsrevista.org\/edicion94\/#\/schema\/person\/781e0e43b930b28f9267ae9a5dcbe3af\",\"name\":\"Good\",\"image\":{\"@type\":\"ImageObject\",\"inLanguage\":\"es\",\"@id\":\"https:\/\/rsrevista.org\/edicion94\/#\/schema\/person\/image\/\",\"url\":\"https:\/\/secure.gravatar.com\/avatar\/b90085527cfd5e03250a8637fe5c0369?s=96&d=mm&r=g\",\"contentUrl\":\"https:\/\/secure.gravatar.com\/avatar\/b90085527cfd5e03250a8637fe5c0369?s=96&d=mm&r=g\",\"caption\":\"Good\"},\"sameAs\":[\"https:\/\/rsrevista.org\"],\"url\":\"https:\/\/rsrevista.org\/edicion94\/author\/good\/\"}]}<\/script>\n<!-- \/ Yoast SEO plugin. -->","yoast_head_json":{"title":"Informe de sostenibilidad Corona 2020 - Revista RS Edici\u00f3n 94","robots":{"index":"index","follow":"follow","max-snippet":"max-snippet:-1","max-image-preview":"max-image-preview:large","max-video-preview":"max-video-preview:-1"},"canonical":"https:\/\/rsrevista.org\/edicion94\/informe-de-sostenibilidad-corona-2020-20210430\/","og_locale":"es_ES","og_type":"article","og_title":"Informe de sostenibilidad Corona 2020 - Revista RS Edici\u00f3n 94","og_description":"All\u00ed\u00a0 la organizaci\u00f3n destac\u00f3 sus buenas pr\u00e1cticas de Gobierno Corporativo y su compromiso con la gesti\u00f3n responsable del medio ambiente, la sociedad y la econom\u00eda.","og_url":"https:\/\/rsrevista.org\/edicion94\/informe-de-sostenibilidad-corona-2020-20210430\/","og_site_name":"Revista RS Edici\u00f3n 94","article_published_time":"2021-04-30T01:32:37+00:00","article_modified_time":"2021-05-06T15:32:19+00:00","og_image":[{"width":1920,"height":1080,"url":"https:\/\/rsrevista.org\/edicion94\/wp-content\/uploads\/sites\/3\/2021\/04\/informe_web_corona.jpg","type":"image\/jpeg"}],"author":"Good","twitter_card":"summary_large_image","twitter_misc":{"Escrito por":"Good","Tiempo de lectura":"1 minuto"},"schema":{"@context":"https:\/\/schema.org","@graph":[{"@type":"WebPage","@id":"https:\/\/rsrevista.org\/edicion94\/informe-de-sostenibilidad-corona-2020-20210430\/","url":"https:\/\/rsrevista.org\/edicion94\/informe-de-sostenibilidad-corona-2020-20210430\/","name":"Informe de sostenibilidad Corona 2020 - Revista RS Edici\u00f3n 94","isPartOf":{"@id":"https:\/\/rsrevista.org\/edicion94\/#website"},"primaryImageOfPage":{"@id":"https:\/\/rsrevista.org\/edicion94\/informe-de-sostenibilidad-corona-2020-20210430\/#primaryimage"},"image":{"@id":"https:\/\/rsrevista.org\/edicion94\/informe-de-sostenibilidad-corona-2020-20210430\/#primaryimage"},"thumbnailUrl":"https:\/\/rsrevista.org\/edicion94\/wp-content\/uploads\/sites\/3\/2021\/04\/informe_web_corona.jpg","datePublished":"2021-04-30T01:32:37+00:00","dateModified":"2021-05-06T15:32:19+00:00","author":{"@id":"https:\/\/rsrevista.org\/edicion94\/#\/schema\/person\/781e0e43b930b28f9267ae9a5dcbe3af"},"breadcrumb":{"@id":"https:\/\/rsrevista.org\/edicion94\/informe-de-sostenibilidad-corona-2020-20210430\/#breadcrumb"},"inLanguage":"es","potentialAction":[{"@type":"ReadAction","target":["https:\/\/rsrevista.org\/edicion94\/informe-de-sostenibilidad-corona-2020-20210430\/"]}]},{"@type":"ImageObject","inLanguage":"es","@id":"https:\/\/rsrevista.org\/edicion94\/informe-de-sostenibilidad-corona-2020-20210430\/#primaryimage","url":"https:\/\/rsrevista.org\/edicion94\/wp-content\/uploads\/sites\/3\/2021\/04\/informe_web_corona.jpg","contentUrl":"https:\/\/rsrevista.org\/edicion94\/wp-content\/uploads\/sites\/3\/2021\/04\/informe_web_corona.jpg","width":1920,"height":1080},{"@type":"BreadcrumbList","@id":"https:\/\/rsrevista.org\/edicion94\/informe-de-sostenibilidad-corona-2020-20210430\/#breadcrumb","itemListElement":[{"@type":"ListItem","position":1,"name":"Portada","item":"https:\/\/rsrevista.org\/edicion94\/"},{"@type":"ListItem","position":2,"name":"Informe de sostenibilidad Corona 2020"}]},{"@type":"WebSite","@id":"https:\/\/rsrevista.org\/edicion94\/#website","url":"https:\/\/rsrevista.org\/edicion94\/","name":"Revista RS Edici\u00f3n 94","description":"Responsabilidad social y sostenibilidad","potentialAction":[{"@type":"SearchAction","target":{"@type":"EntryPoint","urlTemplate":"https:\/\/rsrevista.org\/edicion94\/?s={search_term_string}"},"query-input":{"@type":"PropertyValueSpecification","valueRequired":true,"valueName":"search_term_string"}}],"inLanguage":"es"},{"@type":"Person","@id":"https:\/\/rsrevista.org\/edicion94\/#\/schema\/person\/781e0e43b930b28f9267ae9a5dcbe3af","name":"Good","image":{"@type":"ImageObject","inLanguage":"es","@id":"https:\/\/rsrevista.org\/edicion94\/#\/schema\/person\/image\/","url":"https:\/\/secure.gravatar.com\/avatar\/b90085527cfd5e03250a8637fe5c0369?s=96&d=mm&r=g","contentUrl":"https:\/\/secure.gravatar.com\/avatar\/b90085527cfd5e03250a8637fe5c0369?s=96&d=mm&r=g","caption":"Good"},"sameAs":["https:\/\/rsrevista.org"],"url":"https:\/\/rsrevista.org\/edicion94\/author\/good\/"}]}},"_links":{"self":[{"href":"https:\/\/rsrevista.org\/edicion94\/wp-json\/wp\/v2\/posts\/4449"}],"collection":[{"href":"https:\/\/rsrevista.org\/edicion94\/wp-json\/wp\/v2\/posts"}],"about":[{"href":"https:\/\/rsrevista.org\/edicion94\/wp-json\/wp\/v2\/types\/post"}],"author":[{"embeddable":true,"href":"https:\/\/rsrevista.org\/edicion94\/wp-json\/wp\/v2\/users\/1"}],"replies":[{"embeddable":true,"href":"https:\/\/rsrevista.org\/edicion94\/wp-json\/wp\/v2\/comments?post=4449"}],"version-history":[{"count":4,"href":"https:\/\/rsrevista.org\/edicion94\/wp-json\/wp\/v2\/posts\/4449\/revisions"}],"predecessor-version":[{"id":4492,"href":"https:\/\/rsrevista.org\/edicion94\/wp-json\/wp\/v2\/posts\/4449\/revisions\/4492"}],"wp:featuredmedia":[{"embeddable":true,"href":"https:\/\/rsrevista.org\/edicion94\/wp-json\/wp\/v2\/media\/4490"}],"wp:attachment":[{"href":"https:\/\/rsrevista.org\/edicion94\/wp-json\/wp\/v2\/media?parent=4449"}],"wp:term":[{"taxonomy":"category","embeddable":true,"href":"https:\/\/rsrevista.org\/edicion94\/wp-json\/wp\/v2\/categories?post=4449"},{"taxonomy":"post_tag","embeddable":true,"href":"https:\/\/rsrevista.org\/edicion94\/wp-json\/wp\/v2\/tags?post=4449"}],"curies":[{"name":"wp","href":"https:\/\/api.w.org\/{rel}","templated":true}]}}