{"id":3988,"date":"2021-04-23T00:29:18","date_gmt":"2021-04-23T00:29:18","guid":{"rendered":"https:\/\/rsrevista.org\/edicion94\/?p=3988"},"modified":"2021-04-26T19:23:21","modified_gmt":"2021-04-26T19:23:21","slug":"primera-cumbre-de-lideres-por-la-equidad-de-genero-un-espacio-para-generar-conciencia","status":"publish","type":"post","link":"https:\/\/rsrevista.org\/edicion94\/primera-cumbre-de-lideres-por-la-equidad-de-genero-un-espacio-para-generar-conciencia-20210423\/","title":{"rendered":"Primera Cumbre de L\u00edderes por la Equidad de G\u00e9nero, un espacio para generar conciencia"},"content":{"rendered":"<p><span style=\"font-weight: 400\">El <\/span><strong>Gimnasio Moderno<\/strong><span style=\"font-weight: 400\"> y <\/span><strong>Women in Connection<\/strong><span style=\"font-weight: 400\"><strong>,<\/strong> llevaron a cabo la<\/span><strong>\u00a0Primera Cumbre de L\u00edderes por la Equidad de G\u00e9nero<\/strong> <span style=\"font-weight: 400\">el 17 de marzo. Este espacio de di\u00e1logo fue una iniciativa que tuvo como eje central generar conciencia,\u00a0 expandir las oportunidades de todos los j\u00f3venes a nivel nacional e intercambiar las mejores pr\u00e1cticas sobre cuestiones de g\u00e9nero en los \u00e1mbitos econ\u00f3mico, pol\u00edtico, social y cultural.<\/span><\/p>\n\n\n<blockquote class=\"wp-block-quote is-layout-flow wp-block-quote-is-layout-flow\"><p>La inequidad de g\u00e9nero se ha ido transformando a medida que ha evolucionado la sociedad y los logros de nuestras madres y abuelas hoy se ven reflejados en un ambiente de mayor inclusi\u00f3n. Sin embargo, a\u00fan falta mucho, y todos somos parte de la soluci\u00f3n.<\/p><cite>\u00c1ngela Hurtado Castro, presidente de la Junta Directiva de WIC.<\/cite><\/blockquote>\n\n\n<p><span style=\"font-weight: 400\">M\u00e1s de 40 colegios entre p\u00fablicos y privados y universidades como EAFIT, el Externado, los Andes, el Rosario, el Sena, entre otros, participaron en este evento. La cumbre, la cual fue realizada de forma virtual, cont\u00f3 con la participaci\u00f3n de Sof\u00eda G\u00f3mez, Apneista colombiana; Camila Escobar, Presidente de Procafecol Juan Valdez; Adriana Luc\u00eda, Cantante y Compositora colombia; Pedro Gasca, Fundador de Tostao; Claudia Sterling, Vicepresidente legal y de asuntos corporativos Cruz Verde; entre otros invitados.<\/span><\/p>\n\n\n<blockquote class=\"wp-block-quote is-layout-flow wp-block-quote-is-layout-flow\"><p>Cada vez que estamos hablando de equidad de g\u00e9nero, estamos hablando del ejercicio de los derechos humanos y de la posibilidad de acceder a todas las oportunidades que la cultura nos brinda como seres humanos.<\/p><cite>\u00c1ngela Mar\u00eda Rojas, PhD en Psicolog\u00eda.<\/cite><\/blockquote>\n\n\n<p><span style=\"font-weight: 400\">Millones de j\u00f3venes en pa\u00edses de ingresos bajos y medios se enfrentan con brechas discriminatorias y se les niegan sus derechos para alcanzar su m\u00e1ximo potencial. Por esta raz\u00f3n, la agenda estuvo conformada por l\u00edderes, influenciadores, fil\u00e1ntropos y expertos en equidad de g\u00e9nero que ten\u00edan como objetivo empoderar a los j\u00f3venes en temas de equidad para construir una sociedad m\u00e1s incluyente y pr\u00f3spera.<\/span><\/p>\n<p class=\"eut-dropcap\">Por su parte, V\u00edctor Alberto G\u00f3mez Cusnir, rector del Gimnasio Moderno, considera que <strong>\u201cla inequidad de g\u00e9nero tiene muchas caras, ninguna amable, y por eso decidimos realizar una agenda de lujo e invitar a diferentes protagonistas para entre todos cerrar la brecha de g\u00e9nero que existe en nuestro pa\u00eds\u201d.<\/strong>\u00a0<\/p>\n<p><span style=\"font-weight: 400\">De hecho, en el <a href=\"https:\/\/rsrevista.org\/edicion94\/secciones\/informacion-de-valor\/eventos\/\">evento<\/a> se destac\u00f3 que cada persona debe tener una igualdad de oportunidades, sin importar el g\u00e9nero. En otras palabras, los hombres y las mujeres deben tener una competencia sana en donde se valoren las capacidades y habilidades de cada ser humano.\u00a0<\/span><\/p>\n\n\n<blockquote class=\"wp-block-quote is-layout-flow wp-block-quote-is-layout-flow\"><p>Los hombres y las mujeres tenemos que prepararnos igual y tenemos que desarrollar nuestros perfiles de manera que podamos competir entre nosotros, pero que todos tengamos las mismas oportunidades.<\/p><cite>Alejandra Cu\u00e9llar, Directora Sostenibilidad y Relaciones P\u00fablicas.<\/cite><\/blockquote>\n\n\n<p><span style=\"font-weight: 400\">Durante el encuentro, se generaron conversaciones sobre la importancia del humanismo, la equidad, diversidad, liderazgo, empleabilidad, la educaci\u00f3n para todas las personas y empoderamiento. Adicionalmente, se reflexion\u00f3 sobre la ruptura de brechas y barreras, la inclusi\u00f3n de personajes y la realidad en comunidades vulnerables . Por lo tanto, cada persona debe ser consciente del entorno en el que se encuentra y ser un agente de cambio para generar un progreso en el pa\u00eds.<\/span><\/p>","protected":false},"excerpt":{"rendered":"<p>Durante el encuentro, se generaron conversaciones sobre la importancia del humanismo, la equidad, diversidad, liderazgo, empleabilidad, la educaci\u00f3n para todas las personas y empoderamiento.<\/p>\n","protected":false},"author":1,"featured_media":3992,"comment_status":"open","ping_status":"open","sticky":false,"template":"","format":"standard","meta":{"footnotes":""},"categories":[35],"tags":[],"class_list":["post-3988","post","type-post","status-publish","format-standard","has-post-thumbnail","hentry","category-eventos"],"yoast_head":"<!-- This site is optimized with the Yoast SEO plugin v23.9 - https:\/\/yoast.com\/wordpress\/plugins\/seo\/ -->\n<title>Primera Cumbre de L\u00edderes por la Equidad de G\u00e9nero, un espacio para generar conciencia - Revista RS Edici\u00f3n 94<\/title>\n<meta name=\"description\" content=\"La\u00a0Primera Cumbre de L\u00edderes por la Equidad de G\u00e9nero fue un espacio de di\u00e1logo que tuvo como eje central generar conciencia.\" \/>\n<meta name=\"robots\" content=\"index, follow, max-snippet:-1, max-image-preview:large, max-video-preview:-1\" \/>\n<link rel=\"canonical\" href=\"https:\/\/rsrevista.org\/edicion94\/primera-cumbre-de-lideres-por-la-equidad-de-genero-un-espacio-para-generar-conciencia-20210423\/\" \/>\n<meta property=\"og:locale\" content=\"es_ES\" \/>\n<meta property=\"og:type\" content=\"article\" \/>\n<meta property=\"og:title\" content=\"Primera Cumbre de L\u00edderes por la Equidad de G\u00e9nero, un espacio para generar conciencia - Revista RS Edici\u00f3n 94\" \/>\n<meta property=\"og:description\" content=\"La\u00a0Primera Cumbre de L\u00edderes por la Equidad de G\u00e9nero fue un espacio de di\u00e1logo que tuvo como eje central generar conciencia.\" \/>\n<meta property=\"og:url\" content=\"https:\/\/rsrevista.org\/edicion94\/primera-cumbre-de-lideres-por-la-equidad-de-genero-un-espacio-para-generar-conciencia-20210423\/\" \/>\n<meta property=\"og:site_name\" content=\"Revista RS Edici\u00f3n 94\" \/>\n<meta property=\"article:published_time\" content=\"2021-04-23T00:29:18+00:00\" \/>\n<meta property=\"article:modified_time\" content=\"2021-04-26T19:23:21+00:00\" \/>\n<meta property=\"og:image\" content=\"https:\/\/rsrevista.org\/edicion94\/wp-content\/uploads\/sites\/3\/2021\/04\/9-1\u00b0-Cumbre-de-L\u00edderes-por-la-Equidad-de-G\u00e9nero.jpg\" \/>\n\t<meta property=\"og:image:width\" content=\"1920\" \/>\n\t<meta property=\"og:image:height\" content=\"1080\" \/>\n\t<meta property=\"og:image:type\" content=\"image\/jpeg\" \/>\n<meta name=\"author\" content=\"Good\" \/>\n<meta name=\"twitter:card\" content=\"summary_large_image\" \/>\n<meta name=\"twitter:label1\" content=\"Escrito por\" \/>\n\t<meta name=\"twitter:data1\" content=\"Good\" \/>\n\t<meta name=\"twitter:label2\" content=\"Tiempo de lectura\" \/>\n\t<meta name=\"twitter:data2\" content=\"3 minutos\" \/>\n<script type=\"application\/ld+json\" class=\"yoast-schema-graph\">{\"@context\":\"https:\/\/schema.org\",\"@graph\":[{\"@type\":\"WebPage\",\"@id\":\"https:\/\/rsrevista.org\/edicion94\/primera-cumbre-de-lideres-por-la-equidad-de-genero-un-espacio-para-generar-conciencia-20210423\/\",\"url\":\"https:\/\/rsrevista.org\/edicion94\/primera-cumbre-de-lideres-por-la-equidad-de-genero-un-espacio-para-generar-conciencia-20210423\/\",\"name\":\"Primera Cumbre de L\u00edderes por la Equidad de G\u00e9nero, un espacio para generar conciencia - Revista RS Edici\u00f3n 94\",\"isPartOf\":{\"@id\":\"https:\/\/rsrevista.org\/edicion94\/#website\"},\"primaryImageOfPage\":{\"@id\":\"https:\/\/rsrevista.org\/edicion94\/primera-cumbre-de-lideres-por-la-equidad-de-genero-un-espacio-para-generar-conciencia-20210423\/#primaryimage\"},\"image\":{\"@id\":\"https:\/\/rsrevista.org\/edicion94\/primera-cumbre-de-lideres-por-la-equidad-de-genero-un-espacio-para-generar-conciencia-20210423\/#primaryimage\"},\"thumbnailUrl\":\"https:\/\/rsrevista.org\/edicion94\/wp-content\/uploads\/sites\/3\/2021\/04\/9-1\u00b0-Cumbre-de-L\u00edderes-por-la-Equidad-de-G\u00e9nero.jpg\",\"datePublished\":\"2021-04-23T00:29:18+00:00\",\"dateModified\":\"2021-04-26T19:23:21+00:00\",\"author\":{\"@id\":\"https:\/\/rsrevista.org\/edicion94\/#\/schema\/person\/781e0e43b930b28f9267ae9a5dcbe3af\"},\"description\":\"La\u00a0Primera Cumbre de L\u00edderes por la Equidad de G\u00e9nero fue un espacio de di\u00e1logo que tuvo como eje central generar conciencia.\",\"breadcrumb\":{\"@id\":\"https:\/\/rsrevista.org\/edicion94\/primera-cumbre-de-lideres-por-la-equidad-de-genero-un-espacio-para-generar-conciencia-20210423\/#breadcrumb\"},\"inLanguage\":\"es\",\"potentialAction\":[{\"@type\":\"ReadAction\",\"target\":[\"https:\/\/rsrevista.org\/edicion94\/primera-cumbre-de-lideres-por-la-equidad-de-genero-un-espacio-para-generar-conciencia-20210423\/\"]}]},{\"@type\":\"ImageObject\",\"inLanguage\":\"es\",\"@id\":\"https:\/\/rsrevista.org\/edicion94\/primera-cumbre-de-lideres-por-la-equidad-de-genero-un-espacio-para-generar-conciencia-20210423\/#primaryimage\",\"url\":\"https:\/\/rsrevista.org\/edicion94\/wp-content\/uploads\/sites\/3\/2021\/04\/9-1\u00b0-Cumbre-de-L\u00edderes-por-la-Equidad-de-G\u00e9nero.jpg\",\"contentUrl\":\"https:\/\/rsrevista.org\/edicion94\/wp-content\/uploads\/sites\/3\/2021\/04\/9-1\u00b0-Cumbre-de-L\u00edderes-por-la-Equidad-de-G\u00e9nero.jpg\",\"width\":1920,\"height\":1080,\"caption\":\"Equidad de G\u00e9nero\"},{\"@type\":\"BreadcrumbList\",\"@id\":\"https:\/\/rsrevista.org\/edicion94\/primera-cumbre-de-lideres-por-la-equidad-de-genero-un-espacio-para-generar-conciencia-20210423\/#breadcrumb\",\"itemListElement\":[{\"@type\":\"ListItem\",\"position\":1,\"name\":\"Portada\",\"item\":\"https:\/\/rsrevista.org\/edicion94\/\"},{\"@type\":\"ListItem\",\"position\":2,\"name\":\"Primera Cumbre de L\u00edderes por la Equidad de G\u00e9nero, un espacio para generar conciencia\"}]},{\"@type\":\"WebSite\",\"@id\":\"https:\/\/rsrevista.org\/edicion94\/#website\",\"url\":\"https:\/\/rsrevista.org\/edicion94\/\",\"name\":\"Revista RS Edici\u00f3n 94\",\"description\":\"Responsabilidad social y sostenibilidad\",\"potentialAction\":[{\"@type\":\"SearchAction\",\"target\":{\"@type\":\"EntryPoint\",\"urlTemplate\":\"https:\/\/rsrevista.org\/edicion94\/?s={search_term_string}\"},\"query-input\":{\"@type\":\"PropertyValueSpecification\",\"valueRequired\":true,\"valueName\":\"search_term_string\"}}],\"inLanguage\":\"es\"},{\"@type\":\"Person\",\"@id\":\"https:\/\/rsrevista.org\/edicion94\/#\/schema\/person\/781e0e43b930b28f9267ae9a5dcbe3af\",\"name\":\"Good\",\"image\":{\"@type\":\"ImageObject\",\"inLanguage\":\"es\",\"@id\":\"https:\/\/rsrevista.org\/edicion94\/#\/schema\/person\/image\/\",\"url\":\"https:\/\/secure.gravatar.com\/avatar\/b90085527cfd5e03250a8637fe5c0369?s=96&d=mm&r=g\",\"contentUrl\":\"https:\/\/secure.gravatar.com\/avatar\/b90085527cfd5e03250a8637fe5c0369?s=96&d=mm&r=g\",\"caption\":\"Good\"},\"sameAs\":[\"https:\/\/rsrevista.org\"],\"url\":\"https:\/\/rsrevista.org\/edicion94\/author\/good\/\"}]}<\/script>\n<!-- \/ Yoast SEO plugin. -->","yoast_head_json":{"title":"Primera Cumbre de L\u00edderes por la Equidad de G\u00e9nero, un espacio para generar conciencia - Revista RS Edici\u00f3n 94","description":"La\u00a0Primera Cumbre de L\u00edderes por la Equidad de G\u00e9nero fue un espacio de di\u00e1logo que tuvo como eje central generar conciencia.","robots":{"index":"index","follow":"follow","max-snippet":"max-snippet:-1","max-image-preview":"max-image-preview:large","max-video-preview":"max-video-preview:-1"},"canonical":"https:\/\/rsrevista.org\/edicion94\/primera-cumbre-de-lideres-por-la-equidad-de-genero-un-espacio-para-generar-conciencia-20210423\/","og_locale":"es_ES","og_type":"article","og_title":"Primera Cumbre de L\u00edderes por la Equidad de G\u00e9nero, un espacio para generar conciencia - Revista RS Edici\u00f3n 94","og_description":"La\u00a0Primera Cumbre de L\u00edderes por la Equidad de G\u00e9nero fue un espacio de di\u00e1logo que tuvo como eje central generar conciencia.","og_url":"https:\/\/rsrevista.org\/edicion94\/primera-cumbre-de-lideres-por-la-equidad-de-genero-un-espacio-para-generar-conciencia-20210423\/","og_site_name":"Revista RS Edici\u00f3n 94","article_published_time":"2021-04-23T00:29:18+00:00","article_modified_time":"2021-04-26T19:23:21+00:00","og_image":[{"width":1920,"height":1080,"url":"https:\/\/rsrevista.org\/edicion94\/wp-content\/uploads\/sites\/3\/2021\/04\/9-1\u00b0-Cumbre-de-L\u00edderes-por-la-Equidad-de-G\u00e9nero.jpg","type":"image\/jpeg"}],"author":"Good","twitter_card":"summary_large_image","twitter_misc":{"Escrito por":"Good","Tiempo de lectura":"3 minutos"},"schema":{"@context":"https:\/\/schema.org","@graph":[{"@type":"WebPage","@id":"https:\/\/rsrevista.org\/edicion94\/primera-cumbre-de-lideres-por-la-equidad-de-genero-un-espacio-para-generar-conciencia-20210423\/","url":"https:\/\/rsrevista.org\/edicion94\/primera-cumbre-de-lideres-por-la-equidad-de-genero-un-espacio-para-generar-conciencia-20210423\/","name":"Primera Cumbre de L\u00edderes por la Equidad de G\u00e9nero, un espacio para generar conciencia - Revista RS Edici\u00f3n 94","isPartOf":{"@id":"https:\/\/rsrevista.org\/edicion94\/#website"},"primaryImageOfPage":{"@id":"https:\/\/rsrevista.org\/edicion94\/primera-cumbre-de-lideres-por-la-equidad-de-genero-un-espacio-para-generar-conciencia-20210423\/#primaryimage"},"image":{"@id":"https:\/\/rsrevista.org\/edicion94\/primera-cumbre-de-lideres-por-la-equidad-de-genero-un-espacio-para-generar-conciencia-20210423\/#primaryimage"},"thumbnailUrl":"https:\/\/rsrevista.org\/edicion94\/wp-content\/uploads\/sites\/3\/2021\/04\/9-1\u00b0-Cumbre-de-L\u00edderes-por-la-Equidad-de-G\u00e9nero.jpg","datePublished":"2021-04-23T00:29:18+00:00","dateModified":"2021-04-26T19:23:21+00:00","author":{"@id":"https:\/\/rsrevista.org\/edicion94\/#\/schema\/person\/781e0e43b930b28f9267ae9a5dcbe3af"},"description":"La\u00a0Primera Cumbre de L\u00edderes por la Equidad de G\u00e9nero fue un espacio de di\u00e1logo que tuvo como eje central generar conciencia.","breadcrumb":{"@id":"https:\/\/rsrevista.org\/edicion94\/primera-cumbre-de-lideres-por-la-equidad-de-genero-un-espacio-para-generar-conciencia-20210423\/#breadcrumb"},"inLanguage":"es","potentialAction":[{"@type":"ReadAction","target":["https:\/\/rsrevista.org\/edicion94\/primera-cumbre-de-lideres-por-la-equidad-de-genero-un-espacio-para-generar-conciencia-20210423\/"]}]},{"@type":"ImageObject","inLanguage":"es","@id":"https:\/\/rsrevista.org\/edicion94\/primera-cumbre-de-lideres-por-la-equidad-de-genero-un-espacio-para-generar-conciencia-20210423\/#primaryimage","url":"https:\/\/rsrevista.org\/edicion94\/wp-content\/uploads\/sites\/3\/2021\/04\/9-1\u00b0-Cumbre-de-L\u00edderes-por-la-Equidad-de-G\u00e9nero.jpg","contentUrl":"https:\/\/rsrevista.org\/edicion94\/wp-content\/uploads\/sites\/3\/2021\/04\/9-1\u00b0-Cumbre-de-L\u00edderes-por-la-Equidad-de-G\u00e9nero.jpg","width":1920,"height":1080,"caption":"Equidad de G\u00e9nero"},{"@type":"BreadcrumbList","@id":"https:\/\/rsrevista.org\/edicion94\/primera-cumbre-de-lideres-por-la-equidad-de-genero-un-espacio-para-generar-conciencia-20210423\/#breadcrumb","itemListElement":[{"@type":"ListItem","position":1,"name":"Portada","item":"https:\/\/rsrevista.org\/edicion94\/"},{"@type":"ListItem","position":2,"name":"Primera Cumbre de L\u00edderes por la Equidad de G\u00e9nero, un espacio para generar conciencia"}]},{"@type":"WebSite","@id":"https:\/\/rsrevista.org\/edicion94\/#website","url":"https:\/\/rsrevista.org\/edicion94\/","name":"Revista RS Edici\u00f3n 94","description":"Responsabilidad social y sostenibilidad","potentialAction":[{"@type":"SearchAction","target":{"@type":"EntryPoint","urlTemplate":"https:\/\/rsrevista.org\/edicion94\/?s={search_term_string}"},"query-input":{"@type":"PropertyValueSpecification","valueRequired":true,"valueName":"search_term_string"}}],"inLanguage":"es"},{"@type":"Person","@id":"https:\/\/rsrevista.org\/edicion94\/#\/schema\/person\/781e0e43b930b28f9267ae9a5dcbe3af","name":"Good","image":{"@type":"ImageObject","inLanguage":"es","@id":"https:\/\/rsrevista.org\/edicion94\/#\/schema\/person\/image\/","url":"https:\/\/secure.gravatar.com\/avatar\/b90085527cfd5e03250a8637fe5c0369?s=96&d=mm&r=g","contentUrl":"https:\/\/secure.gravatar.com\/avatar\/b90085527cfd5e03250a8637fe5c0369?s=96&d=mm&r=g","caption":"Good"},"sameAs":["https:\/\/rsrevista.org"],"url":"https:\/\/rsrevista.org\/edicion94\/author\/good\/"}]}},"_links":{"self":[{"href":"https:\/\/rsrevista.org\/edicion94\/wp-json\/wp\/v2\/posts\/3988"}],"collection":[{"href":"https:\/\/rsrevista.org\/edicion94\/wp-json\/wp\/v2\/posts"}],"about":[{"href":"https:\/\/rsrevista.org\/edicion94\/wp-json\/wp\/v2\/types\/post"}],"author":[{"embeddable":true,"href":"https:\/\/rsrevista.org\/edicion94\/wp-json\/wp\/v2\/users\/1"}],"replies":[{"embeddable":true,"href":"https:\/\/rsrevista.org\/edicion94\/wp-json\/wp\/v2\/comments?post=3988"}],"version-history":[{"count":6,"href":"https:\/\/rsrevista.org\/edicion94\/wp-json\/wp\/v2\/posts\/3988\/revisions"}],"predecessor-version":[{"id":4568,"href":"https:\/\/rsrevista.org\/edicion94\/wp-json\/wp\/v2\/posts\/3988\/revisions\/4568"}],"wp:featuredmedia":[{"embeddable":true,"href":"https:\/\/rsrevista.org\/edicion94\/wp-json\/wp\/v2\/media\/3992"}],"wp:attachment":[{"href":"https:\/\/rsrevista.org\/edicion94\/wp-json\/wp\/v2\/media?parent=3988"}],"wp:term":[{"taxonomy":"category","embeddable":true,"href":"https:\/\/rsrevista.org\/edicion94\/wp-json\/wp\/v2\/categories?post=3988"},{"taxonomy":"post_tag","embeddable":true,"href":"https:\/\/rsrevista.org\/edicion94\/wp-json\/wp\/v2\/tags?post=3988"}],"curies":[{"name":"wp","href":"https:\/\/api.w.org\/{rel}","templated":true}]}}