{"id":3976,"date":"2021-04-23T00:21:18","date_gmt":"2021-04-23T00:21:18","guid":{"rendered":"https:\/\/rsrevista.org\/edicion94\/?p=3976"},"modified":"2021-04-26T19:16:13","modified_gmt":"2021-04-26T19:16:13","slug":"primer-encuentro-latinoamericano-de-mineria","status":"publish","type":"post","link":"https:\/\/rsrevista.org\/edicion94\/primer-encuentro-latinoamericano-de-mineria-20210423\/","title":{"rendered":"Primer Encuentro Latinoamericano de Miner\u00eda"},"content":{"rendered":"<p><span style=\"font-weight: 400\">Del 2 al 5 de marzo se realiz\u00f3 de forma virtual el primer <\/span><strong>Encuentro Latinoamericano de Miner\u00eda -ELAMI-<\/strong><span style=\"font-weight: 400\">, el cual reuni\u00f3 por primera vez a los Ministros de Minas y Ambiente de la regi\u00f3n, los cuales hablaron sobre las oportunidades y avances de la industria minera en medio de la lucha mundial contra el cambio clim\u00e1tico, el rol de la democracia y los retos de la participaci\u00f3n ciudadana.&nbsp;<\/span><\/p>\n<p class=\"eut-dropcap\">El evento fue dise\u00f1ado para incentivar un di\u00e1logo regional en el que autoridades y expertos de Brasil, Argentina, Per\u00fa, Chile, Ecuador y Panam\u00e1 comentaron c\u00f3mo la industria est\u00e1 enfrentando los desaf\u00edos econ\u00f3micos, ambientales y sociales que le impone el nuevo escenario global.&nbsp;<\/p>\n<p><span style=\"font-weight: 400\">La miner\u00eda representa un porcentaje importante del PIB y un significativo aporte en ingresos y regal\u00edas para algunas de las principales econom\u00edas latinoamericanas. Sin embargo, la llegada del Covid, la contracci\u00f3n en los precios, la baja producci\u00f3n, la ca\u00edda de las materias primas y la conflictividad social implican una conversaci\u00f3n regional sobre los nuevos escenarios y retos de la industria para impulsar sus operaciones y consolidar su expansi\u00f3n post pandemia.<\/span><\/p>\n\n\n<blockquote class=\"wp-block-quote is-layout-flow wp-block-quote-is-layout-flow\"><p>Las naciones productoras de minerales tenemos grandes retos para 2021. Una sociedad cada vez m\u00e1s participativa, el cambio clim\u00e1tico, la equidad de g\u00e9nero, la competitividad y la sostenibilidad ambiental no son conversaciones ajenas a esta industria; una nueva realidad nos exige establecer c\u00f3mo debemos afrontar estos desaf\u00edos y buscar alternativas y mecanismos para que el sector siga siendo fundamental en la recuperaci\u00f3n de las econom\u00edas contra\u00eddas por la pandemia. ELAMI ser\u00e1 el espacio m\u00e1s oportuno para iniciar esa tarea conjunta que tenemos todos.<\/p><cite>Juan Camilo Nari\u00f1o, Presidente de la Asociaci\u00f3n Colombiana de Miner\u00eda -ACM-.<\/cite><\/blockquote>\n\n\n<p><span style=\"font-weight: 400\">De hecho, en el panel de<\/span> <strong>\u201cDesarrollo de miner\u00eda en la regi\u00f3n\u201d<\/strong><span style=\"font-weight: 400\">,&nbsp; el&nbsp; Consejo Minero de Chile,&nbsp; la Asociaci\u00f3n Colombiana de Miner\u00eda -ACM-, el Instituto Brasilero de Minera\u00e7\u00e3o IBRAM, ; la&nbsp; C\u00e1mara Minera de Panam\u00e1 -CAMIPA-, los Representantes de la C\u00e1mara Argentina de Empresarios Mineros -CAEM-, la C\u00e1mara de Miner\u00eda del Ecuador -CME- y la Sociedad Nacional de Miner\u00eda Petr\u00f3leo y Energ\u00eda -SNMPE- de Per\u00fa<\/span> <strong>firmaron una declaraci\u00f3n conjunta con el objetivo de juntar sus esfuerzos e impulsar la uni\u00f3n de la industria minera de Latinoam\u00e9rica.<\/strong><\/p>\n<p class=\"eut-dropcap\">El Encuentro Latinoamericano de Miner\u00eda tambi\u00e9n se convirti\u00f3 en el escenario donde se dieron a conocer los resultados del primer estudio de opini\u00f3n p\u00fablica sobre la industria minera en la regi\u00f3n.&nbsp;<\/p>\n\n\n<blockquote class=\"wp-block-quote is-layout-flow wp-block-quote-is-layout-flow\"><p>Si bien el 79% de las personas en Am\u00e9rica Latina considera que la miner\u00eda bien hecha trae desarrollo a las regiones donde opera, el reconocimiento de esta actividad a nivel municipal es mucho menor: s\u00f3lo el 50% de los habitantes de pa\u00edses latinoamericanos considera que la miner\u00eda es positiva para su municipio.<\/p><cite>&nbsp;Jaime Arteaga de Brigard, Director General de la firma consultora JA&amp;A y Coorganizador<\/cite><\/blockquote>\n","protected":false},"excerpt":{"rendered":"<p>Del 2 al 5 de marzo se realiz\u00f3 de forma virtual el primer Encuentro Latinoamericano de Miner\u00eda -ELAMI-<\/p>\n","protected":false},"author":1,"featured_media":3977,"comment_status":"open","ping_status":"open","sticky":false,"template":"","format":"standard","meta":{"footnotes":""},"categories":[35],"tags":[],"class_list":["post-3976","post","type-post","status-publish","format-standard","has-post-thumbnail","hentry","category-eventos"],"yoast_head":"<!-- This site is optimized with the Yoast SEO plugin v23.9 - https:\/\/yoast.com\/wordpress\/plugins\/seo\/ -->\n<title>Primer Encuentro Latinoamericano de Miner\u00eda - Revista RS Edici\u00f3n 94<\/title>\n<meta name=\"description\" content=\"El primer Encuentro Latinoamericano de Miner\u00eda resalt\u00f3 las oportunidades y avances de la industria minera en medio de la lucha contra el cambio clim\u00e1tico.\" \/>\n<meta name=\"robots\" content=\"index, follow, max-snippet:-1, max-image-preview:large, max-video-preview:-1\" \/>\n<link rel=\"canonical\" href=\"https:\/\/rsrevista.org\/edicion94\/primer-encuentro-latinoamericano-de-mineria-20210423\/\" \/>\n<meta property=\"og:locale\" content=\"es_ES\" \/>\n<meta property=\"og:type\" content=\"article\" \/>\n<meta property=\"og:title\" content=\"Primer Encuentro Latinoamericano de Miner\u00eda - Revista RS Edici\u00f3n 94\" \/>\n<meta property=\"og:description\" content=\"El primer Encuentro Latinoamericano de Miner\u00eda resalt\u00f3 las oportunidades y avances de la industria minera en medio de la lucha contra el cambio clim\u00e1tico.\" \/>\n<meta property=\"og:url\" content=\"https:\/\/rsrevista.org\/edicion94\/primer-encuentro-latinoamericano-de-mineria-20210423\/\" \/>\n<meta property=\"og:site_name\" content=\"Revista RS Edici\u00f3n 94\" \/>\n<meta property=\"article:published_time\" content=\"2021-04-23T00:21:18+00:00\" \/>\n<meta property=\"article:modified_time\" content=\"2021-04-26T19:16:13+00:00\" \/>\n<meta property=\"og:image\" content=\"https:\/\/rsrevista.org\/edicion94\/wp-content\/uploads\/sites\/3\/2021\/04\/7-\u201cCambio-clim\u00e1tico-participaci\u00f3n-ciudadana-y-transici\u00f3n-energ\u00e9tica-exigen-repensar-la-industria-minera-en-el-continente\u201d.jpg\" \/>\n\t<meta property=\"og:image:width\" content=\"1920\" \/>\n\t<meta property=\"og:image:height\" content=\"1080\" \/>\n\t<meta property=\"og:image:type\" content=\"image\/jpeg\" \/>\n<meta name=\"author\" content=\"Good\" \/>\n<meta name=\"twitter:card\" content=\"summary_large_image\" \/>\n<meta name=\"twitter:label1\" content=\"Escrito por\" \/>\n\t<meta name=\"twitter:data1\" content=\"Good\" \/>\n\t<meta name=\"twitter:label2\" content=\"Tiempo de lectura\" \/>\n\t<meta name=\"twitter:data2\" content=\"3 minutos\" \/>\n<script type=\"application\/ld+json\" class=\"yoast-schema-graph\">{\"@context\":\"https:\/\/schema.org\",\"@graph\":[{\"@type\":\"WebPage\",\"@id\":\"https:\/\/rsrevista.org\/edicion94\/primer-encuentro-latinoamericano-de-mineria-20210423\/\",\"url\":\"https:\/\/rsrevista.org\/edicion94\/primer-encuentro-latinoamericano-de-mineria-20210423\/\",\"name\":\"Primer Encuentro Latinoamericano de Miner\u00eda - Revista RS Edici\u00f3n 94\",\"isPartOf\":{\"@id\":\"https:\/\/rsrevista.org\/edicion94\/#website\"},\"primaryImageOfPage\":{\"@id\":\"https:\/\/rsrevista.org\/edicion94\/primer-encuentro-latinoamericano-de-mineria-20210423\/#primaryimage\"},\"image\":{\"@id\":\"https:\/\/rsrevista.org\/edicion94\/primer-encuentro-latinoamericano-de-mineria-20210423\/#primaryimage\"},\"thumbnailUrl\":\"https:\/\/rsrevista.org\/edicion94\/wp-content\/uploads\/sites\/3\/2021\/04\/7-\u201cCambio-clim\u00e1tico-participaci\u00f3n-ciudadana-y-transici\u00f3n-energ\u00e9tica-exigen-repensar-la-industria-minera-en-el-continente\u201d.jpg\",\"datePublished\":\"2021-04-23T00:21:18+00:00\",\"dateModified\":\"2021-04-26T19:16:13+00:00\",\"author\":{\"@id\":\"https:\/\/rsrevista.org\/edicion94\/#\/schema\/person\/781e0e43b930b28f9267ae9a5dcbe3af\"},\"description\":\"El primer Encuentro Latinoamericano de Miner\u00eda resalt\u00f3 las oportunidades y avances de la industria minera en medio de la lucha contra el cambio clim\u00e1tico.\",\"breadcrumb\":{\"@id\":\"https:\/\/rsrevista.org\/edicion94\/primer-encuentro-latinoamericano-de-mineria-20210423\/#breadcrumb\"},\"inLanguage\":\"es\",\"potentialAction\":[{\"@type\":\"ReadAction\",\"target\":[\"https:\/\/rsrevista.org\/edicion94\/primer-encuentro-latinoamericano-de-mineria-20210423\/\"]}]},{\"@type\":\"ImageObject\",\"inLanguage\":\"es\",\"@id\":\"https:\/\/rsrevista.org\/edicion94\/primer-encuentro-latinoamericano-de-mineria-20210423\/#primaryimage\",\"url\":\"https:\/\/rsrevista.org\/edicion94\/wp-content\/uploads\/sites\/3\/2021\/04\/7-\u201cCambio-clim\u00e1tico-participaci\u00f3n-ciudadana-y-transici\u00f3n-energ\u00e9tica-exigen-repensar-la-industria-minera-en-el-continente\u201d.jpg\",\"contentUrl\":\"https:\/\/rsrevista.org\/edicion94\/wp-content\/uploads\/sites\/3\/2021\/04\/7-\u201cCambio-clim\u00e1tico-participaci\u00f3n-ciudadana-y-transici\u00f3n-energ\u00e9tica-exigen-repensar-la-industria-minera-en-el-continente\u201d.jpg\",\"width\":1920,\"height\":1080,\"caption\":\"Primer Encuentro Latinoamericano de Miner\u00eda\"},{\"@type\":\"BreadcrumbList\",\"@id\":\"https:\/\/rsrevista.org\/edicion94\/primer-encuentro-latinoamericano-de-mineria-20210423\/#breadcrumb\",\"itemListElement\":[{\"@type\":\"ListItem\",\"position\":1,\"name\":\"Portada\",\"item\":\"https:\/\/rsrevista.org\/edicion94\/\"},{\"@type\":\"ListItem\",\"position\":2,\"name\":\"Primer Encuentro Latinoamericano de Miner\u00eda\"}]},{\"@type\":\"WebSite\",\"@id\":\"https:\/\/rsrevista.org\/edicion94\/#website\",\"url\":\"https:\/\/rsrevista.org\/edicion94\/\",\"name\":\"Revista RS Edici\u00f3n 94\",\"description\":\"Responsabilidad social y sostenibilidad\",\"potentialAction\":[{\"@type\":\"SearchAction\",\"target\":{\"@type\":\"EntryPoint\",\"urlTemplate\":\"https:\/\/rsrevista.org\/edicion94\/?s={search_term_string}\"},\"query-input\":{\"@type\":\"PropertyValueSpecification\",\"valueRequired\":true,\"valueName\":\"search_term_string\"}}],\"inLanguage\":\"es\"},{\"@type\":\"Person\",\"@id\":\"https:\/\/rsrevista.org\/edicion94\/#\/schema\/person\/781e0e43b930b28f9267ae9a5dcbe3af\",\"name\":\"Good\",\"image\":{\"@type\":\"ImageObject\",\"inLanguage\":\"es\",\"@id\":\"https:\/\/rsrevista.org\/edicion94\/#\/schema\/person\/image\/\",\"url\":\"https:\/\/secure.gravatar.com\/avatar\/b90085527cfd5e03250a8637fe5c0369?s=96&d=mm&r=g\",\"contentUrl\":\"https:\/\/secure.gravatar.com\/avatar\/b90085527cfd5e03250a8637fe5c0369?s=96&d=mm&r=g\",\"caption\":\"Good\"},\"sameAs\":[\"https:\/\/rsrevista.org\"],\"url\":\"https:\/\/rsrevista.org\/edicion94\/author\/good\/\"}]}<\/script>\n<!-- \/ Yoast SEO plugin. -->","yoast_head_json":{"title":"Primer Encuentro Latinoamericano de Miner\u00eda - Revista RS Edici\u00f3n 94","description":"El primer Encuentro Latinoamericano de Miner\u00eda resalt\u00f3 las oportunidades y avances de la industria minera en medio de la lucha contra el cambio clim\u00e1tico.","robots":{"index":"index","follow":"follow","max-snippet":"max-snippet:-1","max-image-preview":"max-image-preview:large","max-video-preview":"max-video-preview:-1"},"canonical":"https:\/\/rsrevista.org\/edicion94\/primer-encuentro-latinoamericano-de-mineria-20210423\/","og_locale":"es_ES","og_type":"article","og_title":"Primer Encuentro Latinoamericano de Miner\u00eda - Revista RS Edici\u00f3n 94","og_description":"El primer Encuentro Latinoamericano de Miner\u00eda resalt\u00f3 las oportunidades y avances de la industria minera en medio de la lucha contra el cambio clim\u00e1tico.","og_url":"https:\/\/rsrevista.org\/edicion94\/primer-encuentro-latinoamericano-de-mineria-20210423\/","og_site_name":"Revista RS Edici\u00f3n 94","article_published_time":"2021-04-23T00:21:18+00:00","article_modified_time":"2021-04-26T19:16:13+00:00","og_image":[{"width":1920,"height":1080,"url":"https:\/\/rsrevista.org\/edicion94\/wp-content\/uploads\/sites\/3\/2021\/04\/7-\u201cCambio-clim\u00e1tico-participaci\u00f3n-ciudadana-y-transici\u00f3n-energ\u00e9tica-exigen-repensar-la-industria-minera-en-el-continente\u201d.jpg","type":"image\/jpeg"}],"author":"Good","twitter_card":"summary_large_image","twitter_misc":{"Escrito por":"Good","Tiempo de lectura":"3 minutos"},"schema":{"@context":"https:\/\/schema.org","@graph":[{"@type":"WebPage","@id":"https:\/\/rsrevista.org\/edicion94\/primer-encuentro-latinoamericano-de-mineria-20210423\/","url":"https:\/\/rsrevista.org\/edicion94\/primer-encuentro-latinoamericano-de-mineria-20210423\/","name":"Primer Encuentro Latinoamericano de Miner\u00eda - Revista RS Edici\u00f3n 94","isPartOf":{"@id":"https:\/\/rsrevista.org\/edicion94\/#website"},"primaryImageOfPage":{"@id":"https:\/\/rsrevista.org\/edicion94\/primer-encuentro-latinoamericano-de-mineria-20210423\/#primaryimage"},"image":{"@id":"https:\/\/rsrevista.org\/edicion94\/primer-encuentro-latinoamericano-de-mineria-20210423\/#primaryimage"},"thumbnailUrl":"https:\/\/rsrevista.org\/edicion94\/wp-content\/uploads\/sites\/3\/2021\/04\/7-\u201cCambio-clim\u00e1tico-participaci\u00f3n-ciudadana-y-transici\u00f3n-energ\u00e9tica-exigen-repensar-la-industria-minera-en-el-continente\u201d.jpg","datePublished":"2021-04-23T00:21:18+00:00","dateModified":"2021-04-26T19:16:13+00:00","author":{"@id":"https:\/\/rsrevista.org\/edicion94\/#\/schema\/person\/781e0e43b930b28f9267ae9a5dcbe3af"},"description":"El primer Encuentro Latinoamericano de Miner\u00eda resalt\u00f3 las oportunidades y avances de la industria minera en medio de la lucha contra el cambio clim\u00e1tico.","breadcrumb":{"@id":"https:\/\/rsrevista.org\/edicion94\/primer-encuentro-latinoamericano-de-mineria-20210423\/#breadcrumb"},"inLanguage":"es","potentialAction":[{"@type":"ReadAction","target":["https:\/\/rsrevista.org\/edicion94\/primer-encuentro-latinoamericano-de-mineria-20210423\/"]}]},{"@type":"ImageObject","inLanguage":"es","@id":"https:\/\/rsrevista.org\/edicion94\/primer-encuentro-latinoamericano-de-mineria-20210423\/#primaryimage","url":"https:\/\/rsrevista.org\/edicion94\/wp-content\/uploads\/sites\/3\/2021\/04\/7-\u201cCambio-clim\u00e1tico-participaci\u00f3n-ciudadana-y-transici\u00f3n-energ\u00e9tica-exigen-repensar-la-industria-minera-en-el-continente\u201d.jpg","contentUrl":"https:\/\/rsrevista.org\/edicion94\/wp-content\/uploads\/sites\/3\/2021\/04\/7-\u201cCambio-clim\u00e1tico-participaci\u00f3n-ciudadana-y-transici\u00f3n-energ\u00e9tica-exigen-repensar-la-industria-minera-en-el-continente\u201d.jpg","width":1920,"height":1080,"caption":"Primer Encuentro Latinoamericano de Miner\u00eda"},{"@type":"BreadcrumbList","@id":"https:\/\/rsrevista.org\/edicion94\/primer-encuentro-latinoamericano-de-mineria-20210423\/#breadcrumb","itemListElement":[{"@type":"ListItem","position":1,"name":"Portada","item":"https:\/\/rsrevista.org\/edicion94\/"},{"@type":"ListItem","position":2,"name":"Primer Encuentro Latinoamericano de Miner\u00eda"}]},{"@type":"WebSite","@id":"https:\/\/rsrevista.org\/edicion94\/#website","url":"https:\/\/rsrevista.org\/edicion94\/","name":"Revista RS Edici\u00f3n 94","description":"Responsabilidad social y sostenibilidad","potentialAction":[{"@type":"SearchAction","target":{"@type":"EntryPoint","urlTemplate":"https:\/\/rsrevista.org\/edicion94\/?s={search_term_string}"},"query-input":{"@type":"PropertyValueSpecification","valueRequired":true,"valueName":"search_term_string"}}],"inLanguage":"es"},{"@type":"Person","@id":"https:\/\/rsrevista.org\/edicion94\/#\/schema\/person\/781e0e43b930b28f9267ae9a5dcbe3af","name":"Good","image":{"@type":"ImageObject","inLanguage":"es","@id":"https:\/\/rsrevista.org\/edicion94\/#\/schema\/person\/image\/","url":"https:\/\/secure.gravatar.com\/avatar\/b90085527cfd5e03250a8637fe5c0369?s=96&d=mm&r=g","contentUrl":"https:\/\/secure.gravatar.com\/avatar\/b90085527cfd5e03250a8637fe5c0369?s=96&d=mm&r=g","caption":"Good"},"sameAs":["https:\/\/rsrevista.org"],"url":"https:\/\/rsrevista.org\/edicion94\/author\/good\/"}]}},"_links":{"self":[{"href":"https:\/\/rsrevista.org\/edicion94\/wp-json\/wp\/v2\/posts\/3976"}],"collection":[{"href":"https:\/\/rsrevista.org\/edicion94\/wp-json\/wp\/v2\/posts"}],"about":[{"href":"https:\/\/rsrevista.org\/edicion94\/wp-json\/wp\/v2\/types\/post"}],"author":[{"embeddable":true,"href":"https:\/\/rsrevista.org\/edicion94\/wp-json\/wp\/v2\/users\/1"}],"replies":[{"embeddable":true,"href":"https:\/\/rsrevista.org\/edicion94\/wp-json\/wp\/v2\/comments?post=3976"}],"version-history":[{"count":4,"href":"https:\/\/rsrevista.org\/edicion94\/wp-json\/wp\/v2\/posts\/3976\/revisions"}],"predecessor-version":[{"id":4084,"href":"https:\/\/rsrevista.org\/edicion94\/wp-json\/wp\/v2\/posts\/3976\/revisions\/4084"}],"wp:featuredmedia":[{"embeddable":true,"href":"https:\/\/rsrevista.org\/edicion94\/wp-json\/wp\/v2\/media\/3977"}],"wp:attachment":[{"href":"https:\/\/rsrevista.org\/edicion94\/wp-json\/wp\/v2\/media?parent=3976"}],"wp:term":[{"taxonomy":"category","embeddable":true,"href":"https:\/\/rsrevista.org\/edicion94\/wp-json\/wp\/v2\/categories?post=3976"},{"taxonomy":"post_tag","embeddable":true,"href":"https:\/\/rsrevista.org\/edicion94\/wp-json\/wp\/v2\/tags?post=3976"}],"curies":[{"name":"wp","href":"https:\/\/api.w.org\/{rel}","templated":true}]}}