{"id":3961,"date":"2021-04-23T00:08:26","date_gmt":"2021-04-23T00:08:26","guid":{"rendered":"https:\/\/rsrevista.org\/edicion94\/?p=3961"},"modified":"2021-04-26T18:50:02","modified_gmt":"2021-04-26T18:50:02","slug":"iv-foro-anual-de-gobierno-corporativo-gobierno-de-la-sostenibilidad","status":"publish","type":"post","link":"https:\/\/rsrevista.org\/edicion94\/iv-foro-anual-de-gobierno-corporativo-gobierno-de-la-sostenibilidad-20210423\/","title":{"rendered":"IV Foro Anual de Gobierno Corporativo: Gobierno de la Sostenibilidad"},"content":{"rendered":"<p><span style=\"font-weight: 400\">La cuarta versi\u00f3n del Foro Anual de Gobierno Corporativo se llev\u00f3 a cabo el 18 de febrero, su agenda acad\u00e9mica tuvo como eje principal la sostenibilidad, como un aspecto central en las organizaciones. El <a href=\"https:\/\/rsrevista.org\/edicion94\/secciones\/informacion-de-valor\/eventos\/\">evento<\/a> destac\u00f3 la importancia de generar impacto, oportunidades y valor en pro de la humanidad y sociedad.\u00a0<\/span><\/p>\n<p><span style=\"font-weight: 400\">El foro, presentado de forma virtual, fue realizado por el Centro de Estudios en Gobierno Corporativo del CESA -CEGC-, el Instituto Colombiano de Gobierno Corporativo -ICGC- y\u00a0 el apoyo de la Corporaci\u00f3n Financiera Internacional -IFC-\u00a0 del Banco Mundial.<\/span><\/p>\n\n\n<blockquote class=\"wp-block-quote is-layout-flow wp-block-quote-is-layout-flow\"><p>Los miembros de las juntas directivas no solamente responden a la rentabilidad, ni a los resultados financieros. Ahora tienen que preocuparse por la materialidad y el impacto que est\u00e1n gestionando frente al grupo de inter\u00e9s.<\/p><cite>Francisco Prada, Oficial de Gobierno Corporativo en IFC<\/cite><\/blockquote>\n\n\n<p><span style=\"font-weight: 400\">Los contenidos centrales del foro fueron la <\/span><strong>visi\u00f3n del inversionista, de la empresa, del supervisor y del gobierno corporativo<\/strong><span style=\"font-weight: 400\"> frente a la importancia de la sostenibilidad. El espacio de \u201cVisi\u00f3n de la empresa\u201d tuvo como panelistas a Claudia Patricia Rivera, Gerente de Sostenibilidad del Grupo Nutresa; Juanita Mesa, Vicepresidente Legal y Corporativa del Grupo Familia y Adriana Vel\u00e1squez, Gerente de Sostenibilidad de Alquer\u00eda.<\/span><\/p>\n\n\n<blockquote class=\"wp-block-quote is-layout-flow wp-block-quote-is-layout-flow\"><p>La sostenibilidad es m\u00e1s que la gesti\u00f3n de riesgos. Tiene que ver tambi\u00e9n con esa capacidad de generar oportunidades a largo plazo en las tres dimensiones: el progreso social, preservar el planeta y generar valor econ\u00f3mico.<\/p><cite>Claudia Patricia Rivera, Gerente de Sostenibilidad del Grupo Nutresa<\/cite><\/blockquote>\n\n\n<p><span style=\"font-weight: 400\">Por su parte, Juanita Mesa, Vicepresidente Legal y Corporativa del Grupo Familia, destac\u00f3 tres pilares importantes en la elaboraci\u00f3n de una estrategia de responsabilidad. Ella afirm\u00f3 que:&nbsp;<\/span><\/p>\n<blockquote>\n<p>Hemos hecho unas elecciones e implementado una estrategia de responsabilidad enfocado en tres pilares que son la generaci\u00f3n de bienestar, hacer m\u00e1s con menos y promover la circularidad.<\/p>\n<\/blockquote>\n<p><span style=\"font-weight: 400\">Adicionalmente, Adriana Vel\u00e1squez, Gerente de Sostenibilidad de Alquer\u00eda, habl\u00f3 sobre las ODS y el rol de las empresas:<\/span><\/p>\n<blockquote>\n<p>En Alquer\u00eda hemos decidido que nuestro est\u00e1ndar de sostenibilidad es el aporte a los ODS. Creemos que el sector privado tiene un rol relevante en el cumplimiento de esas apuestas que nos hemos trazado como humanidad.<\/p>\n<\/blockquote>\n<p><span style=\"font-weight: 400\">En resumen, el objetivo del Foro Anual de Gobierno Corporativo: Gobierno de la Sostenibilidad era crear un espacio para expresar las visiones de los diferentes actores de gobierno corporativo y promover las estrategias de sostenibilidad, bienestar humano y preservaci\u00f3n del medio ambiente.<\/span><\/p>","protected":false},"excerpt":{"rendered":"<p>La cuarta versi\u00f3n del Foro Anual de Gobierno Corporativo se llev\u00f3 a cabo el 18 de febrero, su agenda acad\u00e9mica tuvo como eje principal la sostenibilidad.<\/p>\n","protected":false},"author":1,"featured_media":3962,"comment_status":"open","ping_status":"open","sticky":false,"template":"","format":"standard","meta":{"footnotes":""},"categories":[35],"tags":[],"class_list":["post-3961","post","type-post","status-publish","format-standard","has-post-thumbnail","hentry","category-eventos"],"yoast_head":"<!-- This site is optimized with the Yoast SEO plugin v23.9 - https:\/\/yoast.com\/wordpress\/plugins\/seo\/ -->\n<title>IV Foro Anual de Gobierno Corporativo: Gobierno de la Sostenibilidad - Revista RS Edici\u00f3n 94<\/title>\n<meta name=\"description\" content=\"La cuarta versi\u00f3n del Foro Anual de Gobierno Corporativo se destac\u00f3 la importancia de generar impacto, oportunidades y valor en pro de la humanidad.\u00a0\" \/>\n<meta name=\"robots\" content=\"index, follow, max-snippet:-1, max-image-preview:large, max-video-preview:-1\" \/>\n<link rel=\"canonical\" href=\"https:\/\/rsrevista.org\/edicion94\/iv-foro-anual-de-gobierno-corporativo-gobierno-de-la-sostenibilidad-20210423\/\" \/>\n<meta property=\"og:locale\" content=\"es_ES\" \/>\n<meta property=\"og:type\" content=\"article\" \/>\n<meta property=\"og:title\" content=\"IV Foro Anual de Gobierno Corporativo: Gobierno de la Sostenibilidad - Revista RS Edici\u00f3n 94\" \/>\n<meta property=\"og:description\" content=\"La cuarta versi\u00f3n del Foro Anual de Gobierno Corporativo se destac\u00f3 la importancia de generar impacto, oportunidades y valor en pro de la humanidad.\u00a0\" \/>\n<meta property=\"og:url\" content=\"https:\/\/rsrevista.org\/edicion94\/iv-foro-anual-de-gobierno-corporativo-gobierno-de-la-sostenibilidad-20210423\/\" \/>\n<meta property=\"og:site_name\" content=\"Revista RS Edici\u00f3n 94\" \/>\n<meta property=\"article:published_time\" content=\"2021-04-23T00:08:26+00:00\" \/>\n<meta property=\"article:modified_time\" content=\"2021-04-26T18:50:02+00:00\" \/>\n<meta property=\"og:image\" content=\"https:\/\/rsrevista.org\/edicion94\/wp-content\/uploads\/sites\/3\/2021\/04\/4-IV-Foro-Anual-de-Gobierno-Corporativo_-Gobierno-de-la-Sostenibilidad-copia.jpg\" \/>\n\t<meta property=\"og:image:width\" content=\"1920\" \/>\n\t<meta property=\"og:image:height\" content=\"1080\" \/>\n\t<meta property=\"og:image:type\" content=\"image\/jpeg\" \/>\n<meta name=\"author\" content=\"Good\" \/>\n<meta name=\"twitter:card\" content=\"summary_large_image\" \/>\n<meta name=\"twitter:label1\" content=\"Escrito por\" \/>\n\t<meta name=\"twitter:data1\" content=\"Good\" \/>\n\t<meta name=\"twitter:label2\" content=\"Tiempo de lectura\" \/>\n\t<meta name=\"twitter:data2\" content=\"2 minutos\" \/>\n<script type=\"application\/ld+json\" class=\"yoast-schema-graph\">{\"@context\":\"https:\/\/schema.org\",\"@graph\":[{\"@type\":\"WebPage\",\"@id\":\"https:\/\/rsrevista.org\/edicion94\/iv-foro-anual-de-gobierno-corporativo-gobierno-de-la-sostenibilidad-20210423\/\",\"url\":\"https:\/\/rsrevista.org\/edicion94\/iv-foro-anual-de-gobierno-corporativo-gobierno-de-la-sostenibilidad-20210423\/\",\"name\":\"IV Foro Anual de Gobierno Corporativo: Gobierno de la Sostenibilidad - Revista RS Edici\u00f3n 94\",\"isPartOf\":{\"@id\":\"https:\/\/rsrevista.org\/edicion94\/#website\"},\"primaryImageOfPage\":{\"@id\":\"https:\/\/rsrevista.org\/edicion94\/iv-foro-anual-de-gobierno-corporativo-gobierno-de-la-sostenibilidad-20210423\/#primaryimage\"},\"image\":{\"@id\":\"https:\/\/rsrevista.org\/edicion94\/iv-foro-anual-de-gobierno-corporativo-gobierno-de-la-sostenibilidad-20210423\/#primaryimage\"},\"thumbnailUrl\":\"https:\/\/rsrevista.org\/edicion94\/wp-content\/uploads\/sites\/3\/2021\/04\/4-IV-Foro-Anual-de-Gobierno-Corporativo_-Gobierno-de-la-Sostenibilidad-copia.jpg\",\"datePublished\":\"2021-04-23T00:08:26+00:00\",\"dateModified\":\"2021-04-26T18:50:02+00:00\",\"author\":{\"@id\":\"https:\/\/rsrevista.org\/edicion94\/#\/schema\/person\/781e0e43b930b28f9267ae9a5dcbe3af\"},\"description\":\"La cuarta versi\u00f3n del Foro Anual de Gobierno Corporativo se destac\u00f3 la importancia de generar impacto, oportunidades y valor en pro de la humanidad.\u00a0\",\"breadcrumb\":{\"@id\":\"https:\/\/rsrevista.org\/edicion94\/iv-foro-anual-de-gobierno-corporativo-gobierno-de-la-sostenibilidad-20210423\/#breadcrumb\"},\"inLanguage\":\"es\",\"potentialAction\":[{\"@type\":\"ReadAction\",\"target\":[\"https:\/\/rsrevista.org\/edicion94\/iv-foro-anual-de-gobierno-corporativo-gobierno-de-la-sostenibilidad-20210423\/\"]}]},{\"@type\":\"ImageObject\",\"inLanguage\":\"es\",\"@id\":\"https:\/\/rsrevista.org\/edicion94\/iv-foro-anual-de-gobierno-corporativo-gobierno-de-la-sostenibilidad-20210423\/#primaryimage\",\"url\":\"https:\/\/rsrevista.org\/edicion94\/wp-content\/uploads\/sites\/3\/2021\/04\/4-IV-Foro-Anual-de-Gobierno-Corporativo_-Gobierno-de-la-Sostenibilidad-copia.jpg\",\"contentUrl\":\"https:\/\/rsrevista.org\/edicion94\/wp-content\/uploads\/sites\/3\/2021\/04\/4-IV-Foro-Anual-de-Gobierno-Corporativo_-Gobierno-de-la-Sostenibilidad-copia.jpg\",\"width\":1920,\"height\":1080,\"caption\":\"Foro anual de gobierno corporativo\"},{\"@type\":\"BreadcrumbList\",\"@id\":\"https:\/\/rsrevista.org\/edicion94\/iv-foro-anual-de-gobierno-corporativo-gobierno-de-la-sostenibilidad-20210423\/#breadcrumb\",\"itemListElement\":[{\"@type\":\"ListItem\",\"position\":1,\"name\":\"Portada\",\"item\":\"https:\/\/rsrevista.org\/edicion94\/\"},{\"@type\":\"ListItem\",\"position\":2,\"name\":\"IV Foro Anual de Gobierno Corporativo: Gobierno de la Sostenibilidad\"}]},{\"@type\":\"WebSite\",\"@id\":\"https:\/\/rsrevista.org\/edicion94\/#website\",\"url\":\"https:\/\/rsrevista.org\/edicion94\/\",\"name\":\"Revista RS Edici\u00f3n 94\",\"description\":\"Responsabilidad social y sostenibilidad\",\"potentialAction\":[{\"@type\":\"SearchAction\",\"target\":{\"@type\":\"EntryPoint\",\"urlTemplate\":\"https:\/\/rsrevista.org\/edicion94\/?s={search_term_string}\"},\"query-input\":{\"@type\":\"PropertyValueSpecification\",\"valueRequired\":true,\"valueName\":\"search_term_string\"}}],\"inLanguage\":\"es\"},{\"@type\":\"Person\",\"@id\":\"https:\/\/rsrevista.org\/edicion94\/#\/schema\/person\/781e0e43b930b28f9267ae9a5dcbe3af\",\"name\":\"Good\",\"image\":{\"@type\":\"ImageObject\",\"inLanguage\":\"es\",\"@id\":\"https:\/\/rsrevista.org\/edicion94\/#\/schema\/person\/image\/\",\"url\":\"https:\/\/secure.gravatar.com\/avatar\/b90085527cfd5e03250a8637fe5c0369?s=96&d=mm&r=g\",\"contentUrl\":\"https:\/\/secure.gravatar.com\/avatar\/b90085527cfd5e03250a8637fe5c0369?s=96&d=mm&r=g\",\"caption\":\"Good\"},\"sameAs\":[\"https:\/\/rsrevista.org\"],\"url\":\"https:\/\/rsrevista.org\/edicion94\/author\/good\/\"}]}<\/script>\n<!-- \/ Yoast SEO plugin. -->","yoast_head_json":{"title":"IV Foro Anual de Gobierno Corporativo: Gobierno de la Sostenibilidad - Revista RS Edici\u00f3n 94","description":"La cuarta versi\u00f3n del Foro Anual de Gobierno Corporativo se destac\u00f3 la importancia de generar impacto, oportunidades y valor en pro de la humanidad.\u00a0","robots":{"index":"index","follow":"follow","max-snippet":"max-snippet:-1","max-image-preview":"max-image-preview:large","max-video-preview":"max-video-preview:-1"},"canonical":"https:\/\/rsrevista.org\/edicion94\/iv-foro-anual-de-gobierno-corporativo-gobierno-de-la-sostenibilidad-20210423\/","og_locale":"es_ES","og_type":"article","og_title":"IV Foro Anual de Gobierno Corporativo: Gobierno de la Sostenibilidad - Revista RS Edici\u00f3n 94","og_description":"La cuarta versi\u00f3n del Foro Anual de Gobierno Corporativo se destac\u00f3 la importancia de generar impacto, oportunidades y valor en pro de la humanidad.\u00a0","og_url":"https:\/\/rsrevista.org\/edicion94\/iv-foro-anual-de-gobierno-corporativo-gobierno-de-la-sostenibilidad-20210423\/","og_site_name":"Revista RS Edici\u00f3n 94","article_published_time":"2021-04-23T00:08:26+00:00","article_modified_time":"2021-04-26T18:50:02+00:00","og_image":[{"width":1920,"height":1080,"url":"https:\/\/rsrevista.org\/edicion94\/wp-content\/uploads\/sites\/3\/2021\/04\/4-IV-Foro-Anual-de-Gobierno-Corporativo_-Gobierno-de-la-Sostenibilidad-copia.jpg","type":"image\/jpeg"}],"author":"Good","twitter_card":"summary_large_image","twitter_misc":{"Escrito por":"Good","Tiempo de lectura":"2 minutos"},"schema":{"@context":"https:\/\/schema.org","@graph":[{"@type":"WebPage","@id":"https:\/\/rsrevista.org\/edicion94\/iv-foro-anual-de-gobierno-corporativo-gobierno-de-la-sostenibilidad-20210423\/","url":"https:\/\/rsrevista.org\/edicion94\/iv-foro-anual-de-gobierno-corporativo-gobierno-de-la-sostenibilidad-20210423\/","name":"IV Foro Anual de Gobierno Corporativo: Gobierno de la Sostenibilidad - Revista RS Edici\u00f3n 94","isPartOf":{"@id":"https:\/\/rsrevista.org\/edicion94\/#website"},"primaryImageOfPage":{"@id":"https:\/\/rsrevista.org\/edicion94\/iv-foro-anual-de-gobierno-corporativo-gobierno-de-la-sostenibilidad-20210423\/#primaryimage"},"image":{"@id":"https:\/\/rsrevista.org\/edicion94\/iv-foro-anual-de-gobierno-corporativo-gobierno-de-la-sostenibilidad-20210423\/#primaryimage"},"thumbnailUrl":"https:\/\/rsrevista.org\/edicion94\/wp-content\/uploads\/sites\/3\/2021\/04\/4-IV-Foro-Anual-de-Gobierno-Corporativo_-Gobierno-de-la-Sostenibilidad-copia.jpg","datePublished":"2021-04-23T00:08:26+00:00","dateModified":"2021-04-26T18:50:02+00:00","author":{"@id":"https:\/\/rsrevista.org\/edicion94\/#\/schema\/person\/781e0e43b930b28f9267ae9a5dcbe3af"},"description":"La cuarta versi\u00f3n del Foro Anual de Gobierno Corporativo se destac\u00f3 la importancia de generar impacto, oportunidades y valor en pro de la humanidad.\u00a0","breadcrumb":{"@id":"https:\/\/rsrevista.org\/edicion94\/iv-foro-anual-de-gobierno-corporativo-gobierno-de-la-sostenibilidad-20210423\/#breadcrumb"},"inLanguage":"es","potentialAction":[{"@type":"ReadAction","target":["https:\/\/rsrevista.org\/edicion94\/iv-foro-anual-de-gobierno-corporativo-gobierno-de-la-sostenibilidad-20210423\/"]}]},{"@type":"ImageObject","inLanguage":"es","@id":"https:\/\/rsrevista.org\/edicion94\/iv-foro-anual-de-gobierno-corporativo-gobierno-de-la-sostenibilidad-20210423\/#primaryimage","url":"https:\/\/rsrevista.org\/edicion94\/wp-content\/uploads\/sites\/3\/2021\/04\/4-IV-Foro-Anual-de-Gobierno-Corporativo_-Gobierno-de-la-Sostenibilidad-copia.jpg","contentUrl":"https:\/\/rsrevista.org\/edicion94\/wp-content\/uploads\/sites\/3\/2021\/04\/4-IV-Foro-Anual-de-Gobierno-Corporativo_-Gobierno-de-la-Sostenibilidad-copia.jpg","width":1920,"height":1080,"caption":"Foro anual de gobierno corporativo"},{"@type":"BreadcrumbList","@id":"https:\/\/rsrevista.org\/edicion94\/iv-foro-anual-de-gobierno-corporativo-gobierno-de-la-sostenibilidad-20210423\/#breadcrumb","itemListElement":[{"@type":"ListItem","position":1,"name":"Portada","item":"https:\/\/rsrevista.org\/edicion94\/"},{"@type":"ListItem","position":2,"name":"IV Foro Anual de Gobierno Corporativo: Gobierno de la Sostenibilidad"}]},{"@type":"WebSite","@id":"https:\/\/rsrevista.org\/edicion94\/#website","url":"https:\/\/rsrevista.org\/edicion94\/","name":"Revista RS Edici\u00f3n 94","description":"Responsabilidad social y sostenibilidad","potentialAction":[{"@type":"SearchAction","target":{"@type":"EntryPoint","urlTemplate":"https:\/\/rsrevista.org\/edicion94\/?s={search_term_string}"},"query-input":{"@type":"PropertyValueSpecification","valueRequired":true,"valueName":"search_term_string"}}],"inLanguage":"es"},{"@type":"Person","@id":"https:\/\/rsrevista.org\/edicion94\/#\/schema\/person\/781e0e43b930b28f9267ae9a5dcbe3af","name":"Good","image":{"@type":"ImageObject","inLanguage":"es","@id":"https:\/\/rsrevista.org\/edicion94\/#\/schema\/person\/image\/","url":"https:\/\/secure.gravatar.com\/avatar\/b90085527cfd5e03250a8637fe5c0369?s=96&d=mm&r=g","contentUrl":"https:\/\/secure.gravatar.com\/avatar\/b90085527cfd5e03250a8637fe5c0369?s=96&d=mm&r=g","caption":"Good"},"sameAs":["https:\/\/rsrevista.org"],"url":"https:\/\/rsrevista.org\/edicion94\/author\/good\/"}]}},"_links":{"self":[{"href":"https:\/\/rsrevista.org\/edicion94\/wp-json\/wp\/v2\/posts\/3961"}],"collection":[{"href":"https:\/\/rsrevista.org\/edicion94\/wp-json\/wp\/v2\/posts"}],"about":[{"href":"https:\/\/rsrevista.org\/edicion94\/wp-json\/wp\/v2\/types\/post"}],"author":[{"embeddable":true,"href":"https:\/\/rsrevista.org\/edicion94\/wp-json\/wp\/v2\/users\/1"}],"replies":[{"embeddable":true,"href":"https:\/\/rsrevista.org\/edicion94\/wp-json\/wp\/v2\/comments?post=3961"}],"version-history":[{"count":3,"href":"https:\/\/rsrevista.org\/edicion94\/wp-json\/wp\/v2\/posts\/3961\/revisions"}],"predecessor-version":[{"id":4074,"href":"https:\/\/rsrevista.org\/edicion94\/wp-json\/wp\/v2\/posts\/3961\/revisions\/4074"}],"wp:featuredmedia":[{"embeddable":true,"href":"https:\/\/rsrevista.org\/edicion94\/wp-json\/wp\/v2\/media\/3962"}],"wp:attachment":[{"href":"https:\/\/rsrevista.org\/edicion94\/wp-json\/wp\/v2\/media?parent=3961"}],"wp:term":[{"taxonomy":"category","embeddable":true,"href":"https:\/\/rsrevista.org\/edicion94\/wp-json\/wp\/v2\/categories?post=3961"},{"taxonomy":"post_tag","embeddable":true,"href":"https:\/\/rsrevista.org\/edicion94\/wp-json\/wp\/v2\/tags?post=3961"}],"curies":[{"name":"wp","href":"https:\/\/api.w.org\/{rel}","templated":true}]}}