{"id":3939,"date":"2021-04-22T23:50:43","date_gmt":"2021-04-22T23:50:43","guid":{"rendered":"https:\/\/rsrevista.org\/edicion94\/?p=3939"},"modified":"2021-04-26T18:39:37","modified_gmt":"2021-04-26T18:39:37","slug":"holcim-es-reconocida-por-ser-la-primera-empresa-en-utilizar-la-guia-empresarial-de-cambio-climatico-de-minminas","status":"publish","type":"post","link":"https:\/\/rsrevista.org\/edicion94\/holcim-es-reconocida-por-ser-la-primera-empresa-en-utilizar-la-guia-empresarial-de-cambio-climatico-de-minminas-20210422\/","title":{"rendered":"Holcim es reconocida por ser la primera empresa en utilizar la Gu\u00eda Empresarial de Cambio Clim\u00e1tico de MinMinas"},"content":{"rendered":"<p><span style=\"font-weight: 400\">El pasado 16 de marzo,<\/span> <span style=\"font-weight: 400\">Holcim (Colombia) fue reconocida por el Ministerio de Minas y Energ\u00eda como la primera empresa en implementar la <\/span><strong>Gu\u00eda Empresarial de Cambio Clim\u00e1tico<\/strong><span style=\"font-weight: 400\"><strong>.<\/strong> Esta es la primera plataforma digital en el pa\u00eds que tiene el prop\u00f3sito de incentivar las estrategias empresariales de mitigaci\u00f3n y adaptaci\u00f3n al cambio clim\u00e1tico en el sector minero-energ\u00e9tico.<\/span><\/p>\n<p class=\"eut-dropcap\">A este evento, el cual se present\u00f3 a trav\u00e9s de una plataforma \u2018streaming\u2019, asistieron: Fredy Rodr\u00edguez, Gerente de Concretos y Agregados de Holcim (Colombia); Sandra Sandoval, Viceministra de Minas y Energ\u00eda;&nbsp; Mar\u00eda Paula Moreno, Jefe de la Oficina de Asuntos Ambientales y Sociales; y&nbsp; Diego Mesa, Ministro de Minas y Energ\u00eda, quien envi\u00f3 un mensaje sobre la lucha contra el cambio clim\u00e1tico.&nbsp;<\/p>\n<p><span style=\"font-weight: 400\">La <\/span><a href=\"http:\/\/pigccme.minenergia.gov.co\"><span style=\"font-weight: 400\">Gu\u00eda Empresarial de Cambio Clim\u00e1tico<\/span><\/a><span style=\"font-weight: 400\"> es una herramienta virtual, de uso voluntario y gratuito, que permite a las organizaciones calcular las emisiones de gases efecto invernadero, as\u00ed como estimar los riesgos clim\u00e1ticos que pueden afectar la operaci\u00f3n minero-energ\u00e9tica, con el fin de identificar medidas de reducci\u00f3n de emisiones y acciones de adaptaci\u00f3n que le ayudar\u00e1n a las empresas a prepararse ante tales amenazas.<\/span><\/p>\n\n\n<blockquote class=\"wp-block-quote is-layout-flow wp-block-quote-is-layout-flow\"><p>Estamos muy complacidos por ser reconocidos como la primera empresa del sector en aplicar la Gu\u00eda Empresarial de Cambio Clim\u00e1tico. Hoy contamos con una metodolog\u00eda para estimar las emisiones de gases de efecto invernadero, identificar los riesgos clim\u00e1ticos en nuestra operaci\u00f3n minera y estimar el potencial de captura de carbono a trav\u00e9s de las compensaciones ambientales que podamos desarrollar. Dar este nuevo paso no solo nos permite garantizar la competitividad futura del sector minero, sino aportar al cumplimiento de las metas ambientales dise\u00f1adas por nuestra casa matriz.<\/p><cite>Marco Maccarelli, Presidente Ejecutivo de Holcim.<br> <\/cite><\/blockquote>\n\n\n<p class=\"eut-dropcap\">Es importante mencionar que esta plataforma est\u00e1 dise\u00f1ada para las empresas de los subsectores de energ\u00eda, petr\u00f3leo y gas, y para la industria miner\u00eda de carb\u00f3n, oro, n\u00edquel, cobre y agregados p\u00e9treos, pioneros en la formulaci\u00f3n e implementaci\u00f3n de estas iniciativas y con una gran compromiso en la lucha contra el cambio clim\u00e1tico y en la coordinaci\u00f3n de los esfuerzos de las empresas con la pol\u00edtica nacional. Se espera que en los pr\u00f3ximos a\u00f1os se puedan abordar todos los procesos mineros.<\/p>\n<p><span style=\"font-weight: 400\">El grupo <strong><em>LafargeHolcim<\/em><\/strong> <span style=\"font-weight: 400\">lidera un camino hacia las emisiones Net Zero al 2050, como parte fundamental de su estrategia global, la cual involucra diferentes alternativas sostenibles como la gama de concreto verde ECOPact, basada en un pacto con el medio ambiente. La uni\u00f3n al Consorcio de Clima y Sostenibilidad del Instituto de Tecnolog\u00eda de Massachusetts -MCSC- como miembro fundador. Las soluciones de eficiencia energ\u00e9tica y para el medio ambiente de Firestone, una reciente adquisici\u00f3n. Y el Plan de Sostenibilidad basado en los Objetivos de Desarrollo Sostenible. En resumen, con el lanzamiento de nuevas soluciones y productos amigables, le est\u00e1 dando una mano al planeta.<\/span><\/span><\/p>","protected":false},"excerpt":{"rendered":"<p>El pasado 16 de marzo, Holcim fue reconocida como la primera empresa en implementar la Gu\u00eda Empresarial de Cambio Clim\u00e1tico.<\/p>\n","protected":false},"author":1,"featured_media":3940,"comment_status":"open","ping_status":"open","sticky":false,"template":"","format":"standard","meta":{"footnotes":""},"categories":[35],"tags":[],"class_list":["post-3939","post","type-post","status-publish","format-standard","has-post-thumbnail","hentry","category-eventos"],"yoast_head":"<!-- This site is optimized with the Yoast SEO plugin v23.9 - https:\/\/yoast.com\/wordpress\/plugins\/seo\/ -->\n<title>Holcim es reconocida por ser la primera empresa en utilizar la Gu\u00eda Empresarial de Cambio Clim\u00e1tico de MinMinas - Revista RS Edici\u00f3n 94<\/title>\n<meta name=\"description\" content=\"Holcim (Colombia) fue reconocida por el Ministerio de Minas y Energ\u00eda como la primera empresa en implementar la Gu\u00eda Empresarial de Cambio Clim\u00e1tico.\" \/>\n<meta name=\"robots\" content=\"index, follow, max-snippet:-1, max-image-preview:large, max-video-preview:-1\" \/>\n<link rel=\"canonical\" href=\"https:\/\/rsrevista.org\/edicion94\/holcim-es-reconocida-por-ser-la-primera-empresa-en-utilizar-la-guia-empresarial-de-cambio-climatico-de-minminas-20210422\/\" \/>\n<meta property=\"og:locale\" content=\"es_ES\" \/>\n<meta property=\"og:type\" content=\"article\" \/>\n<meta property=\"og:title\" content=\"Holcim es reconocida por ser la primera empresa en utilizar la Gu\u00eda Empresarial de Cambio Clim\u00e1tico de MinMinas - Revista RS Edici\u00f3n 94\" \/>\n<meta property=\"og:description\" content=\"Holcim (Colombia) fue reconocida por el Ministerio de Minas y Energ\u00eda como la primera empresa en implementar la Gu\u00eda Empresarial de Cambio Clim\u00e1tico.\" \/>\n<meta property=\"og:url\" content=\"https:\/\/rsrevista.org\/edicion94\/holcim-es-reconocida-por-ser-la-primera-empresa-en-utilizar-la-guia-empresarial-de-cambio-climatico-de-minminas-20210422\/\" \/>\n<meta property=\"og:site_name\" content=\"Revista RS Edici\u00f3n 94\" \/>\n<meta property=\"article:published_time\" content=\"2021-04-22T23:50:43+00:00\" \/>\n<meta property=\"article:modified_time\" content=\"2021-04-26T18:39:37+00:00\" \/>\n<meta property=\"og:image\" content=\"https:\/\/rsrevista.org\/edicion94\/wp-content\/uploads\/sites\/3\/2021\/04\/1-Holcim-es-reconocida-por-ser-la-primera-empresa-en-utilizar-la-Gu\u00eda-Empresarial.jpg\" \/>\n\t<meta property=\"og:image:width\" content=\"1920\" \/>\n\t<meta property=\"og:image:height\" content=\"1080\" \/>\n\t<meta property=\"og:image:type\" content=\"image\/jpeg\" \/>\n<meta name=\"author\" content=\"Good\" \/>\n<meta name=\"twitter:card\" content=\"summary_large_image\" \/>\n<meta name=\"twitter:label1\" content=\"Escrito por\" \/>\n\t<meta name=\"twitter:data1\" content=\"Good\" \/>\n\t<meta name=\"twitter:label2\" content=\"Tiempo de lectura\" \/>\n\t<meta name=\"twitter:data2\" content=\"3 minutos\" \/>\n<script type=\"application\/ld+json\" class=\"yoast-schema-graph\">{\"@context\":\"https:\/\/schema.org\",\"@graph\":[{\"@type\":\"WebPage\",\"@id\":\"https:\/\/rsrevista.org\/edicion94\/holcim-es-reconocida-por-ser-la-primera-empresa-en-utilizar-la-guia-empresarial-de-cambio-climatico-de-minminas-20210422\/\",\"url\":\"https:\/\/rsrevista.org\/edicion94\/holcim-es-reconocida-por-ser-la-primera-empresa-en-utilizar-la-guia-empresarial-de-cambio-climatico-de-minminas-20210422\/\",\"name\":\"Holcim es reconocida por ser la primera empresa en utilizar la Gu\u00eda Empresarial de Cambio Clim\u00e1tico de MinMinas - Revista RS Edici\u00f3n 94\",\"isPartOf\":{\"@id\":\"https:\/\/rsrevista.org\/edicion94\/#website\"},\"primaryImageOfPage\":{\"@id\":\"https:\/\/rsrevista.org\/edicion94\/holcim-es-reconocida-por-ser-la-primera-empresa-en-utilizar-la-guia-empresarial-de-cambio-climatico-de-minminas-20210422\/#primaryimage\"},\"image\":{\"@id\":\"https:\/\/rsrevista.org\/edicion94\/holcim-es-reconocida-por-ser-la-primera-empresa-en-utilizar-la-guia-empresarial-de-cambio-climatico-de-minminas-20210422\/#primaryimage\"},\"thumbnailUrl\":\"https:\/\/rsrevista.org\/edicion94\/wp-content\/uploads\/sites\/3\/2021\/04\/1-Holcim-es-reconocida-por-ser-la-primera-empresa-en-utilizar-la-Gu\u00eda-Empresarial.jpg\",\"datePublished\":\"2021-04-22T23:50:43+00:00\",\"dateModified\":\"2021-04-26T18:39:37+00:00\",\"author\":{\"@id\":\"https:\/\/rsrevista.org\/edicion94\/#\/schema\/person\/781e0e43b930b28f9267ae9a5dcbe3af\"},\"description\":\"Holcim (Colombia) fue reconocida por el Ministerio de Minas y Energ\u00eda como la primera empresa en implementar la Gu\u00eda Empresarial de Cambio Clim\u00e1tico.\",\"breadcrumb\":{\"@id\":\"https:\/\/rsrevista.org\/edicion94\/holcim-es-reconocida-por-ser-la-primera-empresa-en-utilizar-la-guia-empresarial-de-cambio-climatico-de-minminas-20210422\/#breadcrumb\"},\"inLanguage\":\"es\",\"potentialAction\":[{\"@type\":\"ReadAction\",\"target\":[\"https:\/\/rsrevista.org\/edicion94\/holcim-es-reconocida-por-ser-la-primera-empresa-en-utilizar-la-guia-empresarial-de-cambio-climatico-de-minminas-20210422\/\"]}]},{\"@type\":\"ImageObject\",\"inLanguage\":\"es\",\"@id\":\"https:\/\/rsrevista.org\/edicion94\/holcim-es-reconocida-por-ser-la-primera-empresa-en-utilizar-la-guia-empresarial-de-cambio-climatico-de-minminas-20210422\/#primaryimage\",\"url\":\"https:\/\/rsrevista.org\/edicion94\/wp-content\/uploads\/sites\/3\/2021\/04\/1-Holcim-es-reconocida-por-ser-la-primera-empresa-en-utilizar-la-Gu\u00eda-Empresarial.jpg\",\"contentUrl\":\"https:\/\/rsrevista.org\/edicion94\/wp-content\/uploads\/sites\/3\/2021\/04\/1-Holcim-es-reconocida-por-ser-la-primera-empresa-en-utilizar-la-Gu\u00eda-Empresarial.jpg\",\"width\":1920,\"height\":1080,\"caption\":\"Cambio clim\u00e1tico\"},{\"@type\":\"BreadcrumbList\",\"@id\":\"https:\/\/rsrevista.org\/edicion94\/holcim-es-reconocida-por-ser-la-primera-empresa-en-utilizar-la-guia-empresarial-de-cambio-climatico-de-minminas-20210422\/#breadcrumb\",\"itemListElement\":[{\"@type\":\"ListItem\",\"position\":1,\"name\":\"Portada\",\"item\":\"https:\/\/rsrevista.org\/edicion94\/\"},{\"@type\":\"ListItem\",\"position\":2,\"name\":\"Holcim es reconocida por ser la primera empresa en utilizar la Gu\u00eda Empresarial de Cambio Clim\u00e1tico de MinMinas\"}]},{\"@type\":\"WebSite\",\"@id\":\"https:\/\/rsrevista.org\/edicion94\/#website\",\"url\":\"https:\/\/rsrevista.org\/edicion94\/\",\"name\":\"Revista RS Edici\u00f3n 94\",\"description\":\"Responsabilidad social y sostenibilidad\",\"potentialAction\":[{\"@type\":\"SearchAction\",\"target\":{\"@type\":\"EntryPoint\",\"urlTemplate\":\"https:\/\/rsrevista.org\/edicion94\/?s={search_term_string}\"},\"query-input\":{\"@type\":\"PropertyValueSpecification\",\"valueRequired\":true,\"valueName\":\"search_term_string\"}}],\"inLanguage\":\"es\"},{\"@type\":\"Person\",\"@id\":\"https:\/\/rsrevista.org\/edicion94\/#\/schema\/person\/781e0e43b930b28f9267ae9a5dcbe3af\",\"name\":\"Good\",\"image\":{\"@type\":\"ImageObject\",\"inLanguage\":\"es\",\"@id\":\"https:\/\/rsrevista.org\/edicion94\/#\/schema\/person\/image\/\",\"url\":\"https:\/\/secure.gravatar.com\/avatar\/b90085527cfd5e03250a8637fe5c0369?s=96&d=mm&r=g\",\"contentUrl\":\"https:\/\/secure.gravatar.com\/avatar\/b90085527cfd5e03250a8637fe5c0369?s=96&d=mm&r=g\",\"caption\":\"Good\"},\"sameAs\":[\"https:\/\/rsrevista.org\"],\"url\":\"https:\/\/rsrevista.org\/edicion94\/author\/good\/\"}]}<\/script>\n<!-- \/ Yoast SEO plugin. -->","yoast_head_json":{"title":"Holcim es reconocida por ser la primera empresa en utilizar la Gu\u00eda Empresarial de Cambio Clim\u00e1tico de MinMinas - Revista RS Edici\u00f3n 94","description":"Holcim (Colombia) fue reconocida por el Ministerio de Minas y Energ\u00eda como la primera empresa en implementar la Gu\u00eda Empresarial de Cambio Clim\u00e1tico.","robots":{"index":"index","follow":"follow","max-snippet":"max-snippet:-1","max-image-preview":"max-image-preview:large","max-video-preview":"max-video-preview:-1"},"canonical":"https:\/\/rsrevista.org\/edicion94\/holcim-es-reconocida-por-ser-la-primera-empresa-en-utilizar-la-guia-empresarial-de-cambio-climatico-de-minminas-20210422\/","og_locale":"es_ES","og_type":"article","og_title":"Holcim es reconocida por ser la primera empresa en utilizar la Gu\u00eda Empresarial de Cambio Clim\u00e1tico de MinMinas - Revista RS Edici\u00f3n 94","og_description":"Holcim (Colombia) fue reconocida por el Ministerio de Minas y Energ\u00eda como la primera empresa en implementar la Gu\u00eda Empresarial de Cambio Clim\u00e1tico.","og_url":"https:\/\/rsrevista.org\/edicion94\/holcim-es-reconocida-por-ser-la-primera-empresa-en-utilizar-la-guia-empresarial-de-cambio-climatico-de-minminas-20210422\/","og_site_name":"Revista RS Edici\u00f3n 94","article_published_time":"2021-04-22T23:50:43+00:00","article_modified_time":"2021-04-26T18:39:37+00:00","og_image":[{"width":1920,"height":1080,"url":"https:\/\/rsrevista.org\/edicion94\/wp-content\/uploads\/sites\/3\/2021\/04\/1-Holcim-es-reconocida-por-ser-la-primera-empresa-en-utilizar-la-Gu\u00eda-Empresarial.jpg","type":"image\/jpeg"}],"author":"Good","twitter_card":"summary_large_image","twitter_misc":{"Escrito por":"Good","Tiempo de lectura":"3 minutos"},"schema":{"@context":"https:\/\/schema.org","@graph":[{"@type":"WebPage","@id":"https:\/\/rsrevista.org\/edicion94\/holcim-es-reconocida-por-ser-la-primera-empresa-en-utilizar-la-guia-empresarial-de-cambio-climatico-de-minminas-20210422\/","url":"https:\/\/rsrevista.org\/edicion94\/holcim-es-reconocida-por-ser-la-primera-empresa-en-utilizar-la-guia-empresarial-de-cambio-climatico-de-minminas-20210422\/","name":"Holcim es reconocida por ser la primera empresa en utilizar la Gu\u00eda Empresarial de Cambio Clim\u00e1tico de MinMinas - Revista RS Edici\u00f3n 94","isPartOf":{"@id":"https:\/\/rsrevista.org\/edicion94\/#website"},"primaryImageOfPage":{"@id":"https:\/\/rsrevista.org\/edicion94\/holcim-es-reconocida-por-ser-la-primera-empresa-en-utilizar-la-guia-empresarial-de-cambio-climatico-de-minminas-20210422\/#primaryimage"},"image":{"@id":"https:\/\/rsrevista.org\/edicion94\/holcim-es-reconocida-por-ser-la-primera-empresa-en-utilizar-la-guia-empresarial-de-cambio-climatico-de-minminas-20210422\/#primaryimage"},"thumbnailUrl":"https:\/\/rsrevista.org\/edicion94\/wp-content\/uploads\/sites\/3\/2021\/04\/1-Holcim-es-reconocida-por-ser-la-primera-empresa-en-utilizar-la-Gu\u00eda-Empresarial.jpg","datePublished":"2021-04-22T23:50:43+00:00","dateModified":"2021-04-26T18:39:37+00:00","author":{"@id":"https:\/\/rsrevista.org\/edicion94\/#\/schema\/person\/781e0e43b930b28f9267ae9a5dcbe3af"},"description":"Holcim (Colombia) fue reconocida por el Ministerio de Minas y Energ\u00eda como la primera empresa en implementar la Gu\u00eda Empresarial de Cambio Clim\u00e1tico.","breadcrumb":{"@id":"https:\/\/rsrevista.org\/edicion94\/holcim-es-reconocida-por-ser-la-primera-empresa-en-utilizar-la-guia-empresarial-de-cambio-climatico-de-minminas-20210422\/#breadcrumb"},"inLanguage":"es","potentialAction":[{"@type":"ReadAction","target":["https:\/\/rsrevista.org\/edicion94\/holcim-es-reconocida-por-ser-la-primera-empresa-en-utilizar-la-guia-empresarial-de-cambio-climatico-de-minminas-20210422\/"]}]},{"@type":"ImageObject","inLanguage":"es","@id":"https:\/\/rsrevista.org\/edicion94\/holcim-es-reconocida-por-ser-la-primera-empresa-en-utilizar-la-guia-empresarial-de-cambio-climatico-de-minminas-20210422\/#primaryimage","url":"https:\/\/rsrevista.org\/edicion94\/wp-content\/uploads\/sites\/3\/2021\/04\/1-Holcim-es-reconocida-por-ser-la-primera-empresa-en-utilizar-la-Gu\u00eda-Empresarial.jpg","contentUrl":"https:\/\/rsrevista.org\/edicion94\/wp-content\/uploads\/sites\/3\/2021\/04\/1-Holcim-es-reconocida-por-ser-la-primera-empresa-en-utilizar-la-Gu\u00eda-Empresarial.jpg","width":1920,"height":1080,"caption":"Cambio clim\u00e1tico"},{"@type":"BreadcrumbList","@id":"https:\/\/rsrevista.org\/edicion94\/holcim-es-reconocida-por-ser-la-primera-empresa-en-utilizar-la-guia-empresarial-de-cambio-climatico-de-minminas-20210422\/#breadcrumb","itemListElement":[{"@type":"ListItem","position":1,"name":"Portada","item":"https:\/\/rsrevista.org\/edicion94\/"},{"@type":"ListItem","position":2,"name":"Holcim es reconocida por ser la primera empresa en utilizar la Gu\u00eda Empresarial de Cambio Clim\u00e1tico de MinMinas"}]},{"@type":"WebSite","@id":"https:\/\/rsrevista.org\/edicion94\/#website","url":"https:\/\/rsrevista.org\/edicion94\/","name":"Revista RS Edici\u00f3n 94","description":"Responsabilidad social y sostenibilidad","potentialAction":[{"@type":"SearchAction","target":{"@type":"EntryPoint","urlTemplate":"https:\/\/rsrevista.org\/edicion94\/?s={search_term_string}"},"query-input":{"@type":"PropertyValueSpecification","valueRequired":true,"valueName":"search_term_string"}}],"inLanguage":"es"},{"@type":"Person","@id":"https:\/\/rsrevista.org\/edicion94\/#\/schema\/person\/781e0e43b930b28f9267ae9a5dcbe3af","name":"Good","image":{"@type":"ImageObject","inLanguage":"es","@id":"https:\/\/rsrevista.org\/edicion94\/#\/schema\/person\/image\/","url":"https:\/\/secure.gravatar.com\/avatar\/b90085527cfd5e03250a8637fe5c0369?s=96&d=mm&r=g","contentUrl":"https:\/\/secure.gravatar.com\/avatar\/b90085527cfd5e03250a8637fe5c0369?s=96&d=mm&r=g","caption":"Good"},"sameAs":["https:\/\/rsrevista.org"],"url":"https:\/\/rsrevista.org\/edicion94\/author\/good\/"}]}},"_links":{"self":[{"href":"https:\/\/rsrevista.org\/edicion94\/wp-json\/wp\/v2\/posts\/3939"}],"collection":[{"href":"https:\/\/rsrevista.org\/edicion94\/wp-json\/wp\/v2\/posts"}],"about":[{"href":"https:\/\/rsrevista.org\/edicion94\/wp-json\/wp\/v2\/types\/post"}],"author":[{"embeddable":true,"href":"https:\/\/rsrevista.org\/edicion94\/wp-json\/wp\/v2\/users\/1"}],"replies":[{"embeddable":true,"href":"https:\/\/rsrevista.org\/edicion94\/wp-json\/wp\/v2\/comments?post=3939"}],"version-history":[{"count":7,"href":"https:\/\/rsrevista.org\/edicion94\/wp-json\/wp\/v2\/posts\/3939\/revisions"}],"predecessor-version":[{"id":4067,"href":"https:\/\/rsrevista.org\/edicion94\/wp-json\/wp\/v2\/posts\/3939\/revisions\/4067"}],"wp:featuredmedia":[{"embeddable":true,"href":"https:\/\/rsrevista.org\/edicion94\/wp-json\/wp\/v2\/media\/3940"}],"wp:attachment":[{"href":"https:\/\/rsrevista.org\/edicion94\/wp-json\/wp\/v2\/media?parent=3939"}],"wp:term":[{"taxonomy":"category","embeddable":true,"href":"https:\/\/rsrevista.org\/edicion94\/wp-json\/wp\/v2\/categories?post=3939"},{"taxonomy":"post_tag","embeddable":true,"href":"https:\/\/rsrevista.org\/edicion94\/wp-json\/wp\/v2\/tags?post=3939"}],"curies":[{"name":"wp","href":"https:\/\/api.w.org\/{rel}","templated":true}]}}