{"id":3648,"date":"2021-04-16T20:41:40","date_gmt":"2021-04-16T20:41:40","guid":{"rendered":"https:\/\/rsrevista.org\/edicion94\/?p=3648"},"modified":"2021-04-30T19:44:33","modified_gmt":"2021-04-30T19:44:33","slug":"no-hay-un-camino-hacia-la-sustentabilidad-la-sustentabilidad-es-el-camino","status":"publish","type":"post","link":"https:\/\/rsrevista.org\/edicion94\/no-hay-un-camino-hacia-la-sustentabilidad-la-sustentabilidad-es-el-camino-20210416\/","title":{"rendered":"No hay un camino hacia la Sustentabilidad,  la Sustentabilidad es el camino"},"content":{"rendered":"\n<div class=\"wp-block-columns profile-box is-layout-flex wp-container-core-columns-is-layout-1 wp-block-columns-is-layout-flex\">\n<div class=\"wp-block-column profile-box-left is-layout-flow wp-block-column-is-layout-flow\" style=\"flex-basis:20%\">\n<div style=\"height:44px\" aria-hidden=\"true\" class=\"wp-block-spacer\"><\/div>\n\n\n\n<figure class=\"wp-block-image size-large\"><img loading=\"lazy\" decoding=\"async\" width=\"500\" height=\"500\" src=\"https:\/\/rsrevista.org\/edicion94\/wp-content\/uploads\/sites\/3\/2021\/04\/17-Adrian-Ferrando.jpg\" alt=\"\" class=\"wp-image-4211\" srcset=\"https:\/\/rsrevista.org\/edicion94\/wp-content\/uploads\/sites\/3\/2021\/04\/17-Adrian-Ferrando.jpg 500w, https:\/\/rsrevista.org\/edicion94\/wp-content\/uploads\/sites\/3\/2021\/04\/17-Adrian-Ferrando-300x300.jpg 300w, https:\/\/rsrevista.org\/edicion94\/wp-content\/uploads\/sites\/3\/2021\/04\/17-Adrian-Ferrando-150x150.jpg 150w\" sizes=\"(max-width: 500px) 100vw, 500px\" \/><\/figure>\n\n\n\n<p><\/p>\n<\/div>\n\n\n\n<div class=\"wp-block-column profile-box-right is-layout-flow wp-block-column-is-layout-flow\">\n<h5 class=\"wp-block-heading\"><strong>Por:<\/strong> Adri\u00e1n Ferrando, Gerente de Recursos Humanos y RSE de AZCUY. &#8211; Argentina<\/h5>\n\n\n\n<p>Profesional con s\u00f3lida experiencia en el liderazgo e implementaci\u00f3n de mejora continua de procesos en las \u00e1rea de Recursos Humanos y Responsabilidad Social Empresarial, -RSE-.&nbsp; Coach Ontol\u00f3gico y Organizacional, con m\u00e1s de 22 a\u00f1os de experiencia trabajando en importantes empresas multinacionales y a nivel nacional. Especializado en las \u00e1reas de capacitaci\u00f3n, desarrollo, empleos, comunicaci\u00f3n, beneficios y RSE. Actualmente, Gerente de Recursos Humanos y RSE de AZCUY.<\/p>\n<\/div>\n<\/div>\n\n\n<p><span style=\"font-weight: 400\">En una ocasi\u00f3n le preguntaron a Gandhi cual era el camino hacia la paz y contest\u00f3: <\/span><i><span style=\"font-weight: 400\">\u201cNo hay camino hacia la paz, la paz es el camino\u201d.&nbsp;<\/span><\/i><span style=\"font-weight: 400\">Me ha sucedido en varias ocasiones en mi vida, quiz\u00e1 tard\u00edamente en varias de ellas, que alg\u00fan ideal que ten\u00eda, un objetivo que me propon\u00eda alcanzar, en realidad no era el punto de llegada sino la forma de transitar el camino.<\/span><\/p>\n<p class=\"eut-dropcap\">Esto no significa que no haya que tener objetivos o metas aspiracionales, las cuales seguramente empujan e inspiran cotidianamente a seguir evolucionando y madurando, tanto en la personal como en lo profesional. Creo que esos objetivos, ya sean de equidad, justicia, humanidad, deben ser adem\u00e1s de un fin en s\u00ed mismo una manera de abordar la vida y transitar nuestras relaciones.<\/p>\n<p><span style=\"font-weight: 400\">En muchas ocasiones, y celebro que cada d\u00eda est\u00e9 m\u00e1s presente, escuchamos hablar de la Sustentabilidad, de la importancia del cuidado del <a href=\"https:\/\/centrors.org\/category\/medio-ambiente\/\">Medio ambiente<\/a>, del Reciclaje, Reutilizaci\u00f3n, y dem\u00e1s acciones de cuidado. Todas ellas apuntadas a salvaguardar nuestro planeta, que se encuentra realmente en serio peligro.&nbsp;<\/span><\/p>\n<p><span style=\"font-weight: 400\">Muchas empresas concientizan a sus colaboradores para sumarse al trabajo cotidiano de concientizaci\u00f3n y abordar diferentes mec\u00e1nicas para alinearse con pr\u00e1cticas sustentables. Creo que hemos avanzado mucho en ese aspecto y debemos seguir <a href=\"https:\/\/rsrevista.org\/edicion94\/pequenos-cambios-grandes-transformaciones-20210419\/\">profundizando este cambio.<\/a><\/span><\/p>\n<p class=\"eut-dropcap\">Pero la sustentabilidad nos invita a pensar de manera m\u00e1s abarcativa este escenario. Este abanico que se abre, donde todos estamos invitados, nos ofrece pensar no solo en la naturaleza mundial, sino tambi\u00e9n en la naturaleza del ser humano. Y es ah\u00ed donde podemos empezar tambi\u00e9n a transitar una vida Sustentable.<\/p>\n<p><span style=\"font-weight: 400\">Varias preguntas pueden hacerse entonces: <strong>\u00bfMis v\u00ednculos son sustentables\/saludables?, \u00bfLa manera en que percibo y trato a los dem\u00e1s, est\u00e1 alineada con la naturaleza del otro?, \u00bfPienso y act\u00fao de manera sustentable con mi cuerpo y con mi mente?<\/strong><\/span><\/p>\n<p><span style=\"font-weight: 400\">Es tan sano y necesario pensar en la Sustentabilidad Mundial, como en la Sustentabilidad Personal. Creo profundamente que se puede y se debe pensar al mundo, pensando en los v\u00ednculos entre los seres humanos. No se puede cuidar al mundo si no se cuida al ser humano.<\/span><\/p>\n<blockquote>\n<p><span style=\"font-weight: 400\">No se puede cuidar al ser humano si no se cuida al mundo.<\/span><\/p>\n<\/blockquote>\n<p class=\"eut-dropcap\">En mis primeros a\u00f1os de carrera cre\u00eda que llegar a tener un cargo me iba a brindar la posibilidad de hacer algo por las personas para que se sientan mejor en su lugar de trabajo, que se sientan atra\u00eddas por lo que hac\u00edan, y que vivieran la posibilidad de trabajar de lo que les gustaba. Eso me ayud\u00f3 a tener claro hacia donde ten\u00eda que ir, y que mi esfuerzo y capacitaci\u00f3n me iban a ayudar a lograrlo. Lo que entend\u00ed cuando llegu\u00e9 a esa posici\u00f3n, es que no hac\u00eda falta \u201cestar\u201d en una posici\u00f3n para poder inspirar, colaborar o acompa\u00f1ar a las personas a que logren sus sue\u00f1os, se sientan a gusto y atra\u00eddas por lo que hacen.<\/p>\n\n\n<div class=\"wp-block-columns is-layout-flex wp-container-core-columns-is-layout-2 wp-block-columns-is-layout-flex\">\n<div class=\"wp-block-column is-layout-flow wp-block-column-is-layout-flow\">\n<p><span style=\"font-weight: 400\">El poder no est\u00e1 en el cargo, sino en los v\u00ednculos, cualquiera que sea el cargo. Posiblemente sea una ambici\u00f3n inalcanzable pensar en v\u00ednculos saludables en el \u00e1mbito de trabajo, pero es imprescindible hacerlo. El mayor desaf\u00edo que tenemos los seres humanos en todos nuestros \u00e1mbitos de existencia es ser Sustentables, pero la naturaleza no completa todo el concepto de Sustentabilidad.<\/span><\/p>\n\n\n\n<p><\/p>\n<\/div>\n\n\n\n<div class=\"wp-block-column is-layout-flow wp-block-column-is-layout-flow\">\n<blockquote class=\"wp-block-quote is-layout-flow wp-block-quote-is-layout-flow\"><p>El mayor desaf\u00edo que tenemos los seres humanos en todos nuestros \u00e1mbitos de existencia es ser Sustentables.<\/p><\/blockquote>\n<\/div>\n<\/div>\n\n\n<p><span style=\"font-weight: 400\">La filosof\u00eda de trabajar con la naturaleza no puede \u00fanicamente enfocarse al medio ambiente, sino que debe incluir al ser humano en toda su dimensi\u00f3n.<\/span><\/p>\n<blockquote>\n<p><span style=\"font-weight: 400\">No se puede ser Sustentable y tener jornadas laborales extensas, trabajos mal remunerados, v\u00ednculos t\u00f3xicos.<\/span><\/p>\n<\/blockquote>\n<p>No podemos ser Sustentables si no tenemos presente que todo lo que hacemos afecta al otro y a su entorno. Una mala conversaci\u00f3n, un mal ejemplo, una injusticia, no solo afecta a esa persona, sino que a su familia. Nadie llega de su jornada laboral y no transmite a los suyos, ya sea en su \u00e1nimo, conversaciones o malestar todo lo que vivi\u00f3 en su d\u00eda.<\/p>\n<p class=\"eut-dropcap\">Brindar Feedback sobre lo que se espera de los colaboradores, acompa\u00f1ar en el ejercicio cotidiano del aprendizaje, tener conversaciones de desarrollo, abordar los problemas no desde lo personal sino desde la construcci\u00f3n, eso es Sustentable. Creo que nos podremos llamar Sustentables, cuando entendamos que el Feedback, no es parte del proceso, sino que es la forma en que transitamos el proceso.<\/p>\n<p><span style=\"font-weight: 400\">Es tan importante cuidar el agua que tomamos, como cuidar las palabras que decimos. Solemos decir que vivimos en un mundo <\/span><i><span style=\"font-weight: 400\">VICA -Vol\u00e1til, Incierto, Complejo y Ambiguo-<\/span><\/i><span style=\"font-weight: 400\">, y es cierto, cada d\u00eda es un nuevo desaf\u00edo que nos estresa y que afrontamos poniendo en juego nuestra salud, la cual debemos cuidar tanto como los glaciares.<\/span><\/p>\n<p><span style=\"font-weight: 400\">Un maestro que tuve alguna vez me dijo, menos Intranet y m\u00e1s <\/span><b><i>Intronet<\/i><\/b><span style=\"font-weight: 400\"> y me pareci\u00f3 muy oportuno su comentario; \u00bfcu\u00e1nto \u201cnavegamos\u201d por nuestras emociones, cu\u00e1ntos \u201cdoble clic\u201d hacemos en lo que nos pasa y porque nos pasa. Cu\u00e1nto \u201cgoogleamos\u201d en nuestro cuerpo para saber qu\u00e9 le pasa, porque nos duele o se enferma. \u00bfCu\u00e1ntas veces usamos el Hashtag <\/span><b>#QueLePasaAlOtro<\/b><span style=\"font-weight: 400\"> con lo que le dije o hice?<\/span><\/p>\n<p><span style=\"font-weight: 400\">Nos invito a que la Sustentabilidad no sea una meta a la cual queramos llegar, sino que sea un proceso personal y comunitario de pensarnos, vernos, tratarnos y vincularnos, donde el camino sea m\u00e1s importante que la llegada.<\/span><\/p>","protected":false},"excerpt":{"rendered":"<p><strong>Por<\/strong>:\u00a0 Adrian Ferrando, Gerente de Recursos Humanos y RSE de AZCUY &#8211; Argentina <\/p>\n","protected":false},"author":1,"featured_media":4238,"comment_status":"open","ping_status":"open","sticky":false,"template":"","format":"standard","meta":{"footnotes":""},"categories":[29],"tags":[],"class_list":["post-3648","post","type-post","status-publish","format-standard","has-post-thumbnail","hentry","category-tema-central"],"yoast_head":"<!-- This site is optimized with the Yoast SEO plugin v23.9 - https:\/\/yoast.com\/wordpress\/plugins\/seo\/ -->\n<title>No hay un camino hacia la Sustentabilidad, la Sustentabilidad es el camino - Revista RS Edici\u00f3n 94<\/title>\n<meta name=\"description\" content=\"La Sustentabilidad no es una meta a la cual se quiere llegar, es un proceso personal y comunitario de pensarnos, vernos, tratarnos y vincularnos.\" \/>\n<meta name=\"robots\" content=\"index, follow, max-snippet:-1, max-image-preview:large, max-video-preview:-1\" \/>\n<link rel=\"canonical\" href=\"https:\/\/rsrevista.org\/edicion94\/no-hay-un-camino-hacia-la-sustentabilidad-la-sustentabilidad-es-el-camino-20210416\/\" \/>\n<meta property=\"og:locale\" content=\"es_ES\" \/>\n<meta property=\"og:type\" content=\"article\" \/>\n<meta property=\"og:title\" content=\"No hay un camino hacia la Sustentabilidad, la Sustentabilidad es el camino - Revista RS Edici\u00f3n 94\" \/>\n<meta property=\"og:description\" content=\"La Sustentabilidad no es una meta a la cual se quiere llegar, es un proceso personal y comunitario de pensarnos, vernos, tratarnos y vincularnos.\" \/>\n<meta property=\"og:url\" content=\"https:\/\/rsrevista.org\/edicion94\/no-hay-un-camino-hacia-la-sustentabilidad-la-sustentabilidad-es-el-camino-20210416\/\" \/>\n<meta property=\"og:site_name\" content=\"Revista RS Edici\u00f3n 94\" \/>\n<meta property=\"article:published_time\" content=\"2021-04-16T20:41:40+00:00\" \/>\n<meta property=\"article:modified_time\" content=\"2021-04-30T19:44:33+00:00\" \/>\n<meta property=\"og:image\" content=\"https:\/\/rsrevista.org\/edicion94\/wp-content\/uploads\/sites\/3\/2021\/04\/17-no-hay-camino-a-la-sustentabilidad-la-sustentabilidad-es-el-camino.jpg\" \/>\n\t<meta property=\"og:image:width\" content=\"1920\" \/>\n\t<meta property=\"og:image:height\" content=\"1080\" \/>\n\t<meta property=\"og:image:type\" content=\"image\/jpeg\" \/>\n<meta name=\"author\" content=\"Good\" \/>\n<meta name=\"twitter:card\" content=\"summary_large_image\" \/>\n<meta name=\"twitter:label1\" content=\"Escrito por\" \/>\n\t<meta name=\"twitter:data1\" content=\"Good\" \/>\n\t<meta name=\"twitter:label2\" content=\"Tiempo de lectura\" \/>\n\t<meta name=\"twitter:data2\" content=\"5 minutos\" \/>\n<script type=\"application\/ld+json\" class=\"yoast-schema-graph\">{\"@context\":\"https:\/\/schema.org\",\"@graph\":[{\"@type\":\"WebPage\",\"@id\":\"https:\/\/rsrevista.org\/edicion94\/no-hay-un-camino-hacia-la-sustentabilidad-la-sustentabilidad-es-el-camino-20210416\/\",\"url\":\"https:\/\/rsrevista.org\/edicion94\/no-hay-un-camino-hacia-la-sustentabilidad-la-sustentabilidad-es-el-camino-20210416\/\",\"name\":\"No hay un camino hacia la Sustentabilidad, la Sustentabilidad es el camino - Revista RS Edici\u00f3n 94\",\"isPartOf\":{\"@id\":\"https:\/\/rsrevista.org\/edicion94\/#website\"},\"primaryImageOfPage\":{\"@id\":\"https:\/\/rsrevista.org\/edicion94\/no-hay-un-camino-hacia-la-sustentabilidad-la-sustentabilidad-es-el-camino-20210416\/#primaryimage\"},\"image\":{\"@id\":\"https:\/\/rsrevista.org\/edicion94\/no-hay-un-camino-hacia-la-sustentabilidad-la-sustentabilidad-es-el-camino-20210416\/#primaryimage\"},\"thumbnailUrl\":\"https:\/\/rsrevista.org\/edicion94\/wp-content\/uploads\/sites\/3\/2021\/04\/17-no-hay-camino-a-la-sustentabilidad-la-sustentabilidad-es-el-camino.jpg\",\"datePublished\":\"2021-04-16T20:41:40+00:00\",\"dateModified\":\"2021-04-30T19:44:33+00:00\",\"author\":{\"@id\":\"https:\/\/rsrevista.org\/edicion94\/#\/schema\/person\/781e0e43b930b28f9267ae9a5dcbe3af\"},\"description\":\"La Sustentabilidad no es una meta a la cual se quiere llegar, es un proceso personal y comunitario de pensarnos, vernos, tratarnos y vincularnos.\",\"breadcrumb\":{\"@id\":\"https:\/\/rsrevista.org\/edicion94\/no-hay-un-camino-hacia-la-sustentabilidad-la-sustentabilidad-es-el-camino-20210416\/#breadcrumb\"},\"inLanguage\":\"es\",\"potentialAction\":[{\"@type\":\"ReadAction\",\"target\":[\"https:\/\/rsrevista.org\/edicion94\/no-hay-un-camino-hacia-la-sustentabilidad-la-sustentabilidad-es-el-camino-20210416\/\"]}]},{\"@type\":\"ImageObject\",\"inLanguage\":\"es\",\"@id\":\"https:\/\/rsrevista.org\/edicion94\/no-hay-un-camino-hacia-la-sustentabilidad-la-sustentabilidad-es-el-camino-20210416\/#primaryimage\",\"url\":\"https:\/\/rsrevista.org\/edicion94\/wp-content\/uploads\/sites\/3\/2021\/04\/17-no-hay-camino-a-la-sustentabilidad-la-sustentabilidad-es-el-camino.jpg\",\"contentUrl\":\"https:\/\/rsrevista.org\/edicion94\/wp-content\/uploads\/sites\/3\/2021\/04\/17-no-hay-camino-a-la-sustentabilidad-la-sustentabilidad-es-el-camino.jpg\",\"width\":1920,\"height\":1080,\"caption\":\"Sustentabilidad\"},{\"@type\":\"BreadcrumbList\",\"@id\":\"https:\/\/rsrevista.org\/edicion94\/no-hay-un-camino-hacia-la-sustentabilidad-la-sustentabilidad-es-el-camino-20210416\/#breadcrumb\",\"itemListElement\":[{\"@type\":\"ListItem\",\"position\":1,\"name\":\"Portada\",\"item\":\"https:\/\/rsrevista.org\/edicion94\/\"},{\"@type\":\"ListItem\",\"position\":2,\"name\":\"No hay un camino hacia la Sustentabilidad, la Sustentabilidad es el camino\"}]},{\"@type\":\"WebSite\",\"@id\":\"https:\/\/rsrevista.org\/edicion94\/#website\",\"url\":\"https:\/\/rsrevista.org\/edicion94\/\",\"name\":\"Revista RS Edici\u00f3n 94\",\"description\":\"Responsabilidad social y sostenibilidad\",\"potentialAction\":[{\"@type\":\"SearchAction\",\"target\":{\"@type\":\"EntryPoint\",\"urlTemplate\":\"https:\/\/rsrevista.org\/edicion94\/?s={search_term_string}\"},\"query-input\":{\"@type\":\"PropertyValueSpecification\",\"valueRequired\":true,\"valueName\":\"search_term_string\"}}],\"inLanguage\":\"es\"},{\"@type\":\"Person\",\"@id\":\"https:\/\/rsrevista.org\/edicion94\/#\/schema\/person\/781e0e43b930b28f9267ae9a5dcbe3af\",\"name\":\"Good\",\"image\":{\"@type\":\"ImageObject\",\"inLanguage\":\"es\",\"@id\":\"https:\/\/rsrevista.org\/edicion94\/#\/schema\/person\/image\/\",\"url\":\"https:\/\/secure.gravatar.com\/avatar\/b90085527cfd5e03250a8637fe5c0369?s=96&d=mm&r=g\",\"contentUrl\":\"https:\/\/secure.gravatar.com\/avatar\/b90085527cfd5e03250a8637fe5c0369?s=96&d=mm&r=g\",\"caption\":\"Good\"},\"sameAs\":[\"https:\/\/rsrevista.org\"],\"url\":\"https:\/\/rsrevista.org\/edicion94\/author\/good\/\"}]}<\/script>\n<!-- \/ Yoast SEO plugin. -->","yoast_head_json":{"title":"No hay un camino hacia la Sustentabilidad, la Sustentabilidad es el camino - Revista RS Edici\u00f3n 94","description":"La Sustentabilidad no es una meta a la cual se quiere llegar, es un proceso personal y comunitario de pensarnos, vernos, tratarnos y vincularnos.","robots":{"index":"index","follow":"follow","max-snippet":"max-snippet:-1","max-image-preview":"max-image-preview:large","max-video-preview":"max-video-preview:-1"},"canonical":"https:\/\/rsrevista.org\/edicion94\/no-hay-un-camino-hacia-la-sustentabilidad-la-sustentabilidad-es-el-camino-20210416\/","og_locale":"es_ES","og_type":"article","og_title":"No hay un camino hacia la Sustentabilidad, la Sustentabilidad es el camino - Revista RS Edici\u00f3n 94","og_description":"La Sustentabilidad no es una meta a la cual se quiere llegar, es un proceso personal y comunitario de pensarnos, vernos, tratarnos y vincularnos.","og_url":"https:\/\/rsrevista.org\/edicion94\/no-hay-un-camino-hacia-la-sustentabilidad-la-sustentabilidad-es-el-camino-20210416\/","og_site_name":"Revista RS Edici\u00f3n 94","article_published_time":"2021-04-16T20:41:40+00:00","article_modified_time":"2021-04-30T19:44:33+00:00","og_image":[{"width":1920,"height":1080,"url":"https:\/\/rsrevista.org\/edicion94\/wp-content\/uploads\/sites\/3\/2021\/04\/17-no-hay-camino-a-la-sustentabilidad-la-sustentabilidad-es-el-camino.jpg","type":"image\/jpeg"}],"author":"Good","twitter_card":"summary_large_image","twitter_misc":{"Escrito por":"Good","Tiempo de lectura":"5 minutos"},"schema":{"@context":"https:\/\/schema.org","@graph":[{"@type":"WebPage","@id":"https:\/\/rsrevista.org\/edicion94\/no-hay-un-camino-hacia-la-sustentabilidad-la-sustentabilidad-es-el-camino-20210416\/","url":"https:\/\/rsrevista.org\/edicion94\/no-hay-un-camino-hacia-la-sustentabilidad-la-sustentabilidad-es-el-camino-20210416\/","name":"No hay un camino hacia la Sustentabilidad, la Sustentabilidad es el camino - Revista RS Edici\u00f3n 94","isPartOf":{"@id":"https:\/\/rsrevista.org\/edicion94\/#website"},"primaryImageOfPage":{"@id":"https:\/\/rsrevista.org\/edicion94\/no-hay-un-camino-hacia-la-sustentabilidad-la-sustentabilidad-es-el-camino-20210416\/#primaryimage"},"image":{"@id":"https:\/\/rsrevista.org\/edicion94\/no-hay-un-camino-hacia-la-sustentabilidad-la-sustentabilidad-es-el-camino-20210416\/#primaryimage"},"thumbnailUrl":"https:\/\/rsrevista.org\/edicion94\/wp-content\/uploads\/sites\/3\/2021\/04\/17-no-hay-camino-a-la-sustentabilidad-la-sustentabilidad-es-el-camino.jpg","datePublished":"2021-04-16T20:41:40+00:00","dateModified":"2021-04-30T19:44:33+00:00","author":{"@id":"https:\/\/rsrevista.org\/edicion94\/#\/schema\/person\/781e0e43b930b28f9267ae9a5dcbe3af"},"description":"La Sustentabilidad no es una meta a la cual se quiere llegar, es un proceso personal y comunitario de pensarnos, vernos, tratarnos y vincularnos.","breadcrumb":{"@id":"https:\/\/rsrevista.org\/edicion94\/no-hay-un-camino-hacia-la-sustentabilidad-la-sustentabilidad-es-el-camino-20210416\/#breadcrumb"},"inLanguage":"es","potentialAction":[{"@type":"ReadAction","target":["https:\/\/rsrevista.org\/edicion94\/no-hay-un-camino-hacia-la-sustentabilidad-la-sustentabilidad-es-el-camino-20210416\/"]}]},{"@type":"ImageObject","inLanguage":"es","@id":"https:\/\/rsrevista.org\/edicion94\/no-hay-un-camino-hacia-la-sustentabilidad-la-sustentabilidad-es-el-camino-20210416\/#primaryimage","url":"https:\/\/rsrevista.org\/edicion94\/wp-content\/uploads\/sites\/3\/2021\/04\/17-no-hay-camino-a-la-sustentabilidad-la-sustentabilidad-es-el-camino.jpg","contentUrl":"https:\/\/rsrevista.org\/edicion94\/wp-content\/uploads\/sites\/3\/2021\/04\/17-no-hay-camino-a-la-sustentabilidad-la-sustentabilidad-es-el-camino.jpg","width":1920,"height":1080,"caption":"Sustentabilidad"},{"@type":"BreadcrumbList","@id":"https:\/\/rsrevista.org\/edicion94\/no-hay-un-camino-hacia-la-sustentabilidad-la-sustentabilidad-es-el-camino-20210416\/#breadcrumb","itemListElement":[{"@type":"ListItem","position":1,"name":"Portada","item":"https:\/\/rsrevista.org\/edicion94\/"},{"@type":"ListItem","position":2,"name":"No hay un camino hacia la Sustentabilidad, la Sustentabilidad es el camino"}]},{"@type":"WebSite","@id":"https:\/\/rsrevista.org\/edicion94\/#website","url":"https:\/\/rsrevista.org\/edicion94\/","name":"Revista RS Edici\u00f3n 94","description":"Responsabilidad social y sostenibilidad","potentialAction":[{"@type":"SearchAction","target":{"@type":"EntryPoint","urlTemplate":"https:\/\/rsrevista.org\/edicion94\/?s={search_term_string}"},"query-input":{"@type":"PropertyValueSpecification","valueRequired":true,"valueName":"search_term_string"}}],"inLanguage":"es"},{"@type":"Person","@id":"https:\/\/rsrevista.org\/edicion94\/#\/schema\/person\/781e0e43b930b28f9267ae9a5dcbe3af","name":"Good","image":{"@type":"ImageObject","inLanguage":"es","@id":"https:\/\/rsrevista.org\/edicion94\/#\/schema\/person\/image\/","url":"https:\/\/secure.gravatar.com\/avatar\/b90085527cfd5e03250a8637fe5c0369?s=96&d=mm&r=g","contentUrl":"https:\/\/secure.gravatar.com\/avatar\/b90085527cfd5e03250a8637fe5c0369?s=96&d=mm&r=g","caption":"Good"},"sameAs":["https:\/\/rsrevista.org"],"url":"https:\/\/rsrevista.org\/edicion94\/author\/good\/"}]}},"_links":{"self":[{"href":"https:\/\/rsrevista.org\/edicion94\/wp-json\/wp\/v2\/posts\/3648"}],"collection":[{"href":"https:\/\/rsrevista.org\/edicion94\/wp-json\/wp\/v2\/posts"}],"about":[{"href":"https:\/\/rsrevista.org\/edicion94\/wp-json\/wp\/v2\/types\/post"}],"author":[{"embeddable":true,"href":"https:\/\/rsrevista.org\/edicion94\/wp-json\/wp\/v2\/users\/1"}],"replies":[{"embeddable":true,"href":"https:\/\/rsrevista.org\/edicion94\/wp-json\/wp\/v2\/comments?post=3648"}],"version-history":[{"count":15,"href":"https:\/\/rsrevista.org\/edicion94\/wp-json\/wp\/v2\/posts\/3648\/revisions"}],"predecessor-version":[{"id":4435,"href":"https:\/\/rsrevista.org\/edicion94\/wp-json\/wp\/v2\/posts\/3648\/revisions\/4435"}],"wp:featuredmedia":[{"embeddable":true,"href":"https:\/\/rsrevista.org\/edicion94\/wp-json\/wp\/v2\/media\/4238"}],"wp:attachment":[{"href":"https:\/\/rsrevista.org\/edicion94\/wp-json\/wp\/v2\/media?parent=3648"}],"wp:term":[{"taxonomy":"category","embeddable":true,"href":"https:\/\/rsrevista.org\/edicion94\/wp-json\/wp\/v2\/categories?post=3648"},{"taxonomy":"post_tag","embeddable":true,"href":"https:\/\/rsrevista.org\/edicion94\/wp-json\/wp\/v2\/tags?post=3648"}],"curies":[{"name":"wp","href":"https:\/\/api.w.org\/{rel}","templated":true}]}}