{"id":3644,"date":"2021-04-20T03:47:31","date_gmt":"2021-04-20T03:47:31","guid":{"rendered":"https:\/\/rsrevista.org\/edicion94\/?p=3644"},"modified":"2021-04-30T19:50:41","modified_gmt":"2021-04-30T19:50:41","slug":"la-escucha-activa-centro-de-la-practica-laboral-para-la-sostenibilidad","status":"publish","type":"post","link":"https:\/\/rsrevista.org\/edicion94\/la-escucha-activa-centro-de-la-practica-laboral-para-la-sostenibilidad-20210420\/","title":{"rendered":"La escucha activa, centro de la pr\u00e1ctica laboral para la sostenibilidad"},"content":{"rendered":"\n<div class=\"wp-block-columns profile-box is-layout-flex wp-container-core-columns-is-layout-1 wp-block-columns-is-layout-flex\">\n<div class=\"wp-block-column profile-box-left is-layout-flow wp-block-column-is-layout-flow\" style=\"flex-basis:20%\">\n<div style=\"height:44px\" aria-hidden=\"true\" class=\"wp-block-spacer\"><\/div>\n\n\n\n<figure class=\"wp-block-image size-large\"><img loading=\"lazy\" decoding=\"async\" width=\"500\" height=\"500\" src=\"https:\/\/rsrevista.org\/edicion94\/wp-content\/uploads\/sites\/3\/2021\/04\/16-Alicia-Aguirre-Gallego.jpg\" alt=\"\" class=\"wp-image-4210\" srcset=\"https:\/\/rsrevista.org\/edicion94\/wp-content\/uploads\/sites\/3\/2021\/04\/16-Alicia-Aguirre-Gallego.jpg 500w, https:\/\/rsrevista.org\/edicion94\/wp-content\/uploads\/sites\/3\/2021\/04\/16-Alicia-Aguirre-Gallego-300x300.jpg 300w, https:\/\/rsrevista.org\/edicion94\/wp-content\/uploads\/sites\/3\/2021\/04\/16-Alicia-Aguirre-Gallego-150x150.jpg 150w\" sizes=\"(max-width: 500px) 100vw, 500px\" \/><\/figure>\n\n\n\n<p><\/p>\n<\/div>\n\n\n\n<div class=\"wp-block-column profile-box-right is-layout-flow wp-block-column-is-layout-flow\">\n<h5 class=\"wp-block-heading\"><strong>Por:<\/strong> Alicia Aguirre Gallego,&nbsp; People &amp; Talent Manager de Wind1000 &#8211; Espa\u00f1a&nbsp;<\/h5>\n\n\n\n<p>Profesional en el \u00e1rea de People &amp; Talent, con m\u00e1s de 20 a\u00f1os de experiencia en Empresas multinacionales y punteras en el sector de la tecnolog\u00eda en distintos pa\u00edses; tambi\u00e9n cuenta con experiencia en empresas de consumo masivo, construcci\u00f3n, comunicaci\u00f3n, banca y energ\u00edas renovables.&nbsp;<\/p>\n<\/div>\n<\/div>\n\n\n<p><span style=\"font-weight: 400\">En el panorama global actual, las peque\u00f1as y grandes empresas se enfrentan a retos cada vez m\u00e1s exigentes, no solo en el \u00e1rea productiva y de negocio sino tambi\u00e9n respecto a su talento humano. Desde mi \u00e1mbito de trabajo en el \u00e1rea de People &amp; Talent, he podido presenciar c\u00f3mo las formas tradicionales de enfrentar estos retos, en todos los casos, han conducido a una p\u00e9rdida de talento y una desconexi\u00f3n del sentido de pertenencia por parte de la generaci\u00f3n m\u00e1s joven de la empresa.&nbsp;<\/span><\/p>\n<p class=\"eut-dropcap\">Por este motivo, considero que es imprescindible evaluar y <strong>establecer la pr\u00e1ctica laboral que permitan detectar y reconocer las necesidades manifiestas del talento humano.<\/strong> Entre todas las posibilidades, asumo la escucha activa como una herramienta fundamental ya que se enfoca no solo en reconocer lo que los emisores est\u00e1n expresando de manera directa, sino adem\u00e1s permite conectar con las emociones, pensamientos, ideas y necesidades que subyacen en sus discursos.<\/p>\n\n\n<div class=\"wp-block-columns is-layout-flex wp-container-core-columns-is-layout-2 wp-block-columns-is-layout-flex\">\n<div class=\"wp-block-column is-layout-flow wp-block-column-is-layout-flow\">\n<p><span style=\"font-weight: 400\">Por este motivo, considero que <\/span><span style=\"font-weight: 400\">es imprescindible evaluar y establecer la pr\u00e1ctica laboral que permitan detectar y reconocer las necesidades manifiestas del talento humano. Entre todas las posibilidades, asumo la escucha activa como una herramienta fundamental ya que se enfoca no solo en reconocer lo que los emisores est\u00e1n expresando de manera directa, sino adem\u00e1s permite conectar con las emociones, pensamientos, ideas y necesidades que subyacen en sus discursos.&nbsp;<\/span><\/p>\n<\/div>\n\n\n\n<div class=\"wp-block-column is-layout-flow wp-block-column-is-layout-flow\">\n<blockquote class=\"wp-block-quote is-layout-flow wp-block-quote-is-layout-flow\"><p>Es imprescindible evaluar y establecer la pr\u00e1ctica laboral que permitan detectar y reconocer las necesidades manifiestas del talento humano.<\/p><\/blockquote>\n<\/div>\n<\/div>\n\n\n<p><span style=\"font-weight: 400\">Asumir esta pr\u00e1ctica me permiti\u00f3 entender que los<\/span> <strong>talentos no sit\u00faan el valor total de su trabajo en la calidad de la remuneraci\u00f3n econ\u00f3mica que reciben, sino m\u00e1s bien, trascienden el hecho de la contraprestaci\u00f3n y tienen la intenci\u00f3n viva de asociar su hacer con un impacto significativo sobre su entorno.<\/strong><span style=\"font-weight: 400\"> Independientemente al grupo generacional al cual pertenecen, desean que su trabajo les permita dejar una <a href=\"https:\/\/centrors.org\/category\/desarrollo-social\/\">huella en la sociedad<\/a>, por lo que, si deciden formar parte de una empresa, buscan poder sentirse orgullosos del aporte que hacen desde sus puestos de trabajo, as\u00ed como de la labor general realizada por la misma.&nbsp;<\/span><\/p>\n<p class=\"eut-dropcap\">Esta b\u00fasqueda personal de quienes conforman el talento humano, enfocada no solo en el beneficio particular sino tambi\u00e9n en el bien com\u00fan, implica asumir una transformaci\u00f3n cultural en la empresa donde sus l\u00edderes deben reconocer la necesidad de desapegarse de antiguas creencias para poder aprender nuevas aproximaciones: la de entender que los objetivos de la empresa deben estar ligados a un prop\u00f3sito con el que el talento se sienta identificado para propiciar su deseo de formar parte de ella, crecer, desarrollarse, as\u00ed como difundir su labor.<\/p>\n\n\n<div class=\"wp-block-columns is-layout-flex wp-container-core-columns-is-layout-3 wp-block-columns-is-layout-flex\">\n<div class=\"wp-block-column is-layout-flow wp-block-column-is-layout-flow\">\n<p><span style=\"font-weight: 400\">Tradicionalmente, los objetivos de las empresas se orientaban a perseguir los resultados directamente del negocio. <\/span><span style=\"font-weight: 400\">Hoy en d\u00eda las empresas exitosas y l\u00edderes en el<\/span> <span style=\"font-weight: 400\">mercado definen sus objetivos asign\u00e1ndole una importancia a la retenci\u00f3n y el desarrollo de talentos, a la incidencia del estilo de su liderazgo en la vida de cada individuo del equipo, as\u00ed como tambi\u00e9n al aporte de cada equipo de trabajo a la sociedad. <\/span><span style=\"font-weight: 400\">Lo que implica, inevitablemente, la necesidad de sumar otros objetivos a los tradicionales del negocio que antes se consideraban como los \u00fanicos o principales.<\/span><\/p>\n<\/div>\n\n\n\n<div class=\"wp-block-column is-layout-flow wp-block-column-is-layout-flow\">\n<blockquote class=\"wp-block-quote is-layout-flow wp-block-quote-is-layout-flow\"><p>Hoy en d\u00eda las empresas exitosas y l\u00edderes en el<strong> <\/strong>mercado definen sus objetivos asign\u00e1ndole una importancia a la retenci\u00f3n y el desarrollo de talentos, a la incidencia del estilo de su liderazgo en la vida de cada individuo del equipo, as\u00ed como tambi\u00e9n al aporte de cada equipo de trabajo a la sociedad.<\/p><\/blockquote>\n<\/div>\n<\/div>\n\n\n<p><span style=\"font-weight: 400\">Este cambio cultural toma tiempo y solo se logra con el compromiso de la Alta Gerencia de escuchar a su gente, <\/span><strong>hacerla parte de los procesos para lograr los objetivos y unir los esfuerzos armonizando los prop\u00f3sitos que propician las acciones para alcanzar el impacto estimado.<\/strong> <span style=\"font-weight: 400\">El \u00e1rea de People &amp; Talent es el pilar esencial para que la Alta Gerencia escuche y pueda asumir de manera segura la transformaci\u00f3n cultural necesaria enfrentando los altos niveles de incertidumbre en el contexto actual.&nbsp;<\/span><\/p>\n<p class=\"eut-dropcap\">Es importante que el \u00e1rea de People &amp; Talent siempre pueda mostrar a la Alta Gerencia los indicadores que les permita entender la necesidad de un proceso de transformaci\u00f3n cultural. Estos indicadores pueden ser: Data del \u00edndice de rotaci\u00f3n de personal, p\u00e9rdida econ\u00f3mica por esta rotaci\u00f3n, el incremento en el tiempo de los procesos para atraer nuevos talentos, el bajo promedio de antig\u00fcedad y permanencia, la ejemplificaci\u00f3n sobre empresas del mismo sector que est\u00e1n logrando la transformaci\u00f3n de forma exitosa porque sus prop\u00f3sitos est\u00e1n vinculados al prop\u00f3sito de sus empleados, entre otros. Estos indicadores nos ayudar\u00e1n a detectar y formular posibles soluciones que faciliten la toma de decisi\u00f3n en la inversi\u00f3n de un proceso de transformaci\u00f3n cultural, as\u00ed como en el impacto que esta tiene no solo sobre el&nbsp; negocio, sino tambi\u00e9n en la vida de cada colaborador de la empresa y en la sociedad misma.<\/p>\n<p><span style=\"font-weight: 400\">La transformaci\u00f3n cultural, que comienza por la Alta Gerencia, requiere la comunicaci\u00f3n transparentemente para poder ser percibida y compartida por los colaboradores como proceso de construcci\u00f3n de confianza. En tal sentido, debe asumirse como una pr\u00e1ctica latente y com\u00fan en el tiempo. Los talentos deben sentir que esta transformaci\u00f3n comienza en el ecosistema interno de la empresa para as\u00ed abrirle paso a su resonancia en el exterior. La sostenibilidad no implica perseguir solo un impacto sobre una realidad externa, sino m\u00e1s bien, nos debemos centrar en propiciarla desde el interior del \u00e1mbito empresarial, del trabajo en conjunto.&nbsp;&nbsp;<\/span><\/p>\n<p class=\"eut-dropcap\">Esta aproximaci\u00f3n pr\u00e1ctica permite que<strong> la <a href=\"https:\/\/rsrevista.org\/edicion94\/gestion-humana-y-sostenibilidad-20210416\/\">sostenibilidad<\/a> social se mantenga en el tiempo enfrentando los cambios del entorno sin la necesidad de sacrificar ning\u00fan prop\u00f3sito.<\/strong> Mantener el desarrollo de la escucha activa como competencia ayuda a asumir e incorporar cambios de manera arm\u00f3nica, conectar con el sentido de pertenencia y mantener el talento humano unido en la consecuci\u00f3n de los objetivos para, finalmente, lograr un impacto significativo en el entorno.<\/p>","protected":false},"excerpt":{"rendered":"<p><strong>Por<\/strong>: Alicia Aguirre Gallego,\u00a0 People &amp; Talent Manager de Wind1000\u00a0&#8211; Espa\u00f1a<\/p>\n","protected":false},"author":1,"featured_media":4338,"comment_status":"open","ping_status":"open","sticky":false,"template":"","format":"standard","meta":{"footnotes":""},"categories":[29],"tags":[],"class_list":["post-3644","post","type-post","status-publish","format-standard","has-post-thumbnail","hentry","category-tema-central"],"yoast_head":"<!-- This site is optimized with the Yoast SEO plugin v23.9 - https:\/\/yoast.com\/wordpress\/plugins\/seo\/ -->\n<title>La escucha activa, centro de la pr\u00e1ctica laboral para la sostenibilidad - Revista RS Edici\u00f3n 94<\/title>\n<meta name=\"description\" content=\"Es imprescindible evaluar y establecer la pr\u00e1ctica laboral que permitan reconocer las necesidades del talento humano. Conoce m\u00e1s aqu\u00ed.\" \/>\n<meta name=\"robots\" content=\"index, follow, max-snippet:-1, max-image-preview:large, max-video-preview:-1\" \/>\n<link rel=\"canonical\" href=\"https:\/\/rsrevista.org\/edicion94\/la-escucha-activa-centro-de-la-practica-laboral-para-la-sostenibilidad-20210420\/\" \/>\n<meta property=\"og:locale\" content=\"es_ES\" \/>\n<meta property=\"og:type\" content=\"article\" \/>\n<meta property=\"og:title\" content=\"La escucha activa, centro de la pr\u00e1ctica laboral para la sostenibilidad - Revista RS Edici\u00f3n 94\" \/>\n<meta property=\"og:description\" content=\"Es imprescindible evaluar y establecer la pr\u00e1ctica laboral que permitan reconocer las necesidades del talento humano. Conoce m\u00e1s aqu\u00ed.\" \/>\n<meta property=\"og:url\" content=\"https:\/\/rsrevista.org\/edicion94\/la-escucha-activa-centro-de-la-practica-laboral-para-la-sostenibilidad-20210420\/\" \/>\n<meta property=\"og:site_name\" content=\"Revista RS Edici\u00f3n 94\" \/>\n<meta property=\"article:published_time\" content=\"2021-04-20T03:47:31+00:00\" \/>\n<meta property=\"article:modified_time\" content=\"2021-04-30T19:50:41+00:00\" \/>\n<meta property=\"og:image\" content=\"https:\/\/rsrevista.org\/edicion94\/wp-content\/uploads\/sites\/3\/2021\/04\/16-la-escucha-activa-centro-de-la-practica-laboral.jpg\" \/>\n\t<meta property=\"og:image:width\" content=\"1920\" \/>\n\t<meta property=\"og:image:height\" content=\"1080\" \/>\n\t<meta property=\"og:image:type\" content=\"image\/jpeg\" \/>\n<meta name=\"author\" content=\"Good\" \/>\n<meta name=\"twitter:card\" content=\"summary_large_image\" \/>\n<meta name=\"twitter:label1\" content=\"Escrito por\" \/>\n\t<meta name=\"twitter:data1\" content=\"Good\" \/>\n\t<meta name=\"twitter:label2\" content=\"Tiempo de lectura\" \/>\n\t<meta name=\"twitter:data2\" content=\"6 minutos\" \/>\n<script type=\"application\/ld+json\" class=\"yoast-schema-graph\">{\"@context\":\"https:\/\/schema.org\",\"@graph\":[{\"@type\":\"WebPage\",\"@id\":\"https:\/\/rsrevista.org\/edicion94\/la-escucha-activa-centro-de-la-practica-laboral-para-la-sostenibilidad-20210420\/\",\"url\":\"https:\/\/rsrevista.org\/edicion94\/la-escucha-activa-centro-de-la-practica-laboral-para-la-sostenibilidad-20210420\/\",\"name\":\"La escucha activa, centro de la pr\u00e1ctica laboral para la sostenibilidad - Revista RS Edici\u00f3n 94\",\"isPartOf\":{\"@id\":\"https:\/\/rsrevista.org\/edicion94\/#website\"},\"primaryImageOfPage\":{\"@id\":\"https:\/\/rsrevista.org\/edicion94\/la-escucha-activa-centro-de-la-practica-laboral-para-la-sostenibilidad-20210420\/#primaryimage\"},\"image\":{\"@id\":\"https:\/\/rsrevista.org\/edicion94\/la-escucha-activa-centro-de-la-practica-laboral-para-la-sostenibilidad-20210420\/#primaryimage\"},\"thumbnailUrl\":\"https:\/\/rsrevista.org\/edicion94\/wp-content\/uploads\/sites\/3\/2021\/04\/16-la-escucha-activa-centro-de-la-practica-laboral.jpg\",\"datePublished\":\"2021-04-20T03:47:31+00:00\",\"dateModified\":\"2021-04-30T19:50:41+00:00\",\"author\":{\"@id\":\"https:\/\/rsrevista.org\/edicion94\/#\/schema\/person\/781e0e43b930b28f9267ae9a5dcbe3af\"},\"description\":\"Es imprescindible evaluar y establecer la pr\u00e1ctica laboral que permitan reconocer las necesidades del talento humano. Conoce m\u00e1s aqu\u00ed.\",\"breadcrumb\":{\"@id\":\"https:\/\/rsrevista.org\/edicion94\/la-escucha-activa-centro-de-la-practica-laboral-para-la-sostenibilidad-20210420\/#breadcrumb\"},\"inLanguage\":\"es\",\"potentialAction\":[{\"@type\":\"ReadAction\",\"target\":[\"https:\/\/rsrevista.org\/edicion94\/la-escucha-activa-centro-de-la-practica-laboral-para-la-sostenibilidad-20210420\/\"]}]},{\"@type\":\"ImageObject\",\"inLanguage\":\"es\",\"@id\":\"https:\/\/rsrevista.org\/edicion94\/la-escucha-activa-centro-de-la-practica-laboral-para-la-sostenibilidad-20210420\/#primaryimage\",\"url\":\"https:\/\/rsrevista.org\/edicion94\/wp-content\/uploads\/sites\/3\/2021\/04\/16-la-escucha-activa-centro-de-la-practica-laboral.jpg\",\"contentUrl\":\"https:\/\/rsrevista.org\/edicion94\/wp-content\/uploads\/sites\/3\/2021\/04\/16-la-escucha-activa-centro-de-la-practica-laboral.jpg\",\"width\":1920,\"height\":1080,\"caption\":\"Pr\u00e1ctica\"},{\"@type\":\"BreadcrumbList\",\"@id\":\"https:\/\/rsrevista.org\/edicion94\/la-escucha-activa-centro-de-la-practica-laboral-para-la-sostenibilidad-20210420\/#breadcrumb\",\"itemListElement\":[{\"@type\":\"ListItem\",\"position\":1,\"name\":\"Portada\",\"item\":\"https:\/\/rsrevista.org\/edicion94\/\"},{\"@type\":\"ListItem\",\"position\":2,\"name\":\"La escucha activa, centro de la pr\u00e1ctica laboral para la sostenibilidad\"}]},{\"@type\":\"WebSite\",\"@id\":\"https:\/\/rsrevista.org\/edicion94\/#website\",\"url\":\"https:\/\/rsrevista.org\/edicion94\/\",\"name\":\"Revista RS Edici\u00f3n 94\",\"description\":\"Responsabilidad social y sostenibilidad\",\"potentialAction\":[{\"@type\":\"SearchAction\",\"target\":{\"@type\":\"EntryPoint\",\"urlTemplate\":\"https:\/\/rsrevista.org\/edicion94\/?s={search_term_string}\"},\"query-input\":{\"@type\":\"PropertyValueSpecification\",\"valueRequired\":true,\"valueName\":\"search_term_string\"}}],\"inLanguage\":\"es\"},{\"@type\":\"Person\",\"@id\":\"https:\/\/rsrevista.org\/edicion94\/#\/schema\/person\/781e0e43b930b28f9267ae9a5dcbe3af\",\"name\":\"Good\",\"image\":{\"@type\":\"ImageObject\",\"inLanguage\":\"es\",\"@id\":\"https:\/\/rsrevista.org\/edicion94\/#\/schema\/person\/image\/\",\"url\":\"https:\/\/secure.gravatar.com\/avatar\/b90085527cfd5e03250a8637fe5c0369?s=96&d=mm&r=g\",\"contentUrl\":\"https:\/\/secure.gravatar.com\/avatar\/b90085527cfd5e03250a8637fe5c0369?s=96&d=mm&r=g\",\"caption\":\"Good\"},\"sameAs\":[\"https:\/\/rsrevista.org\"],\"url\":\"https:\/\/rsrevista.org\/edicion94\/author\/good\/\"}]}<\/script>\n<!-- \/ Yoast SEO plugin. -->","yoast_head_json":{"title":"La escucha activa, centro de la pr\u00e1ctica laboral para la sostenibilidad - Revista RS Edici\u00f3n 94","description":"Es imprescindible evaluar y establecer la pr\u00e1ctica laboral que permitan reconocer las necesidades del talento humano. Conoce m\u00e1s aqu\u00ed.","robots":{"index":"index","follow":"follow","max-snippet":"max-snippet:-1","max-image-preview":"max-image-preview:large","max-video-preview":"max-video-preview:-1"},"canonical":"https:\/\/rsrevista.org\/edicion94\/la-escucha-activa-centro-de-la-practica-laboral-para-la-sostenibilidad-20210420\/","og_locale":"es_ES","og_type":"article","og_title":"La escucha activa, centro de la pr\u00e1ctica laboral para la sostenibilidad - Revista RS Edici\u00f3n 94","og_description":"Es imprescindible evaluar y establecer la pr\u00e1ctica laboral que permitan reconocer las necesidades del talento humano. Conoce m\u00e1s aqu\u00ed.","og_url":"https:\/\/rsrevista.org\/edicion94\/la-escucha-activa-centro-de-la-practica-laboral-para-la-sostenibilidad-20210420\/","og_site_name":"Revista RS Edici\u00f3n 94","article_published_time":"2021-04-20T03:47:31+00:00","article_modified_time":"2021-04-30T19:50:41+00:00","og_image":[{"width":1920,"height":1080,"url":"https:\/\/rsrevista.org\/edicion94\/wp-content\/uploads\/sites\/3\/2021\/04\/16-la-escucha-activa-centro-de-la-practica-laboral.jpg","type":"image\/jpeg"}],"author":"Good","twitter_card":"summary_large_image","twitter_misc":{"Escrito por":"Good","Tiempo de lectura":"6 minutos"},"schema":{"@context":"https:\/\/schema.org","@graph":[{"@type":"WebPage","@id":"https:\/\/rsrevista.org\/edicion94\/la-escucha-activa-centro-de-la-practica-laboral-para-la-sostenibilidad-20210420\/","url":"https:\/\/rsrevista.org\/edicion94\/la-escucha-activa-centro-de-la-practica-laboral-para-la-sostenibilidad-20210420\/","name":"La escucha activa, centro de la pr\u00e1ctica laboral para la sostenibilidad - Revista RS Edici\u00f3n 94","isPartOf":{"@id":"https:\/\/rsrevista.org\/edicion94\/#website"},"primaryImageOfPage":{"@id":"https:\/\/rsrevista.org\/edicion94\/la-escucha-activa-centro-de-la-practica-laboral-para-la-sostenibilidad-20210420\/#primaryimage"},"image":{"@id":"https:\/\/rsrevista.org\/edicion94\/la-escucha-activa-centro-de-la-practica-laboral-para-la-sostenibilidad-20210420\/#primaryimage"},"thumbnailUrl":"https:\/\/rsrevista.org\/edicion94\/wp-content\/uploads\/sites\/3\/2021\/04\/16-la-escucha-activa-centro-de-la-practica-laboral.jpg","datePublished":"2021-04-20T03:47:31+00:00","dateModified":"2021-04-30T19:50:41+00:00","author":{"@id":"https:\/\/rsrevista.org\/edicion94\/#\/schema\/person\/781e0e43b930b28f9267ae9a5dcbe3af"},"description":"Es imprescindible evaluar y establecer la pr\u00e1ctica laboral que permitan reconocer las necesidades del talento humano. Conoce m\u00e1s aqu\u00ed.","breadcrumb":{"@id":"https:\/\/rsrevista.org\/edicion94\/la-escucha-activa-centro-de-la-practica-laboral-para-la-sostenibilidad-20210420\/#breadcrumb"},"inLanguage":"es","potentialAction":[{"@type":"ReadAction","target":["https:\/\/rsrevista.org\/edicion94\/la-escucha-activa-centro-de-la-practica-laboral-para-la-sostenibilidad-20210420\/"]}]},{"@type":"ImageObject","inLanguage":"es","@id":"https:\/\/rsrevista.org\/edicion94\/la-escucha-activa-centro-de-la-practica-laboral-para-la-sostenibilidad-20210420\/#primaryimage","url":"https:\/\/rsrevista.org\/edicion94\/wp-content\/uploads\/sites\/3\/2021\/04\/16-la-escucha-activa-centro-de-la-practica-laboral.jpg","contentUrl":"https:\/\/rsrevista.org\/edicion94\/wp-content\/uploads\/sites\/3\/2021\/04\/16-la-escucha-activa-centro-de-la-practica-laboral.jpg","width":1920,"height":1080,"caption":"Pr\u00e1ctica"},{"@type":"BreadcrumbList","@id":"https:\/\/rsrevista.org\/edicion94\/la-escucha-activa-centro-de-la-practica-laboral-para-la-sostenibilidad-20210420\/#breadcrumb","itemListElement":[{"@type":"ListItem","position":1,"name":"Portada","item":"https:\/\/rsrevista.org\/edicion94\/"},{"@type":"ListItem","position":2,"name":"La escucha activa, centro de la pr\u00e1ctica laboral para la sostenibilidad"}]},{"@type":"WebSite","@id":"https:\/\/rsrevista.org\/edicion94\/#website","url":"https:\/\/rsrevista.org\/edicion94\/","name":"Revista RS Edici\u00f3n 94","description":"Responsabilidad social y sostenibilidad","potentialAction":[{"@type":"SearchAction","target":{"@type":"EntryPoint","urlTemplate":"https:\/\/rsrevista.org\/edicion94\/?s={search_term_string}"},"query-input":{"@type":"PropertyValueSpecification","valueRequired":true,"valueName":"search_term_string"}}],"inLanguage":"es"},{"@type":"Person","@id":"https:\/\/rsrevista.org\/edicion94\/#\/schema\/person\/781e0e43b930b28f9267ae9a5dcbe3af","name":"Good","image":{"@type":"ImageObject","inLanguage":"es","@id":"https:\/\/rsrevista.org\/edicion94\/#\/schema\/person\/image\/","url":"https:\/\/secure.gravatar.com\/avatar\/b90085527cfd5e03250a8637fe5c0369?s=96&d=mm&r=g","contentUrl":"https:\/\/secure.gravatar.com\/avatar\/b90085527cfd5e03250a8637fe5c0369?s=96&d=mm&r=g","caption":"Good"},"sameAs":["https:\/\/rsrevista.org"],"url":"https:\/\/rsrevista.org\/edicion94\/author\/good\/"}]}},"_links":{"self":[{"href":"https:\/\/rsrevista.org\/edicion94\/wp-json\/wp\/v2\/posts\/3644"}],"collection":[{"href":"https:\/\/rsrevista.org\/edicion94\/wp-json\/wp\/v2\/posts"}],"about":[{"href":"https:\/\/rsrevista.org\/edicion94\/wp-json\/wp\/v2\/types\/post"}],"author":[{"embeddable":true,"href":"https:\/\/rsrevista.org\/edicion94\/wp-json\/wp\/v2\/users\/1"}],"replies":[{"embeddable":true,"href":"https:\/\/rsrevista.org\/edicion94\/wp-json\/wp\/v2\/comments?post=3644"}],"version-history":[{"count":18,"href":"https:\/\/rsrevista.org\/edicion94\/wp-json\/wp\/v2\/posts\/3644\/revisions"}],"predecessor-version":[{"id":4417,"href":"https:\/\/rsrevista.org\/edicion94\/wp-json\/wp\/v2\/posts\/3644\/revisions\/4417"}],"wp:featuredmedia":[{"embeddable":true,"href":"https:\/\/rsrevista.org\/edicion94\/wp-json\/wp\/v2\/media\/4338"}],"wp:attachment":[{"href":"https:\/\/rsrevista.org\/edicion94\/wp-json\/wp\/v2\/media?parent=3644"}],"wp:term":[{"taxonomy":"category","embeddable":true,"href":"https:\/\/rsrevista.org\/edicion94\/wp-json\/wp\/v2\/categories?post=3644"},{"taxonomy":"post_tag","embeddable":true,"href":"https:\/\/rsrevista.org\/edicion94\/wp-json\/wp\/v2\/tags?post=3644"}],"curies":[{"name":"wp","href":"https:\/\/api.w.org\/{rel}","templated":true}]}}