{"id":3576,"date":"2021-04-20T03:30:26","date_gmt":"2021-04-20T03:30:26","guid":{"rendered":"https:\/\/rsrevista.org\/edicion94\/?p=3576"},"modified":"2021-04-30T00:27:01","modified_gmt":"2021-04-30T00:27:01","slug":"diversidad-e-inclusion-claves-para-apoyar-la-sostenibilidad","status":"publish","type":"post","link":"https:\/\/rsrevista.org\/edicion94\/diversidad-e-inclusion-claves-para-apoyar-la-sostenibilidad-20210420\/","title":{"rendered":"Diversidad e inclusi\u00f3n: claves para apoyar la sostenibilidad"},"content":{"rendered":"\n<div class=\"wp-block-columns profile-box is-layout-flex wp-container-core-columns-is-layout-1 wp-block-columns-is-layout-flex\">\n<div class=\"wp-block-column profile-box-left is-layout-flow wp-block-column-is-layout-flow\" style=\"flex-basis:20%\">\n<div style=\"height:44px\" aria-hidden=\"true\" class=\"wp-block-spacer\"><\/div>\n\n\n\n<figure class=\"wp-block-image size-large\"><img loading=\"lazy\" decoding=\"async\" width=\"500\" height=\"500\" src=\"https:\/\/rsrevista.org\/edicion94\/wp-content\/uploads\/sites\/3\/2021\/04\/4-ana_m_ramirez.jpg\" alt=\"\" class=\"wp-image-4034\" srcset=\"https:\/\/rsrevista.org\/edicion94\/wp-content\/uploads\/sites\/3\/2021\/04\/4-ana_m_ramirez.jpg 500w, https:\/\/rsrevista.org\/edicion94\/wp-content\/uploads\/sites\/3\/2021\/04\/4-ana_m_ramirez-300x300.jpg 300w, https:\/\/rsrevista.org\/edicion94\/wp-content\/uploads\/sites\/3\/2021\/04\/4-ana_m_ramirez-150x150.jpg 150w\" sizes=\"(max-width: 500px) 100vw, 500px\" \/><\/figure>\n\n\n\n<p><\/p>\n<\/div>\n\n\n\n<div class=\"wp-block-column profile-box-right is-layout-flow wp-block-column-is-layout-flow\">\n<h5 class=\"wp-block-heading\"><strong>Por:<\/strong> Ana Mar\u00eda Ram\u00edrez, Directora de Recursos Humanos de Johnson &amp; Johnson Regi\u00f3n Norte&nbsp;&#8211; Colombia<\/h5>\n\n\n\n<p>Ingeniera Industrial de la Pontificia Universidad Javeriana, ha implementado nuevos modelos de negocio en diferentes geograf\u00edas y realiz\u00f3 la transformaci\u00f3n de la agenda de HR en la regi\u00f3n. Actualmente es&nbsp; L\u00edder de Recursos Humanos de Johnson &amp; Johnson para la regi\u00f3n norte de Latinoam\u00e9rica.<\/p>\n<\/div>\n<\/div>\n\n\n<p><span style=\"font-weight: 400\">La sostenibilidad, en su sentido m\u00e1s amplio, implica la satisfacci\u00f3n de las necesidades del presente sin comprometer la capacidad de las generaciones futuras, buscando el equilibrio entre el crecimiento econ\u00f3mico, el bienestar social y el cuidado del medio ambiente. As\u00ed, construir sociedades basadas en el desarrollo sostenible es un prop\u00f3sito ambicioso, que requiere del compromiso de diversos actores. Los gobiernos, el sector privado y la sociedad, juegan un rol importante en impulsar la agenda 2030, a la que le est\u00e1 apostando el mundo con los Objetivos de Desarrollo Sostenible -ODS.<\/span><\/p>\n<p class=\"eut-dropcap\">Uno de estos objetivos es alcanzar la equidad de g\u00e9nero, lo que usualmente se suele relacionar con eliminar las diferentes formas de discriminaci\u00f3n hacia las mujeres y poner fin a las barreras que impiden que desarrollen todo su potencial. Sin embargo, una definici\u00f3n m\u00e1s amplia de este concepto tambi\u00e9n implica acabar con la discriminaci\u00f3n hacia comunidades como la LGBTI+, pues el desarrollo sostenible solo puede lograrse si todas las personas cuentan con las mismas oportunidades independientemente de su sexo, su identidad de g\u00e9nero o su orientaci\u00f3n sexual.&nbsp;<\/p>\n<p><\/p>\n\n\n<div class=\"wp-block-columns is-layout-flex wp-container-core-columns-is-layout-2 wp-block-columns-is-layout-flex\">\n<div class=\"wp-block-column is-layout-flow wp-block-column-is-layout-flow\">\n<p><span style=\"font-weight: 400\">De esta manera, <\/span><span style=\"font-weight: 400\">una sociedad que abre espacios incluyentes y que reconoce en la diversidad una fuente de riqueza y crecimiento, es una sociedad sostenible.<\/span><span style=\"font-weight: 400\"> As\u00ed mismo, una compa\u00f1\u00eda que decide gestionar su talento desafiando estereotipos, atrayendo y reteniendo personal diverso, promoviendo el desarrollo profesional para todos, es una organizaci\u00f3n con mayores niveles de productividad y rentabilidad, que genera valor y, por lo tanto, impulsa la sostenibilidad.<\/span><\/p>\n<\/div>\n\n\n\n<div class=\"wp-block-column is-layout-flow wp-block-column-is-layout-flow\">\n<blockquote class=\"wp-block-quote is-layout-flow wp-block-quote-is-layout-flow\"><p>Una sociedad que abre espacios incluyentes y que reconoce en la diversidad una fuente de riqueza y crecimiento, es una sociedad sostenible.<\/p><\/blockquote>\n<\/div>\n<\/div>\n\n\n<h6><b>Promoviendo el desarrollo sostenible desde la gesti\u00f3n del talento<\/b><\/h6>\n<p><span style=\"font-weight: 400\">De acuerdo con las Naciones Unidas, empoderar a las mujeres y ni\u00f1as tiene un efecto multiplicador en la sociedad y es fundamental para promover el <a href=\"https:\/\/centrors.org\/category\/crecimiento-economico\/\">crecimiento econ\u00f3mico<\/a> y el desarrollo. De hecho, se estima que, si se logra igualar la tasa de participaci\u00f3n de las mujeres en el mercado laboral respecto a la de los hombres, para el a\u00f1o 2030 el PIB de los pa\u00edses aumentar\u00eda en un 12%; de igual forma, la productividad por trabajador podr\u00eda aumentar hasta un 40% si se eliminaran todas las formas de discriminaci\u00f3n hacia las mujeres trabajadoras y en cargos de direcci\u00f3n.&nbsp; A esto se suma que, seg\u00fan el reporte <\/span><em><span style=\"font-weight: 400\">Open For Business: strengthening the economic<\/span><\/em><i><span style=\"font-weight: 400\"> case<\/span><\/i><span style=\"font-weight: 400\">, los negocios que son abiertos e inclusivos tienen mayores ventajas competitivas y poseen ecosistemas laborales mucho m\u00e1s innovadores, generando una mejor calidad de vida para los integrantes de la compa\u00f1\u00eda.&nbsp;<\/span><\/p>\n<p class=\"eut-dropcap\">Es por esto que pr\u00e1cticas como la licencia de paternidad extendida, el horario flexible, el trabajo remoto, las salas de lactancia, el env\u00edo de leche materna o la apertura de ba\u00f1os mixtos cobran relevancia para pasar del deseo a la acci\u00f3n. Estas iniciativas muchas veces surgen de las necesidades planteadas por los mismos colaboradores, y por esto resulta fundamental promover espacios en los que se puedan dar estas discusiones: los colaboradores se expresan y la organizaci\u00f3n escucha y act\u00faa.&nbsp;&nbsp;<\/p>\n<p><span style=\"font-weight: 400\">De esta forma, las empresas tienen la oportunidad de ser aliadas que aboguen por entornos incluyentes, lugares en los que se genere conciencia sobre los problemas que aquejan a las mujeres y a la poblaci\u00f3n LGBTI+.&nbsp;<\/span><\/p>\n<p><span style=\"font-weight: 400\">No cabe duda de que la diversidad y la inclusi\u00f3n se consolidan como la v\u00eda para llevar la equidad a otro nivel. Crear ambientes seguros para que cada persona se desarrolle con total libertad, y de esta manera, aportar al desarrollo sostenible de las sociedades a las que pertenecemos; pero esto solo es posible a trav\u00e9s de la inclusi\u00f3n de voces y experiencias diversas.&nbsp;&nbsp;<\/span><\/p>\n<h6><b>Reconocer lo recorrido y seguir avanzando<\/b><\/h6>\n<p><span style=\"font-weight: 400\">Algunas de las brechas que impiden a las mujeres y la poblaci\u00f3n LGBTI+ desarrollarse con plenitud persisten, y esto tiene implicaciones para sus vidas, sus familias, las compa\u00f1\u00edas, las comunidades y las naciones. A pesar de que se han implementado medidas orientadas a promover la equidad, para cerrar completamente la brecha es necesario sumar m\u00e1s esfuerzos innovadores que impulsen la equidad de g\u00e9nero como una gran contribuci\u00f3n al desarrollo con sostenibilidad.&nbsp;<\/span><\/p>\n<p class=\"eut-dropcap\"><strong>Involucrar al talento de las organizaciones en la consecuci\u00f3n de los ODS es uno de los primeros pasos que tiene la responsabilidad de dar desde el sector privado<\/strong>, pues los cambios de paradigmas se dan solo a trav\u00e9s de la gente, de las peque\u00f1as o grandes contribuciones en nuestras realidades m\u00e1s inmediatas.<\/p>\n<p><span style=\"font-weight: 400\">Esta es una invitaci\u00f3n a seguir desafiando los imaginarios que nos restan como sociedad y a seguir sumando esfuerzos como individuos y organizaciones, para acercarnos cada vez m\u00e1s a <a href=\"https:\/\/rsrevista.org\/edicion94\/inclusion-y-equidad-pilares-para-empresas-mas-sostenibles-20210419\/\">la inclusi\u00f3n y a la equidad de g\u00e9nero<\/a> y, en esa medida, al desarrollo sostenible. Esto implica poner en marcha medidas concretas que reconozcan en la diversidad la base para el crecimiento de las organizaciones y las sociedades. En un contexto de ciudadan\u00edas globales, nuestros compromisos y acciones en el lugar de trabajo, en nuestra esfera familiar y social tienen el gran poder transformador que necesitamos para seguir avanzando.<\/span><\/p>","protected":false},"excerpt":{"rendered":"<p><strong>Por<\/strong>: Ana Mar\u00eda Ram\u00edrez, Directora de Recursos Humanos de Johnson &amp; Johnson Regi\u00f3n Norte\u00a0&#8211; Colombia <\/p>\n","protected":false},"author":1,"featured_media":4014,"comment_status":"open","ping_status":"open","sticky":false,"template":"","format":"standard","meta":{"footnotes":""},"categories":[29],"tags":[],"class_list":["post-3576","post","type-post","status-publish","format-standard","has-post-thumbnail","hentry","category-tema-central"],"yoast_head":"<!-- This site is optimized with the Yoast SEO plugin v23.9 - https:\/\/yoast.com\/wordpress\/plugins\/seo\/ -->\n<title>Diversidad e inclusi\u00f3n: claves para apoyar la sostenibilidad - Revista RS Edici\u00f3n 94<\/title>\n<meta name=\"description\" content=\"Una sociedad que abre espacios incluyentes y que reconoce en la diversidad una fuente de riqueza y crecimiento es una sociedad sostenible.\" \/>\n<meta name=\"robots\" content=\"index, follow, max-snippet:-1, max-image-preview:large, max-video-preview:-1\" \/>\n<link rel=\"canonical\" href=\"https:\/\/rsrevista.org\/edicion94\/diversidad-e-inclusion-claves-para-apoyar-la-sostenibilidad-20210420\/\" \/>\n<meta property=\"og:locale\" content=\"es_ES\" \/>\n<meta property=\"og:type\" content=\"article\" \/>\n<meta property=\"og:title\" content=\"Diversidad e inclusi\u00f3n: claves para apoyar la sostenibilidad - Revista RS Edici\u00f3n 94\" \/>\n<meta property=\"og:description\" content=\"Una sociedad que abre espacios incluyentes y que reconoce en la diversidad una fuente de riqueza y crecimiento es una sociedad sostenible.\" \/>\n<meta property=\"og:url\" content=\"https:\/\/rsrevista.org\/edicion94\/diversidad-e-inclusion-claves-para-apoyar-la-sostenibilidad-20210420\/\" \/>\n<meta property=\"og:site_name\" content=\"Revista RS Edici\u00f3n 94\" \/>\n<meta property=\"article:published_time\" content=\"2021-04-20T03:30:26+00:00\" \/>\n<meta property=\"article:modified_time\" content=\"2021-04-30T00:27:01+00:00\" \/>\n<meta property=\"og:image\" content=\"https:\/\/rsrevista.org\/edicion94\/wp-content\/uploads\/sites\/3\/2021\/04\/Diversidad-e-inclusi\u00f3n.jpg\" \/>\n\t<meta property=\"og:image:width\" content=\"1920\" \/>\n\t<meta property=\"og:image:height\" content=\"1080\" \/>\n\t<meta property=\"og:image:type\" content=\"image\/jpeg\" \/>\n<meta name=\"author\" content=\"Good\" \/>\n<meta name=\"twitter:card\" content=\"summary_large_image\" \/>\n<meta name=\"twitter:label1\" content=\"Escrito por\" \/>\n\t<meta name=\"twitter:data1\" content=\"Good\" \/>\n\t<meta name=\"twitter:label2\" content=\"Tiempo de lectura\" \/>\n\t<meta name=\"twitter:data2\" content=\"5 minutos\" \/>\n<script type=\"application\/ld+json\" class=\"yoast-schema-graph\">{\"@context\":\"https:\/\/schema.org\",\"@graph\":[{\"@type\":\"WebPage\",\"@id\":\"https:\/\/rsrevista.org\/edicion94\/diversidad-e-inclusion-claves-para-apoyar-la-sostenibilidad-20210420\/\",\"url\":\"https:\/\/rsrevista.org\/edicion94\/diversidad-e-inclusion-claves-para-apoyar-la-sostenibilidad-20210420\/\",\"name\":\"Diversidad e inclusi\u00f3n: claves para apoyar la sostenibilidad - Revista RS Edici\u00f3n 94\",\"isPartOf\":{\"@id\":\"https:\/\/rsrevista.org\/edicion94\/#website\"},\"primaryImageOfPage\":{\"@id\":\"https:\/\/rsrevista.org\/edicion94\/diversidad-e-inclusion-claves-para-apoyar-la-sostenibilidad-20210420\/#primaryimage\"},\"image\":{\"@id\":\"https:\/\/rsrevista.org\/edicion94\/diversidad-e-inclusion-claves-para-apoyar-la-sostenibilidad-20210420\/#primaryimage\"},\"thumbnailUrl\":\"https:\/\/rsrevista.org\/edicion94\/wp-content\/uploads\/sites\/3\/2021\/04\/Diversidad-e-inclusi\u00f3n.jpg\",\"datePublished\":\"2021-04-20T03:30:26+00:00\",\"dateModified\":\"2021-04-30T00:27:01+00:00\",\"author\":{\"@id\":\"https:\/\/rsrevista.org\/edicion94\/#\/schema\/person\/781e0e43b930b28f9267ae9a5dcbe3af\"},\"description\":\"Una sociedad que abre espacios incluyentes y que reconoce en la diversidad una fuente de riqueza y crecimiento es una sociedad sostenible.\",\"breadcrumb\":{\"@id\":\"https:\/\/rsrevista.org\/edicion94\/diversidad-e-inclusion-claves-para-apoyar-la-sostenibilidad-20210420\/#breadcrumb\"},\"inLanguage\":\"es\",\"potentialAction\":[{\"@type\":\"ReadAction\",\"target\":[\"https:\/\/rsrevista.org\/edicion94\/diversidad-e-inclusion-claves-para-apoyar-la-sostenibilidad-20210420\/\"]}]},{\"@type\":\"ImageObject\",\"inLanguage\":\"es\",\"@id\":\"https:\/\/rsrevista.org\/edicion94\/diversidad-e-inclusion-claves-para-apoyar-la-sostenibilidad-20210420\/#primaryimage\",\"url\":\"https:\/\/rsrevista.org\/edicion94\/wp-content\/uploads\/sites\/3\/2021\/04\/Diversidad-e-inclusi\u00f3n.jpg\",\"contentUrl\":\"https:\/\/rsrevista.org\/edicion94\/wp-content\/uploads\/sites\/3\/2021\/04\/Diversidad-e-inclusi\u00f3n.jpg\",\"width\":1920,\"height\":1080,\"caption\":\"Diversidad\"},{\"@type\":\"BreadcrumbList\",\"@id\":\"https:\/\/rsrevista.org\/edicion94\/diversidad-e-inclusion-claves-para-apoyar-la-sostenibilidad-20210420\/#breadcrumb\",\"itemListElement\":[{\"@type\":\"ListItem\",\"position\":1,\"name\":\"Portada\",\"item\":\"https:\/\/rsrevista.org\/edicion94\/\"},{\"@type\":\"ListItem\",\"position\":2,\"name\":\"Diversidad e inclusi\u00f3n: claves para apoyar la sostenibilidad\"}]},{\"@type\":\"WebSite\",\"@id\":\"https:\/\/rsrevista.org\/edicion94\/#website\",\"url\":\"https:\/\/rsrevista.org\/edicion94\/\",\"name\":\"Revista RS Edici\u00f3n 94\",\"description\":\"Responsabilidad social y sostenibilidad\",\"potentialAction\":[{\"@type\":\"SearchAction\",\"target\":{\"@type\":\"EntryPoint\",\"urlTemplate\":\"https:\/\/rsrevista.org\/edicion94\/?s={search_term_string}\"},\"query-input\":{\"@type\":\"PropertyValueSpecification\",\"valueRequired\":true,\"valueName\":\"search_term_string\"}}],\"inLanguage\":\"es\"},{\"@type\":\"Person\",\"@id\":\"https:\/\/rsrevista.org\/edicion94\/#\/schema\/person\/781e0e43b930b28f9267ae9a5dcbe3af\",\"name\":\"Good\",\"image\":{\"@type\":\"ImageObject\",\"inLanguage\":\"es\",\"@id\":\"https:\/\/rsrevista.org\/edicion94\/#\/schema\/person\/image\/\",\"url\":\"https:\/\/secure.gravatar.com\/avatar\/b90085527cfd5e03250a8637fe5c0369?s=96&d=mm&r=g\",\"contentUrl\":\"https:\/\/secure.gravatar.com\/avatar\/b90085527cfd5e03250a8637fe5c0369?s=96&d=mm&r=g\",\"caption\":\"Good\"},\"sameAs\":[\"https:\/\/rsrevista.org\"],\"url\":\"https:\/\/rsrevista.org\/edicion94\/author\/good\/\"}]}<\/script>\n<!-- \/ Yoast SEO plugin. -->","yoast_head_json":{"title":"Diversidad e inclusi\u00f3n: claves para apoyar la sostenibilidad - Revista RS Edici\u00f3n 94","description":"Una sociedad que abre espacios incluyentes y que reconoce en la diversidad una fuente de riqueza y crecimiento es una sociedad sostenible.","robots":{"index":"index","follow":"follow","max-snippet":"max-snippet:-1","max-image-preview":"max-image-preview:large","max-video-preview":"max-video-preview:-1"},"canonical":"https:\/\/rsrevista.org\/edicion94\/diversidad-e-inclusion-claves-para-apoyar-la-sostenibilidad-20210420\/","og_locale":"es_ES","og_type":"article","og_title":"Diversidad e inclusi\u00f3n: claves para apoyar la sostenibilidad - Revista RS Edici\u00f3n 94","og_description":"Una sociedad que abre espacios incluyentes y que reconoce en la diversidad una fuente de riqueza y crecimiento es una sociedad sostenible.","og_url":"https:\/\/rsrevista.org\/edicion94\/diversidad-e-inclusion-claves-para-apoyar-la-sostenibilidad-20210420\/","og_site_name":"Revista RS Edici\u00f3n 94","article_published_time":"2021-04-20T03:30:26+00:00","article_modified_time":"2021-04-30T00:27:01+00:00","og_image":[{"width":1920,"height":1080,"url":"https:\/\/rsrevista.org\/edicion94\/wp-content\/uploads\/sites\/3\/2021\/04\/Diversidad-e-inclusi\u00f3n.jpg","type":"image\/jpeg"}],"author":"Good","twitter_card":"summary_large_image","twitter_misc":{"Escrito por":"Good","Tiempo de lectura":"5 minutos"},"schema":{"@context":"https:\/\/schema.org","@graph":[{"@type":"WebPage","@id":"https:\/\/rsrevista.org\/edicion94\/diversidad-e-inclusion-claves-para-apoyar-la-sostenibilidad-20210420\/","url":"https:\/\/rsrevista.org\/edicion94\/diversidad-e-inclusion-claves-para-apoyar-la-sostenibilidad-20210420\/","name":"Diversidad e inclusi\u00f3n: claves para apoyar la sostenibilidad - Revista RS Edici\u00f3n 94","isPartOf":{"@id":"https:\/\/rsrevista.org\/edicion94\/#website"},"primaryImageOfPage":{"@id":"https:\/\/rsrevista.org\/edicion94\/diversidad-e-inclusion-claves-para-apoyar-la-sostenibilidad-20210420\/#primaryimage"},"image":{"@id":"https:\/\/rsrevista.org\/edicion94\/diversidad-e-inclusion-claves-para-apoyar-la-sostenibilidad-20210420\/#primaryimage"},"thumbnailUrl":"https:\/\/rsrevista.org\/edicion94\/wp-content\/uploads\/sites\/3\/2021\/04\/Diversidad-e-inclusi\u00f3n.jpg","datePublished":"2021-04-20T03:30:26+00:00","dateModified":"2021-04-30T00:27:01+00:00","author":{"@id":"https:\/\/rsrevista.org\/edicion94\/#\/schema\/person\/781e0e43b930b28f9267ae9a5dcbe3af"},"description":"Una sociedad que abre espacios incluyentes y que reconoce en la diversidad una fuente de riqueza y crecimiento es una sociedad sostenible.","breadcrumb":{"@id":"https:\/\/rsrevista.org\/edicion94\/diversidad-e-inclusion-claves-para-apoyar-la-sostenibilidad-20210420\/#breadcrumb"},"inLanguage":"es","potentialAction":[{"@type":"ReadAction","target":["https:\/\/rsrevista.org\/edicion94\/diversidad-e-inclusion-claves-para-apoyar-la-sostenibilidad-20210420\/"]}]},{"@type":"ImageObject","inLanguage":"es","@id":"https:\/\/rsrevista.org\/edicion94\/diversidad-e-inclusion-claves-para-apoyar-la-sostenibilidad-20210420\/#primaryimage","url":"https:\/\/rsrevista.org\/edicion94\/wp-content\/uploads\/sites\/3\/2021\/04\/Diversidad-e-inclusi\u00f3n.jpg","contentUrl":"https:\/\/rsrevista.org\/edicion94\/wp-content\/uploads\/sites\/3\/2021\/04\/Diversidad-e-inclusi\u00f3n.jpg","width":1920,"height":1080,"caption":"Diversidad"},{"@type":"BreadcrumbList","@id":"https:\/\/rsrevista.org\/edicion94\/diversidad-e-inclusion-claves-para-apoyar-la-sostenibilidad-20210420\/#breadcrumb","itemListElement":[{"@type":"ListItem","position":1,"name":"Portada","item":"https:\/\/rsrevista.org\/edicion94\/"},{"@type":"ListItem","position":2,"name":"Diversidad e inclusi\u00f3n: claves para apoyar la sostenibilidad"}]},{"@type":"WebSite","@id":"https:\/\/rsrevista.org\/edicion94\/#website","url":"https:\/\/rsrevista.org\/edicion94\/","name":"Revista RS Edici\u00f3n 94","description":"Responsabilidad social y sostenibilidad","potentialAction":[{"@type":"SearchAction","target":{"@type":"EntryPoint","urlTemplate":"https:\/\/rsrevista.org\/edicion94\/?s={search_term_string}"},"query-input":{"@type":"PropertyValueSpecification","valueRequired":true,"valueName":"search_term_string"}}],"inLanguage":"es"},{"@type":"Person","@id":"https:\/\/rsrevista.org\/edicion94\/#\/schema\/person\/781e0e43b930b28f9267ae9a5dcbe3af","name":"Good","image":{"@type":"ImageObject","inLanguage":"es","@id":"https:\/\/rsrevista.org\/edicion94\/#\/schema\/person\/image\/","url":"https:\/\/secure.gravatar.com\/avatar\/b90085527cfd5e03250a8637fe5c0369?s=96&d=mm&r=g","contentUrl":"https:\/\/secure.gravatar.com\/avatar\/b90085527cfd5e03250a8637fe5c0369?s=96&d=mm&r=g","caption":"Good"},"sameAs":["https:\/\/rsrevista.org"],"url":"https:\/\/rsrevista.org\/edicion94\/author\/good\/"}]}},"_links":{"self":[{"href":"https:\/\/rsrevista.org\/edicion94\/wp-json\/wp\/v2\/posts\/3576"}],"collection":[{"href":"https:\/\/rsrevista.org\/edicion94\/wp-json\/wp\/v2\/posts"}],"about":[{"href":"https:\/\/rsrevista.org\/edicion94\/wp-json\/wp\/v2\/types\/post"}],"author":[{"embeddable":true,"href":"https:\/\/rsrevista.org\/edicion94\/wp-json\/wp\/v2\/users\/1"}],"replies":[{"embeddable":true,"href":"https:\/\/rsrevista.org\/edicion94\/wp-json\/wp\/v2\/comments?post=3576"}],"version-history":[{"count":24,"href":"https:\/\/rsrevista.org\/edicion94\/wp-json\/wp\/v2\/posts\/3576\/revisions"}],"predecessor-version":[{"id":4566,"href":"https:\/\/rsrevista.org\/edicion94\/wp-json\/wp\/v2\/posts\/3576\/revisions\/4566"}],"wp:featuredmedia":[{"embeddable":true,"href":"https:\/\/rsrevista.org\/edicion94\/wp-json\/wp\/v2\/media\/4014"}],"wp:attachment":[{"href":"https:\/\/rsrevista.org\/edicion94\/wp-json\/wp\/v2\/media?parent=3576"}],"wp:term":[{"taxonomy":"category","embeddable":true,"href":"https:\/\/rsrevista.org\/edicion94\/wp-json\/wp\/v2\/categories?post=3576"},{"taxonomy":"post_tag","embeddable":true,"href":"https:\/\/rsrevista.org\/edicion94\/wp-json\/wp\/v2\/tags?post=3576"}],"curies":[{"name":"wp","href":"https:\/\/api.w.org\/{rel}","templated":true}]}}