{"id":3546,"date":"2021-04-19T20:28:43","date_gmt":"2021-04-19T20:28:43","guid":{"rendered":"https:\/\/rsrevista.org\/edicion94\/?p=3546"},"modified":"2021-04-30T19:45:13","modified_gmt":"2021-04-30T19:45:13","slug":"inclusion-y-equidad-pilares-para-empresas-mas-sostenibles","status":"publish","type":"post","link":"https:\/\/rsrevista.org\/edicion94\/inclusion-y-equidad-pilares-para-empresas-mas-sostenibles-20210419\/","title":{"rendered":"Inclusi\u00f3n y equidad, pilares para empresas m\u00e1s sostenibles"},"content":{"rendered":"\n<div class=\"wp-block-columns profile-box is-layout-flex wp-container-core-columns-is-layout-1 wp-block-columns-is-layout-flex\">\n<div class=\"wp-block-column profile-box-left is-layout-flow wp-block-column-is-layout-flow\" style=\"flex-basis:20%\">\n<div style=\"height:44px\" aria-hidden=\"true\" class=\"wp-block-spacer\"><\/div>\n\n\n\n<figure class=\"wp-block-image size-large\"><img loading=\"lazy\" decoding=\"async\" width=\"500\" height=\"500\" src=\"https:\/\/rsrevista.org\/edicion94\/wp-content\/uploads\/sites\/3\/2021\/04\/10-jiliana-Torijano.jpg\" alt=\"\" class=\"wp-image-4040\" srcset=\"https:\/\/rsrevista.org\/edicion94\/wp-content\/uploads\/sites\/3\/2021\/04\/10-jiliana-Torijano.jpg 500w, https:\/\/rsrevista.org\/edicion94\/wp-content\/uploads\/sites\/3\/2021\/04\/10-jiliana-Torijano-300x300.jpg 300w, https:\/\/rsrevista.org\/edicion94\/wp-content\/uploads\/sites\/3\/2021\/04\/10-jiliana-Torijano-150x150.jpg 150w\" sizes=\"(max-width: 500px) 100vw, 500px\" \/><\/figure>\n\n\n\n<p><\/p>\n<\/div>\n\n\n\n<div class=\"wp-block-column profile-box-right is-layout-flow wp-block-column-is-layout-flow\">\n<h5 class=\"wp-block-heading\"><strong>Por: <\/strong>Liliana Torijano, Directora Planta Unilever en Palmira&nbsp;&#8211; Colombia<\/h5>\n\n\n\n<p>Qu\u00edmica de la Universidad del Valle y especialista en Administraci\u00f3n de Empresas de la Universidad ICESI. Cuenta con m\u00e1s de 20 a\u00f1os de experiencia en aseguramiento de calidad, manufactura, ingenier\u00eda y gesti\u00f3n de proyectos. Labor\u00f3 en la industria farmac\u00e9utica por m\u00e1s de 5 a\u00f1os en importantes empresas del sector como Baxter, antes de decidir ser parte del proceso de selecci\u00f3n proactivo que Unilever realiz\u00f3 para el cargo de direcci\u00f3n de la planta, en el cual fue seleccionada y desde hace m\u00e1s de 3 a\u00f1os asume la direcci\u00f3n de la Planta HPC de Unilever en Palmira, Valle del Cauca.<\/p>\n\n\n\n<p><\/p>\n<\/div>\n<\/div>\n\n\n<p><span style=\"font-weight: 400\">Con las lecciones que deja la pandemia a toda la humanidad vienen tambi\u00e9n profundas reflexiones que deben hacerse las empresas; porque, si bien es cierto que los efectos del <a href=\"https:\/\/centrors.org\/combatiendo-el-covid\/\">Covid-19<\/a> comienzan a retroceder, las organizaciones deben seguir protegiendo la salud de sus colaboradores y no abandonar su enfoque de sostenibilidad, tanto con aquellos que trabajan desde casa, como con quienes laboran en presencialidad.&nbsp;<\/span><\/p>\n<p class=\"eut-dropcap\">En el caso de las empresas fabricantes de&nbsp;productos de consumo, como en la que yo trabajo, es importante recalcar, sobre todo en estos tiempos, la gesti\u00f3n de una <a href=\"https:\/\/rsrevista.org\/edicion94\/garantizando%e2%80%8c-%e2%80%8cuna%e2%80%8c-%e2%80%8ccultura%e2%80%8c-%e2%80%8cde%e2%80%8c-%e2%80%8csostenibilidad%e2%80%8c-%e2%80%8c-20210416\/\">cultura de sostenibilidad<\/a> con valores y objetivos claros.<\/p>\n<blockquote>\n<p><span style=\"font-weight: 400\">Pero<\/span><span style=\"font-weight: 400\"> la sostenibilidad empresarial tiene otra cara que hay que ver con atenci\u00f3n, y es la de la inclusi\u00f3n y la equidad, dos requisitos indispensables para el desarrollo sostenible de las organizaciones.&nbsp;<\/span><\/p>\n<\/blockquote>\n<p><span style=\"font-weight: 400\">En este gran cap\u00edtulo, el fortalecimiento del papel de las mujeres es fundamental y aunque el tema de equidad de g\u00e9nero cada d\u00eda gana m\u00e1s visibilidad y relevancia, a\u00fan faltan esfuerzos por hacer y sobre todo en nuestro \u00e1mbito latinoamericano y en un campo como el m\u00edo, la cadena de abastecimiento. Y es que, seg\u00fan el Programa de Naciones Unidas para el Desarrollo, en <\/span><b><i>Am\u00e9rica Latina, las mujeres realizan el 75 por ciento del trabajo dom\u00e9stico no remunerado, cinco de cada 10 est\u00e1n fuera del mercado laboral, y el 54% trabaja en contextos informales, con ingresos fr\u00e1giles y con una m\u00ednima protecci\u00f3n social.<\/i><\/b><\/p>\n<p class=\"eut-dropcap\">Por ello, las empresas, en consonancia con los gobiernos y la sociedad en general, tienen un rol fundamental para eliminar las desigualdades de g\u00e9nero e impulsar el desarrollo sostenible, garantizando la igualdad de oportunidades y creando ambientes de trabajo inclusivos y seguros, que incentiven una verdadera equidad.<\/p>\n<p><span style=\"font-weight: 400\">Con la adopci\u00f3n de estas pol\u00edticas, las organizaciones pueden marcar una gran diferencia y cambiar la vida de muchas familias y comunidades. Afortunadamente este cambio ya comienza a darse y cada vez m\u00e1s empresas adelantan acciones concretas como la eliminaci\u00f3n de diferencias de remuneraci\u00f3n entre hombres y mujeres, la implementaci\u00f3n de normas que mejoran el equilibrio entre el trabajo y la vida personal, y el aumento del papel de las mujeres en la toma de decisiones en los niveles de gerencia media y superior, entre otros.<\/span><\/p>\n<p><span style=\"font-weight: 400\">Mi historia es un buen referente para las compa\u00f1\u00edas. Una mujer casada, con dos hijos y una profesi\u00f3n t\u00e9cnica, que ha desarrollado su carrera pese a las diferentes barreras y estereotipos para estas posiciones de la cadena de abastecimiento. Hace 3 a\u00f1os y medio tuve la oportunidad de ingresar en un proceso de selecci\u00f3n y, gracias a mis capacidades y potencial, logr\u00e9 ser elegida y hoy me desempe\u00f1o como directora de la planta de Cuidado Personal y del Hogar de Unilever en Palmira.<\/span><\/p>\n<p class=\"eut-dropcap\">Y menciono mi caso personal, porque es un ejemplo palpable de esa inclusi\u00f3n para la cual se est\u00e1n dando pasos importantes. Hoy, como profesional, siento un orgullo muy grande de liderar un equipo de m\u00e1s de 800 personas, al cual pertenecen 234 mujeres en los diferentes cargos operativos, y 9 en cargos directivos.<\/p>\n<p><span style=\"font-weight: 400\">Este ha sido un gran reto, pero con el respaldo de Unilever, mi crecimiento laboral ha sido fant\u00e1stico gracias a su intenci\u00f3n verdadera de incentivar un ambiente incluyente e inclusivo.&nbsp;<\/span><\/p>\n<p><span style=\"font-weight: 400\">Ojal\u00e1 que mi historia en algunos a\u00f1os sea la historia de muchas y que el papel de las mujeres siga creciendo en importancia en las empresas de nuestro pa\u00eds.&nbsp;<\/span><\/p>","protected":false},"excerpt":{"rendered":"<p><strong>Por<\/strong>: Liliana Torijano, Directora Planta Unilever en Palmira\u00a0&#8211; Colombia<\/p>\n","protected":false},"author":1,"featured_media":4219,"comment_status":"open","ping_status":"open","sticky":false,"template":"","format":"standard","meta":{"footnotes":""},"categories":[29],"tags":[],"class_list":["post-3546","post","type-post","status-publish","format-standard","has-post-thumbnail","hentry","category-tema-central"],"yoast_head":"<!-- This site is optimized with the Yoast SEO plugin v23.9 - https:\/\/yoast.com\/wordpress\/plugins\/seo\/ -->\n<title>Inclusi\u00f3n y equidad, pilares para empresas m\u00e1s sostenibles - Revista RS Edici\u00f3n 94<\/title>\n<meta name=\"description\" content=\"La sostenibilidad empresarial tiene otra cara y es la de la inclusi\u00f3n y la equidad. Conoce m\u00e1s de estos pilares a continuaci\u00f3n.\" \/>\n<meta name=\"robots\" content=\"index, follow, max-snippet:-1, max-image-preview:large, max-video-preview:-1\" \/>\n<link rel=\"canonical\" href=\"https:\/\/rsrevista.org\/edicion94\/inclusion-y-equidad-pilares-para-empresas-mas-sostenibles-20210419\/\" \/>\n<meta property=\"og:locale\" content=\"es_ES\" \/>\n<meta property=\"og:type\" content=\"article\" \/>\n<meta property=\"og:title\" content=\"Inclusi\u00f3n y equidad, pilares para empresas m\u00e1s sostenibles - Revista RS Edici\u00f3n 94\" \/>\n<meta property=\"og:description\" content=\"La sostenibilidad empresarial tiene otra cara y es la de la inclusi\u00f3n y la equidad. Conoce m\u00e1s de estos pilares a continuaci\u00f3n.\" \/>\n<meta property=\"og:url\" content=\"https:\/\/rsrevista.org\/edicion94\/inclusion-y-equidad-pilares-para-empresas-mas-sostenibles-20210419\/\" \/>\n<meta property=\"og:site_name\" content=\"Revista RS Edici\u00f3n 94\" \/>\n<meta property=\"article:published_time\" content=\"2021-04-19T20:28:43+00:00\" \/>\n<meta property=\"article:modified_time\" content=\"2021-04-30T19:45:13+00:00\" \/>\n<meta property=\"og:image\" content=\"https:\/\/rsrevista.org\/edicion94\/wp-content\/uploads\/sites\/3\/2021\/04\/Inclusi\u00f3n-y-equidad-pilares-para-empresas-m\u00e1s-sostenibles.jpg\" \/>\n\t<meta property=\"og:image:width\" content=\"1920\" \/>\n\t<meta property=\"og:image:height\" content=\"1080\" \/>\n\t<meta property=\"og:image:type\" content=\"image\/jpeg\" \/>\n<meta name=\"author\" content=\"Good\" \/>\n<meta name=\"twitter:card\" content=\"summary_large_image\" \/>\n<meta name=\"twitter:label1\" content=\"Escrito por\" \/>\n\t<meta name=\"twitter:data1\" content=\"Good\" \/>\n\t<meta name=\"twitter:label2\" content=\"Tiempo de lectura\" \/>\n\t<meta name=\"twitter:data2\" content=\"4 minutos\" \/>\n<script type=\"application\/ld+json\" class=\"yoast-schema-graph\">{\"@context\":\"https:\/\/schema.org\",\"@graph\":[{\"@type\":\"WebPage\",\"@id\":\"https:\/\/rsrevista.org\/edicion94\/inclusion-y-equidad-pilares-para-empresas-mas-sostenibles-20210419\/\",\"url\":\"https:\/\/rsrevista.org\/edicion94\/inclusion-y-equidad-pilares-para-empresas-mas-sostenibles-20210419\/\",\"name\":\"Inclusi\u00f3n y equidad, pilares para empresas m\u00e1s sostenibles - Revista RS Edici\u00f3n 94\",\"isPartOf\":{\"@id\":\"https:\/\/rsrevista.org\/edicion94\/#website\"},\"primaryImageOfPage\":{\"@id\":\"https:\/\/rsrevista.org\/edicion94\/inclusion-y-equidad-pilares-para-empresas-mas-sostenibles-20210419\/#primaryimage\"},\"image\":{\"@id\":\"https:\/\/rsrevista.org\/edicion94\/inclusion-y-equidad-pilares-para-empresas-mas-sostenibles-20210419\/#primaryimage\"},\"thumbnailUrl\":\"https:\/\/rsrevista.org\/edicion94\/wp-content\/uploads\/sites\/3\/2021\/04\/Inclusi\u00f3n-y-equidad-pilares-para-empresas-m\u00e1s-sostenibles.jpg\",\"datePublished\":\"2021-04-19T20:28:43+00:00\",\"dateModified\":\"2021-04-30T19:45:13+00:00\",\"author\":{\"@id\":\"https:\/\/rsrevista.org\/edicion94\/#\/schema\/person\/781e0e43b930b28f9267ae9a5dcbe3af\"},\"description\":\"La sostenibilidad empresarial tiene otra cara y es la de la inclusi\u00f3n y la equidad. Conoce m\u00e1s de estos pilares a continuaci\u00f3n.\",\"breadcrumb\":{\"@id\":\"https:\/\/rsrevista.org\/edicion94\/inclusion-y-equidad-pilares-para-empresas-mas-sostenibles-20210419\/#breadcrumb\"},\"inLanguage\":\"es\",\"potentialAction\":[{\"@type\":\"ReadAction\",\"target\":[\"https:\/\/rsrevista.org\/edicion94\/inclusion-y-equidad-pilares-para-empresas-mas-sostenibles-20210419\/\"]}]},{\"@type\":\"ImageObject\",\"inLanguage\":\"es\",\"@id\":\"https:\/\/rsrevista.org\/edicion94\/inclusion-y-equidad-pilares-para-empresas-mas-sostenibles-20210419\/#primaryimage\",\"url\":\"https:\/\/rsrevista.org\/edicion94\/wp-content\/uploads\/sites\/3\/2021\/04\/Inclusi\u00f3n-y-equidad-pilares-para-empresas-m\u00e1s-sostenibles.jpg\",\"contentUrl\":\"https:\/\/rsrevista.org\/edicion94\/wp-content\/uploads\/sites\/3\/2021\/04\/Inclusi\u00f3n-y-equidad-pilares-para-empresas-m\u00e1s-sostenibles.jpg\",\"width\":1920,\"height\":1080,\"caption\":\"Equidad\"},{\"@type\":\"BreadcrumbList\",\"@id\":\"https:\/\/rsrevista.org\/edicion94\/inclusion-y-equidad-pilares-para-empresas-mas-sostenibles-20210419\/#breadcrumb\",\"itemListElement\":[{\"@type\":\"ListItem\",\"position\":1,\"name\":\"Portada\",\"item\":\"https:\/\/rsrevista.org\/edicion94\/\"},{\"@type\":\"ListItem\",\"position\":2,\"name\":\"Inclusi\u00f3n y equidad, pilares para empresas m\u00e1s sostenibles\"}]},{\"@type\":\"WebSite\",\"@id\":\"https:\/\/rsrevista.org\/edicion94\/#website\",\"url\":\"https:\/\/rsrevista.org\/edicion94\/\",\"name\":\"Revista RS Edici\u00f3n 94\",\"description\":\"Responsabilidad social y sostenibilidad\",\"potentialAction\":[{\"@type\":\"SearchAction\",\"target\":{\"@type\":\"EntryPoint\",\"urlTemplate\":\"https:\/\/rsrevista.org\/edicion94\/?s={search_term_string}\"},\"query-input\":{\"@type\":\"PropertyValueSpecification\",\"valueRequired\":true,\"valueName\":\"search_term_string\"}}],\"inLanguage\":\"es\"},{\"@type\":\"Person\",\"@id\":\"https:\/\/rsrevista.org\/edicion94\/#\/schema\/person\/781e0e43b930b28f9267ae9a5dcbe3af\",\"name\":\"Good\",\"image\":{\"@type\":\"ImageObject\",\"inLanguage\":\"es\",\"@id\":\"https:\/\/rsrevista.org\/edicion94\/#\/schema\/person\/image\/\",\"url\":\"https:\/\/secure.gravatar.com\/avatar\/b90085527cfd5e03250a8637fe5c0369?s=96&d=mm&r=g\",\"contentUrl\":\"https:\/\/secure.gravatar.com\/avatar\/b90085527cfd5e03250a8637fe5c0369?s=96&d=mm&r=g\",\"caption\":\"Good\"},\"sameAs\":[\"https:\/\/rsrevista.org\"],\"url\":\"https:\/\/rsrevista.org\/edicion94\/author\/good\/\"}]}<\/script>\n<!-- \/ Yoast SEO plugin. -->","yoast_head_json":{"title":"Inclusi\u00f3n y equidad, pilares para empresas m\u00e1s sostenibles - Revista RS Edici\u00f3n 94","description":"La sostenibilidad empresarial tiene otra cara y es la de la inclusi\u00f3n y la equidad. Conoce m\u00e1s de estos pilares a continuaci\u00f3n.","robots":{"index":"index","follow":"follow","max-snippet":"max-snippet:-1","max-image-preview":"max-image-preview:large","max-video-preview":"max-video-preview:-1"},"canonical":"https:\/\/rsrevista.org\/edicion94\/inclusion-y-equidad-pilares-para-empresas-mas-sostenibles-20210419\/","og_locale":"es_ES","og_type":"article","og_title":"Inclusi\u00f3n y equidad, pilares para empresas m\u00e1s sostenibles - Revista RS Edici\u00f3n 94","og_description":"La sostenibilidad empresarial tiene otra cara y es la de la inclusi\u00f3n y la equidad. Conoce m\u00e1s de estos pilares a continuaci\u00f3n.","og_url":"https:\/\/rsrevista.org\/edicion94\/inclusion-y-equidad-pilares-para-empresas-mas-sostenibles-20210419\/","og_site_name":"Revista RS Edici\u00f3n 94","article_published_time":"2021-04-19T20:28:43+00:00","article_modified_time":"2021-04-30T19:45:13+00:00","og_image":[{"width":1920,"height":1080,"url":"https:\/\/rsrevista.org\/edicion94\/wp-content\/uploads\/sites\/3\/2021\/04\/Inclusi\u00f3n-y-equidad-pilares-para-empresas-m\u00e1s-sostenibles.jpg","type":"image\/jpeg"}],"author":"Good","twitter_card":"summary_large_image","twitter_misc":{"Escrito por":"Good","Tiempo de lectura":"4 minutos"},"schema":{"@context":"https:\/\/schema.org","@graph":[{"@type":"WebPage","@id":"https:\/\/rsrevista.org\/edicion94\/inclusion-y-equidad-pilares-para-empresas-mas-sostenibles-20210419\/","url":"https:\/\/rsrevista.org\/edicion94\/inclusion-y-equidad-pilares-para-empresas-mas-sostenibles-20210419\/","name":"Inclusi\u00f3n y equidad, pilares para empresas m\u00e1s sostenibles - Revista RS Edici\u00f3n 94","isPartOf":{"@id":"https:\/\/rsrevista.org\/edicion94\/#website"},"primaryImageOfPage":{"@id":"https:\/\/rsrevista.org\/edicion94\/inclusion-y-equidad-pilares-para-empresas-mas-sostenibles-20210419\/#primaryimage"},"image":{"@id":"https:\/\/rsrevista.org\/edicion94\/inclusion-y-equidad-pilares-para-empresas-mas-sostenibles-20210419\/#primaryimage"},"thumbnailUrl":"https:\/\/rsrevista.org\/edicion94\/wp-content\/uploads\/sites\/3\/2021\/04\/Inclusi\u00f3n-y-equidad-pilares-para-empresas-m\u00e1s-sostenibles.jpg","datePublished":"2021-04-19T20:28:43+00:00","dateModified":"2021-04-30T19:45:13+00:00","author":{"@id":"https:\/\/rsrevista.org\/edicion94\/#\/schema\/person\/781e0e43b930b28f9267ae9a5dcbe3af"},"description":"La sostenibilidad empresarial tiene otra cara y es la de la inclusi\u00f3n y la equidad. Conoce m\u00e1s de estos pilares a continuaci\u00f3n.","breadcrumb":{"@id":"https:\/\/rsrevista.org\/edicion94\/inclusion-y-equidad-pilares-para-empresas-mas-sostenibles-20210419\/#breadcrumb"},"inLanguage":"es","potentialAction":[{"@type":"ReadAction","target":["https:\/\/rsrevista.org\/edicion94\/inclusion-y-equidad-pilares-para-empresas-mas-sostenibles-20210419\/"]}]},{"@type":"ImageObject","inLanguage":"es","@id":"https:\/\/rsrevista.org\/edicion94\/inclusion-y-equidad-pilares-para-empresas-mas-sostenibles-20210419\/#primaryimage","url":"https:\/\/rsrevista.org\/edicion94\/wp-content\/uploads\/sites\/3\/2021\/04\/Inclusi\u00f3n-y-equidad-pilares-para-empresas-m\u00e1s-sostenibles.jpg","contentUrl":"https:\/\/rsrevista.org\/edicion94\/wp-content\/uploads\/sites\/3\/2021\/04\/Inclusi\u00f3n-y-equidad-pilares-para-empresas-m\u00e1s-sostenibles.jpg","width":1920,"height":1080,"caption":"Equidad"},{"@type":"BreadcrumbList","@id":"https:\/\/rsrevista.org\/edicion94\/inclusion-y-equidad-pilares-para-empresas-mas-sostenibles-20210419\/#breadcrumb","itemListElement":[{"@type":"ListItem","position":1,"name":"Portada","item":"https:\/\/rsrevista.org\/edicion94\/"},{"@type":"ListItem","position":2,"name":"Inclusi\u00f3n y equidad, pilares para empresas m\u00e1s sostenibles"}]},{"@type":"WebSite","@id":"https:\/\/rsrevista.org\/edicion94\/#website","url":"https:\/\/rsrevista.org\/edicion94\/","name":"Revista RS Edici\u00f3n 94","description":"Responsabilidad social y sostenibilidad","potentialAction":[{"@type":"SearchAction","target":{"@type":"EntryPoint","urlTemplate":"https:\/\/rsrevista.org\/edicion94\/?s={search_term_string}"},"query-input":{"@type":"PropertyValueSpecification","valueRequired":true,"valueName":"search_term_string"}}],"inLanguage":"es"},{"@type":"Person","@id":"https:\/\/rsrevista.org\/edicion94\/#\/schema\/person\/781e0e43b930b28f9267ae9a5dcbe3af","name":"Good","image":{"@type":"ImageObject","inLanguage":"es","@id":"https:\/\/rsrevista.org\/edicion94\/#\/schema\/person\/image\/","url":"https:\/\/secure.gravatar.com\/avatar\/b90085527cfd5e03250a8637fe5c0369?s=96&d=mm&r=g","contentUrl":"https:\/\/secure.gravatar.com\/avatar\/b90085527cfd5e03250a8637fe5c0369?s=96&d=mm&r=g","caption":"Good"},"sameAs":["https:\/\/rsrevista.org"],"url":"https:\/\/rsrevista.org\/edicion94\/author\/good\/"}]}},"_links":{"self":[{"href":"https:\/\/rsrevista.org\/edicion94\/wp-json\/wp\/v2\/posts\/3546"}],"collection":[{"href":"https:\/\/rsrevista.org\/edicion94\/wp-json\/wp\/v2\/posts"}],"about":[{"href":"https:\/\/rsrevista.org\/edicion94\/wp-json\/wp\/v2\/types\/post"}],"author":[{"embeddable":true,"href":"https:\/\/rsrevista.org\/edicion94\/wp-json\/wp\/v2\/users\/1"}],"replies":[{"embeddable":true,"href":"https:\/\/rsrevista.org\/edicion94\/wp-json\/wp\/v2\/comments?post=3546"}],"version-history":[{"count":18,"href":"https:\/\/rsrevista.org\/edicion94\/wp-json\/wp\/v2\/posts\/3546\/revisions"}],"predecessor-version":[{"id":4433,"href":"https:\/\/rsrevista.org\/edicion94\/wp-json\/wp\/v2\/posts\/3546\/revisions\/4433"}],"wp:featuredmedia":[{"embeddable":true,"href":"https:\/\/rsrevista.org\/edicion94\/wp-json\/wp\/v2\/media\/4219"}],"wp:attachment":[{"href":"https:\/\/rsrevista.org\/edicion94\/wp-json\/wp\/v2\/media?parent=3546"}],"wp:term":[{"taxonomy":"category","embeddable":true,"href":"https:\/\/rsrevista.org\/edicion94\/wp-json\/wp\/v2\/categories?post=3546"},{"taxonomy":"post_tag","embeddable":true,"href":"https:\/\/rsrevista.org\/edicion94\/wp-json\/wp\/v2\/tags?post=3546"}],"curies":[{"name":"wp","href":"https:\/\/api.w.org\/{rel}","templated":true}]}}