{"id":3545,"date":"2021-04-19T20:21:00","date_gmt":"2021-04-19T20:21:00","guid":{"rendered":"https:\/\/rsrevista.org\/edicion94\/?p=3545"},"modified":"2021-04-30T00:33:34","modified_gmt":"2021-04-30T00:33:34","slug":"inclusion-y-equidad-un-enfoque-sostenible-para-las-companias","status":"publish","type":"post","link":"https:\/\/rsrevista.org\/edicion94\/inclusion-y-equidad-un-enfoque-sostenible-para-las-companias-20210419\/","title":{"rendered":"Inclusi\u00f3n y equidad: un enfoque sostenible para las compa\u00f1\u00edas"},"content":{"rendered":"\n<div class=\"wp-block-columns profile-box is-layout-flex wp-container-core-columns-is-layout-1 wp-block-columns-is-layout-flex\">\n<div class=\"wp-block-column profile-box-left is-layout-flow wp-block-column-is-layout-flow\" style=\"flex-basis:20%\">\n<div style=\"height:44px\" aria-hidden=\"true\" class=\"wp-block-spacer\"><\/div>\n\n\n\n<figure class=\"wp-block-image size-large\"><img loading=\"lazy\" decoding=\"async\" width=\"500\" height=\"500\" src=\"https:\/\/rsrevista.org\/edicion94\/wp-content\/uploads\/sites\/3\/2021\/04\/1-paola_giraldo.jpg\" alt=\"\" class=\"wp-image-4031\" srcset=\"https:\/\/rsrevista.org\/edicion94\/wp-content\/uploads\/sites\/3\/2021\/04\/1-paola_giraldo.jpg 500w, https:\/\/rsrevista.org\/edicion94\/wp-content\/uploads\/sites\/3\/2021\/04\/1-paola_giraldo-300x300.jpg 300w, https:\/\/rsrevista.org\/edicion94\/wp-content\/uploads\/sites\/3\/2021\/04\/1-paola_giraldo-150x150.jpg 150w\" sizes=\"(max-width: 500px) 100vw, 500px\" \/><\/figure>\n\n\n\n<p><\/p>\n<\/div>\n\n\n\n<div class=\"wp-block-column profile-box-right is-layout-flow wp-block-column-is-layout-flow\">\n<h5 class=\"wp-block-heading\"><strong>Por: <\/strong>Paola Giraldo, Ex Gerente de Recursos Humanos Grupo Viva Air &#8211; Colombia<\/h5>\n\n\n\n<p>Ingeniera Administradora, Especialista en Gerencia del Talento Humano, cuenta con m\u00e1s de 15 a\u00f1os de experiencia en procesos de Gesti\u00f3n Humana y administrativos, relacionados con el aprendizaje y Cultura Organizacional alineados con la estrategia corporativa de las empresas. Ex Gerente de Recursos Humanos Grupo Viva Air.<\/p>\n<\/div>\n<\/div>\n\n\n<p>No es una novedad hablar del talento humano dentro de las compa\u00f1\u00edas. En cualquier industria, el sentido de las pr\u00e1cticas sostenibles en el ambiente de trabajo es una estrategia relevante desde los procesos humanos. Las pr\u00e1cticas laborales sostenibles no son solo una tendencia, llegaron para quedarse, ya que promueven un mejor clima organizacional, aportan a la motivaci\u00f3n laboral, incentivan el desarrollo de nuevas ideas y garantizan la permanencia del talento; pero lo m\u00e1s importante es que hoy no hablamos \u00fanicamente de pr\u00e1cticas laborales para el colaborador, hablamos de la gesti\u00f3n humana como un puente para la igualdad del mismo en nuestras compa\u00f1\u00edas, y de la forma en la que generan valor y continuidad del negocio.<\/p>\n<p class=\"eut-dropcap\">Es este un elemento sustancial del que ninguna organizaci\u00f3n puede desligarse. Hoy por hoy la gesti\u00f3n del talento humano tambi\u00e9n debe encontrar la forma de aportar al desarrollo sostenible, desde la implementaci\u00f3n de programas de inclusi\u00f3n, pasando por la equidad de g\u00e9nero, hasta llegar a reducir las desigualdades en el \u00e1mbito laboral.<\/p>\n\n\n<div class=\"wp-block-columns is-layout-flex wp-container-core-columns-is-layout-2 wp-block-columns-is-layout-flex\">\n<div class=\"wp-block-column is-layout-flow wp-block-column-is-layout-flow\">\n<p>Es este un elemento sustancial del que ninguna organizaci\u00f3n puede desligarse. Hoy por hoy la gesti\u00f3n del talento humano tambi\u00e9n debe encontrar la forma de aportar al desarrollo sostenible, desde la implementaci\u00f3n de programas de inclusi\u00f3n, pasando por la equidad de g\u00e9nero, hasta llegar a reducir las desigualdades en el \u00e1mbito laboral.<\/p>\n<\/div>\n\n\n\n<div class=\"wp-block-column is-layout-flow wp-block-column-is-layout-flow\">\n<blockquote class=\"wp-block-quote is-layout-flow wp-block-quote-is-layout-flow\"><p>La gesti\u00f3n del talento humano tambi\u00e9n debe encontrar la forma de aportar al desarrollo sostenible.<\/p><\/blockquote>\n<\/div>\n<\/div>\n\n\n<p>Es importante revisar de forma continua estrategias que le apunten a mejorar la calidad de vida y brindar m\u00e1s opciones de desarrollo para las personas que hacen parte de las organizaciones, pues el colaborador no solo debe sentirse como parte de la empresa, tambi\u00e9n debe entender que su valor y aporte es igual de relevante sin importar su cargo, sus gustos, sus pensamientos, su g\u00e9nero o sus creencias.<\/p>\n<p class=\"eut-dropcap\">En ese sentido, y especialmente desde el mundo de la aviaci\u00f3n, se trabaja en marcar los pasos hacia el desarrollo de pr\u00e1cticas laborales con enfoques sostenibles, \u00bfde qu\u00e9 manera? Teniendo como centro la cultura organizacional; es indispensable movilizarla, ya que es el eje que permite alinear el prop\u00f3sito de la compa\u00f1\u00eda con el coraz\u00f3n de cada colaborador. Adem\u00e1s, es elemental la promoci\u00f3n del estilo de liderazgo enmarcado en la cercan\u00eda, el respeto, los mecanismos de retroalimentaci\u00f3n y las diversas v\u00edas de comunicaci\u00f3n que permitan igualar las condiciones de relacionamiento con cada persona. Solo desde las relaciones humanas es posible generar cambios importantes en la manera como abanderamos la inclusi\u00f3n.<\/p>\n<p>La gesti\u00f3n del talento humano responsable va m\u00e1s all\u00e1 de lo que reconocemos como Responsabilidad Social Empresarial. Es contundente e indiscutible que hablar de la equidad de g\u00e9nero tambi\u00e9n permite pr\u00e1cticas sostenibles en el talento humano. Este cap\u00edtulo, por el que tanto se ha luchado, es uno de los que m\u00e1s debe reconocerse en la organizaci\u00f3n. En Viva, la equidad de g\u00e9nero es uno de sus cap\u00edtulos m\u00e1s importantes y, tanto hombres como mujeres, son reconocidos con las mismas capacidades, oportunidades profesionales y posibilidades de crecimiento, desarrollo y participaci\u00f3n.<\/p>\n<p class=\"eut-dropcap\">Para ilustrar, en Viva Air nos enfocamos en las buenas ideas, el profesionalismo, las competencias, y, en general, construimos un equipo de trabajo con los mejores en su campo, independientemente de su g\u00e9nero. El equipo, tanto en Colombia como en Per\u00fa, rompe paradigmas en una industria hist\u00f3ricamente tan masculina, al tener el 43% de sus colaboradores mujeres como pilotos, copilotos, auxiliares de vuelo y personal administrativo.<\/p>\n<p>De all\u00ed que no solo se trate de fomentar pr\u00e1cticas laborales que aporten a la <a href=\"https:\/\/centrors.org\/tag\/sostenibilidad\/\">sostenibilidad<\/a> de la empresa, tambi\u00e9n se debe generar compromiso entre los colaboradores y redes de equipos para velar por la inclusi\u00f3n y la igualdad de g\u00e9nero. Esto es posible al promover espacios de confianza que reconocen la autonom\u00eda y las capacidades de hombres y mujeres .<\/p>\n<p>Es as\u00ed como en esta actualidad, pensar la <a href=\"https:\/\/rsrevista.org\/edicion94\/la-gestion-humana-de-cara-a-la-sostenibilidad-coherencia-consistencia-y-valores-20210420\/\">gesti\u00f3n humana para la sostenibilidad<\/a> es pensarnos como marca empleadora aspiracional para el mercado; desde la contribuci\u00f3n que lideremos para ser m\u00e1s inclusivos, equitativos e igualitarios. No solo basta con contribuir a un buen clima organizacional que genera experiencias \u00fanicas a nuestro trabajador, se trata tambi\u00e9n de hacer que sus capacidades se reconozcan en su equipo de trabajo, en una compa\u00f1\u00eda que entiende la importancia del colaborador para cumplir los sue\u00f1os de todo un equipo que vuela al mismo ritmo.<\/p>","protected":false},"excerpt":{"rendered":"<p><strong>Por<\/strong>: Paola Giraldo, Ex Gerente de Recursos Humanos Grupo Viva Air &#8211; Colombia<\/p>\n","protected":false},"author":1,"featured_media":4278,"comment_status":"open","ping_status":"open","sticky":false,"template":"","format":"standard","meta":{"footnotes":""},"categories":[29],"tags":[],"class_list":["post-3545","post","type-post","status-publish","format-standard","has-post-thumbnail","hentry","category-tema-central"],"yoast_head":"<!-- This site is optimized with the Yoast SEO plugin v23.9 - https:\/\/yoast.com\/wordpress\/plugins\/seo\/ -->\n<title>Inclusi\u00f3n y equidad: un enfoque sostenible para las compa\u00f1\u00edas - Revista RS Edici\u00f3n 94<\/title>\n<meta name=\"description\" content=\"El talento humano debe aportar a lo sostenible, desde la implementaci\u00f3n de programas de inclusi\u00f3n hasta reducir las desigualdades en el \u00e1mbito laboral.\" \/>\n<meta name=\"robots\" content=\"index, follow, max-snippet:-1, max-image-preview:large, max-video-preview:-1\" \/>\n<link rel=\"canonical\" href=\"https:\/\/rsrevista.org\/edicion94\/inclusion-y-equidad-un-enfoque-sostenible-para-las-companias-20210419\/\" \/>\n<meta property=\"og:locale\" content=\"es_ES\" \/>\n<meta property=\"og:type\" content=\"article\" \/>\n<meta property=\"og:title\" content=\"Inclusi\u00f3n y equidad: un enfoque sostenible para las compa\u00f1\u00edas - Revista RS Edici\u00f3n 94\" \/>\n<meta property=\"og:description\" content=\"El talento humano debe aportar a lo sostenible, desde la implementaci\u00f3n de programas de inclusi\u00f3n hasta reducir las desigualdades en el \u00e1mbito laboral.\" \/>\n<meta property=\"og:url\" content=\"https:\/\/rsrevista.org\/edicion94\/inclusion-y-equidad-un-enfoque-sostenible-para-las-companias-20210419\/\" \/>\n<meta property=\"og:site_name\" content=\"Revista RS Edici\u00f3n 94\" \/>\n<meta property=\"article:published_time\" content=\"2021-04-19T20:21:00+00:00\" \/>\n<meta property=\"article:modified_time\" content=\"2021-04-30T00:33:34+00:00\" \/>\n<meta property=\"og:image\" content=\"https:\/\/rsrevista.org\/edicion94\/wp-content\/uploads\/sites\/3\/2021\/04\/INCLUSI\u00d3N-Y-EQUIDAD.jpg\" \/>\n\t<meta property=\"og:image:width\" content=\"1920\" \/>\n\t<meta property=\"og:image:height\" content=\"1080\" \/>\n\t<meta property=\"og:image:type\" content=\"image\/jpeg\" \/>\n<meta name=\"author\" content=\"Good\" \/>\n<meta name=\"twitter:card\" content=\"summary_large_image\" \/>\n<meta name=\"twitter:label1\" content=\"Escrito por\" \/>\n\t<meta name=\"twitter:data1\" content=\"Good\" \/>\n\t<meta name=\"twitter:label2\" content=\"Tiempo de lectura\" \/>\n\t<meta name=\"twitter:data2\" content=\"4 minutos\" \/>\n<script type=\"application\/ld+json\" class=\"yoast-schema-graph\">{\"@context\":\"https:\/\/schema.org\",\"@graph\":[{\"@type\":\"WebPage\",\"@id\":\"https:\/\/rsrevista.org\/edicion94\/inclusion-y-equidad-un-enfoque-sostenible-para-las-companias-20210419\/\",\"url\":\"https:\/\/rsrevista.org\/edicion94\/inclusion-y-equidad-un-enfoque-sostenible-para-las-companias-20210419\/\",\"name\":\"Inclusi\u00f3n y equidad: un enfoque sostenible para las compa\u00f1\u00edas - Revista RS Edici\u00f3n 94\",\"isPartOf\":{\"@id\":\"https:\/\/rsrevista.org\/edicion94\/#website\"},\"primaryImageOfPage\":{\"@id\":\"https:\/\/rsrevista.org\/edicion94\/inclusion-y-equidad-un-enfoque-sostenible-para-las-companias-20210419\/#primaryimage\"},\"image\":{\"@id\":\"https:\/\/rsrevista.org\/edicion94\/inclusion-y-equidad-un-enfoque-sostenible-para-las-companias-20210419\/#primaryimage\"},\"thumbnailUrl\":\"https:\/\/rsrevista.org\/edicion94\/wp-content\/uploads\/sites\/3\/2021\/04\/INCLUSI\u00d3N-Y-EQUIDAD.jpg\",\"datePublished\":\"2021-04-19T20:21:00+00:00\",\"dateModified\":\"2021-04-30T00:33:34+00:00\",\"author\":{\"@id\":\"https:\/\/rsrevista.org\/edicion94\/#\/schema\/person\/781e0e43b930b28f9267ae9a5dcbe3af\"},\"description\":\"El talento humano debe aportar a lo sostenible, desde la implementaci\u00f3n de programas de inclusi\u00f3n hasta reducir las desigualdades en el \u00e1mbito laboral.\",\"breadcrumb\":{\"@id\":\"https:\/\/rsrevista.org\/edicion94\/inclusion-y-equidad-un-enfoque-sostenible-para-las-companias-20210419\/#breadcrumb\"},\"inLanguage\":\"es\",\"potentialAction\":[{\"@type\":\"ReadAction\",\"target\":[\"https:\/\/rsrevista.org\/edicion94\/inclusion-y-equidad-un-enfoque-sostenible-para-las-companias-20210419\/\"]}]},{\"@type\":\"ImageObject\",\"inLanguage\":\"es\",\"@id\":\"https:\/\/rsrevista.org\/edicion94\/inclusion-y-equidad-un-enfoque-sostenible-para-las-companias-20210419\/#primaryimage\",\"url\":\"https:\/\/rsrevista.org\/edicion94\/wp-content\/uploads\/sites\/3\/2021\/04\/INCLUSI\u00d3N-Y-EQUIDAD.jpg\",\"contentUrl\":\"https:\/\/rsrevista.org\/edicion94\/wp-content\/uploads\/sites\/3\/2021\/04\/INCLUSI\u00d3N-Y-EQUIDAD.jpg\",\"width\":1920,\"height\":1080},{\"@type\":\"BreadcrumbList\",\"@id\":\"https:\/\/rsrevista.org\/edicion94\/inclusion-y-equidad-un-enfoque-sostenible-para-las-companias-20210419\/#breadcrumb\",\"itemListElement\":[{\"@type\":\"ListItem\",\"position\":1,\"name\":\"Portada\",\"item\":\"https:\/\/rsrevista.org\/edicion94\/\"},{\"@type\":\"ListItem\",\"position\":2,\"name\":\"Inclusi\u00f3n y equidad: un enfoque sostenible para las compa\u00f1\u00edas\"}]},{\"@type\":\"WebSite\",\"@id\":\"https:\/\/rsrevista.org\/edicion94\/#website\",\"url\":\"https:\/\/rsrevista.org\/edicion94\/\",\"name\":\"Revista RS Edici\u00f3n 94\",\"description\":\"Responsabilidad social y sostenibilidad\",\"potentialAction\":[{\"@type\":\"SearchAction\",\"target\":{\"@type\":\"EntryPoint\",\"urlTemplate\":\"https:\/\/rsrevista.org\/edicion94\/?s={search_term_string}\"},\"query-input\":{\"@type\":\"PropertyValueSpecification\",\"valueRequired\":true,\"valueName\":\"search_term_string\"}}],\"inLanguage\":\"es\"},{\"@type\":\"Person\",\"@id\":\"https:\/\/rsrevista.org\/edicion94\/#\/schema\/person\/781e0e43b930b28f9267ae9a5dcbe3af\",\"name\":\"Good\",\"image\":{\"@type\":\"ImageObject\",\"inLanguage\":\"es\",\"@id\":\"https:\/\/rsrevista.org\/edicion94\/#\/schema\/person\/image\/\",\"url\":\"https:\/\/secure.gravatar.com\/avatar\/b90085527cfd5e03250a8637fe5c0369?s=96&d=mm&r=g\",\"contentUrl\":\"https:\/\/secure.gravatar.com\/avatar\/b90085527cfd5e03250a8637fe5c0369?s=96&d=mm&r=g\",\"caption\":\"Good\"},\"sameAs\":[\"https:\/\/rsrevista.org\"],\"url\":\"https:\/\/rsrevista.org\/edicion94\/author\/good\/\"}]}<\/script>\n<!-- \/ Yoast SEO plugin. -->","yoast_head_json":{"title":"Inclusi\u00f3n y equidad: un enfoque sostenible para las compa\u00f1\u00edas - Revista RS Edici\u00f3n 94","description":"El talento humano debe aportar a lo sostenible, desde la implementaci\u00f3n de programas de inclusi\u00f3n hasta reducir las desigualdades en el \u00e1mbito laboral.","robots":{"index":"index","follow":"follow","max-snippet":"max-snippet:-1","max-image-preview":"max-image-preview:large","max-video-preview":"max-video-preview:-1"},"canonical":"https:\/\/rsrevista.org\/edicion94\/inclusion-y-equidad-un-enfoque-sostenible-para-las-companias-20210419\/","og_locale":"es_ES","og_type":"article","og_title":"Inclusi\u00f3n y equidad: un enfoque sostenible para las compa\u00f1\u00edas - Revista RS Edici\u00f3n 94","og_description":"El talento humano debe aportar a lo sostenible, desde la implementaci\u00f3n de programas de inclusi\u00f3n hasta reducir las desigualdades en el \u00e1mbito laboral.","og_url":"https:\/\/rsrevista.org\/edicion94\/inclusion-y-equidad-un-enfoque-sostenible-para-las-companias-20210419\/","og_site_name":"Revista RS Edici\u00f3n 94","article_published_time":"2021-04-19T20:21:00+00:00","article_modified_time":"2021-04-30T00:33:34+00:00","og_image":[{"width":1920,"height":1080,"url":"https:\/\/rsrevista.org\/edicion94\/wp-content\/uploads\/sites\/3\/2021\/04\/INCLUSI\u00d3N-Y-EQUIDAD.jpg","type":"image\/jpeg"}],"author":"Good","twitter_card":"summary_large_image","twitter_misc":{"Escrito por":"Good","Tiempo de lectura":"4 minutos"},"schema":{"@context":"https:\/\/schema.org","@graph":[{"@type":"WebPage","@id":"https:\/\/rsrevista.org\/edicion94\/inclusion-y-equidad-un-enfoque-sostenible-para-las-companias-20210419\/","url":"https:\/\/rsrevista.org\/edicion94\/inclusion-y-equidad-un-enfoque-sostenible-para-las-companias-20210419\/","name":"Inclusi\u00f3n y equidad: un enfoque sostenible para las compa\u00f1\u00edas - Revista RS Edici\u00f3n 94","isPartOf":{"@id":"https:\/\/rsrevista.org\/edicion94\/#website"},"primaryImageOfPage":{"@id":"https:\/\/rsrevista.org\/edicion94\/inclusion-y-equidad-un-enfoque-sostenible-para-las-companias-20210419\/#primaryimage"},"image":{"@id":"https:\/\/rsrevista.org\/edicion94\/inclusion-y-equidad-un-enfoque-sostenible-para-las-companias-20210419\/#primaryimage"},"thumbnailUrl":"https:\/\/rsrevista.org\/edicion94\/wp-content\/uploads\/sites\/3\/2021\/04\/INCLUSI\u00d3N-Y-EQUIDAD.jpg","datePublished":"2021-04-19T20:21:00+00:00","dateModified":"2021-04-30T00:33:34+00:00","author":{"@id":"https:\/\/rsrevista.org\/edicion94\/#\/schema\/person\/781e0e43b930b28f9267ae9a5dcbe3af"},"description":"El talento humano debe aportar a lo sostenible, desde la implementaci\u00f3n de programas de inclusi\u00f3n hasta reducir las desigualdades en el \u00e1mbito laboral.","breadcrumb":{"@id":"https:\/\/rsrevista.org\/edicion94\/inclusion-y-equidad-un-enfoque-sostenible-para-las-companias-20210419\/#breadcrumb"},"inLanguage":"es","potentialAction":[{"@type":"ReadAction","target":["https:\/\/rsrevista.org\/edicion94\/inclusion-y-equidad-un-enfoque-sostenible-para-las-companias-20210419\/"]}]},{"@type":"ImageObject","inLanguage":"es","@id":"https:\/\/rsrevista.org\/edicion94\/inclusion-y-equidad-un-enfoque-sostenible-para-las-companias-20210419\/#primaryimage","url":"https:\/\/rsrevista.org\/edicion94\/wp-content\/uploads\/sites\/3\/2021\/04\/INCLUSI\u00d3N-Y-EQUIDAD.jpg","contentUrl":"https:\/\/rsrevista.org\/edicion94\/wp-content\/uploads\/sites\/3\/2021\/04\/INCLUSI\u00d3N-Y-EQUIDAD.jpg","width":1920,"height":1080},{"@type":"BreadcrumbList","@id":"https:\/\/rsrevista.org\/edicion94\/inclusion-y-equidad-un-enfoque-sostenible-para-las-companias-20210419\/#breadcrumb","itemListElement":[{"@type":"ListItem","position":1,"name":"Portada","item":"https:\/\/rsrevista.org\/edicion94\/"},{"@type":"ListItem","position":2,"name":"Inclusi\u00f3n y equidad: un enfoque sostenible para las compa\u00f1\u00edas"}]},{"@type":"WebSite","@id":"https:\/\/rsrevista.org\/edicion94\/#website","url":"https:\/\/rsrevista.org\/edicion94\/","name":"Revista RS Edici\u00f3n 94","description":"Responsabilidad social y sostenibilidad","potentialAction":[{"@type":"SearchAction","target":{"@type":"EntryPoint","urlTemplate":"https:\/\/rsrevista.org\/edicion94\/?s={search_term_string}"},"query-input":{"@type":"PropertyValueSpecification","valueRequired":true,"valueName":"search_term_string"}}],"inLanguage":"es"},{"@type":"Person","@id":"https:\/\/rsrevista.org\/edicion94\/#\/schema\/person\/781e0e43b930b28f9267ae9a5dcbe3af","name":"Good","image":{"@type":"ImageObject","inLanguage":"es","@id":"https:\/\/rsrevista.org\/edicion94\/#\/schema\/person\/image\/","url":"https:\/\/secure.gravatar.com\/avatar\/b90085527cfd5e03250a8637fe5c0369?s=96&d=mm&r=g","contentUrl":"https:\/\/secure.gravatar.com\/avatar\/b90085527cfd5e03250a8637fe5c0369?s=96&d=mm&r=g","caption":"Good"},"sameAs":["https:\/\/rsrevista.org"],"url":"https:\/\/rsrevista.org\/edicion94\/author\/good\/"}]}},"_links":{"self":[{"href":"https:\/\/rsrevista.org\/edicion94\/wp-json\/wp\/v2\/posts\/3545"}],"collection":[{"href":"https:\/\/rsrevista.org\/edicion94\/wp-json\/wp\/v2\/posts"}],"about":[{"href":"https:\/\/rsrevista.org\/edicion94\/wp-json\/wp\/v2\/types\/post"}],"author":[{"embeddable":true,"href":"https:\/\/rsrevista.org\/edicion94\/wp-json\/wp\/v2\/users\/1"}],"replies":[{"embeddable":true,"href":"https:\/\/rsrevista.org\/edicion94\/wp-json\/wp\/v2\/comments?post=3545"}],"version-history":[{"count":24,"href":"https:\/\/rsrevista.org\/edicion94\/wp-json\/wp\/v2\/posts\/3545\/revisions"}],"predecessor-version":[{"id":4559,"href":"https:\/\/rsrevista.org\/edicion94\/wp-json\/wp\/v2\/posts\/3545\/revisions\/4559"}],"wp:featuredmedia":[{"embeddable":true,"href":"https:\/\/rsrevista.org\/edicion94\/wp-json\/wp\/v2\/media\/4278"}],"wp:attachment":[{"href":"https:\/\/rsrevista.org\/edicion94\/wp-json\/wp\/v2\/media?parent=3545"}],"wp:term":[{"taxonomy":"category","embeddable":true,"href":"https:\/\/rsrevista.org\/edicion94\/wp-json\/wp\/v2\/categories?post=3545"},{"taxonomy":"post_tag","embeddable":true,"href":"https:\/\/rsrevista.org\/edicion94\/wp-json\/wp\/v2\/tags?post=3545"}],"curies":[{"name":"wp","href":"https:\/\/api.w.org\/{rel}","templated":true}]}}