{"id":3528,"date":"2020-10-17T14:01:37","date_gmt":"2020-10-17T14:01:37","guid":{"rendered":"https:\/\/rsrevista.org\/edicion93\/?p=3528"},"modified":"2020-11-02T22:00:23","modified_gmt":"2020-11-02T22:00:23","slug":"la-responsabilidad-de-la-comunicacion-veraz-y-confiable","status":"publish","type":"post","link":"https:\/\/rsrevista.org\/edicion93\/la-responsabilidad-de-la-comunicacion-veraz-y-confiable-20201017\/","title":{"rendered":"Personaje"},"content":{"rendered":"\n<div class=\"wp-block-group profile-box-without-image\"><div class=\"wp-block-group__inner-container is-layout-flow wp-block-group-is-layout-flow\">\n<h5 class=\"wp-block-heading\">Juan Eduardo Jaramillo Noguera<\/h5>\n\n\n\n<p>Reconocido periodista vallecaucano, presentador de noticias, catedr\u00e1tico, y conocido por ser la imagen principal del informativo Noticias RCN en Colombia. Es considerado como uno de los periodistas de mayor credibilidad en el pa\u00eds; quien a su vez ha sido galardonado y nominado como el mejor presentador y periodista de noticias en diferentes premios nacionales.<\/p>\n<\/div><\/div>\n\n\n<h6><b>\u00bfC\u00f3mo concibe la responsabilidad social en su vida?<\/b><\/h6>\n<p><span style=\"font-weight: 400;\">Hace parte de todo el trabajo de quienes nos dedicamos al periodismo, a la reportar\u00eda, y a la comunicaci\u00f3n social hoy en d\u00eda.\u00a0<\/span><\/p>\n<p><span style=\"font-weight: 400;\">La responsabilidad social ha tomado fuerza, por eso\u00a0 yo le he dicho a mis alumnos a quienes he dictado clase, que el solo hecho de ser periodista ya es una responsabilidad, pero si lo ampliamos a un entorno m\u00e1s amplio es la oportunidad perfecta para informar de manera veraz a los consumidores de los medios masivos de comunicaci\u00f3n.<\/span><\/p>\n<h6><b>\u00bfCu\u00e1l cree que ha sido uno de los avances m\u00e1s importantes en Colombia frente a la sostenibilidad?<\/b><\/h6>\n<p><span style=\"font-weight: 400;\">Los avances en temas sobre medio ambiente son muy notorios, porque lejos de que sea una moda, si a este tema no le ponemos atenci\u00f3n vamos a terminar muy mal.Creo que las personas somos conscientes de esto y de su importancia; motivo por el cual el\u00a0 tema ha avanzado mucho y en especial se nota un cambio de h\u00e1bitos en los j\u00f3venes, puesto que cada generaci\u00f3n que llega y cada generaci\u00f3n que nace tiene ese<\/span><i><span style=\"font-weight: 400;\"> chip<\/span><\/i><span style=\"font-weight: 400;\"> de recuperar y preocuparse por el medio ambiente, y\u00a0 as\u00ed no conozcan mucho sobre el tema trabajan con mucho esfuerzo para lograr resultados positivos.<\/span><\/p>\n<blockquote>\n<p style=\"text-align: center;\"><em><span style=\"font-weight: 400;\">Hay una gran conciencia sobre el tema, lo cual me agrada mucho<\/span><\/em><\/p>\n<\/blockquote>\n<h6><b>\u00bfQu\u00e9 falencias ha encontrado en las estrategias promovidas por l\u00edderes, frente a temas de responsabilidad social?<\/b><\/h6>\n<p><span style=\"font-weight: 400;\">Todos conocemos l\u00edderes pol\u00edticos en el mundo a quienes el tema del medio ambiente y de la sostenibilidad en general no les importa, les falta mucha conciencia para poder generar cambios y resultados positivos.<\/span><\/p>\n<h6><b>\u00bfQu\u00e9 invitaci\u00f3n le hace a los l\u00edderes empresariales y a los ciudadanos para que aporten a la sostenibilidad del mundo?<\/b><\/h6>\n<p><span style=\"font-weight: 400;\">El llamado es a que todos, independiente de si somos l\u00edderes empresariales, pol\u00edticos, millonarios, personas exitosas, comunicadores sociales, etc;\u00a0 aportemos con nuestros actos a la responsabilidad social y a promover la sostenibilidad.<\/span><\/p>\n<p><span style=\"font-weight: 400;\">Hago una invitaci\u00f3n especial a los pol\u00edticos, a aquellos que lideran pa\u00edses y les importa muy poco la \u201cresponsabilidad social\u201d para que tomen conciencia de la importancia de este tema, el cual traer\u00e1 un mejor futuro para todos.<\/span><\/p>","protected":false},"excerpt":{"rendered":"<p>Juan Eduardo Jaramillo Noguera Reconocido periodista vallecaucano, presentador de noticias, catedr\u00e1tico, y conocido por ser la imagen principal del informativo Noticias RCN en Colombia. Es considerado como uno de los periodistas de mayor credibilidad en el pa\u00eds; quien a su vez ha sido galardonado y nominado como el mejor presentador y periodista de noticias en [&hellip;]<\/p>\n","protected":false},"author":1,"featured_media":3863,"comment_status":"open","ping_status":"open","sticky":false,"template":"","format":"standard","meta":{"footnotes":""},"categories":[37],"tags":[],"class_list":["post-3528","post","type-post","status-publish","format-standard","has-post-thumbnail","hentry","category-personaje"],"yoast_head":"<!-- This site is optimized with the Yoast SEO plugin v23.9 - https:\/\/yoast.com\/wordpress\/plugins\/seo\/ -->\n<title>Personaje - Revista RS Edici\u00f3n 93<\/title>\n<meta name=\"robots\" content=\"index, follow, max-snippet:-1, max-image-preview:large, max-video-preview:-1\" \/>\n<link rel=\"canonical\" href=\"https:\/\/rsrevista.org\/edicion93\/la-responsabilidad-de-la-comunicacion-veraz-y-confiable-20201017\/\" \/>\n<meta property=\"og:locale\" content=\"es_ES\" \/>\n<meta property=\"og:type\" content=\"article\" \/>\n<meta property=\"og:title\" content=\"Personaje - Revista RS Edici\u00f3n 93\" \/>\n<meta property=\"og:description\" content=\"Juan Eduardo Jaramillo Noguera Reconocido periodista vallecaucano, presentador de noticias, catedr\u00e1tico, y conocido por ser la imagen principal del informativo Noticias RCN en Colombia. Es considerado como uno de los periodistas de mayor credibilidad en el pa\u00eds; quien a su vez ha sido galardonado y nominado como el mejor presentador y periodista de noticias en [&hellip;]\" \/>\n<meta property=\"og:url\" content=\"https:\/\/rsrevista.org\/edicion93\/la-responsabilidad-de-la-comunicacion-veraz-y-confiable-20201017\/\" \/>\n<meta property=\"og:site_name\" content=\"Revista RS Edici\u00f3n 93\" \/>\n<meta property=\"article:published_time\" content=\"2020-10-17T14:01:37+00:00\" \/>\n<meta property=\"article:modified_time\" content=\"2020-11-02T22:00:23+00:00\" \/>\n<meta property=\"og:image\" content=\"https:\/\/rsrevista.org\/edicion93\/wp-content\/uploads\/sites\/2\/2020\/10\/PERSONAJE-93.png\" \/>\n\t<meta property=\"og:image:width\" content=\"1920\" \/>\n\t<meta property=\"og:image:height\" content=\"1080\" \/>\n\t<meta property=\"og:image:type\" content=\"image\/png\" \/>\n<meta name=\"author\" content=\"Good\" \/>\n<meta name=\"twitter:card\" content=\"summary_large_image\" \/>\n<meta name=\"twitter:label1\" content=\"Escrito por\" \/>\n\t<meta name=\"twitter:data1\" content=\"Good\" \/>\n\t<meta name=\"twitter:label2\" content=\"Tiempo de lectura\" \/>\n\t<meta name=\"twitter:data2\" content=\"2 minutos\" \/>\n<script type=\"application\/ld+json\" class=\"yoast-schema-graph\">{\"@context\":\"https:\/\/schema.org\",\"@graph\":[{\"@type\":\"WebPage\",\"@id\":\"https:\/\/rsrevista.org\/edicion93\/la-responsabilidad-de-la-comunicacion-veraz-y-confiable-20201017\/\",\"url\":\"https:\/\/rsrevista.org\/edicion93\/la-responsabilidad-de-la-comunicacion-veraz-y-confiable-20201017\/\",\"name\":\"Personaje - Revista RS Edici\u00f3n 93\",\"isPartOf\":{\"@id\":\"https:\/\/rsrevista.org\/edicion93\/#website\"},\"primaryImageOfPage\":{\"@id\":\"https:\/\/rsrevista.org\/edicion93\/la-responsabilidad-de-la-comunicacion-veraz-y-confiable-20201017\/#primaryimage\"},\"image\":{\"@id\":\"https:\/\/rsrevista.org\/edicion93\/la-responsabilidad-de-la-comunicacion-veraz-y-confiable-20201017\/#primaryimage\"},\"thumbnailUrl\":\"https:\/\/rsrevista.org\/edicion93\/wp-content\/uploads\/sites\/2\/2020\/10\/PERSONAJE-93.png\",\"datePublished\":\"2020-10-17T14:01:37+00:00\",\"dateModified\":\"2020-11-02T22:00:23+00:00\",\"author\":{\"@id\":\"https:\/\/rsrevista.org\/edicion93\/#\/schema\/person\/781e0e43b930b28f9267ae9a5dcbe3af\"},\"breadcrumb\":{\"@id\":\"https:\/\/rsrevista.org\/edicion93\/la-responsabilidad-de-la-comunicacion-veraz-y-confiable-20201017\/#breadcrumb\"},\"inLanguage\":\"es\",\"potentialAction\":[{\"@type\":\"ReadAction\",\"target\":[\"https:\/\/rsrevista.org\/edicion93\/la-responsabilidad-de-la-comunicacion-veraz-y-confiable-20201017\/\"]}]},{\"@type\":\"ImageObject\",\"inLanguage\":\"es\",\"@id\":\"https:\/\/rsrevista.org\/edicion93\/la-responsabilidad-de-la-comunicacion-veraz-y-confiable-20201017\/#primaryimage\",\"url\":\"https:\/\/rsrevista.org\/edicion93\/wp-content\/uploads\/sites\/2\/2020\/10\/PERSONAJE-93.png\",\"contentUrl\":\"https:\/\/rsrevista.org\/edicion93\/wp-content\/uploads\/sites\/2\/2020\/10\/PERSONAJE-93.png\",\"width\":1920,\"height\":1080},{\"@type\":\"BreadcrumbList\",\"@id\":\"https:\/\/rsrevista.org\/edicion93\/la-responsabilidad-de-la-comunicacion-veraz-y-confiable-20201017\/#breadcrumb\",\"itemListElement\":[{\"@type\":\"ListItem\",\"position\":1,\"name\":\"Portada\",\"item\":\"https:\/\/rsrevista.org\/edicion93\/\"},{\"@type\":\"ListItem\",\"position\":2,\"name\":\"Personaje\"}]},{\"@type\":\"WebSite\",\"@id\":\"https:\/\/rsrevista.org\/edicion93\/#website\",\"url\":\"https:\/\/rsrevista.org\/edicion93\/\",\"name\":\"Revista RS Edici\u00f3n 93\",\"description\":\"Responsabilidad social y sostenibilidad\",\"potentialAction\":[{\"@type\":\"SearchAction\",\"target\":{\"@type\":\"EntryPoint\",\"urlTemplate\":\"https:\/\/rsrevista.org\/edicion93\/?s={search_term_string}\"},\"query-input\":{\"@type\":\"PropertyValueSpecification\",\"valueRequired\":true,\"valueName\":\"search_term_string\"}}],\"inLanguage\":\"es\"},{\"@type\":\"Person\",\"@id\":\"https:\/\/rsrevista.org\/edicion93\/#\/schema\/person\/781e0e43b930b28f9267ae9a5dcbe3af\",\"name\":\"Good\",\"image\":{\"@type\":\"ImageObject\",\"inLanguage\":\"es\",\"@id\":\"https:\/\/rsrevista.org\/edicion93\/#\/schema\/person\/image\/\",\"url\":\"https:\/\/secure.gravatar.com\/avatar\/b90085527cfd5e03250a8637fe5c0369?s=96&d=mm&r=g\",\"contentUrl\":\"https:\/\/secure.gravatar.com\/avatar\/b90085527cfd5e03250a8637fe5c0369?s=96&d=mm&r=g\",\"caption\":\"Good\"},\"sameAs\":[\"https:\/\/rsrevista.org\"],\"url\":\"https:\/\/rsrevista.org\/edicion93\/author\/good\/\"}]}<\/script>\n<!-- \/ Yoast SEO plugin. -->","yoast_head_json":{"title":"Personaje - Revista RS Edici\u00f3n 93","robots":{"index":"index","follow":"follow","max-snippet":"max-snippet:-1","max-image-preview":"max-image-preview:large","max-video-preview":"max-video-preview:-1"},"canonical":"https:\/\/rsrevista.org\/edicion93\/la-responsabilidad-de-la-comunicacion-veraz-y-confiable-20201017\/","og_locale":"es_ES","og_type":"article","og_title":"Personaje - Revista RS Edici\u00f3n 93","og_description":"Juan Eduardo Jaramillo Noguera Reconocido periodista vallecaucano, presentador de noticias, catedr\u00e1tico, y conocido por ser la imagen principal del informativo Noticias RCN en Colombia. Es considerado como uno de los periodistas de mayor credibilidad en el pa\u00eds; quien a su vez ha sido galardonado y nominado como el mejor presentador y periodista de noticias en [&hellip;]","og_url":"https:\/\/rsrevista.org\/edicion93\/la-responsabilidad-de-la-comunicacion-veraz-y-confiable-20201017\/","og_site_name":"Revista RS Edici\u00f3n 93","article_published_time":"2020-10-17T14:01:37+00:00","article_modified_time":"2020-11-02T22:00:23+00:00","og_image":[{"width":1920,"height":1080,"url":"https:\/\/rsrevista.org\/edicion93\/wp-content\/uploads\/sites\/2\/2020\/10\/PERSONAJE-93.png","type":"image\/png"}],"author":"Good","twitter_card":"summary_large_image","twitter_misc":{"Escrito por":"Good","Tiempo de lectura":"2 minutos"},"schema":{"@context":"https:\/\/schema.org","@graph":[{"@type":"WebPage","@id":"https:\/\/rsrevista.org\/edicion93\/la-responsabilidad-de-la-comunicacion-veraz-y-confiable-20201017\/","url":"https:\/\/rsrevista.org\/edicion93\/la-responsabilidad-de-la-comunicacion-veraz-y-confiable-20201017\/","name":"Personaje - Revista RS Edici\u00f3n 93","isPartOf":{"@id":"https:\/\/rsrevista.org\/edicion93\/#website"},"primaryImageOfPage":{"@id":"https:\/\/rsrevista.org\/edicion93\/la-responsabilidad-de-la-comunicacion-veraz-y-confiable-20201017\/#primaryimage"},"image":{"@id":"https:\/\/rsrevista.org\/edicion93\/la-responsabilidad-de-la-comunicacion-veraz-y-confiable-20201017\/#primaryimage"},"thumbnailUrl":"https:\/\/rsrevista.org\/edicion93\/wp-content\/uploads\/sites\/2\/2020\/10\/PERSONAJE-93.png","datePublished":"2020-10-17T14:01:37+00:00","dateModified":"2020-11-02T22:00:23+00:00","author":{"@id":"https:\/\/rsrevista.org\/edicion93\/#\/schema\/person\/781e0e43b930b28f9267ae9a5dcbe3af"},"breadcrumb":{"@id":"https:\/\/rsrevista.org\/edicion93\/la-responsabilidad-de-la-comunicacion-veraz-y-confiable-20201017\/#breadcrumb"},"inLanguage":"es","potentialAction":[{"@type":"ReadAction","target":["https:\/\/rsrevista.org\/edicion93\/la-responsabilidad-de-la-comunicacion-veraz-y-confiable-20201017\/"]}]},{"@type":"ImageObject","inLanguage":"es","@id":"https:\/\/rsrevista.org\/edicion93\/la-responsabilidad-de-la-comunicacion-veraz-y-confiable-20201017\/#primaryimage","url":"https:\/\/rsrevista.org\/edicion93\/wp-content\/uploads\/sites\/2\/2020\/10\/PERSONAJE-93.png","contentUrl":"https:\/\/rsrevista.org\/edicion93\/wp-content\/uploads\/sites\/2\/2020\/10\/PERSONAJE-93.png","width":1920,"height":1080},{"@type":"BreadcrumbList","@id":"https:\/\/rsrevista.org\/edicion93\/la-responsabilidad-de-la-comunicacion-veraz-y-confiable-20201017\/#breadcrumb","itemListElement":[{"@type":"ListItem","position":1,"name":"Portada","item":"https:\/\/rsrevista.org\/edicion93\/"},{"@type":"ListItem","position":2,"name":"Personaje"}]},{"@type":"WebSite","@id":"https:\/\/rsrevista.org\/edicion93\/#website","url":"https:\/\/rsrevista.org\/edicion93\/","name":"Revista RS Edici\u00f3n 93","description":"Responsabilidad social y sostenibilidad","potentialAction":[{"@type":"SearchAction","target":{"@type":"EntryPoint","urlTemplate":"https:\/\/rsrevista.org\/edicion93\/?s={search_term_string}"},"query-input":{"@type":"PropertyValueSpecification","valueRequired":true,"valueName":"search_term_string"}}],"inLanguage":"es"},{"@type":"Person","@id":"https:\/\/rsrevista.org\/edicion93\/#\/schema\/person\/781e0e43b930b28f9267ae9a5dcbe3af","name":"Good","image":{"@type":"ImageObject","inLanguage":"es","@id":"https:\/\/rsrevista.org\/edicion93\/#\/schema\/person\/image\/","url":"https:\/\/secure.gravatar.com\/avatar\/b90085527cfd5e03250a8637fe5c0369?s=96&d=mm&r=g","contentUrl":"https:\/\/secure.gravatar.com\/avatar\/b90085527cfd5e03250a8637fe5c0369?s=96&d=mm&r=g","caption":"Good"},"sameAs":["https:\/\/rsrevista.org"],"url":"https:\/\/rsrevista.org\/edicion93\/author\/good\/"}]}},"_links":{"self":[{"href":"https:\/\/rsrevista.org\/edicion93\/wp-json\/wp\/v2\/posts\/3528"}],"collection":[{"href":"https:\/\/rsrevista.org\/edicion93\/wp-json\/wp\/v2\/posts"}],"about":[{"href":"https:\/\/rsrevista.org\/edicion93\/wp-json\/wp\/v2\/types\/post"}],"author":[{"embeddable":true,"href":"https:\/\/rsrevista.org\/edicion93\/wp-json\/wp\/v2\/users\/1"}],"replies":[{"embeddable":true,"href":"https:\/\/rsrevista.org\/edicion93\/wp-json\/wp\/v2\/comments?post=3528"}],"version-history":[{"count":11,"href":"https:\/\/rsrevista.org\/edicion93\/wp-json\/wp\/v2\/posts\/3528\/revisions"}],"predecessor-version":[{"id":4036,"href":"https:\/\/rsrevista.org\/edicion93\/wp-json\/wp\/v2\/posts\/3528\/revisions\/4036"}],"wp:featuredmedia":[{"embeddable":true,"href":"https:\/\/rsrevista.org\/edicion93\/wp-json\/wp\/v2\/media\/3863"}],"wp:attachment":[{"href":"https:\/\/rsrevista.org\/edicion93\/wp-json\/wp\/v2\/media?parent=3528"}],"wp:term":[{"taxonomy":"category","embeddable":true,"href":"https:\/\/rsrevista.org\/edicion93\/wp-json\/wp\/v2\/categories?post=3528"},{"taxonomy":"post_tag","embeddable":true,"href":"https:\/\/rsrevista.org\/edicion93\/wp-json\/wp\/v2\/tags?post=3528"}],"curies":[{"name":"wp","href":"https:\/\/api.w.org\/{rel}","templated":true}]}}