{"id":3384,"date":"2020-09-04T23:18:45","date_gmt":"2020-09-04T23:18:45","guid":{"rendered":"https:\/\/rsrevista.org\/edicion92\/?p=3384"},"modified":"2020-09-08T04:38:57","modified_gmt":"2020-09-08T04:38:57","slug":"la-historia-no-cambia-se-acelera","status":"publish","type":"post","link":"https:\/\/rsrevista.org\/edicion92\/2020\/09\/04\/la-historia-no-cambia-se-acelera\/","title":{"rendered":"La historia no cambia, se acelera"},"content":{"rendered":"<p><em>\u201cNo siempre podemos construir el futuro para nuestros j\u00f3venes, pero podemos construir j\u00f3venes para el futuro\u201d, Franklin D. Roosevelt<\/em><\/p>\n<p>A principios de a\u00f1o, ante tanta incertidumbre con la COVID-19, le\u00ed una entrevista realizada en la BBC News a Richard Haass, acerca de su nuevo libro: The World: A Brief Introduction. De ah\u00ed, tom\u00e9 el t\u00edtulo de este escrito. El autor afirma que \u201clas tendencias existentes ya van a tomar m\u00e1s velocidad y volverse m\u00e1s pronunciadas y dominantes y, por lo tanto, la historia no va cambiar su curso sino que se va a acelerar\u201d.<\/p>\n<p>Fue de las cosas m\u00e1s interesantes que me ilustraron para tomar decisiones hacia el futuro. Es por ello que, con el equipo directivo inicialmente, revisamos todas las \u00e1reas de nuestras organizaciones y aceleramos el proceso de virtualidad, tendencia en la que ven\u00edamos avanzando, pausadamente, hace casi tres a\u00f1os.<br \/>\nDesde entonces, hemos estado aprendiendo y desaprendiendo muchas cosas que, vistas con retrovisor, en pocos meses, ahora se ven arcaicas y vetustas. Nos atrevimos a realizar experimentos y, sin prejuicios, tomar los resultados como elementos base para la construcci\u00f3n de un futuro diferente en cuanto a la forma pero fortalecido frente a las causas, a los valores y a los compromisos que nos mueven.<\/p>\n<p>La historia realmente acelera los procesos, no los fines ni los objetivos. Es por ello, que la motivaci\u00f3n que nos ha inspirado durante casi 15 a\u00f1os a permanecer escribiendo y transfiriendo conocimiento acerca de la responsabilidad social y la sostenibilidad siguen siendo vigentes, pese a las adversidades personales y colectivas (como el caso de la pandemia que hoy nos afecta).<\/p>\n<p>Como resultado de esas decisiones, tengo el honor de compartir con ustedes nuestra primera edici\u00f3n completamente virtual de la Revista RS. Una publicaci\u00f3n pensada exclusivamente en la narrativa digital: las entrevistas, los reportajes y, en general, todos los contenidos. Ha sido un reto maravilloso para el equipo (compuesto por j\u00f3venes entusiastas y comprometidos, profundamente, en la transformaci\u00f3n de una sociedad mejor).<\/p>\n<p>Gracias a todo el equipo que trabaj\u00f3 en esta edici\u00f3n y gracias, especialmente, a todos nuestros lectores que hacen posible que el esfuerzo obtenga el retorno que buscamos.<\/p>\n<p>Tambi\u00e9n, debo recordar a quienes han inspirado y contribuido desde el inicio a que esta publicaci\u00f3n haya conseguido el lugar que ocupa y contin\u00fae adapt\u00e1ndose a las nuevas realidades: con esta edici\u00f3n, rendimos un peque\u00f1o homenaje a Irene Bello, a Rafael Stand y a Ernst Ligteringen \u00a1Amigos y compa\u00f1eros de sue\u00f1os que partieron anticipadamente aportando sus ense\u00f1anzas y sentimientos en nuestros corazones!<\/p>\n<blockquote><p>A prop\u00f3sito del tema central de esta edici\u00f3n, les comparto que en los pr\u00f3ximos d\u00edas, estaremos lanzando el Modelo de Excelencia y Sostenibilidad en Buenas Pr\u00e1cticas de Aprovisionamiento (MES+BPA): un riguroso ejercicio t\u00e9cnico para los encargados de la cadena de suministro de las organizaciones el cual recoge los principales est\u00e1ndares mundiales en temas de aprovisionamiento y desarrollo sostenible.<br \/>\nEl MES+BPA le permitir\u00e1 a los responsables de supply chain poseer una herramienta que gu\u00ede y oriente a los tomadores de decisiones de las \u00e1reas de abastecimiento hacia unas buenas pr\u00e1cticas; as\u00ed como conocer y medir el nivel de madurez que la organizaci\u00f3n posee frente a estos temas.<\/p><\/blockquote>\n","protected":false},"excerpt":{"rendered":"<p><strong>Por<\/strong>: Erick Pichot<\/p>\n","protected":false},"author":2,"featured_media":3392,"comment_status":"open","ping_status":"open","sticky":false,"template":"","format":"standard","meta":{"footnotes":""},"categories":[27],"tags":[],"class_list":["post-3384","post","type-post","status-publish","format-standard","has-post-thumbnail","hentry","category-editorial-rs"],"yoast_head":"<!-- This site is optimized with the Yoast SEO plugin v23.9 - https:\/\/yoast.com\/wordpress\/plugins\/seo\/ -->\n<title>La historia no cambia, se acelera - Revista RS Edici\u00f3n 92<\/title>\n<meta name=\"robots\" content=\"index, follow, max-snippet:-1, max-image-preview:large, max-video-preview:-1\" \/>\n<link rel=\"canonical\" href=\"https:\/\/rsrevista.org\/edicion92\/2020\/09\/04\/la-historia-no-cambia-se-acelera\/\" \/>\n<meta property=\"og:locale\" content=\"es_ES\" \/>\n<meta property=\"og:type\" content=\"article\" \/>\n<meta property=\"og:title\" content=\"La historia no cambia, se acelera - Revista RS Edici\u00f3n 92\" \/>\n<meta property=\"og:description\" content=\"Por: Erick Pichot\" \/>\n<meta property=\"og:url\" content=\"https:\/\/rsrevista.org\/edicion92\/2020\/09\/04\/la-historia-no-cambia-se-acelera\/\" \/>\n<meta property=\"og:site_name\" content=\"Revista RS Edici\u00f3n 92\" \/>\n<meta property=\"article:published_time\" content=\"2020-09-04T23:18:45+00:00\" \/>\n<meta property=\"article:modified_time\" content=\"2020-09-08T04:38:57+00:00\" \/>\n<meta property=\"og:image\" content=\"https:\/\/rsrevista.org\/edicion92\/wp-content\/uploads\/sites\/4\/2020\/09\/informacion-institucional-editables_Editorial-Erick-Pichot-1.png\" \/>\n\t<meta property=\"og:image:width\" content=\"2001\" \/>\n\t<meta property=\"og:image:height\" content=\"1126\" \/>\n\t<meta property=\"og:image:type\" content=\"image\/png\" \/>\n<meta name=\"twitter:card\" content=\"summary_large_image\" \/>\n<meta name=\"twitter:label1\" content=\"Escrito por\" \/>\n\t<meta name=\"twitter:data1\" content=\"\" \/>\n\t<meta name=\"twitter:label2\" content=\"Tiempo de lectura\" \/>\n\t<meta name=\"twitter:data2\" content=\"3 minutos\" \/>\n<script type=\"application\/ld+json\" class=\"yoast-schema-graph\">{\"@context\":\"https:\/\/schema.org\",\"@graph\":[{\"@type\":\"WebPage\",\"@id\":\"https:\/\/rsrevista.org\/edicion92\/2020\/09\/04\/la-historia-no-cambia-se-acelera\/\",\"url\":\"https:\/\/rsrevista.org\/edicion92\/2020\/09\/04\/la-historia-no-cambia-se-acelera\/\",\"name\":\"La historia no cambia, se acelera - Revista RS Edici\u00f3n 92\",\"isPartOf\":{\"@id\":\"https:\/\/rsrevista.org\/edicion92\/#website\"},\"primaryImageOfPage\":{\"@id\":\"https:\/\/rsrevista.org\/edicion92\/2020\/09\/04\/la-historia-no-cambia-se-acelera\/#primaryimage\"},\"image\":{\"@id\":\"https:\/\/rsrevista.org\/edicion92\/2020\/09\/04\/la-historia-no-cambia-se-acelera\/#primaryimage\"},\"thumbnailUrl\":\"https:\/\/rsrevista.org\/edicion92\/wp-content\/uploads\/sites\/4\/2020\/09\/informacion-institucional-editables_Editorial-Erick-Pichot-1.png\",\"datePublished\":\"2020-09-04T23:18:45+00:00\",\"dateModified\":\"2020-09-08T04:38:57+00:00\",\"author\":{\"@id\":\"\"},\"breadcrumb\":{\"@id\":\"https:\/\/rsrevista.org\/edicion92\/2020\/09\/04\/la-historia-no-cambia-se-acelera\/#breadcrumb\"},\"inLanguage\":\"es\",\"potentialAction\":[{\"@type\":\"ReadAction\",\"target\":[\"https:\/\/rsrevista.org\/edicion92\/2020\/09\/04\/la-historia-no-cambia-se-acelera\/\"]}]},{\"@type\":\"ImageObject\",\"inLanguage\":\"es\",\"@id\":\"https:\/\/rsrevista.org\/edicion92\/2020\/09\/04\/la-historia-no-cambia-se-acelera\/#primaryimage\",\"url\":\"https:\/\/rsrevista.org\/edicion92\/wp-content\/uploads\/sites\/4\/2020\/09\/informacion-institucional-editables_Editorial-Erick-Pichot-1.png\",\"contentUrl\":\"https:\/\/rsrevista.org\/edicion92\/wp-content\/uploads\/sites\/4\/2020\/09\/informacion-institucional-editables_Editorial-Erick-Pichot-1.png\",\"width\":2001,\"height\":1126},{\"@type\":\"BreadcrumbList\",\"@id\":\"https:\/\/rsrevista.org\/edicion92\/2020\/09\/04\/la-historia-no-cambia-se-acelera\/#breadcrumb\",\"itemListElement\":[{\"@type\":\"ListItem\",\"position\":1,\"name\":\"Portada\",\"item\":\"https:\/\/rsrevista.org\/edicion92\/\"},{\"@type\":\"ListItem\",\"position\":2,\"name\":\"La historia no cambia, se acelera\"}]},{\"@type\":\"WebSite\",\"@id\":\"https:\/\/rsrevista.org\/edicion92\/#website\",\"url\":\"https:\/\/rsrevista.org\/edicion92\/\",\"name\":\"Revista RS Edici\u00f3n 92\",\"description\":\"Responsabilidad social y sostenibilidad\",\"potentialAction\":[{\"@type\":\"SearchAction\",\"target\":{\"@type\":\"EntryPoint\",\"urlTemplate\":\"https:\/\/rsrevista.org\/edicion92\/?s={search_term_string}\"},\"query-input\":{\"@type\":\"PropertyValueSpecification\",\"valueRequired\":true,\"valueName\":\"search_term_string\"}}],\"inLanguage\":\"es\"},{\"@type\":\"Person\",\"@id\":\"\",\"url\":\"https:\/\/rsrevista.org\/edicion92\/author\/\"}]}<\/script>\n<!-- \/ Yoast SEO plugin. -->","yoast_head_json":{"title":"La historia no cambia, se acelera - Revista RS Edici\u00f3n 92","robots":{"index":"index","follow":"follow","max-snippet":"max-snippet:-1","max-image-preview":"max-image-preview:large","max-video-preview":"max-video-preview:-1"},"canonical":"https:\/\/rsrevista.org\/edicion92\/2020\/09\/04\/la-historia-no-cambia-se-acelera\/","og_locale":"es_ES","og_type":"article","og_title":"La historia no cambia, se acelera - Revista RS Edici\u00f3n 92","og_description":"Por: Erick Pichot","og_url":"https:\/\/rsrevista.org\/edicion92\/2020\/09\/04\/la-historia-no-cambia-se-acelera\/","og_site_name":"Revista RS Edici\u00f3n 92","article_published_time":"2020-09-04T23:18:45+00:00","article_modified_time":"2020-09-08T04:38:57+00:00","og_image":[{"width":2001,"height":1126,"url":"https:\/\/rsrevista.org\/edicion92\/wp-content\/uploads\/sites\/4\/2020\/09\/informacion-institucional-editables_Editorial-Erick-Pichot-1.png","type":"image\/png"}],"twitter_card":"summary_large_image","twitter_misc":{"Escrito por":"","Tiempo de lectura":"3 minutos"},"schema":{"@context":"https:\/\/schema.org","@graph":[{"@type":"WebPage","@id":"https:\/\/rsrevista.org\/edicion92\/2020\/09\/04\/la-historia-no-cambia-se-acelera\/","url":"https:\/\/rsrevista.org\/edicion92\/2020\/09\/04\/la-historia-no-cambia-se-acelera\/","name":"La historia no cambia, se acelera - Revista RS Edici\u00f3n 92","isPartOf":{"@id":"https:\/\/rsrevista.org\/edicion92\/#website"},"primaryImageOfPage":{"@id":"https:\/\/rsrevista.org\/edicion92\/2020\/09\/04\/la-historia-no-cambia-se-acelera\/#primaryimage"},"image":{"@id":"https:\/\/rsrevista.org\/edicion92\/2020\/09\/04\/la-historia-no-cambia-se-acelera\/#primaryimage"},"thumbnailUrl":"https:\/\/rsrevista.org\/edicion92\/wp-content\/uploads\/sites\/4\/2020\/09\/informacion-institucional-editables_Editorial-Erick-Pichot-1.png","datePublished":"2020-09-04T23:18:45+00:00","dateModified":"2020-09-08T04:38:57+00:00","author":{"@id":""},"breadcrumb":{"@id":"https:\/\/rsrevista.org\/edicion92\/2020\/09\/04\/la-historia-no-cambia-se-acelera\/#breadcrumb"},"inLanguage":"es","potentialAction":[{"@type":"ReadAction","target":["https:\/\/rsrevista.org\/edicion92\/2020\/09\/04\/la-historia-no-cambia-se-acelera\/"]}]},{"@type":"ImageObject","inLanguage":"es","@id":"https:\/\/rsrevista.org\/edicion92\/2020\/09\/04\/la-historia-no-cambia-se-acelera\/#primaryimage","url":"https:\/\/rsrevista.org\/edicion92\/wp-content\/uploads\/sites\/4\/2020\/09\/informacion-institucional-editables_Editorial-Erick-Pichot-1.png","contentUrl":"https:\/\/rsrevista.org\/edicion92\/wp-content\/uploads\/sites\/4\/2020\/09\/informacion-institucional-editables_Editorial-Erick-Pichot-1.png","width":2001,"height":1126},{"@type":"BreadcrumbList","@id":"https:\/\/rsrevista.org\/edicion92\/2020\/09\/04\/la-historia-no-cambia-se-acelera\/#breadcrumb","itemListElement":[{"@type":"ListItem","position":1,"name":"Portada","item":"https:\/\/rsrevista.org\/edicion92\/"},{"@type":"ListItem","position":2,"name":"La historia no cambia, se acelera"}]},{"@type":"WebSite","@id":"https:\/\/rsrevista.org\/edicion92\/#website","url":"https:\/\/rsrevista.org\/edicion92\/","name":"Revista RS Edici\u00f3n 92","description":"Responsabilidad social y sostenibilidad","potentialAction":[{"@type":"SearchAction","target":{"@type":"EntryPoint","urlTemplate":"https:\/\/rsrevista.org\/edicion92\/?s={search_term_string}"},"query-input":{"@type":"PropertyValueSpecification","valueRequired":true,"valueName":"search_term_string"}}],"inLanguage":"es"},{"@type":"Person","@id":"","url":"https:\/\/rsrevista.org\/edicion92\/author\/"}]}},"_links":{"self":[{"href":"https:\/\/rsrevista.org\/edicion92\/wp-json\/wp\/v2\/posts\/3384"}],"collection":[{"href":"https:\/\/rsrevista.org\/edicion92\/wp-json\/wp\/v2\/posts"}],"about":[{"href":"https:\/\/rsrevista.org\/edicion92\/wp-json\/wp\/v2\/types\/post"}],"author":[{"embeddable":true,"href":"https:\/\/rsrevista.org\/edicion92\/wp-json\/wp\/v2\/users\/2"}],"replies":[{"embeddable":true,"href":"https:\/\/rsrevista.org\/edicion92\/wp-json\/wp\/v2\/comments?post=3384"}],"version-history":[{"count":5,"href":"https:\/\/rsrevista.org\/edicion92\/wp-json\/wp\/v2\/posts\/3384\/revisions"}],"predecessor-version":[{"id":3478,"href":"https:\/\/rsrevista.org\/edicion92\/wp-json\/wp\/v2\/posts\/3384\/revisions\/3478"}],"wp:featuredmedia":[{"embeddable":true,"href":"https:\/\/rsrevista.org\/edicion92\/wp-json\/wp\/v2\/media\/3392"}],"wp:attachment":[{"href":"https:\/\/rsrevista.org\/edicion92\/wp-json\/wp\/v2\/media?parent=3384"}],"wp:term":[{"taxonomy":"category","embeddable":true,"href":"https:\/\/rsrevista.org\/edicion92\/wp-json\/wp\/v2\/categories?post=3384"},{"taxonomy":"post_tag","embeddable":true,"href":"https:\/\/rsrevista.org\/edicion92\/wp-json\/wp\/v2\/tags?post=3384"}],"curies":[{"name":"wp","href":"https:\/\/api.w.org\/{rel}","templated":true}]}}