{"id":2452,"date":"2020-07-31T05:23:00","date_gmt":"2020-07-31T05:23:00","guid":{"rendered":"https:\/\/rsrevista.org\/edicion92\/?p=2452"},"modified":"2020-09-05T22:27:51","modified_gmt":"2020-09-05T22:27:51","slug":"colaboradores","status":"publish","type":"post","link":"https:\/\/rsrevista.org\/edicion92\/2020\/07\/31\/colaboradores\/","title":{"rendered":"Colaboradores"},"content":{"rendered":"\n<div class=\"wp-block-columns is-layout-flex wp-container-core-columns-is-layout-1 wp-block-columns-is-layout-flex\">\n<div class=\"wp-block-column is-layout-flow wp-block-column-is-layout-flow\">\n<figure class=\"wp-block-image size-large\"><img loading=\"lazy\" decoding=\"async\" width=\"500\" height=\"500\" src=\"https:\/\/rsrevista.org\/edicion92\/wp-content\/uploads\/sites\/4\/2020\/07\/Mauricio-Alonso_editada.jpg\" alt=\"\" class=\"wp-image-2454\" srcset=\"https:\/\/rsrevista.org\/edicion92\/wp-content\/uploads\/sites\/4\/2020\/07\/Mauricio-Alonso_editada.jpg 500w, https:\/\/rsrevista.org\/edicion92\/wp-content\/uploads\/sites\/4\/2020\/07\/Mauricio-Alonso_editada-300x300.jpg 300w, https:\/\/rsrevista.org\/edicion92\/wp-content\/uploads\/sites\/4\/2020\/07\/Mauricio-Alonso_editada-150x150.jpg 150w\" sizes=\"(max-width: 500px) 100vw, 500px\" \/><figcaption><strong>Mauricio Alonso<\/strong><br>Ingeniero Industrial de la Universidad Incca de Colombia. Especialista en Gerencia de Producci\u00f3n y Operaciones de la Universidad de La Sabana y Especialista en Coaching y Liderazgo Cu\u00e1ntico de la Academia Europea de Neurociencias, Econom\u00eda y Humanidades. Cuenta con m\u00e1s de 20 a\u00f1os de experiencia en log\u00edstica y operaciones en empresas nacionales y multinacionales. Actualmente es Coach de la Escuela Punto Cero de Argentina.<\/figcaption><\/figure>\n<\/div>\n\n\n\n<div class=\"wp-block-column is-layout-flow wp-block-column-is-layout-flow\">\n<figure class=\"wp-block-image size-large\"><img loading=\"lazy\" decoding=\"async\" width=\"500\" height=\"500\" src=\"https:\/\/rsrevista.org\/edicion92\/wp-content\/uploads\/sites\/4\/2020\/07\/Mar\u00eda-Mercedes-Arango_EDITDA.jpg\" alt=\"\" class=\"wp-image-2456\" srcset=\"https:\/\/rsrevista.org\/edicion92\/wp-content\/uploads\/sites\/4\/2020\/07\/Mar\u00eda-Mercedes-Arango_EDITDA.jpg 500w, https:\/\/rsrevista.org\/edicion92\/wp-content\/uploads\/sites\/4\/2020\/07\/Mar\u00eda-Mercedes-Arango_EDITDA-300x300.jpg 300w, https:\/\/rsrevista.org\/edicion92\/wp-content\/uploads\/sites\/4\/2020\/07\/Mar\u00eda-Mercedes-Arango_EDITDA-150x150.jpg 150w\" sizes=\"(max-width: 500px) 100vw, 500px\" \/><figcaption><strong>Mar\u00eda Mercedes Arango<\/strong><br>Ingeniera Industrial de la Universidad Javeriana y Especialista en Gerencia de Empresas de la Universidad del Rosario. Cuenta con 19 a\u00f1os de experiencia en el sector de telecomunicaciones y de consumo masivo. Fue Planeadora de Demanda de Alimentos Polar Colombia y Gerente de Supply Chain en DIRECTV Colombia. Actualmente es Asesora experta en Supply Chain.<\/figcaption><\/figure>\n<\/div>\n\n\n\n<div class=\"wp-block-column is-layout-flow wp-block-column-is-layout-flow\">\n<figure class=\"wp-block-image size-large\"><img loading=\"lazy\" decoding=\"async\" width=\"500\" height=\"500\" src=\"https:\/\/rsrevista.org\/edicion92\/wp-content\/uploads\/sites\/4\/2020\/07\/Andr\u00e9s-Cifuentes-RodasEDITADA_.jpg\" alt=\"\" class=\"wp-image-2453\" srcset=\"https:\/\/rsrevista.org\/edicion92\/wp-content\/uploads\/sites\/4\/2020\/07\/Andr\u00e9s-Cifuentes-RodasEDITADA_.jpg 500w, https:\/\/rsrevista.org\/edicion92\/wp-content\/uploads\/sites\/4\/2020\/07\/Andr\u00e9s-Cifuentes-RodasEDITADA_-300x300.jpg 300w, https:\/\/rsrevista.org\/edicion92\/wp-content\/uploads\/sites\/4\/2020\/07\/Andr\u00e9s-Cifuentes-RodasEDITADA_-150x150.jpg 150w\" sizes=\"(max-width: 500px) 100vw, 500px\" \/><figcaption><strong>Andr\u00e9s Cifuentes Rodas<\/strong><br>Administrador de Empresas de la Fundaci\u00f3n Universitaria Cat\u00f3lica Lumen Gentium, M\u00e1ster en Supply Chain Management and Logistics de OBS Business School. Experto en operaciones log\u00edsticas, log\u00edstica de distribuci\u00f3n, almacenamiento, control de inventarios, transporte, dise\u00f1o de almacenes y reingenier\u00eda de procesos. Actualmente\u00a0 es Jefe Log\u00edstico de la Regi\u00f3n Suroccidente en Novaventa \u2013 Grupo Nutresa.<\/figcaption><\/figure>\n<\/div>\n<\/div>\n\n\n\n<div class=\"wp-block-columns is-layout-flex wp-container-core-columns-is-layout-2 wp-block-columns-is-layout-flex\">\n<div class=\"wp-block-column is-layout-flow wp-block-column-is-layout-flow\">\n<figure class=\"wp-block-image size-large\"><img loading=\"lazy\" decoding=\"async\" width=\"500\" height=\"500\" src=\"https:\/\/rsrevista.org\/edicion92\/wp-content\/uploads\/sites\/4\/2020\/07\/Gina-D\u00edaz_EDITADA.jpg\" alt=\"\" class=\"wp-image-2458\" srcset=\"https:\/\/rsrevista.org\/edicion92\/wp-content\/uploads\/sites\/4\/2020\/07\/Gina-D\u00edaz_EDITADA.jpg 500w, https:\/\/rsrevista.org\/edicion92\/wp-content\/uploads\/sites\/4\/2020\/07\/Gina-D\u00edaz_EDITADA-300x300.jpg 300w, https:\/\/rsrevista.org\/edicion92\/wp-content\/uploads\/sites\/4\/2020\/07\/Gina-D\u00edaz_EDITADA-150x150.jpg 150w\" sizes=\"(max-width: 500px) 100vw, 500px\" \/><figcaption><strong>Gina D\u00edaz\u00a0<\/strong><br>Administradora de Empresas de la Universidad de La Sabana, Especialista en Log\u00edstica Comercial de la Universidad Jorge Tadeo Lozano y M\u00e1ster en Comercio Internacional de la Universidad de Valencia, Espa\u00f1a. Experta en optimizaci\u00f3n de procesos en \u00e1reas de compras, log\u00edstica y comercio internacional. Actualmente es Coordinadora de Suministro de Partes en Ford Motor Colombia.<\/figcaption><\/figure>\n<\/div>\n\n\n\n<div class=\"wp-block-column is-layout-flow wp-block-column-is-layout-flow\">\n<figure class=\"wp-block-image size-large\"><img loading=\"lazy\" decoding=\"async\" width=\"500\" height=\"500\" src=\"https:\/\/rsrevista.org\/edicion92\/wp-content\/uploads\/sites\/4\/2020\/07\/Sergio-Hidalgo_EN-BAJA-RETOCADA.jpg\" alt=\"\" class=\"wp-image-2459\" srcset=\"https:\/\/rsrevista.org\/edicion92\/wp-content\/uploads\/sites\/4\/2020\/07\/Sergio-Hidalgo_EN-BAJA-RETOCADA.jpg 500w, https:\/\/rsrevista.org\/edicion92\/wp-content\/uploads\/sites\/4\/2020\/07\/Sergio-Hidalgo_EN-BAJA-RETOCADA-300x300.jpg 300w, https:\/\/rsrevista.org\/edicion92\/wp-content\/uploads\/sites\/4\/2020\/07\/Sergio-Hidalgo_EN-BAJA-RETOCADA-150x150.jpg 150w\" sizes=\"(max-width: 500px) 100vw, 500px\" \/><figcaption><strong>Sergio Hidalgo<\/strong><br>Ingeniero industrial de la Universidad Militar. Ha trabajado en empresas de telecomunicaciones desempe\u00f1ando cargos como analista de log\u00edstica hasta supply chain manager de cuenta empresarial. Actualmente es Gerente de Cadena de Abastecimiento de Colombia y Per\u00fa para Haifa Group.<\/figcaption><\/figure>\n<\/div>\n\n\n\n<div class=\"wp-block-column is-layout-flow wp-block-column-is-layout-flow\">\n<figure class=\"wp-block-image size-large\"><img loading=\"lazy\" decoding=\"async\" width=\"500\" height=\"500\" src=\"https:\/\/rsrevista.org\/edicion92\/wp-content\/uploads\/sites\/4\/2020\/07\/Juan-Camilo-Jaime_EDITADA.jpg\" alt=\"\" class=\"wp-image-2460\" srcset=\"https:\/\/rsrevista.org\/edicion92\/wp-content\/uploads\/sites\/4\/2020\/07\/Juan-Camilo-Jaime_EDITADA.jpg 500w, https:\/\/rsrevista.org\/edicion92\/wp-content\/uploads\/sites\/4\/2020\/07\/Juan-Camilo-Jaime_EDITADA-300x300.jpg 300w, https:\/\/rsrevista.org\/edicion92\/wp-content\/uploads\/sites\/4\/2020\/07\/Juan-Camilo-Jaime_EDITADA-150x150.jpg 150w\" sizes=\"(max-width: 500px) 100vw, 500px\" \/><figcaption><strong>Juan Camilo Jaime<br><\/strong>Administrador de Log\u00edstica y Producci\u00f3n de la Universidad del Rosario, M\u00e1ster en Cadena de Abastecimiento y Log\u00edstica de la Escuela de Negocios EAE de Barcelona y estudios basados en pensamiento estrat\u00e9gico de INALDE. Cuenta con m\u00e1s de 7 a\u00f1os de experiencia participando en procesos de cadena de abastecimiento. Actualmente se desempe\u00f1a como Gerente de Supply Chain de Amarey Nova Medical.<\/figcaption><\/figure>\n<\/div>\n<\/div>\n\n\n\n<div class=\"wp-block-columns is-layout-flex wp-container-core-columns-is-layout-3 wp-block-columns-is-layout-flex\">\n<div class=\"wp-block-column is-layout-flow wp-block-column-is-layout-flow\">\n<figure class=\"wp-block-image size-large\"><img loading=\"lazy\" decoding=\"async\" width=\"1024\" height=\"1024\" src=\"https:\/\/rsrevista.org\/edicion92\/wp-content\/uploads\/sites\/4\/2020\/09\/Andres-Gonzales-1-1024x1024.png\" alt=\"\" class=\"wp-image-3450\" srcset=\"https:\/\/rsrevista.org\/edicion92\/wp-content\/uploads\/sites\/4\/2020\/09\/Andres-Gonzales-1-1024x1024.png 1024w, https:\/\/rsrevista.org\/edicion92\/wp-content\/uploads\/sites\/4\/2020\/09\/Andres-Gonzales-1-300x300.png 300w, https:\/\/rsrevista.org\/edicion92\/wp-content\/uploads\/sites\/4\/2020\/09\/Andres-Gonzales-1-150x150.png 150w, https:\/\/rsrevista.org\/edicion92\/wp-content\/uploads\/sites\/4\/2020\/09\/Andres-Gonzales-1-768x768.png 768w, https:\/\/rsrevista.org\/edicion92\/wp-content\/uploads\/sites\/4\/2020\/09\/Andres-Gonzales-1-600x600.png 600w, https:\/\/rsrevista.org\/edicion92\/wp-content\/uploads\/sites\/4\/2020\/09\/Andres-Gonzales-1.png 1080w\" sizes=\"(max-width: 1024px) 100vw, 1024px\" \/><figcaption><strong>Andr\u00e9s H. Gonz\u00e1lez D. <\/strong><br>Profesional en Operaciones de Negocio. Por m\u00e1s de 10 a\u00f1os ha gerenciado estrategias para mejorar P&amp;G en empresas de primer nivel, ayud\u00e1ndolas a expandirse, a ser rentables y sostenibles. Ha trabajado con el objetivo de inspirar a los equipos de trabajo a evolucionar y llevar las organizaciones a otro nivel.<\/figcaption><\/figure>\n<\/div>\n\n\n\n<div class=\"wp-block-column is-layout-flow wp-block-column-is-layout-flow\">\n<figure class=\"wp-block-image size-large\"><img loading=\"lazy\" decoding=\"async\" width=\"500\" height=\"500\" src=\"https:\/\/rsrevista.org\/edicion92\/wp-content\/uploads\/sites\/4\/2020\/07\/Vladimir-JaramilloEDITADA.jpg\" alt=\"\" class=\"wp-image-2461\" srcset=\"https:\/\/rsrevista.org\/edicion92\/wp-content\/uploads\/sites\/4\/2020\/07\/Vladimir-JaramilloEDITADA.jpg 500w, https:\/\/rsrevista.org\/edicion92\/wp-content\/uploads\/sites\/4\/2020\/07\/Vladimir-JaramilloEDITADA-300x300.jpg 300w, https:\/\/rsrevista.org\/edicion92\/wp-content\/uploads\/sites\/4\/2020\/07\/Vladimir-JaramilloEDITADA-150x150.jpg 150w\" sizes=\"(max-width: 500px) 100vw, 500px\" \/><figcaption><strong>Vladimir Jaramillo<\/strong><br>Ingeniero Industrial Universidad del Valle, Especialista en Log\u00edstica Integral y M\u00e1ster en Log\u00edstica y Supply Chain Management de la Pontificia Universidad Javeriana, MBA de Temple University. Experiencia en operaciones de cadena de abastecimiento en Colombia y Latinoam\u00e9rica, en compa\u00f1\u00edas farmac\u00e9uticas, de tecnolog\u00eda, consumo masivo y servicios medioambientales. Actualmente es Consultor Senior de Operaciones para LATAM en Gerson Lehrman Group.<\/figcaption><\/figure>\n<\/div>\n\n\n\n<div class=\"wp-block-column is-layout-flow wp-block-column-is-layout-flow\">\n<figure class=\"wp-block-image size-large\"><img loading=\"lazy\" decoding=\"async\" width=\"500\" height=\"500\" src=\"https:\/\/rsrevista.org\/edicion92\/wp-content\/uploads\/sites\/4\/2020\/07\/Juan-Lagui-EDITADA.jpg\" alt=\"\" class=\"wp-image-2462\" srcset=\"https:\/\/rsrevista.org\/edicion92\/wp-content\/uploads\/sites\/4\/2020\/07\/Juan-Lagui-EDITADA.jpg 500w, https:\/\/rsrevista.org\/edicion92\/wp-content\/uploads\/sites\/4\/2020\/07\/Juan-Lagui-EDITADA-300x300.jpg 300w, https:\/\/rsrevista.org\/edicion92\/wp-content\/uploads\/sites\/4\/2020\/07\/Juan-Lagui-EDITADA-150x150.jpg 150w\" sizes=\"(max-width: 500px) 100vw, 500px\" \/><figcaption><strong>Juan Laghi<\/strong><br>Ingeniero Industrial de la Universidad Peruana de Ciencias Aplicadas y MBA de Kellogg School of Management. Tiene 10 a\u00f1os de experiencia en la industria minera, agroindustrial y pesca en las \u00e1reas de proyectos y log\u00edstica. Es director de la Asociaci\u00f3n Proyectos Peruanos, ONG dedicada a la incubaci\u00f3n de iniciativas sociales en Per\u00fa.<\/figcaption><\/figure>\n<\/div>\n<\/div>\n\n\n\n<div class=\"wp-block-columns is-layout-flex wp-container-core-columns-is-layout-4 wp-block-columns-is-layout-flex\">\n<div class=\"wp-block-column is-layout-flow wp-block-column-is-layout-flow\">\n<figure class=\"wp-block-image size-large\"><img loading=\"lazy\" decoding=\"async\" width=\"500\" height=\"500\" src=\"https:\/\/rsrevista.org\/edicion92\/wp-content\/uploads\/sites\/4\/2020\/07\/Francisco-Lalinde_EDITADA.jpg\" alt=\"\" class=\"wp-image-2463\" srcset=\"https:\/\/rsrevista.org\/edicion92\/wp-content\/uploads\/sites\/4\/2020\/07\/Francisco-Lalinde_EDITADA.jpg 500w, https:\/\/rsrevista.org\/edicion92\/wp-content\/uploads\/sites\/4\/2020\/07\/Francisco-Lalinde_EDITADA-300x300.jpg 300w, https:\/\/rsrevista.org\/edicion92\/wp-content\/uploads\/sites\/4\/2020\/07\/Francisco-Lalinde_EDITADA-150x150.jpg 150w\" sizes=\"(max-width: 500px) 100vw, 500px\" \/><figcaption><strong>Francisco Lalinde<\/strong><br>Ingeniero Mec\u00e1nico de la Universidad Pontificia Bolivariana y Especialista en Gerencia de Producci\u00f3n y Servicios de la Escuela de Ingenier\u00eda de Antioquia. Cuenta con m\u00e1s de 20 a\u00f1os de experiencia en la industria aeron\u00e1utica. Actualmente es Vicepresidente de Operaciones-COO y\u00a0 Vicepresidente de Personas \u2013CPO\u2013 del Grupo Viva Air.<\/figcaption><\/figure>\n<\/div>\n\n\n\n<div class=\"wp-block-column is-layout-flow wp-block-column-is-layout-flow\">\n<figure class=\"wp-block-image size-large\"><img loading=\"lazy\" decoding=\"async\" width=\"500\" height=\"500\" src=\"https:\/\/rsrevista.org\/edicion92\/wp-content\/uploads\/sites\/4\/2020\/07\/Jes\u00fas-Mart\u00ednesEDITADA.jpg\" alt=\"\" class=\"wp-image-2464\" srcset=\"https:\/\/rsrevista.org\/edicion92\/wp-content\/uploads\/sites\/4\/2020\/07\/Jes\u00fas-Mart\u00ednesEDITADA.jpg 500w, https:\/\/rsrevista.org\/edicion92\/wp-content\/uploads\/sites\/4\/2020\/07\/Jes\u00fas-Mart\u00ednesEDITADA-300x300.jpg 300w, https:\/\/rsrevista.org\/edicion92\/wp-content\/uploads\/sites\/4\/2020\/07\/Jes\u00fas-Mart\u00ednesEDITADA-150x150.jpg 150w\" sizes=\"(max-width: 500px) 100vw, 500px\" \/><figcaption><strong>Jes\u00fas Mart\u00ednes Rojas\u00a0<\/strong><br>CEO McBride de SustainAbility. Egresado de la Licenciatura de Econom\u00eda y Maestro de Administraci\u00f3n por Instituto Tecnol\u00f3gico Aut\u00f3nomo de M\u00e9xico (ITAM). Cuenta con m\u00e1s de 20 a\u00f1os de experiencia en temas de sustentabilidad, responsabilidad social empresarial y comunicaci\u00f3n corporativa. Ha sido parte estrat\u00e9gica en la elaboraci\u00f3n de m\u00e1s de 50 informes de responsabilidad social y sustentabilidad. Lidera el equipo de di\u00e1logo social con l\u00edderes y grupos de inter\u00e9s de alta relevancia. Ha realizado m\u00e1s de 20 estudios de \u00edndole comunitario y social y cuenta con amplia experiencia en modelos de impacto social, medio ambiente y gobernanza (ESG).<\/figcaption><\/figure>\n<\/div>\n\n\n\n<div class=\"wp-block-column is-layout-flow wp-block-column-is-layout-flow\">\n<figure class=\"wp-block-image size-large\"><img loading=\"lazy\" decoding=\"async\" width=\"500\" height=\"500\" src=\"https:\/\/rsrevista.org\/edicion92\/wp-content\/uploads\/sites\/4\/2020\/07\/Sandy-Mesa_editada.jpg\" alt=\"\" class=\"wp-image-2465\" srcset=\"https:\/\/rsrevista.org\/edicion92\/wp-content\/uploads\/sites\/4\/2020\/07\/Sandy-Mesa_editada.jpg 500w, https:\/\/rsrevista.org\/edicion92\/wp-content\/uploads\/sites\/4\/2020\/07\/Sandy-Mesa_editada-300x300.jpg 300w, https:\/\/rsrevista.org\/edicion92\/wp-content\/uploads\/sites\/4\/2020\/07\/Sandy-Mesa_editada-150x150.jpg 150w\" sizes=\"(max-width: 500px) 100vw, 500px\" \/><figcaption><strong>Sandy Mesa<\/strong><br>Economista de la Universidad del Rosario. Con m\u00e1s de 15 a\u00f1os de experiencia en la administraci\u00f3n y manejo de las finanzas de las organizaciones. Ha contribuido al desarrollo de Farmalisto y Care24. Actualmente es Gerente Administrativa y Financiera de Farmaltam.<\/figcaption><\/figure>\n<\/div>\n<\/div>\n\n\n\n<div class=\"wp-block-columns is-layout-flex wp-container-core-columns-is-layout-5 wp-block-columns-is-layout-flex\">\n<div class=\"wp-block-column is-layout-flow wp-block-column-is-layout-flow\">\n<figure class=\"wp-block-image size-large is-resized\"><img loading=\"lazy\" decoding=\"async\" src=\"https:\/\/rsrevista.org\/edicion92\/wp-content\/uploads\/sites\/4\/2020\/07\/Tim-MohinEDITADA.jpg\" alt=\"\" class=\"wp-image-2466\" width=\"275\" height=\"275\" srcset=\"https:\/\/rsrevista.org\/edicion92\/wp-content\/uploads\/sites\/4\/2020\/07\/Tim-MohinEDITADA.jpg 500w, https:\/\/rsrevista.org\/edicion92\/wp-content\/uploads\/sites\/4\/2020\/07\/Tim-MohinEDITADA-300x300.jpg 300w, https:\/\/rsrevista.org\/edicion92\/wp-content\/uploads\/sites\/4\/2020\/07\/Tim-MohinEDITADA-150x150.jpg 150w\" sizes=\"(max-width: 275px) 100vw, 275px\" \/><figcaption><strong>Timothy Mohin<\/strong><br>Licenciado en Biolog\u00eda de la Universidad Estatal de Nueva York en Cortland. M\u00e1ster en Gesti\u00f3n Ambiental de la Universidad de Duke. Experto en sostenibilidad ambiental y responsabilidad social corporativa. Desarrollador de est\u00e1ndares de informes de sostenibilidad y autor del libro: Cambiar las empresas desde adentro. La gu\u00eda de un ecologista para trabajar en corporaciones. Actualmente es Director Ejecutivo de Global Reporting Initiative (GRI).<\/figcaption><\/figure>\n<\/div>\n\n\n\n<div class=\"wp-block-column is-layout-flow wp-block-column-is-layout-flow\">\n<figure class=\"wp-block-image size-large\"><img loading=\"lazy\" decoding=\"async\" width=\"500\" height=\"500\" src=\"https:\/\/rsrevista.org\/edicion92\/wp-content\/uploads\/sites\/4\/2020\/07\/Camilo-Orbegozo_EDITADA.jpg\" alt=\"\" class=\"wp-image-2467\" srcset=\"https:\/\/rsrevista.org\/edicion92\/wp-content\/uploads\/sites\/4\/2020\/07\/Camilo-Orbegozo_EDITADA.jpg 500w, https:\/\/rsrevista.org\/edicion92\/wp-content\/uploads\/sites\/4\/2020\/07\/Camilo-Orbegozo_EDITADA-300x300.jpg 300w, https:\/\/rsrevista.org\/edicion92\/wp-content\/uploads\/sites\/4\/2020\/07\/Camilo-Orbegozo_EDITADA-150x150.jpg 150w\" sizes=\"(max-width: 500px) 100vw, 500px\" \/><figcaption><strong>Camilo Orbegozo<\/strong><br>Ingeniero Industrial de la Universidad de los Andes, M\u00e1ster en Gesti\u00f3n de la Cadena<br>de Suministro de la Universidad de Portsmouth y profesional certificado en Cadena de Suministro (CSCP) por APICS. Experto en generaci\u00f3n de valor con Gemelos Digitales de Cadenas de Suministro. Actualmente es Director-Customer Success Strategy en LLamasoft, Latam.<\/figcaption><\/figure>\n<\/div>\n\n\n\n<div class=\"wp-block-column is-layout-flow wp-block-column-is-layout-flow\">\n<figure class=\"wp-block-image size-large\"><img loading=\"lazy\" decoding=\"async\" width=\"500\" height=\"500\" src=\"https:\/\/rsrevista.org\/edicion92\/wp-content\/uploads\/sites\/4\/2020\/07\/Felipe-Palacios_EDITADA.jpg\" alt=\"\" class=\"wp-image-2469\" srcset=\"https:\/\/rsrevista.org\/edicion92\/wp-content\/uploads\/sites\/4\/2020\/07\/Felipe-Palacios_EDITADA.jpg 500w, https:\/\/rsrevista.org\/edicion92\/wp-content\/uploads\/sites\/4\/2020\/07\/Felipe-Palacios_EDITADA-300x300.jpg 300w, https:\/\/rsrevista.org\/edicion92\/wp-content\/uploads\/sites\/4\/2020\/07\/Felipe-Palacios_EDITADA-150x150.jpg 150w\" sizes=\"(max-width: 500px) 100vw, 500px\" \/><figcaption><strong>Felipe Palacios<br><\/strong>Ph.D. en Biolog\u00eda Molecular de la Universidad de Notre Dame y M\u00e1ster en Administraci\u00f3n de Empresas de Tulane University. Cuenta con 20 a\u00f1os de experiencia en la industria farmac\u00e9utica. Fue Presidente de PIA (Pharmaceutical Industry Asociation) y Director Comercial Regional de Abbott para Am\u00e9rica Latina. Actualmente es Gerente General Regional Norte de la Bio-farmac\u00e9utica AbbVie.<\/figcaption><\/figure>\n<\/div>\n<\/div>\n\n\n\n<div class=\"wp-block-columns is-layout-flex wp-container-core-columns-is-layout-6 wp-block-columns-is-layout-flex\">\n<div class=\"wp-block-column is-layout-flow wp-block-column-is-layout-flow\">\n<figure class=\"wp-block-image size-large\"><img loading=\"lazy\" decoding=\"async\" width=\"500\" height=\"500\" src=\"https:\/\/rsrevista.org\/edicion92\/wp-content\/uploads\/sites\/4\/2020\/07\/Andr\u00e9s-Rosas_EDITADA.jpg\" alt=\"\" class=\"wp-image-2470\" srcset=\"https:\/\/rsrevista.org\/edicion92\/wp-content\/uploads\/sites\/4\/2020\/07\/Andr\u00e9s-Rosas_EDITADA.jpg 500w, https:\/\/rsrevista.org\/edicion92\/wp-content\/uploads\/sites\/4\/2020\/07\/Andr\u00e9s-Rosas_EDITADA-300x300.jpg 300w, https:\/\/rsrevista.org\/edicion92\/wp-content\/uploads\/sites\/4\/2020\/07\/Andr\u00e9s-Rosas_EDITADA-150x150.jpg 150w\" sizes=\"(max-width: 500px) 100vw, 500px\" \/><figcaption><strong>Andr\u00e9s Rosas<br><\/strong>Ingeniero industrial y MBA de la Universidad de los Andes, M\u00e1ster en Cadenas de Suministro y Log\u00edstica del programa de MIT Supply Chain and Logistics Excellence (SCALE). Actualmente es Gerente SR. de Proveedores en el \u00e1rea de Programas de Cadena de Abastecimiento para laEurozona, Amazon.<\/figcaption><\/figure>\n<\/div>\n\n\n\n<div class=\"wp-block-column is-layout-flow wp-block-column-is-layout-flow\">\n<figure class=\"wp-block-image size-large\"><img loading=\"lazy\" decoding=\"async\" width=\"500\" height=\"500\" src=\"https:\/\/rsrevista.org\/edicion92\/wp-content\/uploads\/sites\/4\/2020\/07\/Maria-angela-sotoeditada.jpg\" alt=\"\" class=\"wp-image-2471\" srcset=\"https:\/\/rsrevista.org\/edicion92\/wp-content\/uploads\/sites\/4\/2020\/07\/Maria-angela-sotoeditada.jpg 500w, https:\/\/rsrevista.org\/edicion92\/wp-content\/uploads\/sites\/4\/2020\/07\/Maria-angela-sotoeditada-300x300.jpg 300w, https:\/\/rsrevista.org\/edicion92\/wp-content\/uploads\/sites\/4\/2020\/07\/Maria-angela-sotoeditada-150x150.jpg 150w\" sizes=\"(max-width: 500px) 100vw, 500px\" \/><figcaption><strong>Mar\u00eda \u00c1ngela Soto<\/strong><br>Ingeniera de Sistemas de la Universidad del Valle y M\u00e1ster en Direcci\u00f3n de Log\u00edstica y de la Cadena de Suministro IMF Business School de la Universidad Camilo Jos\u00e9 Cela. Cuenta con 19 a\u00f1os de experiencia como gerente de log\u00edstica en compa\u00f1\u00edas de consumo masivo y retail en Colombia. Actualmente es CEO de Prana MAS S.A.S.<\/figcaption><\/figure>\n<\/div>\n\n\n\n<div class=\"wp-block-column is-layout-flow wp-block-column-is-layout-flow\">\n<figure class=\"wp-block-image size-large\"><img loading=\"lazy\" decoding=\"async\" width=\"500\" height=\"500\" src=\"https:\/\/rsrevista.org\/edicion92\/wp-content\/uploads\/sites\/4\/2020\/07\/Andr\u00e9s-TrujilloEDITADA.jpg\" alt=\"\" class=\"wp-image-2472\" srcset=\"https:\/\/rsrevista.org\/edicion92\/wp-content\/uploads\/sites\/4\/2020\/07\/Andr\u00e9s-TrujilloEDITADA.jpg 500w, https:\/\/rsrevista.org\/edicion92\/wp-content\/uploads\/sites\/4\/2020\/07\/Andr\u00e9s-TrujilloEDITADA-300x300.jpg 300w, https:\/\/rsrevista.org\/edicion92\/wp-content\/uploads\/sites\/4\/2020\/07\/Andr\u00e9s-TrujilloEDITADA-150x150.jpg 150w\" sizes=\"(max-width: 500px) 100vw, 500px\" \/><figcaption><strong>Andr\u00e9s Trujillo<br><\/strong>Ingeniero Industrial de la Pontificia Universidad Javeriana y M\u00e1ster en Administraci\u00f3n de Negocios. Cuenta con amplia experiencia en procesos de cadenas de abastecimiento y comerciales en empresas de consumo masivo y restaurantes. Actualmente es Director de Cadena de Abastecimiento en Procafecol S.A (empresa que opera la marca Juan Valdez).<\/figcaption><\/figure>\n<\/div>\n<\/div>\n\n\n\n<div class=\"wp-block-columns is-layout-flex wp-container-core-columns-is-layout-7 wp-block-columns-is-layout-flex\">\n<div class=\"wp-block-column is-layout-flow wp-block-column-is-layout-flow\">\n<figure class=\"wp-block-image size-large\"><img loading=\"lazy\" decoding=\"async\" width=\"500\" height=\"500\" src=\"https:\/\/rsrevista.org\/edicion92\/wp-content\/uploads\/sites\/4\/2020\/07\/Cesar-vera-EDITADA.jpg\" alt=\"\" class=\"wp-image-2473\" srcset=\"https:\/\/rsrevista.org\/edicion92\/wp-content\/uploads\/sites\/4\/2020\/07\/Cesar-vera-EDITADA.jpg 500w, https:\/\/rsrevista.org\/edicion92\/wp-content\/uploads\/sites\/4\/2020\/07\/Cesar-vera-EDITADA-300x300.jpg 300w, https:\/\/rsrevista.org\/edicion92\/wp-content\/uploads\/sites\/4\/2020\/07\/Cesar-vera-EDITADA-150x150.jpg 150w\" sizes=\"(max-width: 500px) 100vw, 500px\" \/><figcaption><strong>C\u00e9sar Vera<\/strong><br>Ingeniero Industrial de la Universidad Cat\u00f3lica de Colombia, Especialista en Finanzas de la Universidad de La Sabana, con estudios en Alta Direcci\u00f3n de Log\u00edstica y Operaciones, y Gerencia de redes de Abastecimiento e Innovaci\u00f3n para el Desarrollo Empresarial. Ha sido nombrado como el Mejor Gerente de Log\u00edstica de Colombia por la Revista Gerente en 2010 y 2019. Actualmente es el Director de Operaciones de Alquer\u00eda.<\/figcaption><\/figure>\n<\/div>\n\n\n\n<div class=\"wp-block-column is-layout-flow wp-block-column-is-layout-flow\"><\/div>\n\n\n\n<div class=\"wp-block-column is-layout-flow wp-block-column-is-layout-flow\"><\/div>\n<\/div>\n","protected":false},"excerpt":{"rendered":"Mauricio AlonsoIngeniero Industrial de la Universidad Incca de Colombia. Especialista en Gerencia de Producci\u00f3n y Operaciones de la Universidad de La Sabana y Especialista en Coaching y Liderazgo Cu\u00e1ntico de la Academia Europea de Neurociencias, Econom\u00eda y Humanidades. Cuenta con m\u00e1s de 20 a\u00f1os de experiencia en log\u00edstica y operaciones en empresas nacionales y multinacionales. [...]","protected":false},"author":2,"featured_media":0,"comment_status":"open","ping_status":"open","sticky":false,"template":"","format":"standard","meta":{"footnotes":""},"categories":[1],"tags":[],"class_list":["post-2452","post","type-post","status-publish","format-standard","hentry","category-uncategorized"],"yoast_head":"<!-- This site is optimized with the Yoast SEO plugin v23.9 - https:\/\/yoast.com\/wordpress\/plugins\/seo\/ -->\n<title>Colaboradores - Revista RS Edici\u00f3n 92<\/title>\n<meta name=\"robots\" content=\"index, follow, max-snippet:-1, max-image-preview:large, max-video-preview:-1\" \/>\n<link rel=\"canonical\" href=\"https:\/\/rsrevista.org\/edicion92\/2020\/07\/31\/colaboradores\/\" \/>\n<meta property=\"og:locale\" content=\"es_ES\" \/>\n<meta property=\"og:type\" content=\"article\" \/>\n<meta property=\"og:title\" content=\"Colaboradores - Revista RS Edici\u00f3n 92\" \/>\n<meta property=\"og:url\" content=\"https:\/\/rsrevista.org\/edicion92\/2020\/07\/31\/colaboradores\/\" \/>\n<meta property=\"og:site_name\" content=\"Revista RS Edici\u00f3n 92\" \/>\n<meta property=\"article:published_time\" content=\"2020-07-31T05:23:00+00:00\" \/>\n<meta property=\"article:modified_time\" content=\"2020-09-05T22:27:51+00:00\" \/>\n<meta property=\"og:image\" content=\"https:\/\/rsrevista.org\/edicion92\/wp-content\/uploads\/sites\/4\/2020\/07\/Mauricio-Alonso_editada.jpg\" \/>\n<meta name=\"twitter:card\" content=\"summary_large_image\" \/>\n<meta name=\"twitter:label1\" content=\"Escrito por\" \/>\n\t<meta name=\"twitter:data1\" content=\"\" \/>\n\t<meta name=\"twitter:label2\" content=\"Tiempo de lectura\" \/>\n\t<meta name=\"twitter:data2\" content=\"6 minutos\" \/>\n<script type=\"application\/ld+json\" class=\"yoast-schema-graph\">{\"@context\":\"https:\/\/schema.org\",\"@graph\":[{\"@type\":\"WebPage\",\"@id\":\"https:\/\/rsrevista.org\/edicion92\/2020\/07\/31\/colaboradores\/\",\"url\":\"https:\/\/rsrevista.org\/edicion92\/2020\/07\/31\/colaboradores\/\",\"name\":\"Colaboradores - Revista RS Edici\u00f3n 92\",\"isPartOf\":{\"@id\":\"https:\/\/rsrevista.org\/edicion92\/#website\"},\"primaryImageOfPage\":{\"@id\":\"https:\/\/rsrevista.org\/edicion92\/2020\/07\/31\/colaboradores\/#primaryimage\"},\"image\":{\"@id\":\"https:\/\/rsrevista.org\/edicion92\/2020\/07\/31\/colaboradores\/#primaryimage\"},\"thumbnailUrl\":\"https:\/\/rsrevista.org\/edicion92\/wp-content\/uploads\/sites\/4\/2020\/07\/Mauricio-Alonso_editada.jpg\",\"datePublished\":\"2020-07-31T05:23:00+00:00\",\"dateModified\":\"2020-09-05T22:27:51+00:00\",\"author\":{\"@id\":\"\"},\"breadcrumb\":{\"@id\":\"https:\/\/rsrevista.org\/edicion92\/2020\/07\/31\/colaboradores\/#breadcrumb\"},\"inLanguage\":\"es\",\"potentialAction\":[{\"@type\":\"ReadAction\",\"target\":[\"https:\/\/rsrevista.org\/edicion92\/2020\/07\/31\/colaboradores\/\"]}]},{\"@type\":\"ImageObject\",\"inLanguage\":\"es\",\"@id\":\"https:\/\/rsrevista.org\/edicion92\/2020\/07\/31\/colaboradores\/#primaryimage\",\"url\":\"https:\/\/rsrevista.org\/edicion92\/wp-content\/uploads\/sites\/4\/2020\/07\/Mauricio-Alonso_editada.jpg\",\"contentUrl\":\"https:\/\/rsrevista.org\/edicion92\/wp-content\/uploads\/sites\/4\/2020\/07\/Mauricio-Alonso_editada.jpg\",\"width\":500,\"height\":500},{\"@type\":\"BreadcrumbList\",\"@id\":\"https:\/\/rsrevista.org\/edicion92\/2020\/07\/31\/colaboradores\/#breadcrumb\",\"itemListElement\":[{\"@type\":\"ListItem\",\"position\":1,\"name\":\"Portada\",\"item\":\"https:\/\/rsrevista.org\/edicion92\/\"},{\"@type\":\"ListItem\",\"position\":2,\"name\":\"Colaboradores\"}]},{\"@type\":\"WebSite\",\"@id\":\"https:\/\/rsrevista.org\/edicion92\/#website\",\"url\":\"https:\/\/rsrevista.org\/edicion92\/\",\"name\":\"Revista RS Edici\u00f3n 92\",\"description\":\"Responsabilidad social y sostenibilidad\",\"potentialAction\":[{\"@type\":\"SearchAction\",\"target\":{\"@type\":\"EntryPoint\",\"urlTemplate\":\"https:\/\/rsrevista.org\/edicion92\/?s={search_term_string}\"},\"query-input\":{\"@type\":\"PropertyValueSpecification\",\"valueRequired\":true,\"valueName\":\"search_term_string\"}}],\"inLanguage\":\"es\"},{\"@type\":\"Person\",\"@id\":\"\",\"url\":\"https:\/\/rsrevista.org\/edicion92\/author\/\"}]}<\/script>\n<!-- \/ Yoast SEO plugin. -->","yoast_head_json":{"title":"Colaboradores - Revista RS Edici\u00f3n 92","robots":{"index":"index","follow":"follow","max-snippet":"max-snippet:-1","max-image-preview":"max-image-preview:large","max-video-preview":"max-video-preview:-1"},"canonical":"https:\/\/rsrevista.org\/edicion92\/2020\/07\/31\/colaboradores\/","og_locale":"es_ES","og_type":"article","og_title":"Colaboradores - Revista RS Edici\u00f3n 92","og_url":"https:\/\/rsrevista.org\/edicion92\/2020\/07\/31\/colaboradores\/","og_site_name":"Revista RS Edici\u00f3n 92","article_published_time":"2020-07-31T05:23:00+00:00","article_modified_time":"2020-09-05T22:27:51+00:00","og_image":[{"url":"https:\/\/rsrevista.org\/edicion92\/wp-content\/uploads\/sites\/4\/2020\/07\/Mauricio-Alonso_editada.jpg"}],"twitter_card":"summary_large_image","twitter_misc":{"Escrito por":"","Tiempo de lectura":"6 minutos"},"schema":{"@context":"https:\/\/schema.org","@graph":[{"@type":"WebPage","@id":"https:\/\/rsrevista.org\/edicion92\/2020\/07\/31\/colaboradores\/","url":"https:\/\/rsrevista.org\/edicion92\/2020\/07\/31\/colaboradores\/","name":"Colaboradores - Revista RS Edici\u00f3n 92","isPartOf":{"@id":"https:\/\/rsrevista.org\/edicion92\/#website"},"primaryImageOfPage":{"@id":"https:\/\/rsrevista.org\/edicion92\/2020\/07\/31\/colaboradores\/#primaryimage"},"image":{"@id":"https:\/\/rsrevista.org\/edicion92\/2020\/07\/31\/colaboradores\/#primaryimage"},"thumbnailUrl":"https:\/\/rsrevista.org\/edicion92\/wp-content\/uploads\/sites\/4\/2020\/07\/Mauricio-Alonso_editada.jpg","datePublished":"2020-07-31T05:23:00+00:00","dateModified":"2020-09-05T22:27:51+00:00","author":{"@id":""},"breadcrumb":{"@id":"https:\/\/rsrevista.org\/edicion92\/2020\/07\/31\/colaboradores\/#breadcrumb"},"inLanguage":"es","potentialAction":[{"@type":"ReadAction","target":["https:\/\/rsrevista.org\/edicion92\/2020\/07\/31\/colaboradores\/"]}]},{"@type":"ImageObject","inLanguage":"es","@id":"https:\/\/rsrevista.org\/edicion92\/2020\/07\/31\/colaboradores\/#primaryimage","url":"https:\/\/rsrevista.org\/edicion92\/wp-content\/uploads\/sites\/4\/2020\/07\/Mauricio-Alonso_editada.jpg","contentUrl":"https:\/\/rsrevista.org\/edicion92\/wp-content\/uploads\/sites\/4\/2020\/07\/Mauricio-Alonso_editada.jpg","width":500,"height":500},{"@type":"BreadcrumbList","@id":"https:\/\/rsrevista.org\/edicion92\/2020\/07\/31\/colaboradores\/#breadcrumb","itemListElement":[{"@type":"ListItem","position":1,"name":"Portada","item":"https:\/\/rsrevista.org\/edicion92\/"},{"@type":"ListItem","position":2,"name":"Colaboradores"}]},{"@type":"WebSite","@id":"https:\/\/rsrevista.org\/edicion92\/#website","url":"https:\/\/rsrevista.org\/edicion92\/","name":"Revista RS Edici\u00f3n 92","description":"Responsabilidad social y sostenibilidad","potentialAction":[{"@type":"SearchAction","target":{"@type":"EntryPoint","urlTemplate":"https:\/\/rsrevista.org\/edicion92\/?s={search_term_string}"},"query-input":{"@type":"PropertyValueSpecification","valueRequired":true,"valueName":"search_term_string"}}],"inLanguage":"es"},{"@type":"Person","@id":"","url":"https:\/\/rsrevista.org\/edicion92\/author\/"}]}},"_links":{"self":[{"href":"https:\/\/rsrevista.org\/edicion92\/wp-json\/wp\/v2\/posts\/2452"}],"collection":[{"href":"https:\/\/rsrevista.org\/edicion92\/wp-json\/wp\/v2\/posts"}],"about":[{"href":"https:\/\/rsrevista.org\/edicion92\/wp-json\/wp\/v2\/types\/post"}],"author":[{"embeddable":true,"href":"https:\/\/rsrevista.org\/edicion92\/wp-json\/wp\/v2\/users\/2"}],"replies":[{"embeddable":true,"href":"https:\/\/rsrevista.org\/edicion92\/wp-json\/wp\/v2\/comments?post=2452"}],"version-history":[{"count":6,"href":"https:\/\/rsrevista.org\/edicion92\/wp-json\/wp\/v2\/posts\/2452\/revisions"}],"predecessor-version":[{"id":3451,"href":"https:\/\/rsrevista.org\/edicion92\/wp-json\/wp\/v2\/posts\/2452\/revisions\/3451"}],"wp:attachment":[{"href":"https:\/\/rsrevista.org\/edicion92\/wp-json\/wp\/v2\/media?parent=2452"}],"wp:term":[{"taxonomy":"category","embeddable":true,"href":"https:\/\/rsrevista.org\/edicion92\/wp-json\/wp\/v2\/categories?post=2452"},{"taxonomy":"post_tag","embeddable":true,"href":"https:\/\/rsrevista.org\/edicion92\/wp-json\/wp\/v2\/tags?post=2452"}],"curies":[{"name":"wp","href":"https:\/\/api.w.org\/{rel}","templated":true}]}}