{"id":2234,"date":"2020-07-30T17:39:20","date_gmt":"2020-07-30T17:39:20","guid":{"rendered":"https:\/\/rsrevista.org\/edicion92\/?p=2234"},"modified":"2020-09-06T23:03:48","modified_gmt":"2020-09-06T23:03:48","slug":"por-que-la-sostenibilidad-en-la-cadena-de-suministro-es-una-metrica-empresarial-fundamental","status":"publish","type":"post","link":"https:\/\/rsrevista.org\/edicion92\/2020\/07\/30\/por-que-la-sostenibilidad-en-la-cadena-de-suministro-es-una-metrica-empresarial-fundamental\/","title":{"rendered":"\u00bfPor qu\u00e9 la sostenibilidad en la cadena de suministro es una m\u00e9trica empresarial fundamental?"},"content":{"rendered":"\n<div class=\"author-profile\">\n<h5>Tim Mohin<\/h5>\n<p>Licenciado en Biolog\u00eda de la Universidad Estatal de Nueva York en Cortland. M\u00e1ster en Gesti\u00f3n Ambiental de la Universidad de Duke. Experto en sostenibilidad ambiental y responsabilidad social corporativa. Desarrollador de est\u00e1ndares de informes de sostenibilidad y autor del libro: Cambiar las empresas desde adentro. La gu\u00eda de un ecologista para trabajar en corporaciones. Actualmente es Director Ejecutivo de Global Reporting Initiative (GRI).<\/p>\n<\/div>\n\n\n<p><img loading=\"lazy\" decoding=\"async\" class=\"aligncenter wp-image-2236 size-full author-image\" src=\"https:\/\/rsrevista.org\/edicion92\/wp-content\/uploads\/sites\/4\/2020\/07\/Tim-Mohin.jpg\" alt=\"\" width=\"1920\" height=\"1080\" srcset=\"https:\/\/rsrevista.org\/edicion92\/wp-content\/uploads\/sites\/4\/2020\/07\/Tim-Mohin.jpg 1920w, https:\/\/rsrevista.org\/edicion92\/wp-content\/uploads\/sites\/4\/2020\/07\/Tim-Mohin-300x169.jpg 300w, https:\/\/rsrevista.org\/edicion92\/wp-content\/uploads\/sites\/4\/2020\/07\/Tim-Mohin-1024x576.jpg 1024w, https:\/\/rsrevista.org\/edicion92\/wp-content\/uploads\/sites\/4\/2020\/07\/Tim-Mohin-768x432.jpg 768w, https:\/\/rsrevista.org\/edicion92\/wp-content\/uploads\/sites\/4\/2020\/07\/Tim-Mohin-1536x864.jpg 1536w, https:\/\/rsrevista.org\/edicion92\/wp-content\/uploads\/sites\/4\/2020\/07\/Tim-Mohin-1170x658.jpg 1170w, https:\/\/rsrevista.org\/edicion92\/wp-content\/uploads\/sites\/4\/2020\/07\/Tim-Mohin-800x450.jpg 800w\" sizes=\"(max-width: 1920px) 100vw, 1920px\" \/><\/p>\n<p><span style=\"font-weight: 400;\">Si hay algo que la pandemia de coronavirus ha dejado m\u00e1s claro que nunca es que los eventos que ocurren en un lugar pueden tener efectos en todo el mundo. Vivimos y trabajamos en una sociedad global interconectada y eso significa que la forma en que las empresas cumplen con sus obligaciones, y si operan de manera responsable, est\u00e1 cada vez m\u00e1s en el centro de atenci\u00f3n.\u00a0<\/span><\/p>\n<p><span style=\"font-weight: 400;\">Los riesgos de la sostenibilidad corporativa con frecuencia surgen como resultado de una mala gesti\u00f3n de la cadena de suministro. De hecho, la forma en que las empresas subcontratan, compran materiales y obtienen servicios a menudo determina la mayor\u00eda de sus impactos sociales y ambientales. Por ejemplo, en sectores como alimentos, servicios financieros, sectores automotriz y minorista puede ser m\u00e1s del 90%, seg\u00fan una investigaci\u00f3n de UN-PRI.\u00a0<\/span><\/p>\n<p><span style=\"font-weight: 400;\">Es por esto que es crucial comprender y asumir la responsabilidad de los impactos m\u00e1s extensamente. Por esta raz\u00f3n, GRI apoya los objetivos de las empresas BIC (Sociedades Comerciales de Beneficio e Inter\u00e9s Colectivo) en Colombia. Esta iniciativa anima a las empresas a reconocer y respetar a sus grupos de inter\u00e9s m\u00e1s all\u00e1 de los accionistas, y aplicar este modelo a la forma en que interact\u00faan con los proveedores y otras empresas de su sector.\u00a0<\/span><\/p>\n<p><img loading=\"lazy\" decoding=\"async\" class=\"alignnone size-large wp-image-2746\" src=\"https:\/\/rsrevista.org\/edicion92\/wp-content\/uploads\/sites\/4\/2020\/07\/1timmohin-1024x576.jpg\" alt=\"\" width=\"1024\" height=\"576\" srcset=\"https:\/\/rsrevista.org\/edicion92\/wp-content\/uploads\/sites\/4\/2020\/07\/1timmohin-1024x576.jpg 1024w, https:\/\/rsrevista.org\/edicion92\/wp-content\/uploads\/sites\/4\/2020\/07\/1timmohin-300x169.jpg 300w, https:\/\/rsrevista.org\/edicion92\/wp-content\/uploads\/sites\/4\/2020\/07\/1timmohin-768x432.jpg 768w, https:\/\/rsrevista.org\/edicion92\/wp-content\/uploads\/sites\/4\/2020\/07\/1timmohin-1536x864.jpg 1536w, https:\/\/rsrevista.org\/edicion92\/wp-content\/uploads\/sites\/4\/2020\/07\/1timmohin-1170x658.jpg 1170w, https:\/\/rsrevista.org\/edicion92\/wp-content\/uploads\/sites\/4\/2020\/07\/1timmohin-800x450.jpg 800w, https:\/\/rsrevista.org\/edicion92\/wp-content\/uploads\/sites\/4\/2020\/07\/1timmohin.jpg 1920w\" sizes=\"(max-width: 1024px) 100vw, 1024px\" \/><\/p>\n<p><span style=\"font-weight: 400;\">Son bien conocidos los ejemplos de alto perfil de grandes empresas multinacionales que no han podido percibir los riesgos de sostenibilidad en las f\u00e1bricas que elaboran sus productos y piezas, particularmente en los sectores de tecnolog\u00eda y textil.\u00a0 Pueden surgir serias preocupaciones en cualquier lugar, pero a veces se ocultan en la base de la cadena de suministro.\u00a0<\/span><\/p>\n<p><span style=\"font-weight: 400;\">Un estudio realizado por Harvard Business Review en 2020 encontr\u00f3 incidentes generalizados de violaciones de derechos humanos y ambientales, as\u00ed como otras violaciones preocupantes en las cadenas de suministro de nivel inferior en todos los pa\u00edses estudiados (Estados Unidos, M\u00e9xico, China y Taiw\u00e1n). Este estudio y otros similares demuestran la necesidad de la transparencia en todos los niveles de la cadena de suministro si se quieren mantener altos est\u00e1ndares.\u00a0\u00a0<\/span><\/p>\n<blockquote>\n<p><span style=\"font-weight: 400;\">Las cadenas de suministro generalmente se optimizan entre tres \u00e1reas: precio, calidad, y entrega. Los l\u00edderes empresariales responsables est\u00e1n agregando una cuarta m\u00e9trica a la lista: la sostenibilidad. Encontrar formas nuevas y responsables de hacer negocios, les permite a muchas empresas descubrir el valor comercial adicional que se genera al comprometerse con la rendici\u00f3n de cuentas y la transparencia.<\/span><\/p>\n<\/blockquote>\n<p class=\"eut-dropcap\">Anteriormente en mi propia carrera, he ejercido diferentes cargos que inclu\u00edan evaluar la responsabilidad del proveedor, en el sector privado y con la colaboraci\u00f3n de la industria. Trabajar con sus proveedores en pr\u00e1cticas comerciales responsables puede ser una de las formas con mayor impacto para impulsar los beneficios de la sostenibilidad a escala.<\/p>\n<p><span style=\"font-weight: 400;\">No solo las grandes empresas pueden beneficiarse de cadenas de suministro sostenibles y bien administradas. Las empresas m\u00e1s peque\u00f1as en la cadena de valor pueden obtener una ventaja competitiva con compradores de mentalidad responsable al demostrar sus credenciales de sostenibilidad.\u00a0<\/span><\/p>\n<p>En Colombia y en econom\u00edas emergentes seleccionadas de todo el mundo, GRI est\u00e1 brindando a las peque\u00f1as y medianas empresas (PYMES) y a los proveedores un apoyo espec\u00edfico a trav\u00e9s del Programa de Sostenibilidad Corporativa e Informes para Negocios Competitivos (Corporate Sustainability and Reporting for Competitive Business, CSRCB por sus siglas en ingl\u00e9s), utilizando el poder de los informes para ayudar a las PYMES y a los proveedores a aumentar su transparencia y como resultado facilitar su acceso al mercado.<\/p>\n<p><span style=\"font-weight: 400;\">Este programa, que cuenta con el apoyo del Gobierno suizo, permite a las PYMES y a los proveedores mejorar su integraci\u00f3n en las cadenas globales de valor y lograr un crecimiento sostenible. El Hub Regional de GRI Hispanoam\u00e9rica con sede en Bogot\u00e1 coordina el programa nacional en Colombia y hasta ahora ha involucrado a m\u00e1s de 380 empresas. Por su parte, el programa CSRCB en Per\u00fa ha involucrado a aproximadamente 550 empresas.\u00a0<\/span><\/p>\n<blockquote>\n<p><span style=\"font-weight: 400;\">M\u00faltiples grupos de inter\u00e9s quieren conocer el historial de sostenibilidad de una empresa, ya sean gobiernos, sociedad civil, inversionistas, empleados o consumidores. La demanda de divulgaci\u00f3n de sostenibilidad confiable, comparable y transparente ha aumentado.<\/span><\/p>\n<\/blockquote>\n<p class=\"eut-dropcap\">Los principales inversionistas comprenden que las empresas bien administradas, con cadenas de suministro transparentes, ofrecen oportunidades de inversi\u00f3n de menor riesgo. Investigaciones recientes, publicadas en el Financial Analysts Journal, encontraron que m\u00e1s del 80% de los principales inversionistas conf\u00edan en los contenidos de los informes de sostenibilidad para tomar decisiones informadas. Es por eso que las empresas que pueden demostrar que tienen un suministro sostenible y responsable est\u00e1n mejor posicionadas para atraer capital y diferenciarse de la competencia.<\/p>\n<p><span style=\"font-weight: 400;\">En todo el mundo estamos viendo la tendencia por parte de los gobiernos de introducir pol\u00edticas que exigen que las empresas informen sobre su gesti\u00f3n de la cadena de suministro en cuestiones de sostenibilidad. Estos incluyen la legislaci\u00f3n sobre esclavitud moderna en el Reino Unido, la regulaci\u00f3n del conflicto de abastecimiento de minerales en los EE. UU. y la Uni\u00f3n Europea, las nuevas leyes ambientales en China, la legislaci\u00f3n contra la trata de personas en los EE. UU., por nombrar solo algunas.<\/span><\/p>\n<p><span style=\"font-weight: 400;\">Los Est\u00e1ndares GRI, el marco de informes de sostenibilidad m\u00e1s utilizado en el mundo, ayudan a las organizaciones a cumplir con sus obligaciones con sus grupos de inter\u00e9s y divulgar sus impactos de una manera significativa y comparable. El Est\u00e1ndar de Pr\u00e1cticas de Adquisici\u00f3n de GRI, por ejemplo, se enfoca en c\u00f3mo una empresa puede apoyar a sus proveedores locales, creando un panorama completo de los impactos a lo largo de la cadena de suministro.<\/span><\/p>\n<p><span style=\"font-weight: 400;\">GRI trabaja con Objetivos de Desarrollo Sostenible Colombia con el apoyo del SDG Corporate Tracker, que mide la contribuci\u00f3n de las empresas del sector privado hacia los Objetivos de Desarrollo Sostenible, utilizando informes con los Est\u00e1ndares GRI como punto de referencia. Esta herramienta reconoce la importancia de que las empresas trabajen con sus proveedores para contribuir al progreso de los ODS de Colombia, lo que agrega otro incentivo para que las empresas se comprometan con la responsabilidad de los proveedores.<\/span><\/p>\n<p><span style=\"font-weight: 400;\">M\u00e1s adelante, cuando reflexionemos sobre la crisis de COVID-19, las empresas que comprendan y se responsabilicen de sus impactos a lo largo de sus cadenas de suministro ser\u00e1n las m\u00e1s resilientes. Estas son las organizaciones que pueden generar confianza con sus grupos de inter\u00e9s, gestionar los riesgos de manera efectiva y crecer de manera sostenible a largo plazo.\u00a0\u00a0<\/span><\/p>\n<p><img loading=\"lazy\" decoding=\"async\" class=\"alignnone  wp-image-3452\" src=\"https:\/\/rsrevista.org\/edicion92\/wp-content\/uploads\/sites\/4\/2020\/07\/IngofrafiaGRI_20200903-03-549x1024.jpg\" alt=\"\" width=\"901\" height=\"1681\" srcset=\"https:\/\/rsrevista.org\/edicion92\/wp-content\/uploads\/sites\/4\/2020\/07\/IngofrafiaGRI_20200903-03-549x1024.jpg 549w, https:\/\/rsrevista.org\/edicion92\/wp-content\/uploads\/sites\/4\/2020\/07\/IngofrafiaGRI_20200903-03-161x300.jpg 161w, https:\/\/rsrevista.org\/edicion92\/wp-content\/uploads\/sites\/4\/2020\/07\/IngofrafiaGRI_20200903-03.jpg 681w\" sizes=\"(max-width: 901px) 100vw, 901px\" \/><\/p>","protected":false},"excerpt":{"rendered":"<p><strong>Por<\/strong>: Tim Mohin, Director<br \/>\nEjecutivo de Global Reporting Initiative (GRI).<\/p>\n","protected":false},"author":2,"featured_media":2754,"comment_status":"open","ping_status":"open","sticky":false,"template":"","format":"standard","meta":{"footnotes":""},"categories":[29],"tags":[],"class_list":["post-2234","post","type-post","status-publish","format-standard","has-post-thumbnail","hentry","category-tema-central"],"yoast_head":"<!-- This site is optimized with the Yoast SEO plugin v23.9 - https:\/\/yoast.com\/wordpress\/plugins\/seo\/ -->\n<title>\u00bfPor qu\u00e9 la sostenibilidad en la cadena de suministro es una m\u00e9trica empresarial fundamental? - Revista RS Edici\u00f3n 92<\/title>\n<meta name=\"robots\" content=\"index, follow, max-snippet:-1, max-image-preview:large, max-video-preview:-1\" \/>\n<link rel=\"canonical\" href=\"https:\/\/rsrevista.org\/edicion92\/2020\/07\/30\/por-que-la-sostenibilidad-en-la-cadena-de-suministro-es-una-metrica-empresarial-fundamental\/\" \/>\n<meta property=\"og:locale\" content=\"es_ES\" \/>\n<meta property=\"og:type\" content=\"article\" \/>\n<meta property=\"og:title\" content=\"\u00bfPor qu\u00e9 la sostenibilidad en la cadena de suministro es una m\u00e9trica empresarial fundamental? - Revista RS Edici\u00f3n 92\" \/>\n<meta property=\"og:description\" content=\"Por: Tim Mohin, Director Ejecutivo de Global Reporting Initiative (GRI).\" \/>\n<meta property=\"og:url\" content=\"https:\/\/rsrevista.org\/edicion92\/2020\/07\/30\/por-que-la-sostenibilidad-en-la-cadena-de-suministro-es-una-metrica-empresarial-fundamental\/\" \/>\n<meta property=\"og:site_name\" content=\"Revista RS Edici\u00f3n 92\" \/>\n<meta property=\"article:published_time\" content=\"2020-07-30T17:39:20+00:00\" \/>\n<meta property=\"article:modified_time\" content=\"2020-09-06T23:03:48+00:00\" \/>\n<meta property=\"og:image\" content=\"https:\/\/rsrevista.org\/edicion92\/wp-content\/uploads\/sites\/4\/2020\/07\/2timmohin-1.jpg\" \/>\n\t<meta property=\"og:image:width\" content=\"1920\" \/>\n\t<meta property=\"og:image:height\" content=\"1080\" \/>\n\t<meta property=\"og:image:type\" content=\"image\/jpeg\" \/>\n<meta name=\"twitter:card\" content=\"summary_large_image\" \/>\n<meta name=\"twitter:label1\" content=\"Escrito por\" \/>\n\t<meta name=\"twitter:data1\" content=\"\" \/>\n\t<meta name=\"twitter:label2\" content=\"Tiempo de lectura\" \/>\n\t<meta name=\"twitter:data2\" content=\"6 minutos\" \/>\n<script type=\"application\/ld+json\" class=\"yoast-schema-graph\">{\"@context\":\"https:\/\/schema.org\",\"@graph\":[{\"@type\":\"WebPage\",\"@id\":\"https:\/\/rsrevista.org\/edicion92\/2020\/07\/30\/por-que-la-sostenibilidad-en-la-cadena-de-suministro-es-una-metrica-empresarial-fundamental\/\",\"url\":\"https:\/\/rsrevista.org\/edicion92\/2020\/07\/30\/por-que-la-sostenibilidad-en-la-cadena-de-suministro-es-una-metrica-empresarial-fundamental\/\",\"name\":\"\u00bfPor qu\u00e9 la sostenibilidad en la cadena de suministro es una m\u00e9trica empresarial fundamental? - Revista RS Edici\u00f3n 92\",\"isPartOf\":{\"@id\":\"https:\/\/rsrevista.org\/edicion92\/#website\"},\"primaryImageOfPage\":{\"@id\":\"https:\/\/rsrevista.org\/edicion92\/2020\/07\/30\/por-que-la-sostenibilidad-en-la-cadena-de-suministro-es-una-metrica-empresarial-fundamental\/#primaryimage\"},\"image\":{\"@id\":\"https:\/\/rsrevista.org\/edicion92\/2020\/07\/30\/por-que-la-sostenibilidad-en-la-cadena-de-suministro-es-una-metrica-empresarial-fundamental\/#primaryimage\"},\"thumbnailUrl\":\"https:\/\/rsrevista.org\/edicion92\/wp-content\/uploads\/sites\/4\/2020\/07\/2timmohin-1.jpg\",\"datePublished\":\"2020-07-30T17:39:20+00:00\",\"dateModified\":\"2020-09-06T23:03:48+00:00\",\"author\":{\"@id\":\"\"},\"breadcrumb\":{\"@id\":\"https:\/\/rsrevista.org\/edicion92\/2020\/07\/30\/por-que-la-sostenibilidad-en-la-cadena-de-suministro-es-una-metrica-empresarial-fundamental\/#breadcrumb\"},\"inLanguage\":\"es\",\"potentialAction\":[{\"@type\":\"ReadAction\",\"target\":[\"https:\/\/rsrevista.org\/edicion92\/2020\/07\/30\/por-que-la-sostenibilidad-en-la-cadena-de-suministro-es-una-metrica-empresarial-fundamental\/\"]}]},{\"@type\":\"ImageObject\",\"inLanguage\":\"es\",\"@id\":\"https:\/\/rsrevista.org\/edicion92\/2020\/07\/30\/por-que-la-sostenibilidad-en-la-cadena-de-suministro-es-una-metrica-empresarial-fundamental\/#primaryimage\",\"url\":\"https:\/\/rsrevista.org\/edicion92\/wp-content\/uploads\/sites\/4\/2020\/07\/2timmohin-1.jpg\",\"contentUrl\":\"https:\/\/rsrevista.org\/edicion92\/wp-content\/uploads\/sites\/4\/2020\/07\/2timmohin-1.jpg\",\"width\":1920,\"height\":1080},{\"@type\":\"BreadcrumbList\",\"@id\":\"https:\/\/rsrevista.org\/edicion92\/2020\/07\/30\/por-que-la-sostenibilidad-en-la-cadena-de-suministro-es-una-metrica-empresarial-fundamental\/#breadcrumb\",\"itemListElement\":[{\"@type\":\"ListItem\",\"position\":1,\"name\":\"Portada\",\"item\":\"https:\/\/rsrevista.org\/edicion92\/\"},{\"@type\":\"ListItem\",\"position\":2,\"name\":\"\u00bfPor qu\u00e9 la sostenibilidad en la cadena de suministro es una m\u00e9trica empresarial fundamental?\"}]},{\"@type\":\"WebSite\",\"@id\":\"https:\/\/rsrevista.org\/edicion92\/#website\",\"url\":\"https:\/\/rsrevista.org\/edicion92\/\",\"name\":\"Revista RS Edici\u00f3n 92\",\"description\":\"Responsabilidad social y sostenibilidad\",\"potentialAction\":[{\"@type\":\"SearchAction\",\"target\":{\"@type\":\"EntryPoint\",\"urlTemplate\":\"https:\/\/rsrevista.org\/edicion92\/?s={search_term_string}\"},\"query-input\":{\"@type\":\"PropertyValueSpecification\",\"valueRequired\":true,\"valueName\":\"search_term_string\"}}],\"inLanguage\":\"es\"},{\"@type\":\"Person\",\"@id\":\"\",\"url\":\"https:\/\/rsrevista.org\/edicion92\/author\/\"}]}<\/script>\n<!-- \/ Yoast SEO plugin. -->","yoast_head_json":{"title":"\u00bfPor qu\u00e9 la sostenibilidad en la cadena de suministro es una m\u00e9trica empresarial fundamental? - Revista RS Edici\u00f3n 92","robots":{"index":"index","follow":"follow","max-snippet":"max-snippet:-1","max-image-preview":"max-image-preview:large","max-video-preview":"max-video-preview:-1"},"canonical":"https:\/\/rsrevista.org\/edicion92\/2020\/07\/30\/por-que-la-sostenibilidad-en-la-cadena-de-suministro-es-una-metrica-empresarial-fundamental\/","og_locale":"es_ES","og_type":"article","og_title":"\u00bfPor qu\u00e9 la sostenibilidad en la cadena de suministro es una m\u00e9trica empresarial fundamental? - Revista RS Edici\u00f3n 92","og_description":"Por: Tim Mohin, Director Ejecutivo de Global Reporting Initiative (GRI).","og_url":"https:\/\/rsrevista.org\/edicion92\/2020\/07\/30\/por-que-la-sostenibilidad-en-la-cadena-de-suministro-es-una-metrica-empresarial-fundamental\/","og_site_name":"Revista RS Edici\u00f3n 92","article_published_time":"2020-07-30T17:39:20+00:00","article_modified_time":"2020-09-06T23:03:48+00:00","og_image":[{"width":1920,"height":1080,"url":"https:\/\/rsrevista.org\/edicion92\/wp-content\/uploads\/sites\/4\/2020\/07\/2timmohin-1.jpg","type":"image\/jpeg"}],"twitter_card":"summary_large_image","twitter_misc":{"Escrito por":"","Tiempo de lectura":"6 minutos"},"schema":{"@context":"https:\/\/schema.org","@graph":[{"@type":"WebPage","@id":"https:\/\/rsrevista.org\/edicion92\/2020\/07\/30\/por-que-la-sostenibilidad-en-la-cadena-de-suministro-es-una-metrica-empresarial-fundamental\/","url":"https:\/\/rsrevista.org\/edicion92\/2020\/07\/30\/por-que-la-sostenibilidad-en-la-cadena-de-suministro-es-una-metrica-empresarial-fundamental\/","name":"\u00bfPor qu\u00e9 la sostenibilidad en la cadena de suministro es una m\u00e9trica empresarial fundamental? - Revista RS Edici\u00f3n 92","isPartOf":{"@id":"https:\/\/rsrevista.org\/edicion92\/#website"},"primaryImageOfPage":{"@id":"https:\/\/rsrevista.org\/edicion92\/2020\/07\/30\/por-que-la-sostenibilidad-en-la-cadena-de-suministro-es-una-metrica-empresarial-fundamental\/#primaryimage"},"image":{"@id":"https:\/\/rsrevista.org\/edicion92\/2020\/07\/30\/por-que-la-sostenibilidad-en-la-cadena-de-suministro-es-una-metrica-empresarial-fundamental\/#primaryimage"},"thumbnailUrl":"https:\/\/rsrevista.org\/edicion92\/wp-content\/uploads\/sites\/4\/2020\/07\/2timmohin-1.jpg","datePublished":"2020-07-30T17:39:20+00:00","dateModified":"2020-09-06T23:03:48+00:00","author":{"@id":""},"breadcrumb":{"@id":"https:\/\/rsrevista.org\/edicion92\/2020\/07\/30\/por-que-la-sostenibilidad-en-la-cadena-de-suministro-es-una-metrica-empresarial-fundamental\/#breadcrumb"},"inLanguage":"es","potentialAction":[{"@type":"ReadAction","target":["https:\/\/rsrevista.org\/edicion92\/2020\/07\/30\/por-que-la-sostenibilidad-en-la-cadena-de-suministro-es-una-metrica-empresarial-fundamental\/"]}]},{"@type":"ImageObject","inLanguage":"es","@id":"https:\/\/rsrevista.org\/edicion92\/2020\/07\/30\/por-que-la-sostenibilidad-en-la-cadena-de-suministro-es-una-metrica-empresarial-fundamental\/#primaryimage","url":"https:\/\/rsrevista.org\/edicion92\/wp-content\/uploads\/sites\/4\/2020\/07\/2timmohin-1.jpg","contentUrl":"https:\/\/rsrevista.org\/edicion92\/wp-content\/uploads\/sites\/4\/2020\/07\/2timmohin-1.jpg","width":1920,"height":1080},{"@type":"BreadcrumbList","@id":"https:\/\/rsrevista.org\/edicion92\/2020\/07\/30\/por-que-la-sostenibilidad-en-la-cadena-de-suministro-es-una-metrica-empresarial-fundamental\/#breadcrumb","itemListElement":[{"@type":"ListItem","position":1,"name":"Portada","item":"https:\/\/rsrevista.org\/edicion92\/"},{"@type":"ListItem","position":2,"name":"\u00bfPor qu\u00e9 la sostenibilidad en la cadena de suministro es una m\u00e9trica empresarial fundamental?"}]},{"@type":"WebSite","@id":"https:\/\/rsrevista.org\/edicion92\/#website","url":"https:\/\/rsrevista.org\/edicion92\/","name":"Revista RS Edici\u00f3n 92","description":"Responsabilidad social y sostenibilidad","potentialAction":[{"@type":"SearchAction","target":{"@type":"EntryPoint","urlTemplate":"https:\/\/rsrevista.org\/edicion92\/?s={search_term_string}"},"query-input":{"@type":"PropertyValueSpecification","valueRequired":true,"valueName":"search_term_string"}}],"inLanguage":"es"},{"@type":"Person","@id":"","url":"https:\/\/rsrevista.org\/edicion92\/author\/"}]}},"_links":{"self":[{"href":"https:\/\/rsrevista.org\/edicion92\/wp-json\/wp\/v2\/posts\/2234"}],"collection":[{"href":"https:\/\/rsrevista.org\/edicion92\/wp-json\/wp\/v2\/posts"}],"about":[{"href":"https:\/\/rsrevista.org\/edicion92\/wp-json\/wp\/v2\/types\/post"}],"author":[{"embeddable":true,"href":"https:\/\/rsrevista.org\/edicion92\/wp-json\/wp\/v2\/users\/2"}],"replies":[{"embeddable":true,"href":"https:\/\/rsrevista.org\/edicion92\/wp-json\/wp\/v2\/comments?post=2234"}],"version-history":[{"count":11,"href":"https:\/\/rsrevista.org\/edicion92\/wp-json\/wp\/v2\/posts\/2234\/revisions"}],"predecessor-version":[{"id":3454,"href":"https:\/\/rsrevista.org\/edicion92\/wp-json\/wp\/v2\/posts\/2234\/revisions\/3454"}],"wp:featuredmedia":[{"embeddable":true,"href":"https:\/\/rsrevista.org\/edicion92\/wp-json\/wp\/v2\/media\/2754"}],"wp:attachment":[{"href":"https:\/\/rsrevista.org\/edicion92\/wp-json\/wp\/v2\/media?parent=2234"}],"wp:term":[{"taxonomy":"category","embeddable":true,"href":"https:\/\/rsrevista.org\/edicion92\/wp-json\/wp\/v2\/categories?post=2234"},{"taxonomy":"post_tag","embeddable":true,"href":"https:\/\/rsrevista.org\/edicion92\/wp-json\/wp\/v2\/tags?post=2234"}],"curies":[{"name":"wp","href":"https:\/\/api.w.org\/{rel}","templated":true}]}}