{"id":4987,"date":"2024-10-19T10:41:47","date_gmt":"2024-10-19T15:41:47","guid":{"rendered":"https:\/\/rsrevista.org\/edicion101\/?p=4987"},"modified":"2024-10-19T10:41:48","modified_gmt":"2024-10-19T15:41:48","slug":"america-latina-crece-el-momentum-de-las-finanzas-climaticas","status":"publish","type":"post","link":"https:\/\/rsrevista.org\/edicion101\/america-latina-crece-el-momentum-de-las-finanzas-climaticas-20241019\/","title":{"rendered":"Am\u00e9rica Latina: crece el momentum de las finanzas clim\u00e1ticas"},"content":{"rendered":"\n<div class=\"wp-block-columns block-author is-layout-flex wp-container-core-columns-is-layout-1 wp-block-columns-is-layout-flex\" id=\"author\">\n<div class=\"wp-block-column block-author__left is-layout-flow wp-block-column-is-layout-flow\" style=\"flex-basis:25%\">\n<figure class=\"wp-block-image size-full is-style-rounded\"><img loading=\"lazy\" decoding=\"async\" width=\"1200\" height=\"1200\" src=\"https:\/\/rsrevista.org\/edicion101\/wp-content\/uploads\/sites\/11\/2024\/10\/Maria-Ruiz.webp\" alt=\"\" class=\"wp-image-5001\" srcset=\"https:\/\/rsrevista.org\/edicion101\/wp-content\/uploads\/sites\/11\/2024\/10\/Maria-Ruiz.webp 1200w, https:\/\/rsrevista.org\/edicion101\/wp-content\/uploads\/sites\/11\/2024\/10\/Maria-Ruiz-300x300.webp 300w, https:\/\/rsrevista.org\/edicion101\/wp-content\/uploads\/sites\/11\/2024\/10\/Maria-Ruiz-1024x1024.webp 1024w, https:\/\/rsrevista.org\/edicion101\/wp-content\/uploads\/sites\/11\/2024\/10\/Maria-Ruiz-150x150.webp 150w, https:\/\/rsrevista.org\/edicion101\/wp-content\/uploads\/sites\/11\/2024\/10\/Maria-Ruiz-768x768.webp 768w, https:\/\/rsrevista.org\/edicion101\/wp-content\/uploads\/sites\/11\/2024\/10\/Maria-Ruiz-600x600.webp 600w, https:\/\/rsrevista.org\/edicion101\/wp-content\/uploads\/sites\/11\/2024\/10\/Maria-Ruiz-1120x1120.webp 1120w\" sizes=\"(max-width: 1200px) 100vw, 1200px\" \/><\/figure>\n\n\n\n<p class=\"has-text-align-center block-author__name has-black-color has-text-color\" style=\"text-transform:uppercase\">Mar\u00eda Ru\u00cdz<\/p>\n\n\n\n<hr class=\"wp-block-separator has-text-color has-black-color has-alpha-channel-opacity has-black-background-color has-background\"\/>\n\n\n\n<p class=\"has-text-align-center block-author__position has-black-color has-text-color\">Head para Am\u00e9rica Latina, Global Innovation Lab for Climate Finance, Climate Policy Initiative<\/p>\n<\/div>\n\n\n\n<div class=\"wp-block-column is-vertically-aligned-center block-author__right is-layout-flow wp-block-column-is-layout-flow\" style=\"flex-basis:75%\">\n<p class=\"block-author__bio has-black-color has-text-color\">Con m\u00e1s de 11 a\u00f1os de experiencia en los sectores p\u00fablico y privado, ha apalancado su formaci\u00f3n en finanzas para impulsar iniciativas que promuevan el impacto social y ambiental en Am\u00e9rica Latina. Tiene un enfoque particular en instrumentos financieros innovadores para soluciones de clima y naturaleza.<\/p>\n\n\n\n<p class=\"block-author__bio has-black-color has-text-color\">Antes de unirse a CPI, fue Head de Inversiones Sostenibles en SURA Investments, un gestor de activos l\u00edder en Am\u00e9rica Latina con m\u00e1s de 20 mil millones de d\u00f3lares en activos bajo gesti\u00f3n. Desarroll\u00f3 y lider\u00f3 la incorporaci\u00f3n de an\u00e1lisis ESG y clim\u00e1ticos en los procesos de inversi\u00f3n en m\u00faltiples clases de activos y geograf\u00edas.<\/p>\n\n\n\n<p class=\"block-author__bio has-black-color has-text-color\">Es miembro de comit\u00e9s t\u00e9cnicos asesores para GRI y PACTA, mentora de startups clim\u00e1ticas como parte del programa Catal1.5t y co-l\u00edder de &#8216;Di\u00e1logos por el Clima Latam&#8217;, una iniciativa de colaboraci\u00f3n clim\u00e1tica liderada por inversionistas.<\/p>\n\n\n\n<p class=\"block-author__bio has-black-color has-text-color\"><\/p>\n<\/div>\n<\/div>\n\n\n\n<p>Los efectos de la crisis clim\u00e1tica y ecol\u00f3gica son cada vez m\u00e1s claros. Incendios en ecosistemas clave como p\u00e1ramos de alta monta\u00f1a y la selva amaz\u00f3nica, sequ\u00edas m\u00e1s prolongadas y tormentas m\u00e1s intensas se han hecho evidentes a lo largo de Am\u00e9rica Latina con mayor frecuencia en los \u00faltimos a\u00f1os. Aunque se tiende a pensar que el cambio clim\u00e1tico es un asunto ambiental, sus impactos son ante todo sociales, particularmente en una regi\u00f3n como la nuestra, donde gran parte de la poblaci\u00f3n se encuentra en condiciones de vulnerabilidad y con necesidades b\u00e1sicas desatendidas. La transici\u00f3n hacia un modelo econ\u00f3mico y de desarrollo sostenible, resiliente y con emisiones cero es urgente.&nbsp;<\/p>\n\n\n\n<p>Estudios del Foro Econ\u00f3mico Mundial y otras organizaciones l\u00edderes afirman que aproximadamente el 12% del PIB mundial se ver\u00e1 afectado por cada grado de aumento en la temperatura global, y que el alrededor del 50% est\u00e1 en riesgo por la p\u00e9rdida en la naturaleza. Aunque estas son cifras \u00fatiles para capturar la atenci\u00f3n de creadores de pol\u00edtica p\u00fablica y tomadores de decisi\u00f3n del sector privado, la verdad es que el 100% de nuestra vida -la econom\u00eda inclu\u00edda- depende de la salud de los sistemas naturales. En \u00faltimas, somos <em>solo <\/em>una especie que hace parte de un ecosistema complejo m\u00e1s amplio, que compartimos con millones de otras formas de vida. Lo que producimos y consumimos d\u00eda a d\u00eda, todo, es posible gracias al funcionamiento de este sistema.<\/p>\n\n\n\n<p>Ahora, \u00bfc\u00f3mo se conecta esto con los mercados de capitales? Por una parte, s\u00ed, los efectos del cambio clim\u00e1tico tienen impactos econ\u00f3micos y financieros reales. Disrupciones en cadenas de abastecimiento, da\u00f1os en infraestructura, disminuci\u00f3n en generaci\u00f3n de energ\u00eda, entre otros, generan p\u00e9rdidas y costos adicionales para compa\u00f1\u00edas y sus inversionistas. Adicionalmente, a medida que hay regulaciones m\u00e1s exigentes para la transici\u00f3n, ciertos activos intensivos en emisiones (como centrales de generaci\u00f3n de energ\u00eda a base de carb\u00f3n) pierden valor. As\u00ed, cada vez m\u00e1s los inversionistas est\u00e1n tomando acciones encaminadas a analizar y gestionar los riesgos clim\u00e1ticos a los que est\u00e1n expuestos sus portafolios.<\/p>\n\n\n\n<p>Por otra parte, implementar estrategias de mitigaci\u00f3n y adaptaci\u00f3n clim\u00e1tica requiere capital. La transici\u00f3n en sectores como el energ\u00e9tico, agr\u00edcola y de construcci\u00f3n es cr\u00edtica, as\u00ed como el desarrollo de soluciones para reducir emisiones de carbono&nbsp; y aumentar la resiliencia clim\u00e1tica. Los flujos de capital destinados a esta transici\u00f3n a nivel global alcanzaron el nivel de 1.2 billones de d\u00f3lares en 2021\/2022, seg\u00fan estudio de Climate Policy Initiative. Este es el monto m\u00e1s alto que se ha alcanzado hasta ahora, y representa el doble de la inversi\u00f3n que hubo en 2019\/2020. Sin embargo, a\u00fan est\u00e1 lejos de los niveles necesarios para evitar los peores efectos del cambio clim\u00e1tico, y debe multiplicarse como m\u00ednimo por cinco de ac\u00e1 a 2030.<\/p>\n\n\n\n<p>Am\u00e9rica Latina, por su parte, \u00fanicamente recibi\u00f3 el 4% de los flujos globales de inversi\u00f3n clim\u00e1tica en este per\u00edodo (52 mil millones de d\u00f3lares), a pesar de ser una regi\u00f3n llena de oportunidades para promover la transici\u00f3n energ\u00e9tica y la generaci\u00f3n de energ\u00edas renovables, as\u00ed como para implementar soluciones basadas en la naturaleza para conservar y restaurar ecosistemas. Para que \u00e9stas se materialicen, es necesario encontrar maneras de desbloquear capital a escala. Y para esto, es necesario innovar, no solo en las soluciones mismas, sino en los mecanismos financieros para financiarlas.<\/p>\n\n\n\n<p>Unas de las principales barreras para que el capital privado fluya a soluciones clim\u00e1ticas es que, aunque son de alto impacto, en muchas ocasiones son de alto riesgo: son activos no tan conocidos en los mercados de capitales tradicionales, est\u00e1n en etapa temprana y tienen flujos de capital futuros inciertos o menores a los esperados. Para hacer estas inversiones viables, entonces, se debe ajustar su perfil de riesgo para que encaje dentro de estrategias de inversionistas institucionales.&nbsp;<\/p>\n\n\n\n<p>En este contexto, las estrategias de financiamiento combinado o <em>blended finance<\/em> se presentan como una alternativa prometedora. Este es un enfoque de estructuraci\u00f3n financiera que, en esencia, busca apalancar recursos concesionales (p\u00fablicos, multilaterales o filantr\u00f3picos) que est\u00e1n dispuestos a recibir retornos por debajo del mercado, para disminuir el riesgo de activos clim\u00e1ticos a trav\u00e9s de mecanismos como garant\u00edas o capital de primera p\u00e9rdida, y as\u00ed lograr movilizar capital privado.<\/p>\n\n\n\n<p>En 2023 se lanz\u00f3 el programa para Am\u00e9rica Latina y el Caribe (LAC) del Laboratorio Global de Innovaci\u00f3n para las Finanzas Clim\u00e1ticas, una iniciativa pensada justamente para promover este tipo de estructuras. Mediante ciclos anuales,&nbsp; Lab ofrece apoyo t\u00e9cnico y capital pre-semilla a instrumentos financieros innovadores (como fondos de capital privado, soluciones de seguro o l\u00edneas de cr\u00e9dito) que integren mecanismos de blended finance para financiar soluciones clim\u00e1ticas. En la primera cohorte de la regi\u00f3n, se seleccionaron dos instrumentos enfocados en financiar la transici\u00f3n hacia sistemas agroalimentarios bajos en emisiones y regenerativos en M\u00e9xico (Regenera Ventures) y Colombia (SPV for Silvopasture Scaling). Ahora, la convocatoria para el ciclo 2025 est\u00e1 abierta.<\/p>\n\n\n\n<p>El LAC Lab se suma a una serie de avances que viene teniendo la regi\u00f3n en los \u00faltimos a\u00f1os en t\u00e9rminos de finanzas clim\u00e1ticas. Taxonom\u00edas verdes y regulaciones de divulgaci\u00f3n clim\u00e1tica a nivel nacional en m\u00faltiples pa\u00edses, inversionistas institucionales relevantes de la regi\u00f3n fortaleciendo sus compromisos y liderando iniciativas de engagement clim\u00e1tico colaborativo con corporativos como Dialogos por el Clima Latam, un mercado de deuda sostenible creciente, entre otros, demuestran que hay un <em>momentum <\/em>en la inversi\u00f3n sostenible y la acci\u00f3n por el clima.&nbsp;<\/p>\n\n\n\n<p>Aunque tenemos un gran desaf\u00edo enfrente y poco tiempo para lograrlo, Am\u00e9rica Latina se presenta como una regi\u00f3n con muchas oportunidades, y con un ambiente propicio para que cada vez los inversionistas aumenten su ambici\u00f3n clim\u00e1tica. Ahora, necesitamos traducir compromisos en acciones, y trabajar colaborativamente para lograr transformaciones de impacto a escala.<\/p>\n","protected":false},"excerpt":{"rendered":"<p><strong> <\/strong><\/p>\n","protected":false},"author":12,"featured_media":5000,"comment_status":"open","ping_status":"open","sticky":false,"template":"","format":"standard","meta":{"footnotes":""},"categories":[29],"tags":[],"class_list":["post-4987","post","type-post","status-publish","format-standard","has-post-thumbnail","hentry","category-tema-central"],"yoast_head":"<!-- This site is optimized with the Yoast SEO plugin v23.9 - https:\/\/yoast.com\/wordpress\/plugins\/seo\/ -->\n<title>Am\u00e9rica Latina: crece el momentum de las finanzas clim\u00e1ticas - Revista RS Edici\u00f3n 101<\/title>\n<meta name=\"description\" content=\"Un ambiente inclusivo solo puede alcanzarse con una cultura organizacional que promueva el camino hacia la transformaci\u00f3n,\" \/>\n<meta name=\"robots\" content=\"index, follow, max-snippet:-1, max-image-preview:large, max-video-preview:-1\" \/>\n<link rel=\"canonical\" href=\"https:\/\/rsrevista.org\/edicion101\/america-latina-crece-el-momentum-de-las-finanzas-climaticas-20241019\/\" \/>\n<meta property=\"og:locale\" content=\"es_ES\" \/>\n<meta property=\"og:type\" content=\"article\" \/>\n<meta property=\"og:title\" content=\"Am\u00e9rica Latina: crece el momentum de las finanzas clim\u00e1ticas - Revista RS Edici\u00f3n 101\" \/>\n<meta property=\"og:description\" content=\"Un ambiente inclusivo solo puede alcanzarse con una cultura organizacional que promueva el camino hacia la transformaci\u00f3n,\" \/>\n<meta property=\"og:url\" content=\"https:\/\/rsrevista.org\/edicion101\/america-latina-crece-el-momentum-de-las-finanzas-climaticas-20241019\/\" \/>\n<meta property=\"og:site_name\" content=\"Revista RS Edici\u00f3n 101\" \/>\n<meta property=\"article:published_time\" content=\"2024-10-19T15:41:47+00:00\" \/>\n<meta property=\"article:modified_time\" content=\"2024-10-19T15:41:48+00:00\" \/>\n<meta property=\"og:image\" content=\"https:\/\/rsrevista.org\/edicion101\/wp-content\/uploads\/sites\/11\/2024\/10\/america-latina-crece-el-momentum-de-las-finanzas-climaticas.webp\" \/>\n\t<meta property=\"og:image:width\" content=\"2000\" \/>\n\t<meta property=\"og:image:height\" content=\"1125\" \/>\n\t<meta property=\"og:image:type\" content=\"image\/webp\" \/>\n<meta name=\"author\" content=\"claudia\" \/>\n<meta name=\"twitter:card\" content=\"summary_large_image\" \/>\n<meta name=\"twitter:label1\" content=\"Escrito por\" \/>\n\t<meta name=\"twitter:data1\" content=\"claudia\" \/>\n\t<meta name=\"twitter:label2\" content=\"Tiempo de lectura\" \/>\n\t<meta name=\"twitter:data2\" content=\"6 minutos\" \/>\n<script type=\"application\/ld+json\" class=\"yoast-schema-graph\">{\"@context\":\"https:\/\/schema.org\",\"@graph\":[{\"@type\":\"WebPage\",\"@id\":\"https:\/\/rsrevista.org\/edicion101\/america-latina-crece-el-momentum-de-las-finanzas-climaticas-20241019\/\",\"url\":\"https:\/\/rsrevista.org\/edicion101\/america-latina-crece-el-momentum-de-las-finanzas-climaticas-20241019\/\",\"name\":\"Am\u00e9rica Latina: crece el momentum de las finanzas clim\u00e1ticas - Revista RS Edici\u00f3n 101\",\"isPartOf\":{\"@id\":\"https:\/\/rsrevista.org\/edicion101\/#website\"},\"primaryImageOfPage\":{\"@id\":\"https:\/\/rsrevista.org\/edicion101\/america-latina-crece-el-momentum-de-las-finanzas-climaticas-20241019\/#primaryimage\"},\"image\":{\"@id\":\"https:\/\/rsrevista.org\/edicion101\/america-latina-crece-el-momentum-de-las-finanzas-climaticas-20241019\/#primaryimage\"},\"thumbnailUrl\":\"https:\/\/rsrevista.org\/edicion101\/wp-content\/uploads\/sites\/11\/2024\/10\/america-latina-crece-el-momentum-de-las-finanzas-climaticas.webp\",\"datePublished\":\"2024-10-19T15:41:47+00:00\",\"dateModified\":\"2024-10-19T15:41:48+00:00\",\"author\":{\"@id\":\"https:\/\/rsrevista.org\/edicion101\/#\/schema\/person\/cd2cebca98e73dcd35520b9c535f6551\"},\"description\":\"Un ambiente inclusivo solo puede alcanzarse con una cultura organizacional que promueva el camino hacia la transformaci\u00f3n,\",\"breadcrumb\":{\"@id\":\"https:\/\/rsrevista.org\/edicion101\/america-latina-crece-el-momentum-de-las-finanzas-climaticas-20241019\/#breadcrumb\"},\"inLanguage\":\"es\",\"potentialAction\":[{\"@type\":\"ReadAction\",\"target\":[\"https:\/\/rsrevista.org\/edicion101\/america-latina-crece-el-momentum-de-las-finanzas-climaticas-20241019\/\"]}]},{\"@type\":\"ImageObject\",\"inLanguage\":\"es\",\"@id\":\"https:\/\/rsrevista.org\/edicion101\/america-latina-crece-el-momentum-de-las-finanzas-climaticas-20241019\/#primaryimage\",\"url\":\"https:\/\/rsrevista.org\/edicion101\/wp-content\/uploads\/sites\/11\/2024\/10\/america-latina-crece-el-momentum-de-las-finanzas-climaticas.webp\",\"contentUrl\":\"https:\/\/rsrevista.org\/edicion101\/wp-content\/uploads\/sites\/11\/2024\/10\/america-latina-crece-el-momentum-de-las-finanzas-climaticas.webp\",\"width\":2000,\"height\":1125},{\"@type\":\"BreadcrumbList\",\"@id\":\"https:\/\/rsrevista.org\/edicion101\/america-latina-crece-el-momentum-de-las-finanzas-climaticas-20241019\/#breadcrumb\",\"itemListElement\":[{\"@type\":\"ListItem\",\"position\":1,\"name\":\"Portada\",\"item\":\"https:\/\/rsrevista.org\/edicion101\/\"},{\"@type\":\"ListItem\",\"position\":2,\"name\":\"Am\u00e9rica Latina: crece el momentum de las finanzas clim\u00e1ticas\"}]},{\"@type\":\"WebSite\",\"@id\":\"https:\/\/rsrevista.org\/edicion101\/#website\",\"url\":\"https:\/\/rsrevista.org\/edicion101\/\",\"name\":\"Revista RS Edici\u00f3n 101\",\"description\":\"Responsabilidad social y sostenibilidad\",\"potentialAction\":[{\"@type\":\"SearchAction\",\"target\":{\"@type\":\"EntryPoint\",\"urlTemplate\":\"https:\/\/rsrevista.org\/edicion101\/?s={search_term_string}\"},\"query-input\":{\"@type\":\"PropertyValueSpecification\",\"valueRequired\":true,\"valueName\":\"search_term_string\"}}],\"inLanguage\":\"es\"},{\"@type\":\"Person\",\"@id\":\"https:\/\/rsrevista.org\/edicion101\/#\/schema\/person\/cd2cebca98e73dcd35520b9c535f6551\",\"name\":\"claudia\",\"image\":{\"@type\":\"ImageObject\",\"inLanguage\":\"es\",\"@id\":\"https:\/\/rsrevista.org\/edicion101\/#\/schema\/person\/image\/\",\"url\":\"https:\/\/secure.gravatar.com\/avatar\/2c9fb10d9dc571a0c5f0cdb07d9e0148?s=96&d=mm&r=g\",\"contentUrl\":\"https:\/\/secure.gravatar.com\/avatar\/2c9fb10d9dc571a0c5f0cdb07d9e0148?s=96&d=mm&r=g\",\"caption\":\"claudia\"},\"url\":\"https:\/\/rsrevista.org\/edicion101\/author\/claudia\/\"}]}<\/script>\n<!-- \/ Yoast SEO plugin. -->","yoast_head_json":{"title":"Am\u00e9rica Latina: crece el momentum de las finanzas clim\u00e1ticas - Revista RS Edici\u00f3n 101","description":"Un ambiente inclusivo solo puede alcanzarse con una cultura organizacional que promueva el camino hacia la transformaci\u00f3n,","robots":{"index":"index","follow":"follow","max-snippet":"max-snippet:-1","max-image-preview":"max-image-preview:large","max-video-preview":"max-video-preview:-1"},"canonical":"https:\/\/rsrevista.org\/edicion101\/america-latina-crece-el-momentum-de-las-finanzas-climaticas-20241019\/","og_locale":"es_ES","og_type":"article","og_title":"Am\u00e9rica Latina: crece el momentum de las finanzas clim\u00e1ticas - Revista RS Edici\u00f3n 101","og_description":"Un ambiente inclusivo solo puede alcanzarse con una cultura organizacional que promueva el camino hacia la transformaci\u00f3n,","og_url":"https:\/\/rsrevista.org\/edicion101\/america-latina-crece-el-momentum-de-las-finanzas-climaticas-20241019\/","og_site_name":"Revista RS Edici\u00f3n 101","article_published_time":"2024-10-19T15:41:47+00:00","article_modified_time":"2024-10-19T15:41:48+00:00","og_image":[{"width":2000,"height":1125,"url":"https:\/\/rsrevista.org\/edicion101\/wp-content\/uploads\/sites\/11\/2024\/10\/america-latina-crece-el-momentum-de-las-finanzas-climaticas.webp","type":"image\/webp"}],"author":"claudia","twitter_card":"summary_large_image","twitter_misc":{"Escrito por":"claudia","Tiempo de lectura":"6 minutos"},"schema":{"@context":"https:\/\/schema.org","@graph":[{"@type":"WebPage","@id":"https:\/\/rsrevista.org\/edicion101\/america-latina-crece-el-momentum-de-las-finanzas-climaticas-20241019\/","url":"https:\/\/rsrevista.org\/edicion101\/america-latina-crece-el-momentum-de-las-finanzas-climaticas-20241019\/","name":"Am\u00e9rica Latina: crece el momentum de las finanzas clim\u00e1ticas - Revista RS Edici\u00f3n 101","isPartOf":{"@id":"https:\/\/rsrevista.org\/edicion101\/#website"},"primaryImageOfPage":{"@id":"https:\/\/rsrevista.org\/edicion101\/america-latina-crece-el-momentum-de-las-finanzas-climaticas-20241019\/#primaryimage"},"image":{"@id":"https:\/\/rsrevista.org\/edicion101\/america-latina-crece-el-momentum-de-las-finanzas-climaticas-20241019\/#primaryimage"},"thumbnailUrl":"https:\/\/rsrevista.org\/edicion101\/wp-content\/uploads\/sites\/11\/2024\/10\/america-latina-crece-el-momentum-de-las-finanzas-climaticas.webp","datePublished":"2024-10-19T15:41:47+00:00","dateModified":"2024-10-19T15:41:48+00:00","author":{"@id":"https:\/\/rsrevista.org\/edicion101\/#\/schema\/person\/cd2cebca98e73dcd35520b9c535f6551"},"description":"Un ambiente inclusivo solo puede alcanzarse con una cultura organizacional que promueva el camino hacia la transformaci\u00f3n,","breadcrumb":{"@id":"https:\/\/rsrevista.org\/edicion101\/america-latina-crece-el-momentum-de-las-finanzas-climaticas-20241019\/#breadcrumb"},"inLanguage":"es","potentialAction":[{"@type":"ReadAction","target":["https:\/\/rsrevista.org\/edicion101\/america-latina-crece-el-momentum-de-las-finanzas-climaticas-20241019\/"]}]},{"@type":"ImageObject","inLanguage":"es","@id":"https:\/\/rsrevista.org\/edicion101\/america-latina-crece-el-momentum-de-las-finanzas-climaticas-20241019\/#primaryimage","url":"https:\/\/rsrevista.org\/edicion101\/wp-content\/uploads\/sites\/11\/2024\/10\/america-latina-crece-el-momentum-de-las-finanzas-climaticas.webp","contentUrl":"https:\/\/rsrevista.org\/edicion101\/wp-content\/uploads\/sites\/11\/2024\/10\/america-latina-crece-el-momentum-de-las-finanzas-climaticas.webp","width":2000,"height":1125},{"@type":"BreadcrumbList","@id":"https:\/\/rsrevista.org\/edicion101\/america-latina-crece-el-momentum-de-las-finanzas-climaticas-20241019\/#breadcrumb","itemListElement":[{"@type":"ListItem","position":1,"name":"Portada","item":"https:\/\/rsrevista.org\/edicion101\/"},{"@type":"ListItem","position":2,"name":"Am\u00e9rica Latina: crece el momentum de las finanzas clim\u00e1ticas"}]},{"@type":"WebSite","@id":"https:\/\/rsrevista.org\/edicion101\/#website","url":"https:\/\/rsrevista.org\/edicion101\/","name":"Revista RS Edici\u00f3n 101","description":"Responsabilidad social y sostenibilidad","potentialAction":[{"@type":"SearchAction","target":{"@type":"EntryPoint","urlTemplate":"https:\/\/rsrevista.org\/edicion101\/?s={search_term_string}"},"query-input":{"@type":"PropertyValueSpecification","valueRequired":true,"valueName":"search_term_string"}}],"inLanguage":"es"},{"@type":"Person","@id":"https:\/\/rsrevista.org\/edicion101\/#\/schema\/person\/cd2cebca98e73dcd35520b9c535f6551","name":"claudia","image":{"@type":"ImageObject","inLanguage":"es","@id":"https:\/\/rsrevista.org\/edicion101\/#\/schema\/person\/image\/","url":"https:\/\/secure.gravatar.com\/avatar\/2c9fb10d9dc571a0c5f0cdb07d9e0148?s=96&d=mm&r=g","contentUrl":"https:\/\/secure.gravatar.com\/avatar\/2c9fb10d9dc571a0c5f0cdb07d9e0148?s=96&d=mm&r=g","caption":"claudia"},"url":"https:\/\/rsrevista.org\/edicion101\/author\/claudia\/"}]}},"_links":{"self":[{"href":"https:\/\/rsrevista.org\/edicion101\/wp-json\/wp\/v2\/posts\/4987"}],"collection":[{"href":"https:\/\/rsrevista.org\/edicion101\/wp-json\/wp\/v2\/posts"}],"about":[{"href":"https:\/\/rsrevista.org\/edicion101\/wp-json\/wp\/v2\/types\/post"}],"author":[{"embeddable":true,"href":"https:\/\/rsrevista.org\/edicion101\/wp-json\/wp\/v2\/users\/12"}],"replies":[{"embeddable":true,"href":"https:\/\/rsrevista.org\/edicion101\/wp-json\/wp\/v2\/comments?post=4987"}],"version-history":[{"count":2,"href":"https:\/\/rsrevista.org\/edicion101\/wp-json\/wp\/v2\/posts\/4987\/revisions"}],"predecessor-version":[{"id":5003,"href":"https:\/\/rsrevista.org\/edicion101\/wp-json\/wp\/v2\/posts\/4987\/revisions\/5003"}],"wp:featuredmedia":[{"embeddable":true,"href":"https:\/\/rsrevista.org\/edicion101\/wp-json\/wp\/v2\/media\/5000"}],"wp:attachment":[{"href":"https:\/\/rsrevista.org\/edicion101\/wp-json\/wp\/v2\/media?parent=4987"}],"wp:term":[{"taxonomy":"category","embeddable":true,"href":"https:\/\/rsrevista.org\/edicion101\/wp-json\/wp\/v2\/categories?post=4987"},{"taxonomy":"post_tag","embeddable":true,"href":"https:\/\/rsrevista.org\/edicion101\/wp-json\/wp\/v2\/tags?post=4987"}],"curies":[{"name":"wp","href":"https:\/\/api.w.org\/{rel}","templated":true}]}}