{"id":4984,"date":"2024-10-18T19:21:29","date_gmt":"2024-10-19T00:21:29","guid":{"rendered":"https:\/\/rsrevista.org\/edicion101\/?p=4984"},"modified":"2024-10-19T10:23:23","modified_gmt":"2024-10-19T15:23:23","slug":"dialogos-por-el-clima-latam","status":"publish","type":"post","link":"https:\/\/rsrevista.org\/edicion101\/dialogos-por-el-clima-latam-20241018\/","title":{"rendered":"Di\u00e1logos por el Clima Latam"},"content":{"rendered":"\n<div class=\"wp-block-columns block-author is-layout-flex wp-container-core-columns-is-layout-1 wp-block-columns-is-layout-flex\" id=\"author\">\n<div class=\"wp-block-column block-author__left is-layout-flow wp-block-column-is-layout-flow\" style=\"flex-basis:25%\">\n<figure class=\"wp-block-image size-full is-style-rounded\"><img loading=\"lazy\" decoding=\"async\" width=\"1200\" height=\"1200\" src=\"https:\/\/rsrevista.org\/edicion101\/wp-content\/uploads\/sites\/11\/2024\/10\/Javier-Quinteros.webp\" alt=\"\" class=\"wp-image-4997\" srcset=\"https:\/\/rsrevista.org\/edicion101\/wp-content\/uploads\/sites\/11\/2024\/10\/Javier-Quinteros.webp 1200w, https:\/\/rsrevista.org\/edicion101\/wp-content\/uploads\/sites\/11\/2024\/10\/Javier-Quinteros-300x300.webp 300w, https:\/\/rsrevista.org\/edicion101\/wp-content\/uploads\/sites\/11\/2024\/10\/Javier-Quinteros-1024x1024.webp 1024w, https:\/\/rsrevista.org\/edicion101\/wp-content\/uploads\/sites\/11\/2024\/10\/Javier-Quinteros-150x150.webp 150w, https:\/\/rsrevista.org\/edicion101\/wp-content\/uploads\/sites\/11\/2024\/10\/Javier-Quinteros-768x768.webp 768w, https:\/\/rsrevista.org\/edicion101\/wp-content\/uploads\/sites\/11\/2024\/10\/Javier-Quinteros-600x600.webp 600w, https:\/\/rsrevista.org\/edicion101\/wp-content\/uploads\/sites\/11\/2024\/10\/Javier-Quinteros-1120x1120.webp 1120w\" sizes=\"(max-width: 1200px) 100vw, 1200px\" \/><\/figure>\n\n\n\n<p class=\"has-text-align-center block-author__name has-black-color has-text-color\" style=\"text-transform:uppercase\">Javier Quinteros<\/p>\n\n\n\n<hr class=\"wp-block-separator has-text-color has-black-color has-alpha-channel-opacity has-black-background-color has-background\"\/>\n\n\n\n<p class=\"has-text-align-center block-author__position has-black-color has-text-color\">Consultor senior de Governart<\/p>\n<\/div>\n\n\n\n<div class=\"wp-block-column is-vertically-aligned-center block-author__right is-layout-flow wp-block-column-is-layout-flow\" style=\"flex-basis:75%\">\n<p class=\"block-author__bio has-black-color has-text-color\">Consultor senior de Governart con ocho a\u00f1os de experiencia en criterios ASG. Est\u00e1 encargado de la evaluaci\u00f3n de inversionistas en el marco de Alas20 y es miembro de la Secretar\u00eda T\u00e9cnica de la iniciativa de engagement Di\u00e1logos por el Clima Latam. Adem\u00e1s, lidera proyectos de asesor\u00eda y de investigaci\u00f3n con empresas e inversionistas de la regi\u00f3n. Es Ingeniero Agr\u00f3nomo con menci\u00f3n en Gesti\u00f3n Ambiental de la Pontificia Universidad Cat\u00f3lica de Chile. Anteriormente se desempe\u00f1\u00f3 como analista senior ASG en VigeoEiris\/Moodys ESG Solutions.<\/p>\n<\/div>\n<\/div>\n\n\n\n<p>Di\u00e1logos por el Clima Latam es una iniciativa liderada por inversionistas institucionales latinoamericanos signatarios de los Principios de Inversi\u00f3n Responsable (PRI, por sus siglas en ingl\u00e9s) con el objetivo de impulsar una mayor divulgaci\u00f3n y acci\u00f3n clim\u00e1tica por parte de las compa\u00f1\u00edas emisoras de valores de la regi\u00f3n y propiciar di\u00e1logos con emisores de valores para promover el establecimiento de metas y planes de descarbonizaci\u00f3n en l\u00ednea con los objetivos clim\u00e1ticos globales.<\/p>\n\n\n\n<p>La iniciativa busca esto a trav\u00e9s del relacionamiento activo colaborativo entre inversionistas con las empresas. Seg\u00fan definiciones compartidas por PRI, la propiedad activa es un mecanismo utilizado por los inversionistas para fomentar que emisores de valores, gestores de fondos, reguladores, proveedores de servicios y <em>stakeholders<\/em>, implementen pol\u00edticas sostenibles que est\u00e9n en l\u00ednea con sus objetivos de inversi\u00f3n responsable para maximizar el valor de largo plazo, incluyendo el econ\u00f3mico, social y medioambiental de los activos.&nbsp;<\/p>\n\n\n\n<p>Dentro de las estrategias de propiedad activa, el relacionamiento activo colaborativo permite que distintos tipos de inversionistas impulsen de manera coordinada la adopci\u00f3n de pol\u00edticas sostenibles, las que en el caso de Di\u00e1logos por el Clima Latam est\u00e1n focalizadas en cinco focos estrat\u00e9gicos: establecer estructuras de gobernanza que definan claramente los roles a cargo de la estrategia clim\u00e1tica de la compa\u00f1\u00eda, medir los Gases de Efecto Invernadero, implementar estrategias de descarbonizaci\u00f3n que incluyan metas basadas en la ciencia, identificar los riesgos y oportunidades ligados al cambio clim\u00e1tico y divulgar la gesti\u00f3n clim\u00e1tica de las empresas.<\/p>\n\n\n\n<p>Para esto, en una primera etapa liderada por distintos inversionistas, l\u00edderes en relacionamiento activo, cambio clim\u00e1tico y otros actores relevantes, se establecieron distintos subcomit\u00e9s de trabajo encargados de coordinar el avance en las \u00e1reas de trabajo principales. El subcomit\u00e9 t\u00e9cnico estableci\u00f3 los par\u00e1metros a ser revisados por los inversionistas en una herramienta de diagn\u00f3stico de las empresas seg\u00fan distintos indicadores cuantitativos y cualitativos alineados con los pilares de trabajo de la iniciativa; el subcomit\u00e9 de comunicaciones ha trabajado en establecer las formas de di\u00e1logo con las empresas, notas de prensa y <em>concept note y,<\/em> finalmente, la secretar\u00eda t\u00e9cnica, compuesta por profesionales especializados independientes que no forman parte de los grupos de inversores, ayudan a la coordinaci\u00f3n, planificaci\u00f3n y avance de los distintos inversionistas.<\/p>\n\n\n\n<p>A la fecha, la herramienta de diagn\u00f3stico ya se ha aplicado y los diez inversionistas fundadores est\u00e1n realizando los di\u00e1logos con las 11 empresas seleccionadas para este primer relacionamiento activo a trav\u00e9s de entrevistas con las personas responsables de la implementaci\u00f3n de la estrategia clim\u00e1tica de cada empresa contactada. <strong>El foco de los di\u00e1logos no es solo el mostrar las \u00e1reas de mejora, tambi\u00e9n demostrar y reconocer a las empresas por las \u00e1reas de avance.<\/strong><\/p>\n\n\n\n<p>Algunas de las pr\u00e1cticas que se buscan destacar y fomentar son la definici\u00f3n de roles a cargo de la supervisi\u00f3n y gesti\u00f3n de la estrategia clim\u00e1tica a nivel gerencial y de directorio, la vinculaci\u00f3n de la remuneraci\u00f3n variable seg\u00fan el logro de los objetivos clim\u00e1ticos, la verificaci\u00f3n de la medici\u00f3n de los Gases de Efecto Invernadero por un tercero independiente, el contar con metas de descarbonizaci\u00f3n a corto, mediano y largo plazo, entre otras. En las reuniones de trabajo con las empresas se presenta el diagn\u00f3stico realizado sobre estas y otras pr\u00e1cticas, de las cuales algunas pueden ser implementadas en el reporte del a\u00f1o siguiente, y a aquellas de car\u00e1cter m\u00e1s estrat\u00e9gico se les hace un seguimiento en el largo plazo.<\/p>\n\n\n\n<p>Las dificultades e imprevistos que se pueden presentar al momento de realizar un relacionamiento activo de car\u00e1cter colaborativo son la dificultad de coordinar a los distintos actores, lo cual se ha gestionado con la existencia de la secretar\u00eda t\u00e9cnica que no cuenta actualmente con miembros que sean parte de los inversionistas. Por otra parte, la situaci\u00f3n individual de cada empresa puede hacer que el tiempo o la forma de aproximaci\u00f3n no sea la misma para cada una de estas, por ejemplo, la disponibilidad de recursos internos o la situaci\u00f3n econ\u00f3mica o pol\u00edtica a nivel pa\u00eds puede hacer que las solicitudes de reuniones se lleven a cabo de manera m\u00e1s expedita con algunas empresas en comparaci\u00f3n con otras.<\/p>\n\n\n\n<p>Di\u00e1logos por el Clima Latam planea seguir en desarrollo luego de esta primera etapa de aproximaci\u00f3n a las empresas, para lo cual se realizar\u00e1 un <strong>seguimiento de lo publicado en materia clim\u00e1tica por las empresas de cara a las memorias del a\u00f1o siguiente<\/strong>, y adem\u00e1s se seguir\u00e1n llevando a cabo reuniones y comunicaciones con los inversionistas de ser necesario. Asimismo, debido al inter\u00e9s de distintos inversores que a\u00fan no forman parte de la iniciativa, para un segundo ejercicio se considerar\u00e1 la incorporaci\u00f3n de m\u00e1s inversionistas, lo que adem\u00e1s permitir\u00eda ampliar el alcance de empresas abordadas y avanzar m\u00e1s r\u00e1pido en las medidas de descarbonizaci\u00f3n a nivel regional latinoamericano.<\/p>\n","protected":false},"excerpt":{"rendered":"<p><strong> <\/strong><\/p>\n","protected":false},"author":12,"featured_media":4995,"comment_status":"open","ping_status":"open","sticky":false,"template":"","format":"standard","meta":{"footnotes":""},"categories":[29],"tags":[],"class_list":["post-4984","post","type-post","status-publish","format-standard","has-post-thumbnail","hentry","category-tema-central"],"yoast_head":"<!-- This site is optimized with the Yoast SEO plugin v23.9 - https:\/\/yoast.com\/wordpress\/plugins\/seo\/ -->\n<title>Di\u00e1logos por el Clima Latam - Revista RS Edici\u00f3n 101<\/title>\n<meta name=\"description\" content=\"Un ambiente inclusivo solo puede alcanzarse con una cultura organizacional que promueva el camino hacia la transformaci\u00f3n,\" \/>\n<meta name=\"robots\" content=\"index, follow, max-snippet:-1, max-image-preview:large, max-video-preview:-1\" \/>\n<link rel=\"canonical\" href=\"https:\/\/rsrevista.org\/edicion101\/dialogos-por-el-clima-latam-20241018\/\" \/>\n<meta property=\"og:locale\" content=\"es_ES\" \/>\n<meta property=\"og:type\" content=\"article\" \/>\n<meta property=\"og:title\" content=\"Di\u00e1logos por el Clima Latam - Revista RS Edici\u00f3n 101\" \/>\n<meta property=\"og:description\" content=\"Un ambiente inclusivo solo puede alcanzarse con una cultura organizacional que promueva el camino hacia la transformaci\u00f3n,\" \/>\n<meta property=\"og:url\" content=\"https:\/\/rsrevista.org\/edicion101\/dialogos-por-el-clima-latam-20241018\/\" \/>\n<meta property=\"og:site_name\" content=\"Revista RS Edici\u00f3n 101\" \/>\n<meta property=\"article:published_time\" content=\"2024-10-19T00:21:29+00:00\" \/>\n<meta property=\"article:modified_time\" content=\"2024-10-19T15:23:23+00:00\" \/>\n<meta property=\"og:image\" content=\"https:\/\/rsrevista.org\/edicion101\/wp-content\/uploads\/sites\/11\/2024\/10\/dialogos-por-el-clima-latam.webp\" \/>\n\t<meta property=\"og:image:width\" content=\"2000\" \/>\n\t<meta property=\"og:image:height\" content=\"1125\" \/>\n\t<meta property=\"og:image:type\" content=\"image\/webp\" \/>\n<meta name=\"author\" content=\"claudia\" \/>\n<meta name=\"twitter:card\" content=\"summary_large_image\" \/>\n<meta name=\"twitter:label1\" content=\"Escrito por\" \/>\n\t<meta name=\"twitter:data1\" content=\"claudia\" \/>\n\t<meta name=\"twitter:label2\" content=\"Tiempo de lectura\" \/>\n\t<meta name=\"twitter:data2\" content=\"5 minutos\" \/>\n<script type=\"application\/ld+json\" class=\"yoast-schema-graph\">{\"@context\":\"https:\/\/schema.org\",\"@graph\":[{\"@type\":\"WebPage\",\"@id\":\"https:\/\/rsrevista.org\/edicion101\/dialogos-por-el-clima-latam-20241018\/\",\"url\":\"https:\/\/rsrevista.org\/edicion101\/dialogos-por-el-clima-latam-20241018\/\",\"name\":\"Di\u00e1logos por el Clima Latam - Revista RS Edici\u00f3n 101\",\"isPartOf\":{\"@id\":\"https:\/\/rsrevista.org\/edicion101\/#website\"},\"primaryImageOfPage\":{\"@id\":\"https:\/\/rsrevista.org\/edicion101\/dialogos-por-el-clima-latam-20241018\/#primaryimage\"},\"image\":{\"@id\":\"https:\/\/rsrevista.org\/edicion101\/dialogos-por-el-clima-latam-20241018\/#primaryimage\"},\"thumbnailUrl\":\"https:\/\/rsrevista.org\/edicion101\/wp-content\/uploads\/sites\/11\/2024\/10\/dialogos-por-el-clima-latam.webp\",\"datePublished\":\"2024-10-19T00:21:29+00:00\",\"dateModified\":\"2024-10-19T15:23:23+00:00\",\"author\":{\"@id\":\"https:\/\/rsrevista.org\/edicion101\/#\/schema\/person\/cd2cebca98e73dcd35520b9c535f6551\"},\"description\":\"Un ambiente inclusivo solo puede alcanzarse con una cultura organizacional que promueva el camino hacia la transformaci\u00f3n,\",\"breadcrumb\":{\"@id\":\"https:\/\/rsrevista.org\/edicion101\/dialogos-por-el-clima-latam-20241018\/#breadcrumb\"},\"inLanguage\":\"es\",\"potentialAction\":[{\"@type\":\"ReadAction\",\"target\":[\"https:\/\/rsrevista.org\/edicion101\/dialogos-por-el-clima-latam-20241018\/\"]}]},{\"@type\":\"ImageObject\",\"inLanguage\":\"es\",\"@id\":\"https:\/\/rsrevista.org\/edicion101\/dialogos-por-el-clima-latam-20241018\/#primaryimage\",\"url\":\"https:\/\/rsrevista.org\/edicion101\/wp-content\/uploads\/sites\/11\/2024\/10\/dialogos-por-el-clima-latam.webp\",\"contentUrl\":\"https:\/\/rsrevista.org\/edicion101\/wp-content\/uploads\/sites\/11\/2024\/10\/dialogos-por-el-clima-latam.webp\",\"width\":2000,\"height\":1125},{\"@type\":\"BreadcrumbList\",\"@id\":\"https:\/\/rsrevista.org\/edicion101\/dialogos-por-el-clima-latam-20241018\/#breadcrumb\",\"itemListElement\":[{\"@type\":\"ListItem\",\"position\":1,\"name\":\"Portada\",\"item\":\"https:\/\/rsrevista.org\/edicion101\/\"},{\"@type\":\"ListItem\",\"position\":2,\"name\":\"Di\u00e1logos por el Clima Latam\"}]},{\"@type\":\"WebSite\",\"@id\":\"https:\/\/rsrevista.org\/edicion101\/#website\",\"url\":\"https:\/\/rsrevista.org\/edicion101\/\",\"name\":\"Revista RS Edici\u00f3n 101\",\"description\":\"Responsabilidad social y sostenibilidad\",\"potentialAction\":[{\"@type\":\"SearchAction\",\"target\":{\"@type\":\"EntryPoint\",\"urlTemplate\":\"https:\/\/rsrevista.org\/edicion101\/?s={search_term_string}\"},\"query-input\":{\"@type\":\"PropertyValueSpecification\",\"valueRequired\":true,\"valueName\":\"search_term_string\"}}],\"inLanguage\":\"es\"},{\"@type\":\"Person\",\"@id\":\"https:\/\/rsrevista.org\/edicion101\/#\/schema\/person\/cd2cebca98e73dcd35520b9c535f6551\",\"name\":\"claudia\",\"image\":{\"@type\":\"ImageObject\",\"inLanguage\":\"es\",\"@id\":\"https:\/\/rsrevista.org\/edicion101\/#\/schema\/person\/image\/\",\"url\":\"https:\/\/secure.gravatar.com\/avatar\/2c9fb10d9dc571a0c5f0cdb07d9e0148?s=96&d=mm&r=g\",\"contentUrl\":\"https:\/\/secure.gravatar.com\/avatar\/2c9fb10d9dc571a0c5f0cdb07d9e0148?s=96&d=mm&r=g\",\"caption\":\"claudia\"},\"url\":\"https:\/\/rsrevista.org\/edicion101\/author\/claudia\/\"}]}<\/script>\n<!-- \/ Yoast SEO plugin. -->","yoast_head_json":{"title":"Di\u00e1logos por el Clima Latam - Revista RS Edici\u00f3n 101","description":"Un ambiente inclusivo solo puede alcanzarse con una cultura organizacional que promueva el camino hacia la transformaci\u00f3n,","robots":{"index":"index","follow":"follow","max-snippet":"max-snippet:-1","max-image-preview":"max-image-preview:large","max-video-preview":"max-video-preview:-1"},"canonical":"https:\/\/rsrevista.org\/edicion101\/dialogos-por-el-clima-latam-20241018\/","og_locale":"es_ES","og_type":"article","og_title":"Di\u00e1logos por el Clima Latam - Revista RS Edici\u00f3n 101","og_description":"Un ambiente inclusivo solo puede alcanzarse con una cultura organizacional que promueva el camino hacia la transformaci\u00f3n,","og_url":"https:\/\/rsrevista.org\/edicion101\/dialogos-por-el-clima-latam-20241018\/","og_site_name":"Revista RS Edici\u00f3n 101","article_published_time":"2024-10-19T00:21:29+00:00","article_modified_time":"2024-10-19T15:23:23+00:00","og_image":[{"width":2000,"height":1125,"url":"https:\/\/rsrevista.org\/edicion101\/wp-content\/uploads\/sites\/11\/2024\/10\/dialogos-por-el-clima-latam.webp","type":"image\/webp"}],"author":"claudia","twitter_card":"summary_large_image","twitter_misc":{"Escrito por":"claudia","Tiempo de lectura":"5 minutos"},"schema":{"@context":"https:\/\/schema.org","@graph":[{"@type":"WebPage","@id":"https:\/\/rsrevista.org\/edicion101\/dialogos-por-el-clima-latam-20241018\/","url":"https:\/\/rsrevista.org\/edicion101\/dialogos-por-el-clima-latam-20241018\/","name":"Di\u00e1logos por el Clima Latam - Revista RS Edici\u00f3n 101","isPartOf":{"@id":"https:\/\/rsrevista.org\/edicion101\/#website"},"primaryImageOfPage":{"@id":"https:\/\/rsrevista.org\/edicion101\/dialogos-por-el-clima-latam-20241018\/#primaryimage"},"image":{"@id":"https:\/\/rsrevista.org\/edicion101\/dialogos-por-el-clima-latam-20241018\/#primaryimage"},"thumbnailUrl":"https:\/\/rsrevista.org\/edicion101\/wp-content\/uploads\/sites\/11\/2024\/10\/dialogos-por-el-clima-latam.webp","datePublished":"2024-10-19T00:21:29+00:00","dateModified":"2024-10-19T15:23:23+00:00","author":{"@id":"https:\/\/rsrevista.org\/edicion101\/#\/schema\/person\/cd2cebca98e73dcd35520b9c535f6551"},"description":"Un ambiente inclusivo solo puede alcanzarse con una cultura organizacional que promueva el camino hacia la transformaci\u00f3n,","breadcrumb":{"@id":"https:\/\/rsrevista.org\/edicion101\/dialogos-por-el-clima-latam-20241018\/#breadcrumb"},"inLanguage":"es","potentialAction":[{"@type":"ReadAction","target":["https:\/\/rsrevista.org\/edicion101\/dialogos-por-el-clima-latam-20241018\/"]}]},{"@type":"ImageObject","inLanguage":"es","@id":"https:\/\/rsrevista.org\/edicion101\/dialogos-por-el-clima-latam-20241018\/#primaryimage","url":"https:\/\/rsrevista.org\/edicion101\/wp-content\/uploads\/sites\/11\/2024\/10\/dialogos-por-el-clima-latam.webp","contentUrl":"https:\/\/rsrevista.org\/edicion101\/wp-content\/uploads\/sites\/11\/2024\/10\/dialogos-por-el-clima-latam.webp","width":2000,"height":1125},{"@type":"BreadcrumbList","@id":"https:\/\/rsrevista.org\/edicion101\/dialogos-por-el-clima-latam-20241018\/#breadcrumb","itemListElement":[{"@type":"ListItem","position":1,"name":"Portada","item":"https:\/\/rsrevista.org\/edicion101\/"},{"@type":"ListItem","position":2,"name":"Di\u00e1logos por el Clima Latam"}]},{"@type":"WebSite","@id":"https:\/\/rsrevista.org\/edicion101\/#website","url":"https:\/\/rsrevista.org\/edicion101\/","name":"Revista RS Edici\u00f3n 101","description":"Responsabilidad social y sostenibilidad","potentialAction":[{"@type":"SearchAction","target":{"@type":"EntryPoint","urlTemplate":"https:\/\/rsrevista.org\/edicion101\/?s={search_term_string}"},"query-input":{"@type":"PropertyValueSpecification","valueRequired":true,"valueName":"search_term_string"}}],"inLanguage":"es"},{"@type":"Person","@id":"https:\/\/rsrevista.org\/edicion101\/#\/schema\/person\/cd2cebca98e73dcd35520b9c535f6551","name":"claudia","image":{"@type":"ImageObject","inLanguage":"es","@id":"https:\/\/rsrevista.org\/edicion101\/#\/schema\/person\/image\/","url":"https:\/\/secure.gravatar.com\/avatar\/2c9fb10d9dc571a0c5f0cdb07d9e0148?s=96&d=mm&r=g","contentUrl":"https:\/\/secure.gravatar.com\/avatar\/2c9fb10d9dc571a0c5f0cdb07d9e0148?s=96&d=mm&r=g","caption":"claudia"},"url":"https:\/\/rsrevista.org\/edicion101\/author\/claudia\/"}]}},"_links":{"self":[{"href":"https:\/\/rsrevista.org\/edicion101\/wp-json\/wp\/v2\/posts\/4984"}],"collection":[{"href":"https:\/\/rsrevista.org\/edicion101\/wp-json\/wp\/v2\/posts"}],"about":[{"href":"https:\/\/rsrevista.org\/edicion101\/wp-json\/wp\/v2\/types\/post"}],"author":[{"embeddable":true,"href":"https:\/\/rsrevista.org\/edicion101\/wp-json\/wp\/v2\/users\/12"}],"replies":[{"embeddable":true,"href":"https:\/\/rsrevista.org\/edicion101\/wp-json\/wp\/v2\/comments?post=4984"}],"version-history":[{"count":3,"href":"https:\/\/rsrevista.org\/edicion101\/wp-json\/wp\/v2\/posts\/4984\/revisions"}],"predecessor-version":[{"id":4998,"href":"https:\/\/rsrevista.org\/edicion101\/wp-json\/wp\/v2\/posts\/4984\/revisions\/4998"}],"wp:featuredmedia":[{"embeddable":true,"href":"https:\/\/rsrevista.org\/edicion101\/wp-json\/wp\/v2\/media\/4995"}],"wp:attachment":[{"href":"https:\/\/rsrevista.org\/edicion101\/wp-json\/wp\/v2\/media?parent=4984"}],"wp:term":[{"taxonomy":"category","embeddable":true,"href":"https:\/\/rsrevista.org\/edicion101\/wp-json\/wp\/v2\/categories?post=4984"},{"taxonomy":"post_tag","embeddable":true,"href":"https:\/\/rsrevista.org\/edicion101\/wp-json\/wp\/v2\/tags?post=4984"}],"curies":[{"name":"wp","href":"https:\/\/api.w.org\/{rel}","templated":true}]}}