{"id":5099,"date":"2023-08-01T10:47:39","date_gmt":"2023-08-01T15:47:39","guid":{"rendered":"https:\/\/rsrevista.org\/edicion100-1e7c7d2a-eedb-42bd-9e5f-9b0b01507871\/?p=5099"},"modified":"2024-01-17T15:32:13","modified_gmt":"2024-01-17T20:32:13","slug":"entrevista-a-andres-villegas-ramelli","status":"publish","type":"post","link":"https:\/\/rsrevista.org\/edicion100\/entrevista-a-andres-villegas-ramelli-20230801\/","title":{"rendered":"Entrevista a Andr\u00e9s Villegas Ramelli, Director de Planeaci\u00f3n y Evaluaci\u00f3n de ISA"},"content":{"rendered":"\n<div class=\"wp-block-columns block-author is-layout-flex wp-container-core-columns-is-layout-1 wp-block-columns-is-layout-flex\" id=\"author\">\n<div class=\"wp-block-column block-author__left is-layout-flow wp-block-column-is-layout-flow\" style=\"flex-basis:25%\">\n<figure class=\"wp-block-image size-large is-style-rounded\"><img loading=\"lazy\" decoding=\"async\" width=\"1024\" height=\"1024\" src=\"https:\/\/rsrevista.org\/edicion100\/wp-content\/uploads\/sites\/12\/2023\/07\/5-.AndresVillegas-2023-1024x1024.jpg\" alt=\"\" class=\"wp-image-5105\" srcset=\"https:\/\/rsrevista.org\/edicion100\/wp-content\/uploads\/sites\/12\/2023\/07\/5-.AndresVillegas-2023-1024x1024.jpg 1024w, https:\/\/rsrevista.org\/edicion100\/wp-content\/uploads\/sites\/12\/2023\/07\/5-.AndresVillegas-2023-300x300.jpg 300w, https:\/\/rsrevista.org\/edicion100\/wp-content\/uploads\/sites\/12\/2023\/07\/5-.AndresVillegas-2023-150x150.jpg 150w, https:\/\/rsrevista.org\/edicion100\/wp-content\/uploads\/sites\/12\/2023\/07\/5-.AndresVillegas-2023-768x768.jpg 768w, https:\/\/rsrevista.org\/edicion100\/wp-content\/uploads\/sites\/12\/2023\/07\/5-.AndresVillegas-2023-600x600.jpg 600w, https:\/\/rsrevista.org\/edicion100\/wp-content\/uploads\/sites\/12\/2023\/07\/5-.AndresVillegas-2023-1120x1120.jpg 1120w, https:\/\/rsrevista.org\/edicion100\/wp-content\/uploads\/sites\/12\/2023\/07\/5-.AndresVillegas-2023.jpg 1200w\" sizes=\"(max-width: 1024px) 100vw, 1024px\" \/><\/figure>\n\n\n\n<p class=\"has-text-align-center block-author__name has-black-color has-text-color\" style=\"text-transform:uppercase\">ANDR\u00c9S VILLEGAS RAMELLI<\/p>\n\n\n\n<hr class=\"wp-block-separator has-text-color has-black-color has-alpha-channel-opacity has-black-background-color has-background\" \/>\n\n\n\n<p class=\"has-text-align-center block-author__position has-black-color has-text-color\">Director de Planeaci\u00f3n y Evaluaci\u00f3n, ISA<\/p>\n<\/div>\n\n\n\n<div class=\"wp-block-column is-vertically-aligned-center block-author__right is-layout-flow wp-block-column-is-layout-flow\" style=\"flex-basis:75%\">\n<p>Ingeniero Electricista de la Universidad Pontificia Bolivariana (Colombia), Especialista en Transmisi\u00f3n y Distribuci\u00f3n de Energ\u00eda El\u00e9ctrica (misma Universidad), MSc en Electrical Power Engineering de la University of Manchester (Inglaterra). <\/p>\n\n\n\n<p>Su mayor experiencia se encuentra en las \u00e1reas de planeaci\u00f3n y expansi\u00f3n de la red de transmisi\u00f3n, y en la viabilizaci\u00f3n y desarrollo de la integraci\u00f3n el\u00e9ctrica regional.\u00a0 Ha estado vinculado a Interconexi\u00f3n El\u00e9ctrica S.A. (ISA) desde 1988.\u00a0 Actualmente se desempe\u00f1a como Director de Planeaci\u00f3n y Evaluaci\u00f3n del Negocio Transmisi\u00f3n de Energ\u00eda<\/p>\n<\/div>\n<\/div>\n\n\n\n<h2 class=\"wp-block-heading has-medium-font-size\"><strong>\u00bfCu\u00e1les son los principales desaf\u00edos que enfrenta la regi\u00f3n en t\u00e9rminos de transici\u00f3n energ\u00e9tica?<\/strong><\/h2>\n\n\n\n<p><strong>A.V.:&nbsp;<\/strong> Latinoam\u00e9rica enfrenta diversos desaf\u00edos en t\u00e9rminos de transici\u00f3n energ\u00e9tica. Desde el punto de vista de la energ\u00eda, el m\u00e1s importante es reducir la dependencia de los combustibles f\u00f3siles y aumentar la participaci\u00f3n de las fuentes de energ\u00eda renovable en la matriz energ\u00e9tica. Esto implica superar barreras t\u00e9cnicas, econ\u00f3micas y regulatorias para promover la implementaci\u00f3n de tecnolog\u00edas limpias y sostenibles.<\/p>\n\n\n\n<p>Sin embargo, el problema no puede ser abordado solamente desde la oferta; el consumo tambi\u00e9n tiene un rol relevante en la ruta de la descarbonizaci\u00f3n. Un desaf\u00edo importante en este sentido es mejorar la eficiencia energ\u00e9tica en todos los sectores. Latinoam\u00e9rica a\u00fan enfrenta problemas de consumo energ\u00e9tico ineficiente, tanto en el sector residencial como en el industrial y en el transporte. Para ello, es necesario implementar medidas de eficiencia energ\u00e9tica, promover la adopci\u00f3n de nuevas tecnolog\u00edas (m\u00e1s eficientes), y desarrollar pr\u00e1cticas de conservaci\u00f3n de energ\u00eda, generando conciencia sobre el uso responsable de los recursos.<\/p>\n\n\n\n<p>Desde el punto de vista de las redes, la regi\u00f3n debe enfrentar el desaf\u00edo de la integraci\u00f3n de las energ\u00edas renovables no convencionales en los sistemas. El aumento de la generaci\u00f3n de electricidad a partir de fuentes variables e intermitentes, como la solar y la e\u00f3lica, requiere la implementaci\u00f3n de sistemas de almacenamiento de energ\u00eda y la expansi\u00f3n y modernizaci\u00f3n de las infraestructuras de transmisi\u00f3n y distribuci\u00f3n. Para asegurar un suministro confiable, es necesario garantizar la resiliencia y la seguridad del suministro el\u00e9ctrico a medida que se incrementa la participaci\u00f3n de las energ\u00edas renovables y los sistemas est\u00e1n expuestos progresivamente a mayor cantidad de fen\u00f3menos clim\u00e1ticos extremos.<\/p>\n\n\n\n<p>Otro desaf\u00edo relevante es la planificaci\u00f3n y gesti\u00f3n adecuada de los recursos energ\u00e9ticos. Esto implica evaluar el potencial de las diferentes fuentes de energ\u00eda renovable en cada pa\u00eds y regi\u00f3n, y desarrollar pol\u00edticas y programas que promuevan su desarrollo de manera sostenible. Adem\u00e1s, es necesario considerar los impactos ambientales y sociales de los proyectos energ\u00e9ticos, garantizando la protecci\u00f3n del medio ambiente y el respeto a las comunidades locales.<\/p>\n\n\n\n<p>Por \u00faltimo, pero no menos importante, la financiaci\u00f3n es un desaf\u00edo clave en la transici\u00f3n energ\u00e9tica. La implementaci\u00f3n de proyectos y soluciones identificadas requiere inversiones significativas, y muchas veces se enfrenta a barreras financieras. Es necesario establecer mecanismos de financiamiento adecuados, como la creaci\u00f3n de fondos de inversi\u00f3n en energ\u00edas limpias, la promoci\u00f3n de la inversi\u00f3n privada y el acceso a financiamiento internacional, para impulsar el desarrollo de proyectos sostenibles.<\/p>\n\n\n\n<h2 class=\"wp-block-heading has-medium-font-size\"><strong>\u00bfQu\u00e9 oportunidades existen para el desarrollo de fuentes de energ\u00eda renovable en Latinoam\u00e9rica?<\/strong><\/h2>\n\n\n\n<p><strong>A.V.:&nbsp;<\/strong> Latinoam\u00e9rica cuenta con un gran potencial solar debido a su ubicaci\u00f3n geogr\u00e1fica lo cual se traduce en un alto nivel de radiaci\u00f3n en varios puntos de su geograf\u00eda. La instalaci\u00f3n de m\u00f3dulos solares bien sea a trav\u00e9s de soluciones distribuidas o en \u00e1reas centralizadas permitir\u00e1 aprovechar de forma \u00f3ptima esta fuente de energ\u00eda limpia y renovable. Muchas \u00e1reas de Latinoam\u00e9rica tienen adem\u00e1s vientos constantes y favorables, lo cual permite el desarrollo de parques e\u00f3licos, tanto en tierra como costa afuera. La generaci\u00f3n de energ\u00eda e\u00f3lica puede contribuir significativamente a la matriz energ\u00e9tica de la regi\u00f3n, complementando las fuentes existentes y ayudando a reducir las emisiones de gases de efecto invernadero.<\/p>\n\n\n\n<p>As\u00ed mismo, la regi\u00f3n cuenta con una abundancia de r\u00edos y corrientes de agua, lo cual brinda grandes oportunidades para el desarrollo de proyectos hidroel\u00e9ctricos, con el prop\u00f3sito de generar electricidad de manera sostenible y limpia. Igualmente, la biomasa y el biog\u00e1s provenientes de residuos org\u00e1nicos y desechos agr\u00edcolas pueden tambi\u00e9n ser utilizados como fuentes de energ\u00eda renovable. Estas fuentes energ\u00e9ticas pueden contribuir a diversificar la matriz energ\u00e9tica sin producir emisiones de gases de efecto invernadero. Finalmente, en algunas regiones de Latinoam\u00e9rica, existe la posibilidad de aprovechar la energ\u00eda geot\u00e9rmica, que se obtiene del calor almacenado en el subsuelo.<\/p>\n\n\n\n<p>Es importante tener en cuenta que las oportunidades pueden variar seg\u00fan el pa\u00eds y la regi\u00f3n, debido a las diferencias en los recursos naturales y las condiciones clim\u00e1ticas. Cada pa\u00eds debe evaluar su propia situaci\u00f3n y enfocarse en las fuentes de energ\u00eda renovable que sean m\u00e1s viables y adecuadas para sus necesidades, siempre apuntando al objetivo de evitar la producci\u00f3n de gases de efecto invernadero.<\/p>\n\n\n\n<h2 class=\"wp-block-heading has-medium-font-size\"><strong>\u00bfQu\u00e9 tecnolog\u00edas emergentes desempe\u00f1ar\u00e1n un papel crucial en la transici\u00f3n energ\u00e9tica y c\u00f3mo pueden ser implementadas de manera efectiva?<\/strong><\/h2>\n\n\n\n<p><strong>A.V.:&nbsp;<\/strong>La transici\u00f3n energ\u00e9tica har\u00e1 necesaria la implementaci\u00f3n efectiva de diversas tecnolog\u00edas emergentes. Aunque se trata de soluciones ya desarrolladas y ampliamente usadas en el mundo, la adopci\u00f3n de fuentes no convencionales de energ\u00edas renovables como la solar, e\u00f3lica, geot\u00e9rmica y de biomasa ser\u00e1 fundamental para reducir las emisiones de gases de efecto invernadero y disminuir la dependencia de los combustibles f\u00f3siles.<\/p>\n\n\n\n<p>Por su parte, la incorporaci\u00f3n de soluciones de almacenamiento de energ\u00eda ser\u00e1 crucial para manejar la variabilidad e intermitencia inherente a algunas fuentes renovables, y brindar respuesta a necesidades de las redes y del sistema (control de tensi\u00f3n, regulaci\u00f3n de frecuencia, respaldo de potencia, etc.). Esto garantiza la confiabilidad y disponibilidad de la energ\u00eda limpia cuando m\u00e1s se necesita. Asimismo, la modernizaci\u00f3n de las redes el\u00e9ctricas a trav\u00e9s de la implementaci\u00f3n de soluciones tipo \u201csmart grids\u201d o redes inteligentes es esencial para asegurar una gesti\u00f3n eficiente del sistema, introduciendo la flexibilidad requerida, y facilitando la integraci\u00f3n de las fuentes renovables y el balance adecuado entre la oferta y la demanda. Normalmente, estas soluciones se integran bajo el concepto de GET (Grid Enhancing Technologies, por sus siglas en ingl\u00e9s). Como complemento, la digitalizaci\u00f3n y gesti\u00f3n de datos contribuyen a optimizar la utilizaci\u00f3n de los recursos energ\u00e9ticos, permitiendo una mayor eficiencia en el consumo y una mejor toma de decisiones.<\/p>\n\n\n\n<p>Desde el punto de vista de la demanda, la transici\u00f3n energ\u00e9tica requiere la incorporaci\u00f3n de tecnolog\u00eda para la electrificaci\u00f3n del transporte. Promover la adopci\u00f3n de veh\u00edculos el\u00e9ctricos y la infraestructura de carga correspondiente es fundamental para reducir las emisiones del sector del transporte y mejorar la calidad del aire en las ciudades.<\/p>\n\n\n\n<p class=\"has-medium-font-size\"><strong>\u00bfCu\u00e1les son las pol\u00edticas gubernamentales y los incentivos necesarios para acelerar la transici\u00f3n hacia fuentes de energ\u00eda renovable?<\/strong><\/p>\n\n\n\n<p><strong>A.V.:&nbsp;<\/strong>Para acelerar la transici\u00f3n y movilizar la matriz energ\u00e9tica hacia fuentes de energ\u00eda renovable en Latinoam\u00e9rica, se requiere un enfoque integral y colaborativo que involucre a gobiernos, empresas, comunidades y ciudadanos. Este desaf\u00edo presenta oportunidades significativas para impulsar el desarrollo sostenible, generar empleo, reducir la pobreza energ\u00e9tica y proteger el medio ambiente.<\/p>\n\n\n\n<p>Para lograr este objetivo, es crucial fortalecer la investigaci\u00f3n e impulsar el desarrollo en tecnolog\u00edas sostenibles, lo cual implica invertir en la innovaci\u00f3n y el desarrollo de soluciones energ\u00e9ticas m\u00e1s eficientes, rentables y respetuosas con el medio ambiente. Esto incluye apoyar la investigaci\u00f3n en fuentes no convencionales de energ\u00edas renovables, adoptar soluciones de almacenamiento de energ\u00eda, tecnolog\u00edas de captura y almacenamiento de carbono, y tecnolog\u00edas de redes que brinden al sistema la flexibilidad requerida para dar respuesta a los nuevos atributos del servicio (energ\u00eda confiable a trav\u00e9s de soluciones sostenibles, asequibles, al alcance de todos los consumidores).<\/p>\n\n\n\n<blockquote class=\"wp-block-quote is-layout-flow wp-block-quote-is-layout-flow\">\n<p>Adem\u00e1s, es fundamental fomentar la colaboraci\u00f3n tanto a nivel regional como internacional en materia de energ\u00eda. Compartir experiencias, conocimientos y mejores pr\u00e1cticas entre los pa\u00edses de Hispanoam\u00e9rica puede acelerar el proceso de transici\u00f3n energ\u00e9tica y permitir un aprendizaje mutuo. <\/p>\n<\/blockquote>\n\n\n\n<p>Efectivamente, la cooperaci\u00f3n con otros pa\u00edses y organizaciones a nivel global puede facilitar el acceso a financiamiento, tecnolog\u00eda y capacidades t\u00e9cnicas necesarias para llevar a cabo proyectos de energ\u00eda sostenible a gran escala.<\/p>\n\n\n\n<p>Sin embargo, tambi\u00e9n debemos abordar los desaf\u00edos y obst\u00e1culos que puedan surgir durante esta transici\u00f3n. Es importante superar las barreras econ\u00f3micas, pol\u00edticas y sociales que puedan presentarse. Esto incluye asegurar la inversi\u00f3n financiera adecuada para la implementaci\u00f3n de proyectos sostenibles y superar las posibles resistencias o intereses contrapuestos de grupos de poder.<\/p>\n\n\n\n<p>Adem\u00e1s, es necesario tener en cuenta los aspectos sociales y econ\u00f3micos de la transici\u00f3n energ\u00e9tica. Es esencial garantizar que esta transici\u00f3n sea inclusiva y justa, y no deje atr\u00e1s a las comunidades vulnerables o a los sectores econ\u00f3micos que dependen de las industrias tradicionales. Esto implica crear programas de reconversi\u00f3n laboral, promover la econom\u00eda circular, y generar empleos verdes y sostenibles.<\/p>\n\n\n\n<h2 class=\"wp-block-heading has-medium-font-size\"><strong>\u00bfC\u00f3mo se puede garantizar la equidad en la transici\u00f3n energ\u00e9tica, especialmente para comunidades desfavorecidas o \u00e1reas rurales que pueden enfrentar desaf\u00edos adicionales?<\/strong><\/h2>\n\n\n\n<p><strong>A.V.:&nbsp;<\/strong>Para garantizar la equidad en la transici\u00f3n energ\u00e9tica, especialmente para comunidades desfavorecidas o \u00e1reas rurales que enfrentan desaf\u00edos adicionales, es primordial considerar sus necesidades y realidades espec\u00edficas. Esto implica involucrar activamente a las comunidades en el proceso y tomar decisiones de manera conjunta, escuchando y comprendiendo sus preocupaciones y perspectivas.<\/p>\n\n\n\n<p>Cada comunidad tiene caracter\u00edsticas \u00fanicas, por lo que es importante adaptar las soluciones a sus circunstancias particulares. Esto implica comprender su cultura, condiciones socioecon\u00f3micas y otros factores relevantes. Adem\u00e1s, es fundamental asegurar la colaboraci\u00f3n entre empresas, gobiernos e instituciones para crear las condiciones necesarias y promover la equidad en la transici\u00f3n energ\u00e9tica.<\/p>\n\n\n\n<p>La asequibilidad y accesibilidad equitativa a la energ\u00eda tambi\u00e9n es crucial; esta es una de las prioridades de la transici\u00f3n. Esto implica llevar fuentes de energ\u00eda limpia y renovable a las \u00e1reas rurales y comunidades desfavorecidas, superando barreras como la falta de infraestructura de transmisi\u00f3n y distribuci\u00f3n. Asimismo, se deben implementar programas de apoyo financiero para facilitar el acceso a tecnolog\u00edas y soluciones energ\u00e9ticas limpias.<\/p>\n\n\n\n<p>Otro aspecto importante es el desarrollo de capacidades locales. Esto implica fortalecer las habilidades y conocimientos de las comunidades, proporcion\u00e1ndoles oportunidades de participaci\u00f3n activa en la transici\u00f3n energ\u00e9tica. Mediante la capacitaci\u00f3n y la educaci\u00f3n, las comunidades podr\u00e1n beneficiarse plenamente de las nuevas tecnolog\u00edas y oportunidades que surjan durante el proceso de transici\u00f3n.<\/p>\n\n\n\n<h2 class=\"wp-block-heading has-medium-font-size\"><strong>En su opini\u00f3n, \u00bfcu\u00e1l es el futuro de la transici\u00f3n energ\u00e9tica en Latinoam\u00e9rica?<\/strong><\/h2>\n\n\n\n<p><strong>A.V.:&nbsp;<\/strong>Actualmente, nos enfrentamos al gran desaf\u00edo de no emitir al ambiente gases de efecto invernadero, lo cual significa desde el sector de energ\u00eda empezar a reducir el uso de combustibles f\u00f3siles, que tienen esa caracter\u00edstica. Aunque hemos identificado cu\u00e1les son los combustibles no deseables, debemos asegurar que nuestra producci\u00f3n de energ\u00eda avance hacia un proceso de transformaci\u00f3n de la matriz energ\u00e9tica, mientras desarrollamos y consolidamos alternativas m\u00e1s limpias. Igualmente es crucial electrificar otros sectores que usan energ\u00eda (transporte, industria, procesos de calentamiento y enfriamiento) utilizando energ\u00eda proveniente de fuentes renovables. Sin embargo, al hablar de estas fuentes y soluciones, debemos considerar los materiales necesarios para su fabricaci\u00f3n, como los m\u00f3dulos solares, los aerogeneradores y las mismas bater\u00edas. No deber\u00edamos reemplazar un problema actual con otro futuro. Es importante desde ahora pensar en c\u00f3mo manejar, gestionar y reciclar estos materiales una vez lleguen al final de su vida \u00fatil.<\/p>\n\n\n\n<p>La transici\u00f3n energ\u00e9tica no tiene una fecha de finalizaci\u00f3n espec\u00edfica y requerir\u00e1 una combinaci\u00f3n de diferentes fuentes de energ\u00eda. Nuestro objetivo principal debe ser reducir las emisiones y frenar el calentamiento global, lo cual supone, bajo la mirara del trilema energ\u00e9tico pensar tanto en la sostenibilidad de las soluciones, la accesibilidad y asequibilidad del servicio, como lo est\u00e1ndares asociados a su prestaci\u00f3n (energ\u00eda confiable y segura). Estamos acerc\u00e1ndonos peligrosamente al l\u00edmite de calentamiento que hace sostenible el planeta y la vida de las personas, por lo que es fundamental revertir la generaci\u00f3n de emisiones para poder decir en el a\u00f1o 2100 que nos encontramos en un nivel de calentamiento comparable al de la era pre industrial. Este es el reto al que nos enfrentamos, y debemos preguntarnos si seremos capaces de cumplirlo.<\/p>\n","protected":false},"excerpt":{"rendered":"<p><strong> <\/strong><\/p>\n","protected":false},"author":1,"featured_media":5106,"comment_status":"open","ping_status":"closed","sticky":false,"template":"","format":"standard","meta":{"_coblocks_attr":"","_coblocks_dimensions":"","_coblocks_responsive_height":"","_coblocks_accordion_ie_support":"","footnotes":""},"categories":[29],"tags":[],"class_list":["post-5099","post","type-post","status-publish","format-standard","has-post-thumbnail","hentry","category-tema-central"],"yoast_head":"<!-- This site is optimized with the Yoast SEO plugin v23.9 - https:\/\/yoast.com\/wordpress\/plugins\/seo\/ -->\n<title>Entrevista a Andr\u00e9s Villegas Ramelli, Director de Planeaci\u00f3n y Evaluaci\u00f3n de ISA - Revista RS Edici\u00f3n 100<\/title>\n<meta name=\"description\" content=\"Un ambiente inclusivo solo puede alcanzarse con una cultura organizacional que promueva el camino hacia la transformaci\u00f3n,\" \/>\n<meta name=\"robots\" content=\"index, follow, max-snippet:-1, max-image-preview:large, max-video-preview:-1\" \/>\n<link rel=\"canonical\" href=\"https:\/\/rsrevista.org\/edicion100\/entrevista-a-andres-villegas-ramelli-20230801\/\" \/>\n<meta property=\"og:locale\" content=\"es_ES\" \/>\n<meta property=\"og:type\" content=\"article\" \/>\n<meta property=\"og:title\" content=\"Entrevista a Andr\u00e9s Villegas Ramelli, Director de Planeaci\u00f3n y Evaluaci\u00f3n de ISA - Revista RS Edici\u00f3n 100\" \/>\n<meta property=\"og:description\" content=\"Un ambiente inclusivo solo puede alcanzarse con una cultura organizacional que promueva el camino hacia la transformaci\u00f3n,\" \/>\n<meta property=\"og:url\" content=\"https:\/\/rsrevista.org\/edicion100\/entrevista-a-andres-villegas-ramelli-20230801\/\" \/>\n<meta property=\"og:site_name\" content=\"Revista RS Edici\u00f3n 100\" \/>\n<meta property=\"article:published_time\" content=\"2023-08-01T15:47:39+00:00\" \/>\n<meta property=\"article:modified_time\" content=\"2024-01-17T20:32:13+00:00\" \/>\n<meta property=\"og:image\" content=\"https:\/\/rsrevista.org\/edicion100\/wp-content\/uploads\/sites\/12\/2023\/07\/tema-central-5-ISA-ANDRES-VILLEGAS.jpg\" \/>\n\t<meta property=\"og:image:width\" content=\"1920\" \/>\n\t<meta property=\"og:image:height\" content=\"1280\" \/>\n\t<meta property=\"og:image:type\" content=\"image\/jpeg\" \/>\n<meta name=\"author\" content=\"Good\" \/>\n<meta name=\"twitter:card\" content=\"summary_large_image\" \/>\n<meta name=\"twitter:label1\" content=\"Escrito por\" \/>\n\t<meta name=\"twitter:data1\" content=\"Good\" \/>\n\t<meta name=\"twitter:label2\" content=\"Tiempo de lectura\" \/>\n\t<meta name=\"twitter:data2\" content=\"10 minutos\" \/>\n<script type=\"application\/ld+json\" class=\"yoast-schema-graph\">{\"@context\":\"https:\/\/schema.org\",\"@graph\":[{\"@type\":\"WebPage\",\"@id\":\"https:\/\/rsrevista.org\/edicion100\/entrevista-a-andres-villegas-ramelli-20230801\/\",\"url\":\"https:\/\/rsrevista.org\/edicion100\/entrevista-a-andres-villegas-ramelli-20230801\/\",\"name\":\"Entrevista a Andr\u00e9s Villegas Ramelli, Director de Planeaci\u00f3n y Evaluaci\u00f3n de ISA - Revista RS Edici\u00f3n 100\",\"isPartOf\":{\"@id\":\"https:\/\/rsrevista.org\/edicion100\/#website\"},\"primaryImageOfPage\":{\"@id\":\"https:\/\/rsrevista.org\/edicion100\/entrevista-a-andres-villegas-ramelli-20230801\/#primaryimage\"},\"image\":{\"@id\":\"https:\/\/rsrevista.org\/edicion100\/entrevista-a-andres-villegas-ramelli-20230801\/#primaryimage\"},\"thumbnailUrl\":\"https:\/\/rsrevista.org\/edicion100\/wp-content\/uploads\/sites\/12\/2023\/07\/tema-central-5-ISA-ANDRES-VILLEGAS.jpg\",\"datePublished\":\"2023-08-01T15:47:39+00:00\",\"dateModified\":\"2024-01-17T20:32:13+00:00\",\"author\":{\"@id\":\"https:\/\/rsrevista.org\/edicion100\/#\/schema\/person\/781e0e43b930b28f9267ae9a5dcbe3af\"},\"description\":\"Un ambiente inclusivo solo puede alcanzarse con una cultura organizacional que promueva el camino hacia la transformaci\u00f3n,\",\"breadcrumb\":{\"@id\":\"https:\/\/rsrevista.org\/edicion100\/entrevista-a-andres-villegas-ramelli-20230801\/#breadcrumb\"},\"inLanguage\":\"es\",\"potentialAction\":[{\"@type\":\"ReadAction\",\"target\":[\"https:\/\/rsrevista.org\/edicion100\/entrevista-a-andres-villegas-ramelli-20230801\/\"]}]},{\"@type\":\"ImageObject\",\"inLanguage\":\"es\",\"@id\":\"https:\/\/rsrevista.org\/edicion100\/entrevista-a-andres-villegas-ramelli-20230801\/#primaryimage\",\"url\":\"https:\/\/rsrevista.org\/edicion100\/wp-content\/uploads\/sites\/12\/2023\/07\/tema-central-5-ISA-ANDRES-VILLEGAS.jpg\",\"contentUrl\":\"https:\/\/rsrevista.org\/edicion100\/wp-content\/uploads\/sites\/12\/2023\/07\/tema-central-5-ISA-ANDRES-VILLEGAS.jpg\",\"width\":1920,\"height\":1280},{\"@type\":\"BreadcrumbList\",\"@id\":\"https:\/\/rsrevista.org\/edicion100\/entrevista-a-andres-villegas-ramelli-20230801\/#breadcrumb\",\"itemListElement\":[{\"@type\":\"ListItem\",\"position\":1,\"name\":\"Portada\",\"item\":\"https:\/\/rsrevista.org\/edicion100\/\"},{\"@type\":\"ListItem\",\"position\":2,\"name\":\"Entrevista a Andr\u00e9s Villegas Ramelli, Director de Planeaci\u00f3n y Evaluaci\u00f3n de ISA\"}]},{\"@type\":\"WebSite\",\"@id\":\"https:\/\/rsrevista.org\/edicion100\/#website\",\"url\":\"https:\/\/rsrevista.org\/edicion100\/\",\"name\":\"Revista RS Edici\u00f3n 100\",\"description\":\"Responsabilidad social y sostenibilidad\",\"potentialAction\":[{\"@type\":\"SearchAction\",\"target\":{\"@type\":\"EntryPoint\",\"urlTemplate\":\"https:\/\/rsrevista.org\/edicion100\/?s={search_term_string}\"},\"query-input\":{\"@type\":\"PropertyValueSpecification\",\"valueRequired\":true,\"valueName\":\"search_term_string\"}}],\"inLanguage\":\"es\"},{\"@type\":\"Person\",\"@id\":\"https:\/\/rsrevista.org\/edicion100\/#\/schema\/person\/781e0e43b930b28f9267ae9a5dcbe3af\",\"name\":\"Good\",\"image\":{\"@type\":\"ImageObject\",\"inLanguage\":\"es\",\"@id\":\"https:\/\/rsrevista.org\/edicion100\/#\/schema\/person\/image\/\",\"url\":\"https:\/\/secure.gravatar.com\/avatar\/b90085527cfd5e03250a8637fe5c0369?s=96&d=mm&r=g\",\"contentUrl\":\"https:\/\/secure.gravatar.com\/avatar\/b90085527cfd5e03250a8637fe5c0369?s=96&d=mm&r=g\",\"caption\":\"Good\"},\"sameAs\":[\"https:\/\/rsrevista.org\"],\"url\":\"https:\/\/rsrevista.org\/edicion100\/author\/good\/\"}]}<\/script>\n<!-- \/ Yoast SEO plugin. -->","yoast_head_json":{"title":"Entrevista a Andr\u00e9s Villegas Ramelli, Director de Planeaci\u00f3n y Evaluaci\u00f3n de ISA - Revista RS Edici\u00f3n 100","description":"Un ambiente inclusivo solo puede alcanzarse con una cultura organizacional que promueva el camino hacia la transformaci\u00f3n,","robots":{"index":"index","follow":"follow","max-snippet":"max-snippet:-1","max-image-preview":"max-image-preview:large","max-video-preview":"max-video-preview:-1"},"canonical":"https:\/\/rsrevista.org\/edicion100\/entrevista-a-andres-villegas-ramelli-20230801\/","og_locale":"es_ES","og_type":"article","og_title":"Entrevista a Andr\u00e9s Villegas Ramelli, Director de Planeaci\u00f3n y Evaluaci\u00f3n de ISA - Revista RS Edici\u00f3n 100","og_description":"Un ambiente inclusivo solo puede alcanzarse con una cultura organizacional que promueva el camino hacia la transformaci\u00f3n,","og_url":"https:\/\/rsrevista.org\/edicion100\/entrevista-a-andres-villegas-ramelli-20230801\/","og_site_name":"Revista RS Edici\u00f3n 100","article_published_time":"2023-08-01T15:47:39+00:00","article_modified_time":"2024-01-17T20:32:13+00:00","og_image":[{"width":1920,"height":1280,"url":"https:\/\/rsrevista.org\/edicion100\/wp-content\/uploads\/sites\/12\/2023\/07\/tema-central-5-ISA-ANDRES-VILLEGAS.jpg","type":"image\/jpeg"}],"author":"Good","twitter_card":"summary_large_image","twitter_misc":{"Escrito por":"Good","Tiempo de lectura":"10 minutos"},"schema":{"@context":"https:\/\/schema.org","@graph":[{"@type":"WebPage","@id":"https:\/\/rsrevista.org\/edicion100\/entrevista-a-andres-villegas-ramelli-20230801\/","url":"https:\/\/rsrevista.org\/edicion100\/entrevista-a-andres-villegas-ramelli-20230801\/","name":"Entrevista a Andr\u00e9s Villegas Ramelli, Director de Planeaci\u00f3n y Evaluaci\u00f3n de ISA - Revista RS Edici\u00f3n 100","isPartOf":{"@id":"https:\/\/rsrevista.org\/edicion100\/#website"},"primaryImageOfPage":{"@id":"https:\/\/rsrevista.org\/edicion100\/entrevista-a-andres-villegas-ramelli-20230801\/#primaryimage"},"image":{"@id":"https:\/\/rsrevista.org\/edicion100\/entrevista-a-andres-villegas-ramelli-20230801\/#primaryimage"},"thumbnailUrl":"https:\/\/rsrevista.org\/edicion100\/wp-content\/uploads\/sites\/12\/2023\/07\/tema-central-5-ISA-ANDRES-VILLEGAS.jpg","datePublished":"2023-08-01T15:47:39+00:00","dateModified":"2024-01-17T20:32:13+00:00","author":{"@id":"https:\/\/rsrevista.org\/edicion100\/#\/schema\/person\/781e0e43b930b28f9267ae9a5dcbe3af"},"description":"Un ambiente inclusivo solo puede alcanzarse con una cultura organizacional que promueva el camino hacia la transformaci\u00f3n,","breadcrumb":{"@id":"https:\/\/rsrevista.org\/edicion100\/entrevista-a-andres-villegas-ramelli-20230801\/#breadcrumb"},"inLanguage":"es","potentialAction":[{"@type":"ReadAction","target":["https:\/\/rsrevista.org\/edicion100\/entrevista-a-andres-villegas-ramelli-20230801\/"]}]},{"@type":"ImageObject","inLanguage":"es","@id":"https:\/\/rsrevista.org\/edicion100\/entrevista-a-andres-villegas-ramelli-20230801\/#primaryimage","url":"https:\/\/rsrevista.org\/edicion100\/wp-content\/uploads\/sites\/12\/2023\/07\/tema-central-5-ISA-ANDRES-VILLEGAS.jpg","contentUrl":"https:\/\/rsrevista.org\/edicion100\/wp-content\/uploads\/sites\/12\/2023\/07\/tema-central-5-ISA-ANDRES-VILLEGAS.jpg","width":1920,"height":1280},{"@type":"BreadcrumbList","@id":"https:\/\/rsrevista.org\/edicion100\/entrevista-a-andres-villegas-ramelli-20230801\/#breadcrumb","itemListElement":[{"@type":"ListItem","position":1,"name":"Portada","item":"https:\/\/rsrevista.org\/edicion100\/"},{"@type":"ListItem","position":2,"name":"Entrevista a Andr\u00e9s Villegas Ramelli, Director de Planeaci\u00f3n y Evaluaci\u00f3n de ISA"}]},{"@type":"WebSite","@id":"https:\/\/rsrevista.org\/edicion100\/#website","url":"https:\/\/rsrevista.org\/edicion100\/","name":"Revista RS Edici\u00f3n 100","description":"Responsabilidad social y sostenibilidad","potentialAction":[{"@type":"SearchAction","target":{"@type":"EntryPoint","urlTemplate":"https:\/\/rsrevista.org\/edicion100\/?s={search_term_string}"},"query-input":{"@type":"PropertyValueSpecification","valueRequired":true,"valueName":"search_term_string"}}],"inLanguage":"es"},{"@type":"Person","@id":"https:\/\/rsrevista.org\/edicion100\/#\/schema\/person\/781e0e43b930b28f9267ae9a5dcbe3af","name":"Good","image":{"@type":"ImageObject","inLanguage":"es","@id":"https:\/\/rsrevista.org\/edicion100\/#\/schema\/person\/image\/","url":"https:\/\/secure.gravatar.com\/avatar\/b90085527cfd5e03250a8637fe5c0369?s=96&d=mm&r=g","contentUrl":"https:\/\/secure.gravatar.com\/avatar\/b90085527cfd5e03250a8637fe5c0369?s=96&d=mm&r=g","caption":"Good"},"sameAs":["https:\/\/rsrevista.org"],"url":"https:\/\/rsrevista.org\/edicion100\/author\/good\/"}]}},"_links":{"self":[{"href":"https:\/\/rsrevista.org\/edicion100\/wp-json\/wp\/v2\/posts\/5099"}],"collection":[{"href":"https:\/\/rsrevista.org\/edicion100\/wp-json\/wp\/v2\/posts"}],"about":[{"href":"https:\/\/rsrevista.org\/edicion100\/wp-json\/wp\/v2\/types\/post"}],"author":[{"embeddable":true,"href":"https:\/\/rsrevista.org\/edicion100\/wp-json\/wp\/v2\/users\/1"}],"replies":[{"embeddable":true,"href":"https:\/\/rsrevista.org\/edicion100\/wp-json\/wp\/v2\/comments?post=5099"}],"version-history":[{"count":17,"href":"https:\/\/rsrevista.org\/edicion100\/wp-json\/wp\/v2\/posts\/5099\/revisions"}],"predecessor-version":[{"id":5547,"href":"https:\/\/rsrevista.org\/edicion100\/wp-json\/wp\/v2\/posts\/5099\/revisions\/5547"}],"wp:featuredmedia":[{"embeddable":true,"href":"https:\/\/rsrevista.org\/edicion100\/wp-json\/wp\/v2\/media\/5106"}],"wp:attachment":[{"href":"https:\/\/rsrevista.org\/edicion100\/wp-json\/wp\/v2\/media?parent=5099"}],"wp:term":[{"taxonomy":"category","embeddable":true,"href":"https:\/\/rsrevista.org\/edicion100\/wp-json\/wp\/v2\/categories?post=5099"},{"taxonomy":"post_tag","embeddable":true,"href":"https:\/\/rsrevista.org\/edicion100\/wp-json\/wp\/v2\/tags?post=5099"}],"curies":[{"name":"wp","href":"https:\/\/api.w.org\/{rel}","templated":true}]}}