{"id":4980,"date":"2023-07-25T19:07:51","date_gmt":"2023-07-26T00:07:51","guid":{"rendered":"https:\/\/rsrevista.org\/edicion100-1e7c7d2a-eedb-42bd-9e5f-9b0b01507871\/?p=4980"},"modified":"2023-11-14T08:20:07","modified_gmt":"2023-11-14T13:20:07","slug":"tejiendo-el-futuro-responsabilidad-social-empresarial-transicion-energetica-y-el-valor-de-los-trabajadores-mineros","status":"publish","type":"post","link":"https:\/\/rsrevista.org\/edicion100\/tejiendo-el-futuro-responsabilidad-social-empresarial-transicion-energetica-y-el-valor-de-los-trabajadores-mineros-20230725\/","title":{"rendered":"Tejiendo el Futuro: Responsabilidad Social Empresarial, transici\u00f3n energ\u00e9tica y el valor de los trabajadores mineros. Por: Luisa Mar\u00eda Quinche, Coordinadora del Observatorio Laboral para la Transici\u00f3n Justa, CNV Internacional"},"content":{"rendered":"\n<div class=\"wp-block-columns block-author is-layout-flex wp-container-core-columns-is-layout-1 wp-block-columns-is-layout-flex\" id=\"author\">\n<div class=\"wp-block-column block-author__left is-layout-flow wp-block-column-is-layout-flow\" style=\"flex-basis:25%\">\n<figure class=\"wp-block-image size-large is-style-rounded\"><img loading=\"lazy\" decoding=\"async\" width=\"1024\" height=\"1024\" src=\"https:\/\/rsrevista.org\/edicion100\/wp-content\/uploads\/sites\/12\/2023\/07\/luisa-maria-quinche-1024x1024.jpg\" alt=\"\" class=\"wp-image-5053\" srcset=\"https:\/\/rsrevista.org\/edicion100\/wp-content\/uploads\/sites\/12\/2023\/07\/luisa-maria-quinche-1024x1024.jpg 1024w, https:\/\/rsrevista.org\/edicion100\/wp-content\/uploads\/sites\/12\/2023\/07\/luisa-maria-quinche-300x300.jpg 300w, https:\/\/rsrevista.org\/edicion100\/wp-content\/uploads\/sites\/12\/2023\/07\/luisa-maria-quinche-150x150.jpg 150w, https:\/\/rsrevista.org\/edicion100\/wp-content\/uploads\/sites\/12\/2023\/07\/luisa-maria-quinche-768x768.jpg 768w, https:\/\/rsrevista.org\/edicion100\/wp-content\/uploads\/sites\/12\/2023\/07\/luisa-maria-quinche-600x600.jpg 600w, https:\/\/rsrevista.org\/edicion100\/wp-content\/uploads\/sites\/12\/2023\/07\/luisa-maria-quinche-1120x1120.jpg 1120w, https:\/\/rsrevista.org\/edicion100\/wp-content\/uploads\/sites\/12\/2023\/07\/luisa-maria-quinche.jpg 1170w\" sizes=\"(max-width: 1024px) 100vw, 1024px\" \/><\/figure>\n\n\n\n<p class=\"has-text-align-center block-author__name has-black-color has-text-color\" style=\"text-transform:uppercase\">Luisa Mar\u00eda Quinche<\/p>\n\n\n\n<hr class=\"wp-block-separator has-text-color has-black-color has-alpha-channel-opacity has-black-background-color has-background\" \/>\n\n\n\n<p class=\"has-text-align-center block-author__position has-black-color has-text-color\">Coordinadora del Observatorio Laboral para la Transici\u00f3n Justa, CNV Internacional<\/p>\n<\/div>\n\n\n\n<div class=\"wp-block-column is-vertically-aligned-center block-author__right is-layout-flow wp-block-column-is-layout-flow\" style=\"flex-basis:75%\">\n<p class=\"block-author__bio has-black-color has-text-color\"> Luisa Mar\u00eda Quinche es una investigadora de Transici\u00f3n Energ\u00e9tica Justa, estudi\u00f3 Ciencia Pol\u00edtica en la Universidad Nacional de Colombia y es miembro activo de la Asociaci\u00f3n de Estudios Latinoamericanos (LASA). El \u00e9nfasis de su trabajo est\u00e1&nbsp; en la relaci\u00f3n entre medio ambiente y derechos humanos. Ha desarrollado destreza en trabajo humanitario y cooperaci\u00f3n internacional, enfocada en la investigaci\u00f3n en Desarrollo Sostenible. En su trabajo, Luisa Mar\u00eda busca aplicar un enfoque transversal que genere impacto. Actualmente, se desempe\u00f1a como Coordinadora del Observatorio Laboral para la Transici\u00f3n Justa en CNV Internacional, donde contribuye a promover una transici\u00f3n justa hacia un modelo energ\u00e9tico sostenible.<\/p>\n<\/div>\n<\/div>\n\n\n\n<p><span class=\"drop-cap\">En<\/span> un contexto en el que la crisis clim\u00e1tica ha alcanzado un punto cr\u00edtico, resulta crucial que se tomen decisiones urgentes para enfrentar una emergencia medioambiental a escala global. La transici\u00f3n energ\u00e9tica se ha convertido en una medida preventiva clave frente al avance del calentamiento global, y tanto la Responsabilidad Social Empresarial (RSE), como los trabajadores del sector energ\u00e9tico y las comunidades, desempe\u00f1an un papel fundamental para que este proceso sea justo.<\/p>\n\n\n\n<p>Como objetivo, la transici\u00f3n energ\u00e9tica busca transformar nuestros sistemas de producci\u00f3n y consumo de energ\u00eda, dejando de lado fuentes primitivas contaminantes y dependientes de combustibles f\u00f3siles, y avanzando hacia cadenas de suministro energ\u00e9ticas renovables y sostenibles. <\/p>\n\n\n\n<blockquote class=\"wp-block-quote is-layout-flow wp-block-quote-is-layout-flow\">\n<p>Este cambio no solo se centra en la reducci\u00f3n de emisiones de gases de efecto invernadero, sino tambi\u00e9n en promover la eficiencia y justicia energ\u00e9tica, impulsando la innovaci\u00f3n tecnol\u00f3gica y generando empleos verdes.<\/p>\n<\/blockquote>\n\n\n\n<p>Ante tal escenario, el sector minero-energ\u00e9tico desempe\u00f1a un papel crucial. Minerales como el cobre, el litio, el n\u00edquel y el zinc son elementos clave en las tecnolog\u00edas de energ\u00edas limpias y se espera que con los a\u00f1os su producci\u00f3n incremente de forma considerable. Sin embargo, la miner\u00eda tambi\u00e9n presenta desaf\u00edos en t\u00e9rminos de sostenibilidad social y ambiental, por lo cual, es necesario abordar las desigualdades y las violaciones a los derechos humanos, laborales y ambientales que a menudo se asocian con la actividad minera en Am\u00e9rica Latina y el resto del mundo.<\/p>\n\n\n\n<p>Por un lado, los trabajadores mineros son actores fundamentales en la transici\u00f3n energ\u00e9tica. Su participaci\u00f3n activa y la perspectiva laboral son indispensables para construir una ruta hacia una transici\u00f3n justa y equitativa. Ya se ha demostrado anteriormente en pa\u00edses como Holanda, Espa\u00f1a y ahora Sud\u00e1frica, el valor que tienen los trabajadores organizados del sector minero, tanto para la formulaci\u00f3n de pol\u00edticas para la transici\u00f3n con su Gobierno Nacional, como para la negociaci\u00f3n en las mesas de di\u00e1logo con las empresas. El aporte que representa su voz para el proceso, ha logrado que la transici\u00f3n sea un \u00e9xito en t\u00e9rminos de mitigaci\u00f3n de impacto en el cierre de minas, reconversi\u00f3n laboral y diversificaci\u00f3n econ\u00f3mica en regiones caracterizadas por llevar a cabo este tipo de actividad a gran escala.<\/p>\n\n\n\n<p>En los Pa\u00edses Bajos, la transici\u00f3n comenz\u00f3 a finales de los a\u00f1os sesenta, y los sindicatos desempe\u00f1aron un papel crucial al aceptar el cierre de las minas, siempre y cuando el gobierno ofreciera oportunidades de empleo alternativas. Para respaldar esta transici\u00f3n, el gobierno otorg\u00f3 subvenciones para asegurar que los trabajadores se beneficiaran hasta que las minas dejaran de ser rentables.<\/p>\n\n\n\n<p>En Espa\u00f1a, sindicatos como Comisiones Obreras (CC.OO.) y la Uni\u00f3n General de Trabajadores (UGT) han participado activamente en el desarrollo de la Estrategia Nacional de Cambio Clim\u00e1tico y la Estrategia Nacional de Ahorro y Eficiencia Energ\u00e9tica, abogando por la justicia social en todo el proceso. Mientras, en Sud\u00e1frica, los trabajadores sudafricanos han jugado un papel fundamental, especialmente al orientar y facilitar las inversiones provenientes de Estados Unidos y la Uni\u00f3n Europea.<\/p>\n\n\n\n<p>La transici\u00f3n exige la generaci\u00f3n de di\u00e1logos tripartitos entre las empresas, el Gobierno, trabajadores y comunidades para reducir los impactos de la actividad minera en la explotaci\u00f3n de minerales para la transici\u00f3n y acordar planes de cierre consensuados que puedan resarcir los da\u00f1os ambientales y amortiguar el impacto laboral en el caso de la miner\u00eda de carb\u00f3n. Adem\u00e1s, es fundamental garantizar que los trabajadores mineros tengan derechos laborales efectivos, incluso durante el cierre de operaciones.<\/p>\n\n\n\n<p>Por otro lado, debe existir un compromiso conjunto para que las pol\u00edticas de RSE del sector minero se implementen en cada territorio seg\u00fan su contexto y mejorar las pol\u00edticas existentes para abordar de manera efectiva los riesgos asociados con la actividad minera. La existencia de una RSE en el sector minero es vital para garantizar una miner\u00eda responsable y sostenible en la transici\u00f3n, que contribuya al desarrollo econ\u00f3mico y social de las comunidades, respetando sus saberes, su tierra y mitigando el impacto medioambiental que inevitablemente esta actividad genera en el territorio.<\/p>\n\n\n\n<p>La RSE en el sector minero-energ\u00e9tico no solo contribuir\u00e1 a una transici\u00f3n energ\u00e9tica m\u00e1s sostenible, sino que tambi\u00e9n mejorar\u00e1 las condiciones laborales de los trabajadores y promover\u00e1 la equidad y el respeto por los derechos humanos. Los desaf\u00edos industriales asociados con la transformaci\u00f3n de la matriz energ\u00e9tica requieren una acci\u00f3n colectiva, en la que las empresas, el gobierno, los trabajadores y las comunidades trabajen juntos hacia un futuro m\u00e1s sostenible y justo.<\/p>\n\n\n\n<p>Vale la pena aclarar que la miner\u00eda es solo uno de los factores donde debemos poner los ojos para que el paso a una producci\u00f3n energ\u00e9tica sostenible sea de forma gradual y justa. La transici\u00f3n no solo representa un gran desaf\u00edo para la humanidad, sino tambi\u00e9n una oportunidad para transformar lazos productivos que han sido hist\u00f3ricamente desiguales y no han permitido que exista justicia y autonom\u00eda energ\u00e9tica como un derecho humano.<\/p>\n\n\n\n<p>A\u00fan as\u00ed, la Responsabilidad Social Empresarial desempe\u00f1a un papel crucial en la transici\u00f3n energ\u00e9tica, y los trabajadores del sector minero-energ\u00e9tico son actores fundamentales en este proceso, por lo cual, debe promoverse la capacitaci\u00f3n, la protecci\u00f3n de los derechos laborales y la participaci\u00f3n activa de los trabajadores y as\u00ed lograr una transici\u00f3n justa hacia una econom\u00eda m\u00e1s sostenible.<\/p>\n","protected":false},"excerpt":{"rendered":"<p><strong> <\/strong><\/p>\n","protected":false},"author":1,"featured_media":5055,"comment_status":"open","ping_status":"open","sticky":false,"template":"","format":"standard","meta":{"_coblocks_attr":"","_coblocks_dimensions":"","_coblocks_responsive_height":"","_coblocks_accordion_ie_support":"","footnotes":""},"categories":[29],"tags":[],"class_list":["post-4980","post","type-post","status-publish","format-standard","has-post-thumbnail","hentry","category-tema-central"],"yoast_head":"<!-- This site is optimized with the Yoast SEO plugin v23.9 - https:\/\/yoast.com\/wordpress\/plugins\/seo\/ -->\n<title>Tejiendo el Futuro: Responsabilidad Social Empresarial, transici\u00f3n energ\u00e9tica y el valor de los trabajadores mineros. Por: Luisa Mar\u00eda Quinche, Coordinadora del Observatorio Laboral para la Transici\u00f3n Justa, CNV Internacional - Revista RS Edici\u00f3n 100<\/title>\n<meta name=\"description\" content=\"Un ambiente inclusivo solo puede alcanzarse con una cultura organizacional que promueva el camino hacia la transformaci\u00f3n,\" \/>\n<meta name=\"robots\" content=\"index, follow, max-snippet:-1, max-image-preview:large, max-video-preview:-1\" \/>\n<link rel=\"canonical\" href=\"https:\/\/rsrevista.org\/edicion100\/tejiendo-el-futuro-responsabilidad-social-empresarial-transicion-energetica-y-el-valor-de-los-trabajadores-mineros-20230725\/\" \/>\n<meta property=\"og:locale\" content=\"es_ES\" \/>\n<meta property=\"og:type\" content=\"article\" \/>\n<meta property=\"og:title\" content=\"Tejiendo el Futuro: Responsabilidad Social Empresarial, transici\u00f3n energ\u00e9tica y el valor de los trabajadores mineros. Por: Luisa Mar\u00eda Quinche, Coordinadora del Observatorio Laboral para la Transici\u00f3n Justa, CNV Internacional - Revista RS Edici\u00f3n 100\" \/>\n<meta property=\"og:description\" content=\"Un ambiente inclusivo solo puede alcanzarse con una cultura organizacional que promueva el camino hacia la transformaci\u00f3n,\" \/>\n<meta property=\"og:url\" content=\"https:\/\/rsrevista.org\/edicion100\/tejiendo-el-futuro-responsabilidad-social-empresarial-transicion-energetica-y-el-valor-de-los-trabajadores-mineros-20230725\/\" \/>\n<meta property=\"og:site_name\" content=\"Revista RS Edici\u00f3n 100\" \/>\n<meta property=\"article:published_time\" content=\"2023-07-26T00:07:51+00:00\" \/>\n<meta property=\"article:modified_time\" content=\"2023-11-14T13:20:07+00:00\" \/>\n<meta property=\"og:image\" content=\"https:\/\/rsrevista.org\/edicion100\/wp-content\/uploads\/sites\/12\/2023\/07\/tejiendo-el-futuro-responsabilidad-social-empresarial-transicion-energetica-y-el-valor-de-los-trabajadores-mineros.jpg\" \/>\n\t<meta property=\"og:image:width\" content=\"1920\" \/>\n\t<meta property=\"og:image:height\" content=\"1280\" \/>\n\t<meta property=\"og:image:type\" content=\"image\/jpeg\" \/>\n<meta name=\"author\" content=\"Good\" \/>\n<meta name=\"twitter:card\" content=\"summary_large_image\" \/>\n<meta name=\"twitter:label1\" content=\"Escrito por\" \/>\n\t<meta name=\"twitter:data1\" content=\"Good\" \/>\n\t<meta name=\"twitter:label2\" content=\"Tiempo de lectura\" \/>\n\t<meta name=\"twitter:data2\" content=\"5 minutos\" \/>\n<script type=\"application\/ld+json\" class=\"yoast-schema-graph\">{\"@context\":\"https:\/\/schema.org\",\"@graph\":[{\"@type\":\"WebPage\",\"@id\":\"https:\/\/rsrevista.org\/edicion100\/tejiendo-el-futuro-responsabilidad-social-empresarial-transicion-energetica-y-el-valor-de-los-trabajadores-mineros-20230725\/\",\"url\":\"https:\/\/rsrevista.org\/edicion100\/tejiendo-el-futuro-responsabilidad-social-empresarial-transicion-energetica-y-el-valor-de-los-trabajadores-mineros-20230725\/\",\"name\":\"Tejiendo el Futuro: Responsabilidad Social Empresarial, transici\u00f3n energ\u00e9tica y el valor de los trabajadores mineros. Por: Luisa Mar\u00eda Quinche, Coordinadora del Observatorio Laboral para la Transici\u00f3n Justa, CNV Internacional - Revista RS Edici\u00f3n 100\",\"isPartOf\":{\"@id\":\"https:\/\/rsrevista.org\/edicion100\/#website\"},\"primaryImageOfPage\":{\"@id\":\"https:\/\/rsrevista.org\/edicion100\/tejiendo-el-futuro-responsabilidad-social-empresarial-transicion-energetica-y-el-valor-de-los-trabajadores-mineros-20230725\/#primaryimage\"},\"image\":{\"@id\":\"https:\/\/rsrevista.org\/edicion100\/tejiendo-el-futuro-responsabilidad-social-empresarial-transicion-energetica-y-el-valor-de-los-trabajadores-mineros-20230725\/#primaryimage\"},\"thumbnailUrl\":\"https:\/\/rsrevista.org\/edicion100\/wp-content\/uploads\/sites\/12\/2023\/07\/tejiendo-el-futuro-responsabilidad-social-empresarial-transicion-energetica-y-el-valor-de-los-trabajadores-mineros.jpg\",\"datePublished\":\"2023-07-26T00:07:51+00:00\",\"dateModified\":\"2023-11-14T13:20:07+00:00\",\"author\":{\"@id\":\"https:\/\/rsrevista.org\/edicion100\/#\/schema\/person\/781e0e43b930b28f9267ae9a5dcbe3af\"},\"description\":\"Un ambiente inclusivo solo puede alcanzarse con una cultura organizacional que promueva el camino hacia la transformaci\u00f3n,\",\"breadcrumb\":{\"@id\":\"https:\/\/rsrevista.org\/edicion100\/tejiendo-el-futuro-responsabilidad-social-empresarial-transicion-energetica-y-el-valor-de-los-trabajadores-mineros-20230725\/#breadcrumb\"},\"inLanguage\":\"es\",\"potentialAction\":[{\"@type\":\"ReadAction\",\"target\":[\"https:\/\/rsrevista.org\/edicion100\/tejiendo-el-futuro-responsabilidad-social-empresarial-transicion-energetica-y-el-valor-de-los-trabajadores-mineros-20230725\/\"]}]},{\"@type\":\"ImageObject\",\"inLanguage\":\"es\",\"@id\":\"https:\/\/rsrevista.org\/edicion100\/tejiendo-el-futuro-responsabilidad-social-empresarial-transicion-energetica-y-el-valor-de-los-trabajadores-mineros-20230725\/#primaryimage\",\"url\":\"https:\/\/rsrevista.org\/edicion100\/wp-content\/uploads\/sites\/12\/2023\/07\/tejiendo-el-futuro-responsabilidad-social-empresarial-transicion-energetica-y-el-valor-de-los-trabajadores-mineros.jpg\",\"contentUrl\":\"https:\/\/rsrevista.org\/edicion100\/wp-content\/uploads\/sites\/12\/2023\/07\/tejiendo-el-futuro-responsabilidad-social-empresarial-transicion-energetica-y-el-valor-de-los-trabajadores-mineros.jpg\",\"width\":1920,\"height\":1280},{\"@type\":\"BreadcrumbList\",\"@id\":\"https:\/\/rsrevista.org\/edicion100\/tejiendo-el-futuro-responsabilidad-social-empresarial-transicion-energetica-y-el-valor-de-los-trabajadores-mineros-20230725\/#breadcrumb\",\"itemListElement\":[{\"@type\":\"ListItem\",\"position\":1,\"name\":\"Portada\",\"item\":\"https:\/\/rsrevista.org\/edicion100\/\"},{\"@type\":\"ListItem\",\"position\":2,\"name\":\"Tejiendo el Futuro: Responsabilidad Social Empresarial, transici\u00f3n energ\u00e9tica y el valor de los trabajadores mineros. Por: Luisa Mar\u00eda Quinche, Coordinadora del Observatorio Laboral para la Transici\u00f3n Justa, CNV Internacional\"}]},{\"@type\":\"WebSite\",\"@id\":\"https:\/\/rsrevista.org\/edicion100\/#website\",\"url\":\"https:\/\/rsrevista.org\/edicion100\/\",\"name\":\"Revista RS Edici\u00f3n 100\",\"description\":\"Responsabilidad social y sostenibilidad\",\"potentialAction\":[{\"@type\":\"SearchAction\",\"target\":{\"@type\":\"EntryPoint\",\"urlTemplate\":\"https:\/\/rsrevista.org\/edicion100\/?s={search_term_string}\"},\"query-input\":{\"@type\":\"PropertyValueSpecification\",\"valueRequired\":true,\"valueName\":\"search_term_string\"}}],\"inLanguage\":\"es\"},{\"@type\":\"Person\",\"@id\":\"https:\/\/rsrevista.org\/edicion100\/#\/schema\/person\/781e0e43b930b28f9267ae9a5dcbe3af\",\"name\":\"Good\",\"image\":{\"@type\":\"ImageObject\",\"inLanguage\":\"es\",\"@id\":\"https:\/\/rsrevista.org\/edicion100\/#\/schema\/person\/image\/\",\"url\":\"https:\/\/secure.gravatar.com\/avatar\/b90085527cfd5e03250a8637fe5c0369?s=96&d=mm&r=g\",\"contentUrl\":\"https:\/\/secure.gravatar.com\/avatar\/b90085527cfd5e03250a8637fe5c0369?s=96&d=mm&r=g\",\"caption\":\"Good\"},\"sameAs\":[\"https:\/\/rsrevista.org\"],\"url\":\"https:\/\/rsrevista.org\/edicion100\/author\/good\/\"}]}<\/script>\n<!-- \/ Yoast SEO plugin. -->","yoast_head_json":{"title":"Tejiendo el Futuro: Responsabilidad Social Empresarial, transici\u00f3n energ\u00e9tica y el valor de los trabajadores mineros. Por: Luisa Mar\u00eda Quinche, Coordinadora del Observatorio Laboral para la Transici\u00f3n Justa, CNV Internacional - Revista RS Edici\u00f3n 100","description":"Un ambiente inclusivo solo puede alcanzarse con una cultura organizacional que promueva el camino hacia la transformaci\u00f3n,","robots":{"index":"index","follow":"follow","max-snippet":"max-snippet:-1","max-image-preview":"max-image-preview:large","max-video-preview":"max-video-preview:-1"},"canonical":"https:\/\/rsrevista.org\/edicion100\/tejiendo-el-futuro-responsabilidad-social-empresarial-transicion-energetica-y-el-valor-de-los-trabajadores-mineros-20230725\/","og_locale":"es_ES","og_type":"article","og_title":"Tejiendo el Futuro: Responsabilidad Social Empresarial, transici\u00f3n energ\u00e9tica y el valor de los trabajadores mineros. Por: Luisa Mar\u00eda Quinche, Coordinadora del Observatorio Laboral para la Transici\u00f3n Justa, CNV Internacional - Revista RS Edici\u00f3n 100","og_description":"Un ambiente inclusivo solo puede alcanzarse con una cultura organizacional que promueva el camino hacia la transformaci\u00f3n,","og_url":"https:\/\/rsrevista.org\/edicion100\/tejiendo-el-futuro-responsabilidad-social-empresarial-transicion-energetica-y-el-valor-de-los-trabajadores-mineros-20230725\/","og_site_name":"Revista RS Edici\u00f3n 100","article_published_time":"2023-07-26T00:07:51+00:00","article_modified_time":"2023-11-14T13:20:07+00:00","og_image":[{"width":1920,"height":1280,"url":"https:\/\/rsrevista.org\/edicion100\/wp-content\/uploads\/sites\/12\/2023\/07\/tejiendo-el-futuro-responsabilidad-social-empresarial-transicion-energetica-y-el-valor-de-los-trabajadores-mineros.jpg","type":"image\/jpeg"}],"author":"Good","twitter_card":"summary_large_image","twitter_misc":{"Escrito por":"Good","Tiempo de lectura":"5 minutos"},"schema":{"@context":"https:\/\/schema.org","@graph":[{"@type":"WebPage","@id":"https:\/\/rsrevista.org\/edicion100\/tejiendo-el-futuro-responsabilidad-social-empresarial-transicion-energetica-y-el-valor-de-los-trabajadores-mineros-20230725\/","url":"https:\/\/rsrevista.org\/edicion100\/tejiendo-el-futuro-responsabilidad-social-empresarial-transicion-energetica-y-el-valor-de-los-trabajadores-mineros-20230725\/","name":"Tejiendo el Futuro: Responsabilidad Social Empresarial, transici\u00f3n energ\u00e9tica y el valor de los trabajadores mineros. Por: Luisa Mar\u00eda Quinche, Coordinadora del Observatorio Laboral para la Transici\u00f3n Justa, CNV Internacional - Revista RS Edici\u00f3n 100","isPartOf":{"@id":"https:\/\/rsrevista.org\/edicion100\/#website"},"primaryImageOfPage":{"@id":"https:\/\/rsrevista.org\/edicion100\/tejiendo-el-futuro-responsabilidad-social-empresarial-transicion-energetica-y-el-valor-de-los-trabajadores-mineros-20230725\/#primaryimage"},"image":{"@id":"https:\/\/rsrevista.org\/edicion100\/tejiendo-el-futuro-responsabilidad-social-empresarial-transicion-energetica-y-el-valor-de-los-trabajadores-mineros-20230725\/#primaryimage"},"thumbnailUrl":"https:\/\/rsrevista.org\/edicion100\/wp-content\/uploads\/sites\/12\/2023\/07\/tejiendo-el-futuro-responsabilidad-social-empresarial-transicion-energetica-y-el-valor-de-los-trabajadores-mineros.jpg","datePublished":"2023-07-26T00:07:51+00:00","dateModified":"2023-11-14T13:20:07+00:00","author":{"@id":"https:\/\/rsrevista.org\/edicion100\/#\/schema\/person\/781e0e43b930b28f9267ae9a5dcbe3af"},"description":"Un ambiente inclusivo solo puede alcanzarse con una cultura organizacional que promueva el camino hacia la transformaci\u00f3n,","breadcrumb":{"@id":"https:\/\/rsrevista.org\/edicion100\/tejiendo-el-futuro-responsabilidad-social-empresarial-transicion-energetica-y-el-valor-de-los-trabajadores-mineros-20230725\/#breadcrumb"},"inLanguage":"es","potentialAction":[{"@type":"ReadAction","target":["https:\/\/rsrevista.org\/edicion100\/tejiendo-el-futuro-responsabilidad-social-empresarial-transicion-energetica-y-el-valor-de-los-trabajadores-mineros-20230725\/"]}]},{"@type":"ImageObject","inLanguage":"es","@id":"https:\/\/rsrevista.org\/edicion100\/tejiendo-el-futuro-responsabilidad-social-empresarial-transicion-energetica-y-el-valor-de-los-trabajadores-mineros-20230725\/#primaryimage","url":"https:\/\/rsrevista.org\/edicion100\/wp-content\/uploads\/sites\/12\/2023\/07\/tejiendo-el-futuro-responsabilidad-social-empresarial-transicion-energetica-y-el-valor-de-los-trabajadores-mineros.jpg","contentUrl":"https:\/\/rsrevista.org\/edicion100\/wp-content\/uploads\/sites\/12\/2023\/07\/tejiendo-el-futuro-responsabilidad-social-empresarial-transicion-energetica-y-el-valor-de-los-trabajadores-mineros.jpg","width":1920,"height":1280},{"@type":"BreadcrumbList","@id":"https:\/\/rsrevista.org\/edicion100\/tejiendo-el-futuro-responsabilidad-social-empresarial-transicion-energetica-y-el-valor-de-los-trabajadores-mineros-20230725\/#breadcrumb","itemListElement":[{"@type":"ListItem","position":1,"name":"Portada","item":"https:\/\/rsrevista.org\/edicion100\/"},{"@type":"ListItem","position":2,"name":"Tejiendo el Futuro: Responsabilidad Social Empresarial, transici\u00f3n energ\u00e9tica y el valor de los trabajadores mineros. Por: Luisa Mar\u00eda Quinche, Coordinadora del Observatorio Laboral para la Transici\u00f3n Justa, CNV Internacional"}]},{"@type":"WebSite","@id":"https:\/\/rsrevista.org\/edicion100\/#website","url":"https:\/\/rsrevista.org\/edicion100\/","name":"Revista RS Edici\u00f3n 100","description":"Responsabilidad social y sostenibilidad","potentialAction":[{"@type":"SearchAction","target":{"@type":"EntryPoint","urlTemplate":"https:\/\/rsrevista.org\/edicion100\/?s={search_term_string}"},"query-input":{"@type":"PropertyValueSpecification","valueRequired":true,"valueName":"search_term_string"}}],"inLanguage":"es"},{"@type":"Person","@id":"https:\/\/rsrevista.org\/edicion100\/#\/schema\/person\/781e0e43b930b28f9267ae9a5dcbe3af","name":"Good","image":{"@type":"ImageObject","inLanguage":"es","@id":"https:\/\/rsrevista.org\/edicion100\/#\/schema\/person\/image\/","url":"https:\/\/secure.gravatar.com\/avatar\/b90085527cfd5e03250a8637fe5c0369?s=96&d=mm&r=g","contentUrl":"https:\/\/secure.gravatar.com\/avatar\/b90085527cfd5e03250a8637fe5c0369?s=96&d=mm&r=g","caption":"Good"},"sameAs":["https:\/\/rsrevista.org"],"url":"https:\/\/rsrevista.org\/edicion100\/author\/good\/"}]}},"_links":{"self":[{"href":"https:\/\/rsrevista.org\/edicion100\/wp-json\/wp\/v2\/posts\/4980"}],"collection":[{"href":"https:\/\/rsrevista.org\/edicion100\/wp-json\/wp\/v2\/posts"}],"about":[{"href":"https:\/\/rsrevista.org\/edicion100\/wp-json\/wp\/v2\/types\/post"}],"author":[{"embeddable":true,"href":"https:\/\/rsrevista.org\/edicion100\/wp-json\/wp\/v2\/users\/1"}],"replies":[{"embeddable":true,"href":"https:\/\/rsrevista.org\/edicion100\/wp-json\/wp\/v2\/comments?post=4980"}],"version-history":[{"count":13,"href":"https:\/\/rsrevista.org\/edicion100\/wp-json\/wp\/v2\/posts\/4980\/revisions"}],"predecessor-version":[{"id":5518,"href":"https:\/\/rsrevista.org\/edicion100\/wp-json\/wp\/v2\/posts\/4980\/revisions\/5518"}],"wp:featuredmedia":[{"embeddable":true,"href":"https:\/\/rsrevista.org\/edicion100\/wp-json\/wp\/v2\/media\/5055"}],"wp:attachment":[{"href":"https:\/\/rsrevista.org\/edicion100\/wp-json\/wp\/v2\/media?parent=4980"}],"wp:term":[{"taxonomy":"category","embeddable":true,"href":"https:\/\/rsrevista.org\/edicion100\/wp-json\/wp\/v2\/categories?post=4980"},{"taxonomy":"post_tag","embeddable":true,"href":"https:\/\/rsrevista.org\/edicion100\/wp-json\/wp\/v2\/tags?post=4980"}],"curies":[{"name":"wp","href":"https:\/\/api.w.org\/{rel}","templated":true}]}}